{"id":1404,"date":"2014-08-25T13:13:07","date_gmt":"2014-08-25T16:13:07","guid":{"rendered":"http:\/\/www.abesata.org\/?p=1404"},"modified":"2014-08-25T13:13:07","modified_gmt":"2014-08-25T16:13:07","slug":"aviacao-brasileira-tem-menores-indices-de-atraso","status":"publish","type":"post","link":"https:\/\/www.abesata.org\/br\/aviacao-brasileira-tem-menores-indices-de-atraso\/","title":{"rendered":"Avia\u00e7\u00e3o brasileira tem menores \u00edndices de atraso"},"content":{"rendered":"<p>A Abear lan\u00e7ou no dia 22\/08 a segunda edi\u00e7\u00e3o do Panorama 2013, publica\u00e7\u00e3o anual da entidade que consolida os principais indicadores operacionais e econ\u00f4micos das empresas a\u00e9reas associadas. O anu\u00e1rio re\u00fane descritivos referentes \u00e0 frota, equipes, estat\u00edsticas, al\u00e9m de an\u00e1lises comparativas com outros mercados sobre desempenho das atividades, qualidade dos servi\u00e7os, competitividade e composi\u00e7\u00e3o dos custos das companhias. Entre os destaques do 2\u00ba Panorama, a Abear ressaltou os resultados relacionados \u00e0 pontualidade no valor das tarifas, apontando a participa\u00e7\u00e3o de causas meteorol\u00f3gicas nos atrasos.<\/p>\n<p>Segundo o consultor t\u00e9cnico da Abear, Mauricio Emboaba (foto), os \u00edndices de pontualidades da avia\u00e7\u00e3o comercial brasileira s\u00e3o bons. O padr\u00e3o internacional \u00e9 considerar atrasado voos a partir de 15 minutos de espera em rela\u00e7\u00e3o ao hor\u00e1rio programado. Al\u00e9m desse medidor, a Anac tamb\u00e9m contabiliza de mais duas outras maneiras: atrasos superiores a 30 minutos e superiores a uma hora. \u201cO Panorama mostra que, se comparado aos Estados Unidos, nossa refer\u00eancia, nossos \u00edndices de pontualidade est\u00e3o \u00f3timos. N\u00f3s temos uma m\u00e9dia de 84% em voos com at\u00e9 15 minutos, enquanto os norte-americanos t\u00eam 79% na mesma categoria\u201d, disse.<\/p>\n<p>Em rela\u00e7\u00e3o \u00e0 participa\u00e7\u00e3o das causas meteorol\u00f3gicas nos atrasos de mais de 15 minutos em 2013, o Brasil teve m\u00e9dia de 19%, contra 34% dos Estados Unidos. \u201cVale ressaltar que l\u00e1 s\u00e3o registradas diversas tormentas ao longo do ano, ao contr\u00e1rio daqui\u201d, afirmou Emboaba.<\/p>\n<p>Sobre as tarifas publicadas, o Panorama da Abear mostra que os pre\u00e7os brasileiros est\u00e3o mais baixos do que em outros pa\u00edses, como Estados Unidos, China e Jap\u00e3o. O Panorama \u00e9 destinado a profissionais do setor, comunidade acad\u00eamica, gestores p\u00fablicos e tamb\u00e9m setores privados em geral. Sua vers\u00e3o completa pode ser visualizada em <a href=\"http:\/\/www.abear.com.br\/dados-e-fatos\/panorama-2013\">www.abear.com.br\/dados-e-fatos\/panorama-2013<\/a>.<\/p>\n<p style=\"text-align: right;\">Fonte: Panrotas<br \/>\n22\/08\/2014<\/p>\n","protected":false},"excerpt":{"rendered":"<p>A Abear lan\u00e7ou no dia 22\/08 a segunda edi\u00e7\u00e3o do Panorama 2013, publica\u00e7\u00e3o anual da entidade que consolida os principais indicadores operacionais e econ\u00f4micos das empresas a\u00e9reas associadas. O anu\u00e1rio re\u00fane descritivos referentes \u00e0 frota, equipes, estat\u00edsticas, al\u00e9m de an\u00e1lises comparativas com outros mercados sobre desempenho das atividades, qualidade dos servi\u00e7os, competitividade e composi\u00e7\u00e3o dos [&hellip;]<\/p>\n","protected":false},"author":18,"featured_media":941,"comment_status":"closed","ping_status":"closed","sticky":false,"template":"","format":"standard","meta":{"footnotes":""},"categories":[],"tags":[],"class_list":["post-1404","post","type-post","status-publish","format-standard","has-post-thumbnail","hentry"],"yoast_head":"<!-- This site is optimized with the Yoast SEO plugin v26.5 - https:\/\/yoast.com\/wordpress\/plugins\/seo\/ -->\n<title>Avia\u00e7\u00e3o brasileira tem menores \u00edndices de atraso - Abesata<\/title>\n<meta name=\"robots\" content=\"index, follow, max-snippet:-1, max-image-preview:large, max-video-preview:-1\" \/>\n<link rel=\"canonical\" href=\"https:\/\/www.abesata.org\/br\/aviacao-brasileira-tem-menores-indices-de-atraso\/\" \/>\n<meta property=\"og:locale\" content=\"pt_BR\" \/>\n<meta property=\"og:type\" content=\"article\" \/>\n<meta property=\"og:title\" content=\"Avia\u00e7\u00e3o brasileira tem menores \u00edndices de atraso - Abesata\" \/>\n<meta property=\"og:description\" content=\"A Abear lan\u00e7ou no dia 22\/08 a segunda edi\u00e7\u00e3o do Panorama 2013, publica\u00e7\u00e3o anual da entidade que consolida os principais indicadores operacionais e econ\u00f4micos das empresas a\u00e9reas associadas. O anu\u00e1rio re\u00fane descritivos referentes \u00e0 frota, equipes, estat\u00edsticas, al\u00e9m de an\u00e1lises comparativas com outros mercados sobre desempenho das atividades, qualidade dos servi\u00e7os, competitividade e composi\u00e7\u00e3o dos [&hellip;]\" \/>\n<meta property=\"og:url\" content=\"https:\/\/www.abesata.org\/br\/aviacao-brasileira-tem-menores-indices-de-atraso\/\" \/>\n<meta property=\"og:site_name\" content=\"Abesata\" \/>\n<meta property=\"article:publisher\" content=\"https:\/\/www.facebook.com\/abesata.org\/\" \/>\n<meta property=\"article:published_time\" content=\"2014-08-25T16:13:07+00:00\" \/>\n<meta property=\"og:image\" content=\"https:\/\/www.abesata.org\/br\/wp-content\/uploads\/2014\/07\/9.png\" \/>\n\t<meta property=\"og:image:width\" content=\"1022\" \/>\n\t<meta property=\"og:image:height\" content=\"336\" \/>\n\t<meta property=\"og:image:type\" content=\"image\/png\" \/>\n<meta name=\"author\" content=\"Ricardo\" \/>\n<meta name=\"twitter:card\" content=\"summary_large_image\" \/>\n<meta name=\"twitter:label1\" content=\"Escrito por\" \/>\n\t<meta name=\"twitter:data1\" content=\"Ricardo\" \/>\n\t<meta name=\"twitter:label2\" content=\"Est. tempo de leitura\" \/>\n\t<meta name=\"twitter:data2\" content=\"2 minutos\" \/>\n<script type=\"application\/ld+json\" class=\"yoast-schema-graph\">{\"@context\":\"https:\/\/schema.org\",\"@graph\":[{\"@type\":\"Article\",\"@id\":\"https:\/\/www.abesata.org\/br\/aviacao-brasileira-tem-menores-indices-de-atraso\/#article\",\"isPartOf\":{\"@id\":\"https:\/\/www.abesata.org\/br\/aviacao-brasileira-tem-menores-indices-de-atraso\/\"},\"author\":{\"name\":\"Ricardo\",\"@id\":\"https:\/\/www.abesata.org\/br\/#\/schema\/person\/1f1295145bee68e42ffe39157320456b\"},\"headline\":\"Avia\u00e7\u00e3o brasileira tem menores \u00edndices de atraso\",\"datePublished\":\"2014-08-25T16:13:07+00:00\",\"mainEntityOfPage\":{\"@id\":\"https:\/\/www.abesata.org\/br\/aviacao-brasileira-tem-menores-indices-de-atraso\/\"},\"wordCount\":318,\"publisher\":{\"@id\":\"https:\/\/www.abesata.org\/br\/#organization\"},\"image\":{\"@id\":\"https:\/\/www.abesata.org\/br\/aviacao-brasileira-tem-menores-indices-de-atraso\/#primaryimage\"},\"thumbnailUrl\":\"https:\/\/www.abesata.org\/br\/wp-content\/uploads\/2014\/07\/9.png\",\"inLanguage\":\"pt-BR\"},{\"@type\":\"WebPage\",\"@id\":\"https:\/\/www.abesata.org\/br\/aviacao-brasileira-tem-menores-indices-de-atraso\/\",\"url\":\"https:\/\/www.abesata.org\/br\/aviacao-brasileira-tem-menores-indices-de-atraso\/\",\"name\":\"Avia\u00e7\u00e3o brasileira tem menores \u00edndices de atraso - Abesata\",\"isPartOf\":{\"@id\":\"https:\/\/www.abesata.org\/br\/#website\"},\"primaryImageOfPage\":{\"@id\":\"https:\/\/www.abesata.org\/br\/aviacao-brasileira-tem-menores-indices-de-atraso\/#primaryimage\"},\"image\":{\"@id\":\"https:\/\/www.abesata.org\/br\/aviacao-brasileira-tem-menores-indices-de-atraso\/#primaryimage\"},\"thumbnailUrl\":\"https:\/\/www.abesata.org\/br\/wp-content\/uploads\/2014\/07\/9.png\",\"datePublished\":\"2014-08-25T16:13:07+00:00\",\"breadcrumb\":{\"@id\":\"https:\/\/www.abesata.org\/br\/aviacao-brasileira-tem-menores-indices-de-atraso\/#breadcrumb\"},\"inLanguage\":\"pt-BR\",\"potentialAction\":[{\"@type\":\"ReadAction\",\"target\":[\"https:\/\/www.abesata.org\/br\/aviacao-brasileira-tem-menores-indices-de-atraso\/\"]}]},{\"@type\":\"ImageObject\",\"inLanguage\":\"pt-BR\",\"@id\":\"https:\/\/www.abesata.org\/br\/aviacao-brasileira-tem-menores-indices-de-atraso\/#primaryimage\",\"url\":\"https:\/\/www.abesata.org\/br\/wp-content\/uploads\/2014\/07\/9.png\",\"contentUrl\":\"https:\/\/www.abesata.org\/br\/wp-content\/uploads\/2014\/07\/9.png\",\"width\":1022,\"height\":336},{\"@type\":\"BreadcrumbList\",\"@id\":\"https:\/\/www.abesata.org\/br\/aviacao-brasileira-tem-menores-indices-de-atraso\/#breadcrumb\",\"itemListElement\":[{\"@type\":\"ListItem\",\"position\":1,\"name\":\"In\u00edcio\",\"item\":\"https:\/\/www.abesata.org\/br\/\"},{\"@type\":\"ListItem\",\"position\":2,\"name\":\"Avia\u00e7\u00e3o brasileira tem menores \u00edndices de atraso\"}]},{\"@type\":\"WebSite\",\"@id\":\"https:\/\/www.abesata.org\/br\/#website\",\"url\":\"https:\/\/www.abesata.org\/br\/\",\"name\":\"Abesata\",\"description\":\"Associa\u00e7\u00e3o Brasileira das Empresas de Servi\u00e7os Auxiliares de Transporte A\u00e9reo\",\"publisher\":{\"@id\":\"https:\/\/www.abesata.org\/br\/#organization\"},\"potentialAction\":[{\"@type\":\"SearchAction\",\"target\":{\"@type\":\"EntryPoint\",\"urlTemplate\":\"https:\/\/www.abesata.org\/br\/?s={search_term_string}\"},\"query-input\":{\"@type\":\"PropertyValueSpecification\",\"valueRequired\":true,\"valueName\":\"search_term_string\"}}],\"inLanguage\":\"pt-BR\"},{\"@type\":\"Organization\",\"@id\":\"https:\/\/www.abesata.org\/br\/#organization\",\"name\":\"Associa\u00e7\u00e3o Brasileira das Empresas de Servi\u00e7os Auxiliares de Transporte A\u00e9reo\",\"alternateName\":\"Abesata\",\"url\":\"https:\/\/www.abesata.org\/br\/\",\"logo\":{\"@type\":\"ImageObject\",\"inLanguage\":\"pt-BR\",\"@id\":\"https:\/\/www.abesata.org\/br\/#\/schema\/logo\/image\/\",\"url\":\"https:\/\/www.abesata.org\/br\/wp-content\/uploads\/2023\/10\/Abesata.png\",\"contentUrl\":\"https:\/\/www.abesata.org\/br\/wp-content\/uploads\/2023\/10\/Abesata.png\",\"width\":1063,\"height\":591,\"caption\":\"Associa\u00e7\u00e3o Brasileira das Empresas de Servi\u00e7os Auxiliares de Transporte A\u00e9reo\"},\"image\":{\"@id\":\"https:\/\/www.abesata.org\/br\/#\/schema\/logo\/image\/\"},\"sameAs\":[\"https:\/\/www.facebook.com\/abesata.org\/\",\"https:\/\/www.instagram.com\/abesata_gh\/\",\"https:\/\/br.linkedin.com\/company\/abesata\"]},{\"@type\":\"Person\",\"@id\":\"https:\/\/www.abesata.org\/br\/#\/schema\/person\/1f1295145bee68e42ffe39157320456b\",\"name\":\"Ricardo\",\"image\":{\"@type\":\"ImageObject\",\"inLanguage\":\"pt-BR\",\"@id\":\"https:\/\/www.abesata.org\/br\/#\/schema\/person\/image\/\",\"url\":\"https:\/\/secure.gravatar.com\/avatar\/1d856797eb89513dee321f840c1a6bbcec15beb178c003e50adcf59323b3a8a9?s=96&d=mm&r=g\",\"contentUrl\":\"https:\/\/secure.gravatar.com\/avatar\/1d856797eb89513dee321f840c1a6bbcec15beb178c003e50adcf59323b3a8a9?s=96&d=mm&r=g\",\"caption\":\"Ricardo\"},\"url\":\"https:\/\/www.abesata.org\/br\/author\/ricardo-baroni\/\"}]}<\/script>\n<!-- \/ Yoast SEO plugin. -->","yoast_head_json":{"title":"Avia\u00e7\u00e3o brasileira tem menores \u00edndices de atraso - Abesata","robots":{"index":"index","follow":"follow","max-snippet":"max-snippet:-1","max-image-preview":"max-image-preview:large","max-video-preview":"max-video-preview:-1"},"canonical":"https:\/\/www.abesata.org\/br\/aviacao-brasileira-tem-menores-indices-de-atraso\/","og_locale":"pt_BR","og_type":"article","og_title":"Avia\u00e7\u00e3o brasileira tem menores \u00edndices de atraso - Abesata","og_description":"A Abear lan\u00e7ou no dia 22\/08 a segunda edi\u00e7\u00e3o do Panorama 2013, publica\u00e7\u00e3o anual da entidade que consolida os principais indicadores operacionais e econ\u00f4micos das empresas a\u00e9reas associadas. O anu\u00e1rio re\u00fane descritivos referentes \u00e0 frota, equipes, estat\u00edsticas, al\u00e9m de an\u00e1lises comparativas com outros mercados sobre desempenho das atividades, qualidade dos servi\u00e7os, competitividade e composi\u00e7\u00e3o dos [&hellip;]","og_url":"https:\/\/www.abesata.org\/br\/aviacao-brasileira-tem-menores-indices-de-atraso\/","og_site_name":"Abesata","article_publisher":"https:\/\/www.facebook.com\/abesata.org\/","article_published_time":"2014-08-25T16:13:07+00:00","og_image":[{"width":1022,"height":336,"url":"https:\/\/www.abesata.org\/br\/wp-content\/uploads\/2014\/07\/9.png","type":"image\/png"}],"author":"Ricardo","twitter_card":"summary_large_image","twitter_misc":{"Escrito por":"Ricardo","Est. tempo de leitura":"2 minutos"},"schema":{"@context":"https:\/\/schema.org","@graph":[{"@type":"Article","@id":"https:\/\/www.abesata.org\/br\/aviacao-brasileira-tem-menores-indices-de-atraso\/#article","isPartOf":{"@id":"https:\/\/www.abesata.org\/br\/aviacao-brasileira-tem-menores-indices-de-atraso\/"},"author":{"name":"Ricardo","@id":"https:\/\/www.abesata.org\/br\/#\/schema\/person\/1f1295145bee68e42ffe39157320456b"},"headline":"Avia\u00e7\u00e3o brasileira tem menores \u00edndices de atraso","datePublished":"2014-08-25T16:13:07+00:00","mainEntityOfPage":{"@id":"https:\/\/www.abesata.org\/br\/aviacao-brasileira-tem-menores-indices-de-atraso\/"},"wordCount":318,"publisher":{"@id":"https:\/\/www.abesata.org\/br\/#organization"},"image":{"@id":"https:\/\/www.abesata.org\/br\/aviacao-brasileira-tem-menores-indices-de-atraso\/#primaryimage"},"thumbnailUrl":"https:\/\/www.abesata.org\/br\/wp-content\/uploads\/2014\/07\/9.png","inLanguage":"pt-BR"},{"@type":"WebPage","@id":"https:\/\/www.abesata.org\/br\/aviacao-brasileira-tem-menores-indices-de-atraso\/","url":"https:\/\/www.abesata.org\/br\/aviacao-brasileira-tem-menores-indices-de-atraso\/","name":"Avia\u00e7\u00e3o brasileira tem menores \u00edndices de atraso - Abesata","isPartOf":{"@id":"https:\/\/www.abesata.org\/br\/#website"},"primaryImageOfPage":{"@id":"https:\/\/www.abesata.org\/br\/aviacao-brasileira-tem-menores-indices-de-atraso\/#primaryimage"},"image":{"@id":"https:\/\/www.abesata.org\/br\/aviacao-brasileira-tem-menores-indices-de-atraso\/#primaryimage"},"thumbnailUrl":"https:\/\/www.abesata.org\/br\/wp-content\/uploads\/2014\/07\/9.png","datePublished":"2014-08-25T16:13:07+00:00","breadcrumb":{"@id":"https:\/\/www.abesata.org\/br\/aviacao-brasileira-tem-menores-indices-de-atraso\/#breadcrumb"},"inLanguage":"pt-BR","potentialAction":[{"@type":"ReadAction","target":["https:\/\/www.abesata.org\/br\/aviacao-brasileira-tem-menores-indices-de-atraso\/"]}]},{"@type":"ImageObject","inLanguage":"pt-BR","@id":"https:\/\/www.abesata.org\/br\/aviacao-brasileira-tem-menores-indices-de-atraso\/#primaryimage","url":"https:\/\/www.abesata.org\/br\/wp-content\/uploads\/2014\/07\/9.png","contentUrl":"https:\/\/www.abesata.org\/br\/wp-content\/uploads\/2014\/07\/9.png","width":1022,"height":336},{"@type":"BreadcrumbList","@id":"https:\/\/www.abesata.org\/br\/aviacao-brasileira-tem-menores-indices-de-atraso\/#breadcrumb","itemListElement":[{"@type":"ListItem","position":1,"name":"In\u00edcio","item":"https:\/\/www.abesata.org\/br\/"},{"@type":"ListItem","position":2,"name":"Avia\u00e7\u00e3o brasileira tem menores \u00edndices de atraso"}]},{"@type":"WebSite","@id":"https:\/\/www.abesata.org\/br\/#website","url":"https:\/\/www.abesata.org\/br\/","name":"Abesata","description":"Associa\u00e7\u00e3o Brasileira das Empresas de Servi\u00e7os Auxiliares de Transporte A\u00e9reo","publisher":{"@id":"https:\/\/www.abesata.org\/br\/#organization"},"potentialAction":[{"@type":"SearchAction","target":{"@type":"EntryPoint","urlTemplate":"https:\/\/www.abesata.org\/br\/?s={search_term_string}"},"query-input":{"@type":"PropertyValueSpecification","valueRequired":true,"valueName":"search_term_string"}}],"inLanguage":"pt-BR"},{"@type":"Organization","@id":"https:\/\/www.abesata.org\/br\/#organization","name":"Associa\u00e7\u00e3o Brasileira das Empresas de Servi\u00e7os Auxiliares de Transporte A\u00e9reo","alternateName":"Abesata","url":"https:\/\/www.abesata.org\/br\/","logo":{"@type":"ImageObject","inLanguage":"pt-BR","@id":"https:\/\/www.abesata.org\/br\/#\/schema\/logo\/image\/","url":"https:\/\/www.abesata.org\/br\/wp-content\/uploads\/2023\/10\/Abesata.png","contentUrl":"https:\/\/www.abesata.org\/br\/wp-content\/uploads\/2023\/10\/Abesata.png","width":1063,"height":591,"caption":"Associa\u00e7\u00e3o Brasileira das Empresas de Servi\u00e7os Auxiliares de Transporte A\u00e9reo"},"image":{"@id":"https:\/\/www.abesata.org\/br\/#\/schema\/logo\/image\/"},"sameAs":["https:\/\/www.facebook.com\/abesata.org\/","https:\/\/www.instagram.com\/abesata_gh\/","https:\/\/br.linkedin.com\/company\/abesata"]},{"@type":"Person","@id":"https:\/\/www.abesata.org\/br\/#\/schema\/person\/1f1295145bee68e42ffe39157320456b","name":"Ricardo","image":{"@type":"ImageObject","inLanguage":"pt-BR","@id":"https:\/\/www.abesata.org\/br\/#\/schema\/person\/image\/","url":"https:\/\/secure.gravatar.com\/avatar\/1d856797eb89513dee321f840c1a6bbcec15beb178c003e50adcf59323b3a8a9?s=96&d=mm&r=g","contentUrl":"https:\/\/secure.gravatar.com\/avatar\/1d856797eb89513dee321f840c1a6bbcec15beb178c003e50adcf59323b3a8a9?s=96&d=mm&r=g","caption":"Ricardo"},"url":"https:\/\/www.abesata.org\/br\/author\/ricardo-baroni\/"}]}},"_links":{"self":[{"href":"https:\/\/www.abesata.org\/br\/wp-json\/wp\/v2\/posts\/1404","targetHints":{"allow":["GET"]}}],"collection":[{"href":"https:\/\/www.abesata.org\/br\/wp-json\/wp\/v2\/posts"}],"about":[{"href":"https:\/\/www.abesata.org\/br\/wp-json\/wp\/v2\/types\/post"}],"author":[{"embeddable":true,"href":"https:\/\/www.abesata.org\/br\/wp-json\/wp\/v2\/users\/18"}],"replies":[{"embeddable":true,"href":"https:\/\/www.abesata.org\/br\/wp-json\/wp\/v2\/comments?post=1404"}],"version-history":[{"count":0,"href":"https:\/\/www.abesata.org\/br\/wp-json\/wp\/v2\/posts\/1404\/revisions"}],"wp:featuredmedia":[{"embeddable":true,"href":"https:\/\/www.abesata.org\/br\/wp-json\/wp\/v2\/media\/941"}],"wp:attachment":[{"href":"https:\/\/www.abesata.org\/br\/wp-json\/wp\/v2\/media?parent=1404"}],"wp:term":[{"taxonomy":"category","embeddable":true,"href":"https:\/\/www.abesata.org\/br\/wp-json\/wp\/v2\/categories?post=1404"},{"taxonomy":"post_tag","embeddable":true,"href":"https:\/\/www.abesata.org\/br\/wp-json\/wp\/v2\/tags?post=1404"}],"curies":[{"name":"wp","href":"https:\/\/api.w.org\/{rel}","templated":true}]}}