{"id":1414,"date":"2014-08-26T11:27:10","date_gmt":"2014-08-26T14:27:10","guid":{"rendered":"http:\/\/www.abesata.org\/?p=1414"},"modified":"2014-08-26T11:27:10","modified_gmt":"2014-08-26T14:27:10","slug":"macae-quer-lideranca-regional-no-transporte-aereo-de-cargas","status":"publish","type":"post","link":"https:\/\/www.abesata.org\/br\/macae-quer-lideranca-regional-no-transporte-aereo-de-cargas\/","title":{"rendered":"Maca\u00e9 quer lideran\u00e7a regional no transporte a\u00e9reo de cargas"},"content":{"rendered":"<p>O aeroporto de Maca\u00e9 \u00e9 um dos beneficiados do Programa de Investimento em Log\u00edstica: Aeroportos, do governo federal. Localizado a 150 km da cidade do Rio de Janeiro, o aeroporto j\u00e1 est\u00e1 sendo reformado. No entanto, a cidade necessita de uma pista que comporte avi\u00f5es grandes para atender a demanda do munic\u00edpio, que tem como principal atividade econ\u00f4mica a produ\u00e7\u00e3o de petr\u00f3leo.<\/p>\n<p>\u201cA ind\u00fastria petroleira da regi\u00e3o importa 30 mil toneladas\/ano em equipamentos, sendo que 3 mil toneladas chegam via aeroporto de Cabo Frio e 27 mil toneladas pelo Gale\u00e3o. Ap\u00f3s isso, essas cargas seguem em caminh\u00f5es at\u00e9 Maca\u00e9. Isso mostra a necessidade urgente de termos um aeroporto de cargas no munic\u00edpio\u201d, afirmou o ministro da Avia\u00e7\u00e3o Civil, Moreira Franco.<\/p>\n<p>Para discutir o projeto de amplia\u00e7\u00e3o do aeroporto, a Secretaria de Avia\u00e7\u00e3o Civil (SAC) participar\u00e1 de semin\u00e1rio realizado pelo governo municipal em 1\u00ba de setembro. O evento contar\u00e1 com a participa\u00e7\u00e3o de empresas, representantes dos governos federal, estadual e da Infraero. A proposta \u00e9 conhecer as necessidades das ind\u00fastrias do setor de \u00f3leo e g\u00e1s.<\/p>\n<p>\u201cA exist\u00eancia de um aeroporto qualificado \u00e9 um dos pilares para o desenvolvimento econ\u00f4mico, uma vez que o munic\u00edpio passar\u00e1 a oferecer um maior suporte \u00e0s ind\u00fastrias baseadas na cidade\u201d, disse o prefeito de Maca\u00e9, Dr. Alu\u00edzio (PV).<\/p>\n<p>A meta \u00e9 transformar o aeroporto em uma das principais bases regionais na opera\u00e7\u00e3o do transporte a\u00e9reo de cargas e, desta forma, evoluir a log\u00edstica offshore no munic\u00edpio, fundamental ao futuro das atividades de explora\u00e7\u00e3o e produ\u00e7\u00e3o de petr\u00f3leo no pa\u00eds.<\/p>\n<p>O presidente da Associa\u00e7\u00e3o Comercial e Industrial de Maca\u00e9 (Acim), Cliton da Silva Santos, defendeu as melhorias no aeroporto. &#8220;O aeroporto de Maca\u00e9 chegou a um ponto em que n\u00e3o est\u00e1 mais atendendo a necessidade de mobilidade da cidade. \u00c9 uma afli\u00e7\u00e3o grande e uma luta antiga da nossa popula\u00e7\u00e3o&#8221;, destacou.<\/p>\n<p>Moreira Franco tem afirmado que dar\u00e1 prioridade ao assunto devido \u00e0 import\u00e2ncia da cidade de Maca\u00e9 para o estado do Rio. \u201cO n\u00famero de passageiros que saem do aeroporto de Maca\u00e9 para as plataformas de petr\u00f3leo chega a 1,2 milh\u00e3o por ano. \u00c9 uma movimenta\u00e7\u00e3o mais alta que a do aeroporto de Teresina, no Piau\u00ed. Por isso vamos investir em Maca\u00e9\u201d, complementou.<\/p>\n<p>O Aeroporto de Maca\u00e9 opera 24 horas por dia, sete dias por semana, e tornou-se a principal base de apoio da Bacia de Campos. \u00c9 o que registra maior n\u00famero de pousos e decolagens de helic\u00f3pteros na Am\u00e9rica do Sul. Diariamente s\u00e3o realizados cerca de 200 voos, respons\u00e1veis pela circula\u00e7\u00e3o de 1.300 passageiros.<\/p>\n<p style=\"text-align: right;\">Fonte: SAC\/PR<br \/>\n22\/08\/2014<\/p>\n","protected":false},"excerpt":{"rendered":"<p>O aeroporto de Maca\u00e9 \u00e9 um dos beneficiados do Programa de Investimento em Log\u00edstica: Aeroportos, do governo federal. Localizado a 150 km da cidade do Rio de Janeiro, o aeroporto j\u00e1 est\u00e1 sendo reformado. No entanto, a cidade necessita de uma pista que comporte avi\u00f5es grandes para atender a demanda do munic\u00edpio, que tem como [&hellip;]<\/p>\n","protected":false},"author":18,"featured_media":0,"comment_status":"closed","ping_status":"closed","sticky":false,"template":"","format":"standard","meta":{"footnotes":""},"categories":[],"tags":[],"class_list":["post-1414","post","type-post","status-publish","format-standard","hentry"],"yoast_head":"<!-- This site is optimized with the Yoast SEO plugin v26.5 - https:\/\/yoast.com\/wordpress\/plugins\/seo\/ -->\n<title>Maca\u00e9 quer lideran\u00e7a regional no transporte a\u00e9reo de cargas - Abesata<\/title>\n<meta name=\"robots\" content=\"index, follow, max-snippet:-1, max-image-preview:large, max-video-preview:-1\" \/>\n<link rel=\"canonical\" href=\"https:\/\/www.abesata.org\/br\/macae-quer-lideranca-regional-no-transporte-aereo-de-cargas\/\" \/>\n<meta property=\"og:locale\" content=\"pt_BR\" \/>\n<meta property=\"og:type\" content=\"article\" \/>\n<meta property=\"og:title\" content=\"Maca\u00e9 quer lideran\u00e7a regional no transporte a\u00e9reo de cargas - Abesata\" \/>\n<meta property=\"og:description\" content=\"O aeroporto de Maca\u00e9 \u00e9 um dos beneficiados do Programa de Investimento em Log\u00edstica: Aeroportos, do governo federal. Localizado a 150 km da cidade do Rio de Janeiro, o aeroporto j\u00e1 est\u00e1 sendo reformado. No entanto, a cidade necessita de uma pista que comporte avi\u00f5es grandes para atender a demanda do munic\u00edpio, que tem como [&hellip;]\" \/>\n<meta property=\"og:url\" content=\"https:\/\/www.abesata.org\/br\/macae-quer-lideranca-regional-no-transporte-aereo-de-cargas\/\" \/>\n<meta property=\"og:site_name\" content=\"Abesata\" \/>\n<meta property=\"article:publisher\" content=\"https:\/\/www.facebook.com\/abesata.org\/\" \/>\n<meta property=\"article:published_time\" content=\"2014-08-26T14:27:10+00:00\" \/>\n<meta name=\"author\" content=\"Ricardo\" \/>\n<meta name=\"twitter:card\" content=\"summary_large_image\" \/>\n<meta name=\"twitter:label1\" content=\"Escrito por\" \/>\n\t<meta name=\"twitter:data1\" content=\"Ricardo\" \/>\n\t<meta name=\"twitter:label2\" content=\"Est. tempo de leitura\" \/>\n\t<meta name=\"twitter:data2\" content=\"2 minutos\" \/>\n<script type=\"application\/ld+json\" class=\"yoast-schema-graph\">{\"@context\":\"https:\/\/schema.org\",\"@graph\":[{\"@type\":\"Article\",\"@id\":\"https:\/\/www.abesata.org\/br\/macae-quer-lideranca-regional-no-transporte-aereo-de-cargas\/#article\",\"isPartOf\":{\"@id\":\"https:\/\/www.abesata.org\/br\/macae-quer-lideranca-regional-no-transporte-aereo-de-cargas\/\"},\"author\":{\"name\":\"Ricardo\",\"@id\":\"https:\/\/www.abesata.org\/br\/#\/schema\/person\/1f1295145bee68e42ffe39157320456b\"},\"headline\":\"Maca\u00e9 quer lideran\u00e7a regional no transporte a\u00e9reo de cargas\",\"datePublished\":\"2014-08-26T14:27:10+00:00\",\"mainEntityOfPage\":{\"@id\":\"https:\/\/www.abesata.org\/br\/macae-quer-lideranca-regional-no-transporte-aereo-de-cargas\/\"},\"wordCount\":465,\"publisher\":{\"@id\":\"https:\/\/www.abesata.org\/br\/#organization\"},\"inLanguage\":\"pt-BR\"},{\"@type\":\"WebPage\",\"@id\":\"https:\/\/www.abesata.org\/br\/macae-quer-lideranca-regional-no-transporte-aereo-de-cargas\/\",\"url\":\"https:\/\/www.abesata.org\/br\/macae-quer-lideranca-regional-no-transporte-aereo-de-cargas\/\",\"name\":\"Maca\u00e9 quer lideran\u00e7a regional no transporte a\u00e9reo de cargas - Abesata\",\"isPartOf\":{\"@id\":\"https:\/\/www.abesata.org\/br\/#website\"},\"datePublished\":\"2014-08-26T14:27:10+00:00\",\"breadcrumb\":{\"@id\":\"https:\/\/www.abesata.org\/br\/macae-quer-lideranca-regional-no-transporte-aereo-de-cargas\/#breadcrumb\"},\"inLanguage\":\"pt-BR\",\"potentialAction\":[{\"@type\":\"ReadAction\",\"target\":[\"https:\/\/www.abesata.org\/br\/macae-quer-lideranca-regional-no-transporte-aereo-de-cargas\/\"]}]},{\"@type\":\"BreadcrumbList\",\"@id\":\"https:\/\/www.abesata.org\/br\/macae-quer-lideranca-regional-no-transporte-aereo-de-cargas\/#breadcrumb\",\"itemListElement\":[{\"@type\":\"ListItem\",\"position\":1,\"name\":\"In\u00edcio\",\"item\":\"https:\/\/www.abesata.org\/br\/\"},{\"@type\":\"ListItem\",\"position\":2,\"name\":\"Maca\u00e9 quer lideran\u00e7a regional no transporte a\u00e9reo de cargas\"}]},{\"@type\":\"WebSite\",\"@id\":\"https:\/\/www.abesata.org\/br\/#website\",\"url\":\"https:\/\/www.abesata.org\/br\/\",\"name\":\"Abesata\",\"description\":\"Associa\u00e7\u00e3o Brasileira das Empresas de Servi\u00e7os Auxiliares de Transporte A\u00e9reo\",\"publisher\":{\"@id\":\"https:\/\/www.abesata.org\/br\/#organization\"},\"potentialAction\":[{\"@type\":\"SearchAction\",\"target\":{\"@type\":\"EntryPoint\",\"urlTemplate\":\"https:\/\/www.abesata.org\/br\/?s={search_term_string}\"},\"query-input\":{\"@type\":\"PropertyValueSpecification\",\"valueRequired\":true,\"valueName\":\"search_term_string\"}}],\"inLanguage\":\"pt-BR\"},{\"@type\":\"Organization\",\"@id\":\"https:\/\/www.abesata.org\/br\/#organization\",\"name\":\"Associa\u00e7\u00e3o Brasileira das Empresas de Servi\u00e7os Auxiliares de Transporte A\u00e9reo\",\"alternateName\":\"Abesata\",\"url\":\"https:\/\/www.abesata.org\/br\/\",\"logo\":{\"@type\":\"ImageObject\",\"inLanguage\":\"pt-BR\",\"@id\":\"https:\/\/www.abesata.org\/br\/#\/schema\/logo\/image\/\",\"url\":\"https:\/\/www.abesata.org\/br\/wp-content\/uploads\/2023\/10\/Abesata.png\",\"contentUrl\":\"https:\/\/www.abesata.org\/br\/wp-content\/uploads\/2023\/10\/Abesata.png\",\"width\":1063,\"height\":591,\"caption\":\"Associa\u00e7\u00e3o Brasileira das Empresas de Servi\u00e7os Auxiliares de Transporte A\u00e9reo\"},\"image\":{\"@id\":\"https:\/\/www.abesata.org\/br\/#\/schema\/logo\/image\/\"},\"sameAs\":[\"https:\/\/www.facebook.com\/abesata.org\/\",\"https:\/\/www.instagram.com\/abesata_gh\/\",\"https:\/\/br.linkedin.com\/company\/abesata\"]},{\"@type\":\"Person\",\"@id\":\"https:\/\/www.abesata.org\/br\/#\/schema\/person\/1f1295145bee68e42ffe39157320456b\",\"name\":\"Ricardo\",\"image\":{\"@type\":\"ImageObject\",\"inLanguage\":\"pt-BR\",\"@id\":\"https:\/\/www.abesata.org\/br\/#\/schema\/person\/image\/\",\"url\":\"https:\/\/secure.gravatar.com\/avatar\/1d856797eb89513dee321f840c1a6bbcec15beb178c003e50adcf59323b3a8a9?s=96&d=mm&r=g\",\"contentUrl\":\"https:\/\/secure.gravatar.com\/avatar\/1d856797eb89513dee321f840c1a6bbcec15beb178c003e50adcf59323b3a8a9?s=96&d=mm&r=g\",\"caption\":\"Ricardo\"},\"url\":\"https:\/\/www.abesata.org\/br\/author\/ricardo-baroni\/\"}]}<\/script>\n<!-- \/ Yoast SEO plugin. -->","yoast_head_json":{"title":"Maca\u00e9 quer lideran\u00e7a regional no transporte a\u00e9reo de cargas - Abesata","robots":{"index":"index","follow":"follow","max-snippet":"max-snippet:-1","max-image-preview":"max-image-preview:large","max-video-preview":"max-video-preview:-1"},"canonical":"https:\/\/www.abesata.org\/br\/macae-quer-lideranca-regional-no-transporte-aereo-de-cargas\/","og_locale":"pt_BR","og_type":"article","og_title":"Maca\u00e9 quer lideran\u00e7a regional no transporte a\u00e9reo de cargas - Abesata","og_description":"O aeroporto de Maca\u00e9 \u00e9 um dos beneficiados do Programa de Investimento em Log\u00edstica: Aeroportos, do governo federal. Localizado a 150 km da cidade do Rio de Janeiro, o aeroporto j\u00e1 est\u00e1 sendo reformado. No entanto, a cidade necessita de uma pista que comporte avi\u00f5es grandes para atender a demanda do munic\u00edpio, que tem como [&hellip;]","og_url":"https:\/\/www.abesata.org\/br\/macae-quer-lideranca-regional-no-transporte-aereo-de-cargas\/","og_site_name":"Abesata","article_publisher":"https:\/\/www.facebook.com\/abesata.org\/","article_published_time":"2014-08-26T14:27:10+00:00","author":"Ricardo","twitter_card":"summary_large_image","twitter_misc":{"Escrito por":"Ricardo","Est. tempo de leitura":"2 minutos"},"schema":{"@context":"https:\/\/schema.org","@graph":[{"@type":"Article","@id":"https:\/\/www.abesata.org\/br\/macae-quer-lideranca-regional-no-transporte-aereo-de-cargas\/#article","isPartOf":{"@id":"https:\/\/www.abesata.org\/br\/macae-quer-lideranca-regional-no-transporte-aereo-de-cargas\/"},"author":{"name":"Ricardo","@id":"https:\/\/www.abesata.org\/br\/#\/schema\/person\/1f1295145bee68e42ffe39157320456b"},"headline":"Maca\u00e9 quer lideran\u00e7a regional no transporte a\u00e9reo de cargas","datePublished":"2014-08-26T14:27:10+00:00","mainEntityOfPage":{"@id":"https:\/\/www.abesata.org\/br\/macae-quer-lideranca-regional-no-transporte-aereo-de-cargas\/"},"wordCount":465,"publisher":{"@id":"https:\/\/www.abesata.org\/br\/#organization"},"inLanguage":"pt-BR"},{"@type":"WebPage","@id":"https:\/\/www.abesata.org\/br\/macae-quer-lideranca-regional-no-transporte-aereo-de-cargas\/","url":"https:\/\/www.abesata.org\/br\/macae-quer-lideranca-regional-no-transporte-aereo-de-cargas\/","name":"Maca\u00e9 quer lideran\u00e7a regional no transporte a\u00e9reo de cargas - Abesata","isPartOf":{"@id":"https:\/\/www.abesata.org\/br\/#website"},"datePublished":"2014-08-26T14:27:10+00:00","breadcrumb":{"@id":"https:\/\/www.abesata.org\/br\/macae-quer-lideranca-regional-no-transporte-aereo-de-cargas\/#breadcrumb"},"inLanguage":"pt-BR","potentialAction":[{"@type":"ReadAction","target":["https:\/\/www.abesata.org\/br\/macae-quer-lideranca-regional-no-transporte-aereo-de-cargas\/"]}]},{"@type":"BreadcrumbList","@id":"https:\/\/www.abesata.org\/br\/macae-quer-lideranca-regional-no-transporte-aereo-de-cargas\/#breadcrumb","itemListElement":[{"@type":"ListItem","position":1,"name":"In\u00edcio","item":"https:\/\/www.abesata.org\/br\/"},{"@type":"ListItem","position":2,"name":"Maca\u00e9 quer lideran\u00e7a regional no transporte a\u00e9reo de cargas"}]},{"@type":"WebSite","@id":"https:\/\/www.abesata.org\/br\/#website","url":"https:\/\/www.abesata.org\/br\/","name":"Abesata","description":"Associa\u00e7\u00e3o Brasileira das Empresas de Servi\u00e7os Auxiliares de Transporte A\u00e9reo","publisher":{"@id":"https:\/\/www.abesata.org\/br\/#organization"},"potentialAction":[{"@type":"SearchAction","target":{"@type":"EntryPoint","urlTemplate":"https:\/\/www.abesata.org\/br\/?s={search_term_string}"},"query-input":{"@type":"PropertyValueSpecification","valueRequired":true,"valueName":"search_term_string"}}],"inLanguage":"pt-BR"},{"@type":"Organization","@id":"https:\/\/www.abesata.org\/br\/#organization","name":"Associa\u00e7\u00e3o Brasileira das Empresas de Servi\u00e7os Auxiliares de Transporte A\u00e9reo","alternateName":"Abesata","url":"https:\/\/www.abesata.org\/br\/","logo":{"@type":"ImageObject","inLanguage":"pt-BR","@id":"https:\/\/www.abesata.org\/br\/#\/schema\/logo\/image\/","url":"https:\/\/www.abesata.org\/br\/wp-content\/uploads\/2023\/10\/Abesata.png","contentUrl":"https:\/\/www.abesata.org\/br\/wp-content\/uploads\/2023\/10\/Abesata.png","width":1063,"height":591,"caption":"Associa\u00e7\u00e3o Brasileira das Empresas de Servi\u00e7os Auxiliares de Transporte A\u00e9reo"},"image":{"@id":"https:\/\/www.abesata.org\/br\/#\/schema\/logo\/image\/"},"sameAs":["https:\/\/www.facebook.com\/abesata.org\/","https:\/\/www.instagram.com\/abesata_gh\/","https:\/\/br.linkedin.com\/company\/abesata"]},{"@type":"Person","@id":"https:\/\/www.abesata.org\/br\/#\/schema\/person\/1f1295145bee68e42ffe39157320456b","name":"Ricardo","image":{"@type":"ImageObject","inLanguage":"pt-BR","@id":"https:\/\/www.abesata.org\/br\/#\/schema\/person\/image\/","url":"https:\/\/secure.gravatar.com\/avatar\/1d856797eb89513dee321f840c1a6bbcec15beb178c003e50adcf59323b3a8a9?s=96&d=mm&r=g","contentUrl":"https:\/\/secure.gravatar.com\/avatar\/1d856797eb89513dee321f840c1a6bbcec15beb178c003e50adcf59323b3a8a9?s=96&d=mm&r=g","caption":"Ricardo"},"url":"https:\/\/www.abesata.org\/br\/author\/ricardo-baroni\/"}]}},"_links":{"self":[{"href":"https:\/\/www.abesata.org\/br\/wp-json\/wp\/v2\/posts\/1414","targetHints":{"allow":["GET"]}}],"collection":[{"href":"https:\/\/www.abesata.org\/br\/wp-json\/wp\/v2\/posts"}],"about":[{"href":"https:\/\/www.abesata.org\/br\/wp-json\/wp\/v2\/types\/post"}],"author":[{"embeddable":true,"href":"https:\/\/www.abesata.org\/br\/wp-json\/wp\/v2\/users\/18"}],"replies":[{"embeddable":true,"href":"https:\/\/www.abesata.org\/br\/wp-json\/wp\/v2\/comments?post=1414"}],"version-history":[{"count":0,"href":"https:\/\/www.abesata.org\/br\/wp-json\/wp\/v2\/posts\/1414\/revisions"}],"wp:attachment":[{"href":"https:\/\/www.abesata.org\/br\/wp-json\/wp\/v2\/media?parent=1414"}],"wp:term":[{"taxonomy":"category","embeddable":true,"href":"https:\/\/www.abesata.org\/br\/wp-json\/wp\/v2\/categories?post=1414"},{"taxonomy":"post_tag","embeddable":true,"href":"https:\/\/www.abesata.org\/br\/wp-json\/wp\/v2\/tags?post=1414"}],"curies":[{"name":"wp","href":"https:\/\/api.w.org\/{rel}","templated":true}]}}