{"id":1427,"date":"2014-08-28T09:38:10","date_gmt":"2014-08-28T12:38:10","guid":{"rendered":"http:\/\/www.abesata.org\/?p=1427"},"modified":"2014-08-28T11:08:23","modified_gmt":"2014-08-28T14:08:23","slug":"infraero-entrega-aeroporto-de-sao-jose-dos-campos","status":"publish","type":"post","link":"https:\/\/www.abesata.org\/br\/infraero-entrega-aeroporto-de-sao-jose-dos-campos\/","title":{"rendered":"Infraero entrega aeroporto de S\u00e3o Jos\u00e9 dos Campos"},"content":{"rendered":"<p>A Infraero concluiu as obras de amplia\u00e7\u00e3o e moderniza\u00e7\u00e3o do Aeroporto de S\u00e3o Jos\u00e9 dos Campos &#8211; Professor Ernesto Stumpf, em S\u00e3o Paulo. O projeto do terminal de passageiros foi desenvolvido para atender as demandas existentes e projetado para os pr\u00f3ximos cinco anos.<\/p>\n<p>A nova \u00e1rea de desembarque do terminal entrou em funcionamento nesta semana em opera\u00e7\u00e3o assistida &#8211; per\u00edodo de testes durante o qual o funcionamento das novas estruturas e equipamentos \u00e9 monitorado sob as opera\u00e7\u00f5es rotineiras do aeroporto. S\u00e3o avaliadas as condi\u00e7\u00f5es operacionais e realizados ajustes, caso necess\u00e1rio, de forma a garantir o bom funcionamento do terminal.<\/p>\n<p>Desde de junho, est\u00e3o em opera\u00e7\u00e3o uma nova sala de embarque e desembarque, um novo sagu\u00e3o de embarque, novos balc\u00f5es de check-in, novos sanit\u00e1rios, reservat\u00f3rio de \u00e1gua, esta\u00e7\u00e3o elevat\u00f3ria de esgotos e subesta\u00e7\u00f5es de energia el\u00e9trica. Al\u00e9m disso, as vias de acesso foram remodeladas.<\/p>\n<p>A capacidade do aeroporto foi ampliada de 190 mil para 600 mil por ano. De janeiro a julho deste ano, o terminal j\u00e1 registrou cerca de 52 mil embarques e desembarques. A \u00e1rea do terminal de passageiros do aeroporto passou de 800 metros quadrados para 5,8 mil metros quadrados.<\/p>\n<p>O investimento realizado somou R$ 16,7 milh\u00f5es.<\/p>\n<p style=\"text-align: right;\">Fonte: Airport News<br \/>\n27\/08\/2014<br \/>\nFoto: Airport News<\/p>\n","protected":false},"excerpt":{"rendered":"<p>A Infraero concluiu as obras de amplia\u00e7\u00e3o e moderniza\u00e7\u00e3o do Aeroporto de S\u00e3o Jos\u00e9 dos Campos &#8211; Professor Ernesto Stumpf, em S\u00e3o Paulo. O projeto do terminal de passageiros foi desenvolvido para atender as demandas existentes e projetado para os pr\u00f3ximos cinco anos. A nova \u00e1rea de desembarque do terminal entrou em funcionamento nesta semana [&hellip;]<\/p>\n","protected":false},"author":18,"featured_media":1428,"comment_status":"closed","ping_status":"closed","sticky":false,"template":"","format":"standard","meta":{"footnotes":""},"categories":[],"tags":[],"class_list":["post-1427","post","type-post","status-publish","format-standard","has-post-thumbnail","hentry"],"yoast_head":"<!-- This site is optimized with the Yoast SEO plugin v26.5 - https:\/\/yoast.com\/wordpress\/plugins\/seo\/ -->\n<title>Infraero entrega aeroporto de S\u00e3o Jos\u00e9 dos Campos - Abesata<\/title>\n<meta name=\"robots\" content=\"index, follow, max-snippet:-1, max-image-preview:large, max-video-preview:-1\" \/>\n<link rel=\"canonical\" href=\"https:\/\/www.abesata.org\/br\/infraero-entrega-aeroporto-de-sao-jose-dos-campos\/\" \/>\n<meta property=\"og:locale\" content=\"pt_BR\" \/>\n<meta property=\"og:type\" content=\"article\" \/>\n<meta property=\"og:title\" content=\"Infraero entrega aeroporto de S\u00e3o Jos\u00e9 dos Campos - Abesata\" \/>\n<meta property=\"og:description\" content=\"A Infraero concluiu as obras de amplia\u00e7\u00e3o e moderniza\u00e7\u00e3o do Aeroporto de S\u00e3o Jos\u00e9 dos Campos &#8211; Professor Ernesto Stumpf, em S\u00e3o Paulo. O projeto do terminal de passageiros foi desenvolvido para atender as demandas existentes e projetado para os pr\u00f3ximos cinco anos. A nova \u00e1rea de desembarque do terminal entrou em funcionamento nesta semana [&hellip;]\" \/>\n<meta property=\"og:url\" content=\"https:\/\/www.abesata.org\/br\/infraero-entrega-aeroporto-de-sao-jose-dos-campos\/\" \/>\n<meta property=\"og:site_name\" content=\"Abesata\" \/>\n<meta property=\"article:publisher\" content=\"https:\/\/www.facebook.com\/abesata.org\/\" \/>\n<meta property=\"article:published_time\" content=\"2014-08-28T12:38:10+00:00\" \/>\n<meta property=\"article:modified_time\" content=\"2014-08-28T14:08:23+00:00\" \/>\n<meta property=\"og:image\" content=\"https:\/\/www.abesata.org\/br\/wp-content\/uploads\/2014\/08\/10.png\" \/>\n\t<meta property=\"og:image:width\" content=\"1026\" \/>\n\t<meta property=\"og:image:height\" content=\"336\" \/>\n\t<meta property=\"og:image:type\" content=\"image\/png\" \/>\n<meta name=\"author\" content=\"Ricardo\" \/>\n<meta name=\"twitter:card\" content=\"summary_large_image\" \/>\n<meta name=\"twitter:label1\" content=\"Escrito por\" \/>\n\t<meta name=\"twitter:data1\" content=\"Ricardo\" \/>\n\t<meta name=\"twitter:label2\" content=\"Est. tempo de leitura\" \/>\n\t<meta name=\"twitter:data2\" content=\"1 minuto\" \/>\n<script type=\"application\/ld+json\" class=\"yoast-schema-graph\">{\"@context\":\"https:\/\/schema.org\",\"@graph\":[{\"@type\":\"Article\",\"@id\":\"https:\/\/www.abesata.org\/br\/infraero-entrega-aeroporto-de-sao-jose-dos-campos\/#article\",\"isPartOf\":{\"@id\":\"https:\/\/www.abesata.org\/br\/infraero-entrega-aeroporto-de-sao-jose-dos-campos\/\"},\"author\":{\"name\":\"Ricardo\",\"@id\":\"https:\/\/www.abesata.org\/br\/#\/schema\/person\/1f1295145bee68e42ffe39157320456b\"},\"headline\":\"Infraero entrega aeroporto de S\u00e3o Jos\u00e9 dos Campos\",\"datePublished\":\"2014-08-28T12:38:10+00:00\",\"dateModified\":\"2014-08-28T14:08:23+00:00\",\"mainEntityOfPage\":{\"@id\":\"https:\/\/www.abesata.org\/br\/infraero-entrega-aeroporto-de-sao-jose-dos-campos\/\"},\"wordCount\":230,\"publisher\":{\"@id\":\"https:\/\/www.abesata.org\/br\/#organization\"},\"image\":{\"@id\":\"https:\/\/www.abesata.org\/br\/infraero-entrega-aeroporto-de-sao-jose-dos-campos\/#primaryimage\"},\"thumbnailUrl\":\"https:\/\/www.abesata.org\/br\/wp-content\/uploads\/2014\/08\/10.png\",\"inLanguage\":\"pt-BR\"},{\"@type\":\"WebPage\",\"@id\":\"https:\/\/www.abesata.org\/br\/infraero-entrega-aeroporto-de-sao-jose-dos-campos\/\",\"url\":\"https:\/\/www.abesata.org\/br\/infraero-entrega-aeroporto-de-sao-jose-dos-campos\/\",\"name\":\"Infraero entrega aeroporto de S\u00e3o Jos\u00e9 dos Campos - Abesata\",\"isPartOf\":{\"@id\":\"https:\/\/www.abesata.org\/br\/#website\"},\"primaryImageOfPage\":{\"@id\":\"https:\/\/www.abesata.org\/br\/infraero-entrega-aeroporto-de-sao-jose-dos-campos\/#primaryimage\"},\"image\":{\"@id\":\"https:\/\/www.abesata.org\/br\/infraero-entrega-aeroporto-de-sao-jose-dos-campos\/#primaryimage\"},\"thumbnailUrl\":\"https:\/\/www.abesata.org\/br\/wp-content\/uploads\/2014\/08\/10.png\",\"datePublished\":\"2014-08-28T12:38:10+00:00\",\"dateModified\":\"2014-08-28T14:08:23+00:00\",\"breadcrumb\":{\"@id\":\"https:\/\/www.abesata.org\/br\/infraero-entrega-aeroporto-de-sao-jose-dos-campos\/#breadcrumb\"},\"inLanguage\":\"pt-BR\",\"potentialAction\":[{\"@type\":\"ReadAction\",\"target\":[\"https:\/\/www.abesata.org\/br\/infraero-entrega-aeroporto-de-sao-jose-dos-campos\/\"]}]},{\"@type\":\"ImageObject\",\"inLanguage\":\"pt-BR\",\"@id\":\"https:\/\/www.abesata.org\/br\/infraero-entrega-aeroporto-de-sao-jose-dos-campos\/#primaryimage\",\"url\":\"https:\/\/www.abesata.org\/br\/wp-content\/uploads\/2014\/08\/10.png\",\"contentUrl\":\"https:\/\/www.abesata.org\/br\/wp-content\/uploads\/2014\/08\/10.png\",\"width\":1026,\"height\":336},{\"@type\":\"BreadcrumbList\",\"@id\":\"https:\/\/www.abesata.org\/br\/infraero-entrega-aeroporto-de-sao-jose-dos-campos\/#breadcrumb\",\"itemListElement\":[{\"@type\":\"ListItem\",\"position\":1,\"name\":\"In\u00edcio\",\"item\":\"https:\/\/www.abesata.org\/br\/\"},{\"@type\":\"ListItem\",\"position\":2,\"name\":\"Infraero entrega aeroporto de S\u00e3o Jos\u00e9 dos Campos\"}]},{\"@type\":\"WebSite\",\"@id\":\"https:\/\/www.abesata.org\/br\/#website\",\"url\":\"https:\/\/www.abesata.org\/br\/\",\"name\":\"Abesata\",\"description\":\"Associa\u00e7\u00e3o Brasileira das Empresas de Servi\u00e7os Auxiliares de Transporte A\u00e9reo\",\"publisher\":{\"@id\":\"https:\/\/www.abesata.org\/br\/#organization\"},\"potentialAction\":[{\"@type\":\"SearchAction\",\"target\":{\"@type\":\"EntryPoint\",\"urlTemplate\":\"https:\/\/www.abesata.org\/br\/?s={search_term_string}\"},\"query-input\":{\"@type\":\"PropertyValueSpecification\",\"valueRequired\":true,\"valueName\":\"search_term_string\"}}],\"inLanguage\":\"pt-BR\"},{\"@type\":\"Organization\",\"@id\":\"https:\/\/www.abesata.org\/br\/#organization\",\"name\":\"Associa\u00e7\u00e3o Brasileira das Empresas de Servi\u00e7os Auxiliares de Transporte A\u00e9reo\",\"alternateName\":\"Abesata\",\"url\":\"https:\/\/www.abesata.org\/br\/\",\"logo\":{\"@type\":\"ImageObject\",\"inLanguage\":\"pt-BR\",\"@id\":\"https:\/\/www.abesata.org\/br\/#\/schema\/logo\/image\/\",\"url\":\"https:\/\/www.abesata.org\/br\/wp-content\/uploads\/2023\/10\/Abesata.png\",\"contentUrl\":\"https:\/\/www.abesata.org\/br\/wp-content\/uploads\/2023\/10\/Abesata.png\",\"width\":1063,\"height\":591,\"caption\":\"Associa\u00e7\u00e3o Brasileira das Empresas de Servi\u00e7os Auxiliares de Transporte A\u00e9reo\"},\"image\":{\"@id\":\"https:\/\/www.abesata.org\/br\/#\/schema\/logo\/image\/\"},\"sameAs\":[\"https:\/\/www.facebook.com\/abesata.org\/\",\"https:\/\/www.instagram.com\/abesata_gh\/\",\"https:\/\/br.linkedin.com\/company\/abesata\"]},{\"@type\":\"Person\",\"@id\":\"https:\/\/www.abesata.org\/br\/#\/schema\/person\/1f1295145bee68e42ffe39157320456b\",\"name\":\"Ricardo\",\"image\":{\"@type\":\"ImageObject\",\"inLanguage\":\"pt-BR\",\"@id\":\"https:\/\/www.abesata.org\/br\/#\/schema\/person\/image\/\",\"url\":\"https:\/\/secure.gravatar.com\/avatar\/1d856797eb89513dee321f840c1a6bbcec15beb178c003e50adcf59323b3a8a9?s=96&d=mm&r=g\",\"contentUrl\":\"https:\/\/secure.gravatar.com\/avatar\/1d856797eb89513dee321f840c1a6bbcec15beb178c003e50adcf59323b3a8a9?s=96&d=mm&r=g\",\"caption\":\"Ricardo\"},\"url\":\"https:\/\/www.abesata.org\/br\/author\/ricardo-baroni\/\"}]}<\/script>\n<!-- \/ Yoast SEO plugin. -->","yoast_head_json":{"title":"Infraero entrega aeroporto de S\u00e3o Jos\u00e9 dos Campos - Abesata","robots":{"index":"index","follow":"follow","max-snippet":"max-snippet:-1","max-image-preview":"max-image-preview:large","max-video-preview":"max-video-preview:-1"},"canonical":"https:\/\/www.abesata.org\/br\/infraero-entrega-aeroporto-de-sao-jose-dos-campos\/","og_locale":"pt_BR","og_type":"article","og_title":"Infraero entrega aeroporto de S\u00e3o Jos\u00e9 dos Campos - Abesata","og_description":"A Infraero concluiu as obras de amplia\u00e7\u00e3o e moderniza\u00e7\u00e3o do Aeroporto de S\u00e3o Jos\u00e9 dos Campos &#8211; Professor Ernesto Stumpf, em S\u00e3o Paulo. O projeto do terminal de passageiros foi desenvolvido para atender as demandas existentes e projetado para os pr\u00f3ximos cinco anos. A nova \u00e1rea de desembarque do terminal entrou em funcionamento nesta semana [&hellip;]","og_url":"https:\/\/www.abesata.org\/br\/infraero-entrega-aeroporto-de-sao-jose-dos-campos\/","og_site_name":"Abesata","article_publisher":"https:\/\/www.facebook.com\/abesata.org\/","article_published_time":"2014-08-28T12:38:10+00:00","article_modified_time":"2014-08-28T14:08:23+00:00","og_image":[{"width":1026,"height":336,"url":"https:\/\/www.abesata.org\/br\/wp-content\/uploads\/2014\/08\/10.png","type":"image\/png"}],"author":"Ricardo","twitter_card":"summary_large_image","twitter_misc":{"Escrito por":"Ricardo","Est. tempo de leitura":"1 minuto"},"schema":{"@context":"https:\/\/schema.org","@graph":[{"@type":"Article","@id":"https:\/\/www.abesata.org\/br\/infraero-entrega-aeroporto-de-sao-jose-dos-campos\/#article","isPartOf":{"@id":"https:\/\/www.abesata.org\/br\/infraero-entrega-aeroporto-de-sao-jose-dos-campos\/"},"author":{"name":"Ricardo","@id":"https:\/\/www.abesata.org\/br\/#\/schema\/person\/1f1295145bee68e42ffe39157320456b"},"headline":"Infraero entrega aeroporto de S\u00e3o Jos\u00e9 dos Campos","datePublished":"2014-08-28T12:38:10+00:00","dateModified":"2014-08-28T14:08:23+00:00","mainEntityOfPage":{"@id":"https:\/\/www.abesata.org\/br\/infraero-entrega-aeroporto-de-sao-jose-dos-campos\/"},"wordCount":230,"publisher":{"@id":"https:\/\/www.abesata.org\/br\/#organization"},"image":{"@id":"https:\/\/www.abesata.org\/br\/infraero-entrega-aeroporto-de-sao-jose-dos-campos\/#primaryimage"},"thumbnailUrl":"https:\/\/www.abesata.org\/br\/wp-content\/uploads\/2014\/08\/10.png","inLanguage":"pt-BR"},{"@type":"WebPage","@id":"https:\/\/www.abesata.org\/br\/infraero-entrega-aeroporto-de-sao-jose-dos-campos\/","url":"https:\/\/www.abesata.org\/br\/infraero-entrega-aeroporto-de-sao-jose-dos-campos\/","name":"Infraero entrega aeroporto de S\u00e3o Jos\u00e9 dos Campos - Abesata","isPartOf":{"@id":"https:\/\/www.abesata.org\/br\/#website"},"primaryImageOfPage":{"@id":"https:\/\/www.abesata.org\/br\/infraero-entrega-aeroporto-de-sao-jose-dos-campos\/#primaryimage"},"image":{"@id":"https:\/\/www.abesata.org\/br\/infraero-entrega-aeroporto-de-sao-jose-dos-campos\/#primaryimage"},"thumbnailUrl":"https:\/\/www.abesata.org\/br\/wp-content\/uploads\/2014\/08\/10.png","datePublished":"2014-08-28T12:38:10+00:00","dateModified":"2014-08-28T14:08:23+00:00","breadcrumb":{"@id":"https:\/\/www.abesata.org\/br\/infraero-entrega-aeroporto-de-sao-jose-dos-campos\/#breadcrumb"},"inLanguage":"pt-BR","potentialAction":[{"@type":"ReadAction","target":["https:\/\/www.abesata.org\/br\/infraero-entrega-aeroporto-de-sao-jose-dos-campos\/"]}]},{"@type":"ImageObject","inLanguage":"pt-BR","@id":"https:\/\/www.abesata.org\/br\/infraero-entrega-aeroporto-de-sao-jose-dos-campos\/#primaryimage","url":"https:\/\/www.abesata.org\/br\/wp-content\/uploads\/2014\/08\/10.png","contentUrl":"https:\/\/www.abesata.org\/br\/wp-content\/uploads\/2014\/08\/10.png","width":1026,"height":336},{"@type":"BreadcrumbList","@id":"https:\/\/www.abesata.org\/br\/infraero-entrega-aeroporto-de-sao-jose-dos-campos\/#breadcrumb","itemListElement":[{"@type":"ListItem","position":1,"name":"In\u00edcio","item":"https:\/\/www.abesata.org\/br\/"},{"@type":"ListItem","position":2,"name":"Infraero entrega aeroporto de S\u00e3o Jos\u00e9 dos Campos"}]},{"@type":"WebSite","@id":"https:\/\/www.abesata.org\/br\/#website","url":"https:\/\/www.abesata.org\/br\/","name":"Abesata","description":"Associa\u00e7\u00e3o Brasileira das Empresas de Servi\u00e7os Auxiliares de Transporte A\u00e9reo","publisher":{"@id":"https:\/\/www.abesata.org\/br\/#organization"},"potentialAction":[{"@type":"SearchAction","target":{"@type":"EntryPoint","urlTemplate":"https:\/\/www.abesata.org\/br\/?s={search_term_string}"},"query-input":{"@type":"PropertyValueSpecification","valueRequired":true,"valueName":"search_term_string"}}],"inLanguage":"pt-BR"},{"@type":"Organization","@id":"https:\/\/www.abesata.org\/br\/#organization","name":"Associa\u00e7\u00e3o Brasileira das Empresas de Servi\u00e7os Auxiliares de Transporte A\u00e9reo","alternateName":"Abesata","url":"https:\/\/www.abesata.org\/br\/","logo":{"@type":"ImageObject","inLanguage":"pt-BR","@id":"https:\/\/www.abesata.org\/br\/#\/schema\/logo\/image\/","url":"https:\/\/www.abesata.org\/br\/wp-content\/uploads\/2023\/10\/Abesata.png","contentUrl":"https:\/\/www.abesata.org\/br\/wp-content\/uploads\/2023\/10\/Abesata.png","width":1063,"height":591,"caption":"Associa\u00e7\u00e3o Brasileira das Empresas de Servi\u00e7os Auxiliares de Transporte A\u00e9reo"},"image":{"@id":"https:\/\/www.abesata.org\/br\/#\/schema\/logo\/image\/"},"sameAs":["https:\/\/www.facebook.com\/abesata.org\/","https:\/\/www.instagram.com\/abesata_gh\/","https:\/\/br.linkedin.com\/company\/abesata"]},{"@type":"Person","@id":"https:\/\/www.abesata.org\/br\/#\/schema\/person\/1f1295145bee68e42ffe39157320456b","name":"Ricardo","image":{"@type":"ImageObject","inLanguage":"pt-BR","@id":"https:\/\/www.abesata.org\/br\/#\/schema\/person\/image\/","url":"https:\/\/secure.gravatar.com\/avatar\/1d856797eb89513dee321f840c1a6bbcec15beb178c003e50adcf59323b3a8a9?s=96&d=mm&r=g","contentUrl":"https:\/\/secure.gravatar.com\/avatar\/1d856797eb89513dee321f840c1a6bbcec15beb178c003e50adcf59323b3a8a9?s=96&d=mm&r=g","caption":"Ricardo"},"url":"https:\/\/www.abesata.org\/br\/author\/ricardo-baroni\/"}]}},"_links":{"self":[{"href":"https:\/\/www.abesata.org\/br\/wp-json\/wp\/v2\/posts\/1427","targetHints":{"allow":["GET"]}}],"collection":[{"href":"https:\/\/www.abesata.org\/br\/wp-json\/wp\/v2\/posts"}],"about":[{"href":"https:\/\/www.abesata.org\/br\/wp-json\/wp\/v2\/types\/post"}],"author":[{"embeddable":true,"href":"https:\/\/www.abesata.org\/br\/wp-json\/wp\/v2\/users\/18"}],"replies":[{"embeddable":true,"href":"https:\/\/www.abesata.org\/br\/wp-json\/wp\/v2\/comments?post=1427"}],"version-history":[{"count":0,"href":"https:\/\/www.abesata.org\/br\/wp-json\/wp\/v2\/posts\/1427\/revisions"}],"wp:featuredmedia":[{"embeddable":true,"href":"https:\/\/www.abesata.org\/br\/wp-json\/wp\/v2\/media\/1428"}],"wp:attachment":[{"href":"https:\/\/www.abesata.org\/br\/wp-json\/wp\/v2\/media?parent=1427"}],"wp:term":[{"taxonomy":"category","embeddable":true,"href":"https:\/\/www.abesata.org\/br\/wp-json\/wp\/v2\/categories?post=1427"},{"taxonomy":"post_tag","embeddable":true,"href":"https:\/\/www.abesata.org\/br\/wp-json\/wp\/v2\/tags?post=1427"}],"curies":[{"name":"wp","href":"https:\/\/api.w.org\/{rel}","templated":true}]}}