{"id":1446,"date":"2014-09-04T13:19:31","date_gmt":"2014-09-04T16:19:31","guid":{"rendered":"http:\/\/www.abesata.org\/?p=1446"},"modified":"2014-09-15T15:37:03","modified_gmt":"2014-09-15T18:37:03","slug":"voos-regionais-terao-subsidio-de-r-500-mi-em-2015","status":"publish","type":"post","link":"https:\/\/www.abesata.org\/br\/voos-regionais-terao-subsidio-de-r-500-mi-em-2015\/","title":{"rendered":"Voos regionais ter\u00e3o subs\u00eddio de R$ 500 mi em 2015"},"content":{"rendered":"<p>O governo reservou R$ 500 milh\u00f5es para estimular a cria\u00e7\u00e3o de rotas a\u00e9reas fora das capitais do pa\u00eds a partir de 2015. A ideia \u00e9 pagar \u00e0s companhias a\u00e9reas um valor por passageiro transportado, para baratear as passagens.<\/p>\n<p>Os recursos vir\u00e3o do Fundo Nacional da Avia\u00e7\u00e3o Civil (Fnac), que \u00e9 alimentado pelas tarifas de embarque e pelos pagamentos que os concession\u00e1rios de aeroportos fazem ao governo.<\/p>\n<p>As estimativas iniciais do governo apontavam para um gasto de R$ 1 bilh\u00e3o em subs\u00eddios. Por\u00e9m, o programa ainda n\u00e3o estar\u00e1 funcionando a plena carga no ano que vem, informou o ministro-chefe da Secretaria de Avia\u00e7\u00e3o Civil (SAC), Wellington Moreira Franco. Com os subs\u00eddios, a expectativa \u00e9 que novas rotas e novas companhias comecem a operar.<\/p>\n<p>O gasto ser\u00e1 menor em 2015 tamb\u00e9m porque o desembolso de incentivos \u00e0 avia\u00e7\u00e3o regional ainda depende de regulamenta\u00e7\u00e3o. Essa, por sua vez, aguarda aprova\u00e7\u00e3o, pelo Congresso, da lei que institui o subs\u00eddio.<\/p>\n<p>Pelo que est\u00e1 proposto, o incentivo ser\u00e1 pago para at\u00e9 50% dos assentos dispon\u00edveis ou 60 passageiros. Falta decidir os crit\u00e9rios e os valores desses subs\u00eddios. A ideia \u00e9 que o incentivo varie conforme o tipo da rota (que tipo de cidade ela liga) e a dist\u00e2ncia.<\/p>\n<p>&#8220;N\u00e3o vamos tabelar os pre\u00e7os&#8221;, adiantou o secret\u00e1rio executivo da Secretaria de Avia\u00e7\u00e3o Civil, Guilherme Ramalho. O governo acredita que o subs\u00eddio far\u00e1 a concorr\u00eancia aumentar e derrubar\u00e1 os pre\u00e7os.<\/p>\n<p>O governo tamb\u00e9m espera iniciar em 2015 o programa de constru\u00e7\u00e3o e reforma dos aeroportos regionais, que pretende p\u00f4r em funcionamento 270 novas bases em todo o pa\u00eds.<\/p>\n<p>Os primeiros projetos de engenharia dever\u00e3o ser entregues ainda este ano, o que permitir\u00e1 contratar a constru\u00e7\u00e3o j\u00e1 na virada do ano. Existe a possibilidade de as obras serem contratadas em lotes, o que dar\u00e1 ganho de escala para as construtoras e, em tese, baixar\u00e1 os pre\u00e7os.<\/p>\n<p>Tamb\u00e9m nesse caso, como as obras ainda levar\u00e3o algum tempo para come\u00e7ar, o or\u00e7amento \u00e9 modesto: R$ 514 milh\u00f5es para 2015. Para dar mais agilidade \u00e0 execu\u00e7\u00e3o do programa, a SAC contratou o Banco do Brasil.<\/p>\n<p>O grosso da arrecada\u00e7\u00e3o do Fnac ser\u00e1 usado para bancar investimentos em aeroportos que n\u00e3o foram concedidos e continuam a ser administrados pela Infraero. Para 2015, a previs\u00e3o \u00e9 de R$ 1,9 bilh\u00e3o.<\/p>\n<p>A estatal esperava ter R$ 2,3 bilh\u00f5es no ano que vem. Tal como outros fundos do governo, o Fnac teve parte de sua arrecada\u00e7\u00e3o destinada \u00e0 reserva de conting\u00eancia. Aproximadamente R$ 1 bilh\u00e3o ficar\u00e1 nessa conta, de onde s\u00f3 poder\u00e1 sair em caso de emerg\u00eancia.<\/p>\n<p style=\"text-align: right;\">Fonte: Exame<br \/>\n03\/09\/2014<\/p>\n","protected":false},"excerpt":{"rendered":"<p>O governo reservou R$ 500 milh\u00f5es para estimular a cria\u00e7\u00e3o de rotas a\u00e9reas fora das capitais do pa\u00eds a partir de 2015. A ideia \u00e9 pagar \u00e0s companhias a\u00e9reas um valor por passageiro transportado, para baratear as passagens. Os recursos vir\u00e3o do Fundo Nacional da Avia\u00e7\u00e3o Civil (Fnac), que \u00e9 alimentado pelas tarifas de embarque [&hellip;]<\/p>\n","protected":false},"author":18,"featured_media":295,"comment_status":"closed","ping_status":"closed","sticky":false,"template":"","format":"standard","meta":{"footnotes":""},"categories":[],"tags":[],"class_list":["post-1446","post","type-post","status-publish","format-standard","has-post-thumbnail","hentry"],"yoast_head":"<!-- This site is optimized with the Yoast SEO plugin v26.5 - https:\/\/yoast.com\/wordpress\/plugins\/seo\/ -->\n<title>Voos regionais ter\u00e3o subs\u00eddio de R$ 500 mi em 2015 - Abesata<\/title>\n<meta name=\"robots\" content=\"index, follow, max-snippet:-1, max-image-preview:large, max-video-preview:-1\" \/>\n<link rel=\"canonical\" href=\"https:\/\/www.abesata.org\/br\/voos-regionais-terao-subsidio-de-r-500-mi-em-2015\/\" \/>\n<meta property=\"og:locale\" content=\"pt_BR\" \/>\n<meta property=\"og:type\" content=\"article\" \/>\n<meta property=\"og:title\" content=\"Voos regionais ter\u00e3o subs\u00eddio de R$ 500 mi em 2015 - Abesata\" \/>\n<meta property=\"og:description\" content=\"O governo reservou R$ 500 milh\u00f5es para estimular a cria\u00e7\u00e3o de rotas a\u00e9reas fora das capitais do pa\u00eds a partir de 2015. A ideia \u00e9 pagar \u00e0s companhias a\u00e9reas um valor por passageiro transportado, para baratear as passagens. Os recursos vir\u00e3o do Fundo Nacional da Avia\u00e7\u00e3o Civil (Fnac), que \u00e9 alimentado pelas tarifas de embarque [&hellip;]\" \/>\n<meta property=\"og:url\" content=\"https:\/\/www.abesata.org\/br\/voos-regionais-terao-subsidio-de-r-500-mi-em-2015\/\" \/>\n<meta property=\"og:site_name\" content=\"Abesata\" \/>\n<meta property=\"article:publisher\" content=\"https:\/\/www.facebook.com\/abesata.org\/\" \/>\n<meta property=\"article:published_time\" content=\"2014-09-04T16:19:31+00:00\" \/>\n<meta property=\"article:modified_time\" content=\"2014-09-15T18:37:03+00:00\" \/>\n<meta property=\"og:image\" content=\"https:\/\/www.abesata.org\/br\/wp-content\/uploads\/2014\/02\/12.png\" \/>\n\t<meta property=\"og:image:width\" content=\"1024\" \/>\n\t<meta property=\"og:image:height\" content=\"336\" \/>\n\t<meta property=\"og:image:type\" content=\"image\/png\" \/>\n<meta name=\"author\" content=\"Ricardo\" \/>\n<meta name=\"twitter:card\" content=\"summary_large_image\" \/>\n<meta name=\"twitter:label1\" content=\"Escrito por\" \/>\n\t<meta name=\"twitter:data1\" content=\"Ricardo\" \/>\n\t<meta name=\"twitter:label2\" content=\"Est. tempo de leitura\" \/>\n\t<meta name=\"twitter:data2\" content=\"2 minutos\" \/>\n<script type=\"application\/ld+json\" class=\"yoast-schema-graph\">{\"@context\":\"https:\/\/schema.org\",\"@graph\":[{\"@type\":\"Article\",\"@id\":\"https:\/\/www.abesata.org\/br\/voos-regionais-terao-subsidio-de-r-500-mi-em-2015\/#article\",\"isPartOf\":{\"@id\":\"https:\/\/www.abesata.org\/br\/voos-regionais-terao-subsidio-de-r-500-mi-em-2015\/\"},\"author\":{\"name\":\"Ricardo\",\"@id\":\"https:\/\/www.abesata.org\/br\/#\/schema\/person\/1f1295145bee68e42ffe39157320456b\"},\"headline\":\"Voos regionais ter\u00e3o subs\u00eddio de R$ 500 mi em 2015\",\"datePublished\":\"2014-09-04T16:19:31+00:00\",\"dateModified\":\"2014-09-15T18:37:03+00:00\",\"mainEntityOfPage\":{\"@id\":\"https:\/\/www.abesata.org\/br\/voos-regionais-terao-subsidio-de-r-500-mi-em-2015\/\"},\"wordCount\":462,\"publisher\":{\"@id\":\"https:\/\/www.abesata.org\/br\/#organization\"},\"image\":{\"@id\":\"https:\/\/www.abesata.org\/br\/voos-regionais-terao-subsidio-de-r-500-mi-em-2015\/#primaryimage\"},\"thumbnailUrl\":\"https:\/\/www.abesata.org\/br\/wp-content\/uploads\/2014\/02\/12.png\",\"inLanguage\":\"pt-BR\"},{\"@type\":\"WebPage\",\"@id\":\"https:\/\/www.abesata.org\/br\/voos-regionais-terao-subsidio-de-r-500-mi-em-2015\/\",\"url\":\"https:\/\/www.abesata.org\/br\/voos-regionais-terao-subsidio-de-r-500-mi-em-2015\/\",\"name\":\"Voos regionais ter\u00e3o subs\u00eddio de R$ 500 mi em 2015 - Abesata\",\"isPartOf\":{\"@id\":\"https:\/\/www.abesata.org\/br\/#website\"},\"primaryImageOfPage\":{\"@id\":\"https:\/\/www.abesata.org\/br\/voos-regionais-terao-subsidio-de-r-500-mi-em-2015\/#primaryimage\"},\"image\":{\"@id\":\"https:\/\/www.abesata.org\/br\/voos-regionais-terao-subsidio-de-r-500-mi-em-2015\/#primaryimage\"},\"thumbnailUrl\":\"https:\/\/www.abesata.org\/br\/wp-content\/uploads\/2014\/02\/12.png\",\"datePublished\":\"2014-09-04T16:19:31+00:00\",\"dateModified\":\"2014-09-15T18:37:03+00:00\",\"breadcrumb\":{\"@id\":\"https:\/\/www.abesata.org\/br\/voos-regionais-terao-subsidio-de-r-500-mi-em-2015\/#breadcrumb\"},\"inLanguage\":\"pt-BR\",\"potentialAction\":[{\"@type\":\"ReadAction\",\"target\":[\"https:\/\/www.abesata.org\/br\/voos-regionais-terao-subsidio-de-r-500-mi-em-2015\/\"]}]},{\"@type\":\"ImageObject\",\"inLanguage\":\"pt-BR\",\"@id\":\"https:\/\/www.abesata.org\/br\/voos-regionais-terao-subsidio-de-r-500-mi-em-2015\/#primaryimage\",\"url\":\"https:\/\/www.abesata.org\/br\/wp-content\/uploads\/2014\/02\/12.png\",\"contentUrl\":\"https:\/\/www.abesata.org\/br\/wp-content\/uploads\/2014\/02\/12.png\",\"width\":1024,\"height\":336},{\"@type\":\"BreadcrumbList\",\"@id\":\"https:\/\/www.abesata.org\/br\/voos-regionais-terao-subsidio-de-r-500-mi-em-2015\/#breadcrumb\",\"itemListElement\":[{\"@type\":\"ListItem\",\"position\":1,\"name\":\"In\u00edcio\",\"item\":\"https:\/\/www.abesata.org\/br\/\"},{\"@type\":\"ListItem\",\"position\":2,\"name\":\"Voos regionais ter\u00e3o subs\u00eddio de R$ 500 mi em 2015\"}]},{\"@type\":\"WebSite\",\"@id\":\"https:\/\/www.abesata.org\/br\/#website\",\"url\":\"https:\/\/www.abesata.org\/br\/\",\"name\":\"Abesata\",\"description\":\"Associa\u00e7\u00e3o Brasileira das Empresas de Servi\u00e7os Auxiliares de Transporte A\u00e9reo\",\"publisher\":{\"@id\":\"https:\/\/www.abesata.org\/br\/#organization\"},\"potentialAction\":[{\"@type\":\"SearchAction\",\"target\":{\"@type\":\"EntryPoint\",\"urlTemplate\":\"https:\/\/www.abesata.org\/br\/?s={search_term_string}\"},\"query-input\":{\"@type\":\"PropertyValueSpecification\",\"valueRequired\":true,\"valueName\":\"search_term_string\"}}],\"inLanguage\":\"pt-BR\"},{\"@type\":\"Organization\",\"@id\":\"https:\/\/www.abesata.org\/br\/#organization\",\"name\":\"Associa\u00e7\u00e3o Brasileira das Empresas de Servi\u00e7os Auxiliares de Transporte A\u00e9reo\",\"alternateName\":\"Abesata\",\"url\":\"https:\/\/www.abesata.org\/br\/\",\"logo\":{\"@type\":\"ImageObject\",\"inLanguage\":\"pt-BR\",\"@id\":\"https:\/\/www.abesata.org\/br\/#\/schema\/logo\/image\/\",\"url\":\"https:\/\/www.abesata.org\/br\/wp-content\/uploads\/2023\/10\/Abesata.png\",\"contentUrl\":\"https:\/\/www.abesata.org\/br\/wp-content\/uploads\/2023\/10\/Abesata.png\",\"width\":1063,\"height\":591,\"caption\":\"Associa\u00e7\u00e3o Brasileira das Empresas de Servi\u00e7os Auxiliares de Transporte A\u00e9reo\"},\"image\":{\"@id\":\"https:\/\/www.abesata.org\/br\/#\/schema\/logo\/image\/\"},\"sameAs\":[\"https:\/\/www.facebook.com\/abesata.org\/\",\"https:\/\/www.instagram.com\/abesata_gh\/\",\"https:\/\/br.linkedin.com\/company\/abesata\"]},{\"@type\":\"Person\",\"@id\":\"https:\/\/www.abesata.org\/br\/#\/schema\/person\/1f1295145bee68e42ffe39157320456b\",\"name\":\"Ricardo\",\"image\":{\"@type\":\"ImageObject\",\"inLanguage\":\"pt-BR\",\"@id\":\"https:\/\/www.abesata.org\/br\/#\/schema\/person\/image\/\",\"url\":\"https:\/\/secure.gravatar.com\/avatar\/1d856797eb89513dee321f840c1a6bbcec15beb178c003e50adcf59323b3a8a9?s=96&d=mm&r=g\",\"contentUrl\":\"https:\/\/secure.gravatar.com\/avatar\/1d856797eb89513dee321f840c1a6bbcec15beb178c003e50adcf59323b3a8a9?s=96&d=mm&r=g\",\"caption\":\"Ricardo\"},\"url\":\"https:\/\/www.abesata.org\/br\/author\/ricardo-baroni\/\"}]}<\/script>\n<!-- \/ Yoast SEO plugin. -->","yoast_head_json":{"title":"Voos regionais ter\u00e3o subs\u00eddio de R$ 500 mi em 2015 - Abesata","robots":{"index":"index","follow":"follow","max-snippet":"max-snippet:-1","max-image-preview":"max-image-preview:large","max-video-preview":"max-video-preview:-1"},"canonical":"https:\/\/www.abesata.org\/br\/voos-regionais-terao-subsidio-de-r-500-mi-em-2015\/","og_locale":"pt_BR","og_type":"article","og_title":"Voos regionais ter\u00e3o subs\u00eddio de R$ 500 mi em 2015 - Abesata","og_description":"O governo reservou R$ 500 milh\u00f5es para estimular a cria\u00e7\u00e3o de rotas a\u00e9reas fora das capitais do pa\u00eds a partir de 2015. A ideia \u00e9 pagar \u00e0s companhias a\u00e9reas um valor por passageiro transportado, para baratear as passagens. Os recursos vir\u00e3o do Fundo Nacional da Avia\u00e7\u00e3o Civil (Fnac), que \u00e9 alimentado pelas tarifas de embarque [&hellip;]","og_url":"https:\/\/www.abesata.org\/br\/voos-regionais-terao-subsidio-de-r-500-mi-em-2015\/","og_site_name":"Abesata","article_publisher":"https:\/\/www.facebook.com\/abesata.org\/","article_published_time":"2014-09-04T16:19:31+00:00","article_modified_time":"2014-09-15T18:37:03+00:00","og_image":[{"width":1024,"height":336,"url":"https:\/\/www.abesata.org\/br\/wp-content\/uploads\/2014\/02\/12.png","type":"image\/png"}],"author":"Ricardo","twitter_card":"summary_large_image","twitter_misc":{"Escrito por":"Ricardo","Est. tempo de leitura":"2 minutos"},"schema":{"@context":"https:\/\/schema.org","@graph":[{"@type":"Article","@id":"https:\/\/www.abesata.org\/br\/voos-regionais-terao-subsidio-de-r-500-mi-em-2015\/#article","isPartOf":{"@id":"https:\/\/www.abesata.org\/br\/voos-regionais-terao-subsidio-de-r-500-mi-em-2015\/"},"author":{"name":"Ricardo","@id":"https:\/\/www.abesata.org\/br\/#\/schema\/person\/1f1295145bee68e42ffe39157320456b"},"headline":"Voos regionais ter\u00e3o subs\u00eddio de R$ 500 mi em 2015","datePublished":"2014-09-04T16:19:31+00:00","dateModified":"2014-09-15T18:37:03+00:00","mainEntityOfPage":{"@id":"https:\/\/www.abesata.org\/br\/voos-regionais-terao-subsidio-de-r-500-mi-em-2015\/"},"wordCount":462,"publisher":{"@id":"https:\/\/www.abesata.org\/br\/#organization"},"image":{"@id":"https:\/\/www.abesata.org\/br\/voos-regionais-terao-subsidio-de-r-500-mi-em-2015\/#primaryimage"},"thumbnailUrl":"https:\/\/www.abesata.org\/br\/wp-content\/uploads\/2014\/02\/12.png","inLanguage":"pt-BR"},{"@type":"WebPage","@id":"https:\/\/www.abesata.org\/br\/voos-regionais-terao-subsidio-de-r-500-mi-em-2015\/","url":"https:\/\/www.abesata.org\/br\/voos-regionais-terao-subsidio-de-r-500-mi-em-2015\/","name":"Voos regionais ter\u00e3o subs\u00eddio de R$ 500 mi em 2015 - Abesata","isPartOf":{"@id":"https:\/\/www.abesata.org\/br\/#website"},"primaryImageOfPage":{"@id":"https:\/\/www.abesata.org\/br\/voos-regionais-terao-subsidio-de-r-500-mi-em-2015\/#primaryimage"},"image":{"@id":"https:\/\/www.abesata.org\/br\/voos-regionais-terao-subsidio-de-r-500-mi-em-2015\/#primaryimage"},"thumbnailUrl":"https:\/\/www.abesata.org\/br\/wp-content\/uploads\/2014\/02\/12.png","datePublished":"2014-09-04T16:19:31+00:00","dateModified":"2014-09-15T18:37:03+00:00","breadcrumb":{"@id":"https:\/\/www.abesata.org\/br\/voos-regionais-terao-subsidio-de-r-500-mi-em-2015\/#breadcrumb"},"inLanguage":"pt-BR","potentialAction":[{"@type":"ReadAction","target":["https:\/\/www.abesata.org\/br\/voos-regionais-terao-subsidio-de-r-500-mi-em-2015\/"]}]},{"@type":"ImageObject","inLanguage":"pt-BR","@id":"https:\/\/www.abesata.org\/br\/voos-regionais-terao-subsidio-de-r-500-mi-em-2015\/#primaryimage","url":"https:\/\/www.abesata.org\/br\/wp-content\/uploads\/2014\/02\/12.png","contentUrl":"https:\/\/www.abesata.org\/br\/wp-content\/uploads\/2014\/02\/12.png","width":1024,"height":336},{"@type":"BreadcrumbList","@id":"https:\/\/www.abesata.org\/br\/voos-regionais-terao-subsidio-de-r-500-mi-em-2015\/#breadcrumb","itemListElement":[{"@type":"ListItem","position":1,"name":"In\u00edcio","item":"https:\/\/www.abesata.org\/br\/"},{"@type":"ListItem","position":2,"name":"Voos regionais ter\u00e3o subs\u00eddio de R$ 500 mi em 2015"}]},{"@type":"WebSite","@id":"https:\/\/www.abesata.org\/br\/#website","url":"https:\/\/www.abesata.org\/br\/","name":"Abesata","description":"Associa\u00e7\u00e3o Brasileira das Empresas de Servi\u00e7os Auxiliares de Transporte A\u00e9reo","publisher":{"@id":"https:\/\/www.abesata.org\/br\/#organization"},"potentialAction":[{"@type":"SearchAction","target":{"@type":"EntryPoint","urlTemplate":"https:\/\/www.abesata.org\/br\/?s={search_term_string}"},"query-input":{"@type":"PropertyValueSpecification","valueRequired":true,"valueName":"search_term_string"}}],"inLanguage":"pt-BR"},{"@type":"Organization","@id":"https:\/\/www.abesata.org\/br\/#organization","name":"Associa\u00e7\u00e3o Brasileira das Empresas de Servi\u00e7os Auxiliares de Transporte A\u00e9reo","alternateName":"Abesata","url":"https:\/\/www.abesata.org\/br\/","logo":{"@type":"ImageObject","inLanguage":"pt-BR","@id":"https:\/\/www.abesata.org\/br\/#\/schema\/logo\/image\/","url":"https:\/\/www.abesata.org\/br\/wp-content\/uploads\/2023\/10\/Abesata.png","contentUrl":"https:\/\/www.abesata.org\/br\/wp-content\/uploads\/2023\/10\/Abesata.png","width":1063,"height":591,"caption":"Associa\u00e7\u00e3o Brasileira das Empresas de Servi\u00e7os Auxiliares de Transporte A\u00e9reo"},"image":{"@id":"https:\/\/www.abesata.org\/br\/#\/schema\/logo\/image\/"},"sameAs":["https:\/\/www.facebook.com\/abesata.org\/","https:\/\/www.instagram.com\/abesata_gh\/","https:\/\/br.linkedin.com\/company\/abesata"]},{"@type":"Person","@id":"https:\/\/www.abesata.org\/br\/#\/schema\/person\/1f1295145bee68e42ffe39157320456b","name":"Ricardo","image":{"@type":"ImageObject","inLanguage":"pt-BR","@id":"https:\/\/www.abesata.org\/br\/#\/schema\/person\/image\/","url":"https:\/\/secure.gravatar.com\/avatar\/1d856797eb89513dee321f840c1a6bbcec15beb178c003e50adcf59323b3a8a9?s=96&d=mm&r=g","contentUrl":"https:\/\/secure.gravatar.com\/avatar\/1d856797eb89513dee321f840c1a6bbcec15beb178c003e50adcf59323b3a8a9?s=96&d=mm&r=g","caption":"Ricardo"},"url":"https:\/\/www.abesata.org\/br\/author\/ricardo-baroni\/"}]}},"_links":{"self":[{"href":"https:\/\/www.abesata.org\/br\/wp-json\/wp\/v2\/posts\/1446","targetHints":{"allow":["GET"]}}],"collection":[{"href":"https:\/\/www.abesata.org\/br\/wp-json\/wp\/v2\/posts"}],"about":[{"href":"https:\/\/www.abesata.org\/br\/wp-json\/wp\/v2\/types\/post"}],"author":[{"embeddable":true,"href":"https:\/\/www.abesata.org\/br\/wp-json\/wp\/v2\/users\/18"}],"replies":[{"embeddable":true,"href":"https:\/\/www.abesata.org\/br\/wp-json\/wp\/v2\/comments?post=1446"}],"version-history":[{"count":0,"href":"https:\/\/www.abesata.org\/br\/wp-json\/wp\/v2\/posts\/1446\/revisions"}],"wp:featuredmedia":[{"embeddable":true,"href":"https:\/\/www.abesata.org\/br\/wp-json\/wp\/v2\/media\/295"}],"wp:attachment":[{"href":"https:\/\/www.abesata.org\/br\/wp-json\/wp\/v2\/media?parent=1446"}],"wp:term":[{"taxonomy":"category","embeddable":true,"href":"https:\/\/www.abesata.org\/br\/wp-json\/wp\/v2\/categories?post=1446"},{"taxonomy":"post_tag","embeddable":true,"href":"https:\/\/www.abesata.org\/br\/wp-json\/wp\/v2\/tags?post=1446"}],"curies":[{"name":"wp","href":"https:\/\/api.w.org\/{rel}","templated":true}]}}