{"id":1456,"date":"2014-09-08T11:31:05","date_gmt":"2014-09-08T14:31:05","guid":{"rendered":"http:\/\/www.abesata.org\/?p=1456"},"modified":"2014-09-08T11:31:05","modified_gmt":"2014-09-08T14:31:05","slug":"infraero-e-tcu-buscam-acordo-sobre-custos-de-aeroportos","status":"publish","type":"post","link":"https:\/\/www.abesata.org\/br\/infraero-e-tcu-buscam-acordo-sobre-custos-de-aeroportos\/","title":{"rendered":"Infraero e TCU buscam acordo sobre custos de aeroportos"},"content":{"rendered":"<p>A Infraero e o Tribunal de Contas da Uni\u00e3o (TCU) podem estar pr\u00f3ximos de uma solu\u00e7\u00e3o que ajude a atenuar os desentendimentos em torno dos custos das obras de aeroportos.<\/p>\n<p>A Caixa Econ\u00f4mica Federal acabou de concluir uma tabela de pre\u00e7os unit\u00e1rios voltada exclusivamente para as necessidades aeroportu\u00e1rias.<\/p>\n<p>O Sistema Nacional de Pesquisa de Custos e \u00cdndices da Constru\u00e7\u00e3o Civil (Sinapi) voltado para os aeroportos era aguardado h\u00e1 anos pela Infraero.<\/p>\n<p>Por meio de nota, a Caixa informou que &#8220;a etapa de aferi\u00e7\u00e3o das composi\u00e7\u00f5es e elabora\u00e7\u00e3o dos cadernos de encargos baseados em pesquisa de campo (coleta de dados em diversos aeroportos do Brasil), estudo bibliogr\u00e1fico e pesquisa de manuais t\u00e9cnicos, j\u00e1 foi conclu\u00edda&#8221;.<\/p>\n<p>O resultado do Sinapi Aeroportu\u00e1rio foi apresentado no m\u00eas passado \u00e0 Infraero e ao TCU. &#8220;Essas composi\u00e7\u00f5es aferidas j\u00e1 podem ser utilizadas no processo de elabora\u00e7\u00e3o de or\u00e7amentos de novas obras que vierem a ser licitadas. A pr\u00f3xima etapa consiste na publica\u00e7\u00e3o (pela Infraero) das refer\u00eancias aferidas em processo de consulta p\u00fablica e valida\u00e7\u00e3o do trabalho&#8221;, informou a Caixa.<\/p>\n<p><strong>Problemas<\/strong><\/p>\n<p>Em tom de desabafo, o presidente da Infraero, Gustavo do Vale, reconheceu as dificuldades que a estatal federal tem enfrentado na execu\u00e7\u00e3o de obras nos 61 aeroportos que administra em todo o pa\u00eds.<\/p>\n<p>Ent\u00e3o, s\u00f3 tem problema&#8221;, comentou. &#8220;A rigor, n\u00f3s temos problemas em todas as grandes obras que tocamos. J\u00e1 rescindimos o contrato no aeroporto de Fortaleza (CE), rescindimos em Maca\u00e9 (RJ) e contratamos de novo. Estamos em um processo muito complicado com a empreiteira no aeroporto de Florian\u00f3polis (SC). S\u00f3 agora estamos conseguindo retomar as obras de Porto Alegre (RS) e Gale\u00e3o, no Rio.&#8221;<\/p>\n<p>A maior parte dos conflitos, segundo Vale, est\u00e1 atrelada \u00e0s diverg\u00eancias de avalia\u00e7\u00e3o das obras com o TCU.<\/p>\n<p>At\u00e9 hoje, afirma Vale, as an\u00e1lises do tribunal se baseavam nos pre\u00e7os inclu\u00eddos no Sistema de Custos Referenciais de Obras (Sicro) e no Sinapi tradicional, que s\u00e3o administrados pelo Departamento Nacional de Infraestrutura de Transportes (Dnit) e pela Caixa, respectivamente.<\/p>\n<p style=\"text-align: right;\">Fonte: EXAME<br \/>\n03\/09\/2014<br \/>\nFoto: Exame.com<\/p>\n","protected":false},"excerpt":{"rendered":"<p>A Infraero e o Tribunal de Contas da Uni\u00e3o (TCU) podem estar pr\u00f3ximos de uma solu\u00e7\u00e3o que ajude a atenuar os desentendimentos em torno dos custos das obras de aeroportos. A Caixa Econ\u00f4mica Federal acabou de concluir uma tabela de pre\u00e7os unit\u00e1rios voltada exclusivamente para as necessidades aeroportu\u00e1rias. O Sistema Nacional de Pesquisa de Custos [&hellip;]<\/p>\n","protected":false},"author":18,"featured_media":1457,"comment_status":"closed","ping_status":"closed","sticky":false,"template":"","format":"standard","meta":{"footnotes":""},"categories":[],"tags":[],"class_list":["post-1456","post","type-post","status-publish","format-standard","has-post-thumbnail","hentry"],"yoast_head":"<!-- This site is optimized with the Yoast SEO plugin v26.5 - https:\/\/yoast.com\/wordpress\/plugins\/seo\/ -->\n<title>Infraero e TCU buscam acordo sobre custos de aeroportos - Abesata<\/title>\n<meta name=\"robots\" content=\"index, follow, max-snippet:-1, max-image-preview:large, max-video-preview:-1\" \/>\n<link rel=\"canonical\" href=\"https:\/\/www.abesata.org\/br\/infraero-e-tcu-buscam-acordo-sobre-custos-de-aeroportos\/\" \/>\n<meta property=\"og:locale\" content=\"pt_BR\" \/>\n<meta property=\"og:type\" content=\"article\" \/>\n<meta property=\"og:title\" content=\"Infraero e TCU buscam acordo sobre custos de aeroportos - Abesata\" \/>\n<meta property=\"og:description\" content=\"A Infraero e o Tribunal de Contas da Uni\u00e3o (TCU) podem estar pr\u00f3ximos de uma solu\u00e7\u00e3o que ajude a atenuar os desentendimentos em torno dos custos das obras de aeroportos. A Caixa Econ\u00f4mica Federal acabou de concluir uma tabela de pre\u00e7os unit\u00e1rios voltada exclusivamente para as necessidades aeroportu\u00e1rias. O Sistema Nacional de Pesquisa de Custos [&hellip;]\" \/>\n<meta property=\"og:url\" content=\"https:\/\/www.abesata.org\/br\/infraero-e-tcu-buscam-acordo-sobre-custos-de-aeroportos\/\" \/>\n<meta property=\"og:site_name\" content=\"Abesata\" \/>\n<meta property=\"article:publisher\" content=\"https:\/\/www.facebook.com\/abesata.org\/\" \/>\n<meta property=\"article:published_time\" content=\"2014-09-08T14:31:05+00:00\" \/>\n<meta property=\"og:image\" content=\"https:\/\/www.abesata.org\/br\/wp-content\/uploads\/2014\/09\/11.png\" \/>\n\t<meta property=\"og:image:width\" content=\"1706\" \/>\n\t<meta property=\"og:image:height\" content=\"560\" \/>\n\t<meta property=\"og:image:type\" content=\"image\/png\" \/>\n<meta name=\"author\" content=\"Ricardo\" \/>\n<meta name=\"twitter:card\" content=\"summary_large_image\" \/>\n<meta name=\"twitter:label1\" content=\"Escrito por\" \/>\n\t<meta name=\"twitter:data1\" content=\"Ricardo\" \/>\n\t<meta name=\"twitter:label2\" content=\"Est. tempo de leitura\" \/>\n\t<meta name=\"twitter:data2\" content=\"2 minutos\" \/>\n<script type=\"application\/ld+json\" class=\"yoast-schema-graph\">{\"@context\":\"https:\/\/schema.org\",\"@graph\":[{\"@type\":\"Article\",\"@id\":\"https:\/\/www.abesata.org\/br\/infraero-e-tcu-buscam-acordo-sobre-custos-de-aeroportos\/#article\",\"isPartOf\":{\"@id\":\"https:\/\/www.abesata.org\/br\/infraero-e-tcu-buscam-acordo-sobre-custos-de-aeroportos\/\"},\"author\":{\"name\":\"Ricardo\",\"@id\":\"https:\/\/www.abesata.org\/br\/#\/schema\/person\/1f1295145bee68e42ffe39157320456b\"},\"headline\":\"Infraero e TCU buscam acordo sobre custos de aeroportos\",\"datePublished\":\"2014-09-08T14:31:05+00:00\",\"mainEntityOfPage\":{\"@id\":\"https:\/\/www.abesata.org\/br\/infraero-e-tcu-buscam-acordo-sobre-custos-de-aeroportos\/\"},\"wordCount\":376,\"publisher\":{\"@id\":\"https:\/\/www.abesata.org\/br\/#organization\"},\"image\":{\"@id\":\"https:\/\/www.abesata.org\/br\/infraero-e-tcu-buscam-acordo-sobre-custos-de-aeroportos\/#primaryimage\"},\"thumbnailUrl\":\"https:\/\/www.abesata.org\/br\/wp-content\/uploads\/2014\/09\/11.png\",\"inLanguage\":\"pt-BR\"},{\"@type\":\"WebPage\",\"@id\":\"https:\/\/www.abesata.org\/br\/infraero-e-tcu-buscam-acordo-sobre-custos-de-aeroportos\/\",\"url\":\"https:\/\/www.abesata.org\/br\/infraero-e-tcu-buscam-acordo-sobre-custos-de-aeroportos\/\",\"name\":\"Infraero e TCU buscam acordo sobre custos de aeroportos - Abesata\",\"isPartOf\":{\"@id\":\"https:\/\/www.abesata.org\/br\/#website\"},\"primaryImageOfPage\":{\"@id\":\"https:\/\/www.abesata.org\/br\/infraero-e-tcu-buscam-acordo-sobre-custos-de-aeroportos\/#primaryimage\"},\"image\":{\"@id\":\"https:\/\/www.abesata.org\/br\/infraero-e-tcu-buscam-acordo-sobre-custos-de-aeroportos\/#primaryimage\"},\"thumbnailUrl\":\"https:\/\/www.abesata.org\/br\/wp-content\/uploads\/2014\/09\/11.png\",\"datePublished\":\"2014-09-08T14:31:05+00:00\",\"breadcrumb\":{\"@id\":\"https:\/\/www.abesata.org\/br\/infraero-e-tcu-buscam-acordo-sobre-custos-de-aeroportos\/#breadcrumb\"},\"inLanguage\":\"pt-BR\",\"potentialAction\":[{\"@type\":\"ReadAction\",\"target\":[\"https:\/\/www.abesata.org\/br\/infraero-e-tcu-buscam-acordo-sobre-custos-de-aeroportos\/\"]}]},{\"@type\":\"ImageObject\",\"inLanguage\":\"pt-BR\",\"@id\":\"https:\/\/www.abesata.org\/br\/infraero-e-tcu-buscam-acordo-sobre-custos-de-aeroportos\/#primaryimage\",\"url\":\"https:\/\/www.abesata.org\/br\/wp-content\/uploads\/2014\/09\/11.png\",\"contentUrl\":\"https:\/\/www.abesata.org\/br\/wp-content\/uploads\/2014\/09\/11.png\",\"width\":1706,\"height\":560},{\"@type\":\"BreadcrumbList\",\"@id\":\"https:\/\/www.abesata.org\/br\/infraero-e-tcu-buscam-acordo-sobre-custos-de-aeroportos\/#breadcrumb\",\"itemListElement\":[{\"@type\":\"ListItem\",\"position\":1,\"name\":\"In\u00edcio\",\"item\":\"https:\/\/www.abesata.org\/br\/\"},{\"@type\":\"ListItem\",\"position\":2,\"name\":\"Infraero e TCU buscam acordo sobre custos de aeroportos\"}]},{\"@type\":\"WebSite\",\"@id\":\"https:\/\/www.abesata.org\/br\/#website\",\"url\":\"https:\/\/www.abesata.org\/br\/\",\"name\":\"Abesata\",\"description\":\"Associa\u00e7\u00e3o Brasileira das Empresas de Servi\u00e7os Auxiliares de Transporte A\u00e9reo\",\"publisher\":{\"@id\":\"https:\/\/www.abesata.org\/br\/#organization\"},\"potentialAction\":[{\"@type\":\"SearchAction\",\"target\":{\"@type\":\"EntryPoint\",\"urlTemplate\":\"https:\/\/www.abesata.org\/br\/?s={search_term_string}\"},\"query-input\":{\"@type\":\"PropertyValueSpecification\",\"valueRequired\":true,\"valueName\":\"search_term_string\"}}],\"inLanguage\":\"pt-BR\"},{\"@type\":\"Organization\",\"@id\":\"https:\/\/www.abesata.org\/br\/#organization\",\"name\":\"Associa\u00e7\u00e3o Brasileira das Empresas de Servi\u00e7os Auxiliares de Transporte A\u00e9reo\",\"alternateName\":\"Abesata\",\"url\":\"https:\/\/www.abesata.org\/br\/\",\"logo\":{\"@type\":\"ImageObject\",\"inLanguage\":\"pt-BR\",\"@id\":\"https:\/\/www.abesata.org\/br\/#\/schema\/logo\/image\/\",\"url\":\"https:\/\/www.abesata.org\/br\/wp-content\/uploads\/2023\/10\/Abesata.png\",\"contentUrl\":\"https:\/\/www.abesata.org\/br\/wp-content\/uploads\/2023\/10\/Abesata.png\",\"width\":1063,\"height\":591,\"caption\":\"Associa\u00e7\u00e3o Brasileira das Empresas de Servi\u00e7os Auxiliares de Transporte A\u00e9reo\"},\"image\":{\"@id\":\"https:\/\/www.abesata.org\/br\/#\/schema\/logo\/image\/\"},\"sameAs\":[\"https:\/\/www.facebook.com\/abesata.org\/\",\"https:\/\/www.instagram.com\/abesata_gh\/\",\"https:\/\/br.linkedin.com\/company\/abesata\"]},{\"@type\":\"Person\",\"@id\":\"https:\/\/www.abesata.org\/br\/#\/schema\/person\/1f1295145bee68e42ffe39157320456b\",\"name\":\"Ricardo\",\"image\":{\"@type\":\"ImageObject\",\"inLanguage\":\"pt-BR\",\"@id\":\"https:\/\/www.abesata.org\/br\/#\/schema\/person\/image\/\",\"url\":\"https:\/\/secure.gravatar.com\/avatar\/1d856797eb89513dee321f840c1a6bbcec15beb178c003e50adcf59323b3a8a9?s=96&d=mm&r=g\",\"contentUrl\":\"https:\/\/secure.gravatar.com\/avatar\/1d856797eb89513dee321f840c1a6bbcec15beb178c003e50adcf59323b3a8a9?s=96&d=mm&r=g\",\"caption\":\"Ricardo\"},\"url\":\"https:\/\/www.abesata.org\/br\/author\/ricardo-baroni\/\"}]}<\/script>\n<!-- \/ Yoast SEO plugin. -->","yoast_head_json":{"title":"Infraero e TCU buscam acordo sobre custos de aeroportos - Abesata","robots":{"index":"index","follow":"follow","max-snippet":"max-snippet:-1","max-image-preview":"max-image-preview:large","max-video-preview":"max-video-preview:-1"},"canonical":"https:\/\/www.abesata.org\/br\/infraero-e-tcu-buscam-acordo-sobre-custos-de-aeroportos\/","og_locale":"pt_BR","og_type":"article","og_title":"Infraero e TCU buscam acordo sobre custos de aeroportos - Abesata","og_description":"A Infraero e o Tribunal de Contas da Uni\u00e3o (TCU) podem estar pr\u00f3ximos de uma solu\u00e7\u00e3o que ajude a atenuar os desentendimentos em torno dos custos das obras de aeroportos. A Caixa Econ\u00f4mica Federal acabou de concluir uma tabela de pre\u00e7os unit\u00e1rios voltada exclusivamente para as necessidades aeroportu\u00e1rias. O Sistema Nacional de Pesquisa de Custos [&hellip;]","og_url":"https:\/\/www.abesata.org\/br\/infraero-e-tcu-buscam-acordo-sobre-custos-de-aeroportos\/","og_site_name":"Abesata","article_publisher":"https:\/\/www.facebook.com\/abesata.org\/","article_published_time":"2014-09-08T14:31:05+00:00","og_image":[{"width":1706,"height":560,"url":"https:\/\/www.abesata.org\/br\/wp-content\/uploads\/2014\/09\/11.png","type":"image\/png"}],"author":"Ricardo","twitter_card":"summary_large_image","twitter_misc":{"Escrito por":"Ricardo","Est. tempo de leitura":"2 minutos"},"schema":{"@context":"https:\/\/schema.org","@graph":[{"@type":"Article","@id":"https:\/\/www.abesata.org\/br\/infraero-e-tcu-buscam-acordo-sobre-custos-de-aeroportos\/#article","isPartOf":{"@id":"https:\/\/www.abesata.org\/br\/infraero-e-tcu-buscam-acordo-sobre-custos-de-aeroportos\/"},"author":{"name":"Ricardo","@id":"https:\/\/www.abesata.org\/br\/#\/schema\/person\/1f1295145bee68e42ffe39157320456b"},"headline":"Infraero e TCU buscam acordo sobre custos de aeroportos","datePublished":"2014-09-08T14:31:05+00:00","mainEntityOfPage":{"@id":"https:\/\/www.abesata.org\/br\/infraero-e-tcu-buscam-acordo-sobre-custos-de-aeroportos\/"},"wordCount":376,"publisher":{"@id":"https:\/\/www.abesata.org\/br\/#organization"},"image":{"@id":"https:\/\/www.abesata.org\/br\/infraero-e-tcu-buscam-acordo-sobre-custos-de-aeroportos\/#primaryimage"},"thumbnailUrl":"https:\/\/www.abesata.org\/br\/wp-content\/uploads\/2014\/09\/11.png","inLanguage":"pt-BR"},{"@type":"WebPage","@id":"https:\/\/www.abesata.org\/br\/infraero-e-tcu-buscam-acordo-sobre-custos-de-aeroportos\/","url":"https:\/\/www.abesata.org\/br\/infraero-e-tcu-buscam-acordo-sobre-custos-de-aeroportos\/","name":"Infraero e TCU buscam acordo sobre custos de aeroportos - Abesata","isPartOf":{"@id":"https:\/\/www.abesata.org\/br\/#website"},"primaryImageOfPage":{"@id":"https:\/\/www.abesata.org\/br\/infraero-e-tcu-buscam-acordo-sobre-custos-de-aeroportos\/#primaryimage"},"image":{"@id":"https:\/\/www.abesata.org\/br\/infraero-e-tcu-buscam-acordo-sobre-custos-de-aeroportos\/#primaryimage"},"thumbnailUrl":"https:\/\/www.abesata.org\/br\/wp-content\/uploads\/2014\/09\/11.png","datePublished":"2014-09-08T14:31:05+00:00","breadcrumb":{"@id":"https:\/\/www.abesata.org\/br\/infraero-e-tcu-buscam-acordo-sobre-custos-de-aeroportos\/#breadcrumb"},"inLanguage":"pt-BR","potentialAction":[{"@type":"ReadAction","target":["https:\/\/www.abesata.org\/br\/infraero-e-tcu-buscam-acordo-sobre-custos-de-aeroportos\/"]}]},{"@type":"ImageObject","inLanguage":"pt-BR","@id":"https:\/\/www.abesata.org\/br\/infraero-e-tcu-buscam-acordo-sobre-custos-de-aeroportos\/#primaryimage","url":"https:\/\/www.abesata.org\/br\/wp-content\/uploads\/2014\/09\/11.png","contentUrl":"https:\/\/www.abesata.org\/br\/wp-content\/uploads\/2014\/09\/11.png","width":1706,"height":560},{"@type":"BreadcrumbList","@id":"https:\/\/www.abesata.org\/br\/infraero-e-tcu-buscam-acordo-sobre-custos-de-aeroportos\/#breadcrumb","itemListElement":[{"@type":"ListItem","position":1,"name":"In\u00edcio","item":"https:\/\/www.abesata.org\/br\/"},{"@type":"ListItem","position":2,"name":"Infraero e TCU buscam acordo sobre custos de aeroportos"}]},{"@type":"WebSite","@id":"https:\/\/www.abesata.org\/br\/#website","url":"https:\/\/www.abesata.org\/br\/","name":"Abesata","description":"Associa\u00e7\u00e3o Brasileira das Empresas de Servi\u00e7os Auxiliares de Transporte A\u00e9reo","publisher":{"@id":"https:\/\/www.abesata.org\/br\/#organization"},"potentialAction":[{"@type":"SearchAction","target":{"@type":"EntryPoint","urlTemplate":"https:\/\/www.abesata.org\/br\/?s={search_term_string}"},"query-input":{"@type":"PropertyValueSpecification","valueRequired":true,"valueName":"search_term_string"}}],"inLanguage":"pt-BR"},{"@type":"Organization","@id":"https:\/\/www.abesata.org\/br\/#organization","name":"Associa\u00e7\u00e3o Brasileira das Empresas de Servi\u00e7os Auxiliares de Transporte A\u00e9reo","alternateName":"Abesata","url":"https:\/\/www.abesata.org\/br\/","logo":{"@type":"ImageObject","inLanguage":"pt-BR","@id":"https:\/\/www.abesata.org\/br\/#\/schema\/logo\/image\/","url":"https:\/\/www.abesata.org\/br\/wp-content\/uploads\/2023\/10\/Abesata.png","contentUrl":"https:\/\/www.abesata.org\/br\/wp-content\/uploads\/2023\/10\/Abesata.png","width":1063,"height":591,"caption":"Associa\u00e7\u00e3o Brasileira das Empresas de Servi\u00e7os Auxiliares de Transporte A\u00e9reo"},"image":{"@id":"https:\/\/www.abesata.org\/br\/#\/schema\/logo\/image\/"},"sameAs":["https:\/\/www.facebook.com\/abesata.org\/","https:\/\/www.instagram.com\/abesata_gh\/","https:\/\/br.linkedin.com\/company\/abesata"]},{"@type":"Person","@id":"https:\/\/www.abesata.org\/br\/#\/schema\/person\/1f1295145bee68e42ffe39157320456b","name":"Ricardo","image":{"@type":"ImageObject","inLanguage":"pt-BR","@id":"https:\/\/www.abesata.org\/br\/#\/schema\/person\/image\/","url":"https:\/\/secure.gravatar.com\/avatar\/1d856797eb89513dee321f840c1a6bbcec15beb178c003e50adcf59323b3a8a9?s=96&d=mm&r=g","contentUrl":"https:\/\/secure.gravatar.com\/avatar\/1d856797eb89513dee321f840c1a6bbcec15beb178c003e50adcf59323b3a8a9?s=96&d=mm&r=g","caption":"Ricardo"},"url":"https:\/\/www.abesata.org\/br\/author\/ricardo-baroni\/"}]}},"_links":{"self":[{"href":"https:\/\/www.abesata.org\/br\/wp-json\/wp\/v2\/posts\/1456","targetHints":{"allow":["GET"]}}],"collection":[{"href":"https:\/\/www.abesata.org\/br\/wp-json\/wp\/v2\/posts"}],"about":[{"href":"https:\/\/www.abesata.org\/br\/wp-json\/wp\/v2\/types\/post"}],"author":[{"embeddable":true,"href":"https:\/\/www.abesata.org\/br\/wp-json\/wp\/v2\/users\/18"}],"replies":[{"embeddable":true,"href":"https:\/\/www.abesata.org\/br\/wp-json\/wp\/v2\/comments?post=1456"}],"version-history":[{"count":0,"href":"https:\/\/www.abesata.org\/br\/wp-json\/wp\/v2\/posts\/1456\/revisions"}],"wp:featuredmedia":[{"embeddable":true,"href":"https:\/\/www.abesata.org\/br\/wp-json\/wp\/v2\/media\/1457"}],"wp:attachment":[{"href":"https:\/\/www.abesata.org\/br\/wp-json\/wp\/v2\/media?parent=1456"}],"wp:term":[{"taxonomy":"category","embeddable":true,"href":"https:\/\/www.abesata.org\/br\/wp-json\/wp\/v2\/categories?post=1456"},{"taxonomy":"post_tag","embeddable":true,"href":"https:\/\/www.abesata.org\/br\/wp-json\/wp\/v2\/tags?post=1456"}],"curies":[{"name":"wp","href":"https:\/\/api.w.org\/{rel}","templated":true}]}}