{"id":1485,"date":"2014-09-10T15:47:16","date_gmt":"2014-09-10T18:47:16","guid":{"rendered":"http:\/\/www.abesata.org\/?p=1485"},"modified":"2014-09-10T15:47:16","modified_gmt":"2014-09-10T18:47:16","slug":"aviacao-cresce-na-america-do-sul-mas-integracao-e-baixa","status":"publish","type":"post","link":"https:\/\/www.abesata.org\/br\/aviacao-cresce-na-america-do-sul-mas-integracao-e-baixa\/","title":{"rendered":"Avia\u00e7\u00e3o cresce na Am\u00e9rica do Sul, mas integra\u00e7\u00e3o \u00e9 baixa"},"content":{"rendered":"<p>A Am\u00e9rica do Sul \u00e9 uma das regi\u00f5es do planeta com maior crescimento no transporte a\u00e9reo esperado para os pr\u00f3ximos 20 anos. No entanto, o continente \u00e9 pouco conectado, com oferta de assentos concentrada em apenas quatro empresas e poucos voos regulares fora das capitais. As conclus\u00f5es s\u00e3o de um estudo do BID (Banco Interamericano de Desenvolvimento) apresentado nesta quarta-feira durante reuni\u00e3o do Cosiplan, o Conselho de Infraestrutura e Planejamento da Unasul (Uni\u00e3o de Na\u00e7\u00f5es Sul-Americanas), no Rio de Janeiro.<\/p>\n<p>O encontro, que vai at\u00e9 quinta-feira e reunir\u00e1 representantes de todos os pa\u00edses sul-americanos, visa aprofundar as discuss\u00f5es sobre a situa\u00e7\u00e3o da avia\u00e7\u00e3o regional na Am\u00e9rica do Sul, enfatizando a possibilidade de dar maior grau de liberdade para as rotas sub-regionais. A ideia \u00e9 avaliar o cen\u00e1rio da integra\u00e7\u00e3o a\u00e9rea no continente, diagnosticar o sistema de aeroportos da regi\u00e3o e retomar estrat\u00e9gias de conectividade que dependem de maior protagonismo dos governos nacionais.<\/p>\n<p>\u201cDesde a coloniza\u00e7\u00e3o ib\u00e9rica, feita a partir do litoral, os pa\u00edses da Am\u00e9rica do Sul est\u00e3o de costas uns para os outros. Mas o forte crescimento econ\u00f4mico, em especial no interior, tornou inadi\u00e1vel a necessidade de uma forte integra\u00e7\u00e3o pelo modal a\u00e9reo, tanto de carga quanto de passageiros\u201d, afirmou o ministro da Avia\u00e7\u00e3o Civil, Moreira Franco. Ele abriu o encontro do Cosiplan, juntamente com os ministros Miriam Belchior (Planejamento) e Luiz Alberto Figueiredo (Rela\u00e7\u00f5es Exteriores).<\/p>\n<p>Segundo o estudo do BID, a Am\u00e9rica Latina dever\u00e1 responder, entre 2013 e 2032, por um aumento expressivo na demanda por transporte a\u00e9reo: o crescimento esperado \u00e9 de 6,9% ao ano segundo a fabricante de avi\u00f5es americana Boeing, o que torna a regi\u00e3o o lugar do planeta onde o modal a\u00e9reo mais crescer\u00e1 nesse per\u00edodo. Dados da europeia Airbus projetam o crescimento em 6%, atr\u00e1s apenas do Oriente M\u00e9dio. De qualquer forma, esse crescimento ser\u00e1 maior do que a m\u00e9dia global da \u00faltima d\u00e9cada \u2013 4,6% ao ano. Somente entre 2007 e 2014, a oferta de assentos em v\u00f4os regionais na Am\u00e9rica do Sul cresceu de 16,4 milh\u00f5es para 22,7 milh\u00f5es.<\/p>\n<p>Esse incremento vem na esteira do aumento do PIB da regi\u00e3o e \u00e9 fortemente influenciado pela explos\u00e3o da demanda no Brasil. Em toda a Am\u00e9rica Latina, por exemplo, a rota que mais teve aumento percentual foi S\u00e3o Paulo-Fortaleza (11% entre 2002 e 2012), e o aeroporto que mais cresceu em movimenta\u00e7\u00e3o foi Confins (37% no mesmo per\u00edodo).<\/p>\n<p>Segundo o BID, por\u00e9m, nem o tamanho do mercado, nem as mudan\u00e7as regulat\u00f3rias implantadas desde 2006, que abriram o mercado em v\u00e1rios pa\u00edses, t\u00eam bastado para impulsionar a conectividade a\u00e9rea dentro da regi\u00e3o. Expressivos custos aeroportu\u00e1rios, elevadas taxas de embarque internacional, altos custos de aquisi\u00e7\u00e3o de combust\u00edvel e a aus\u00eancia de incentivos para a cria\u00e7\u00e3o de rotas a\u00e9reas regionais s\u00e3o algumas dificuldades, al\u00e9m da baixa demanda de certas regi\u00f5es, o que leva as maiores empresas \u2013 Latam, Avianca, Aerol\u00edneas Argentinas e Gol, que concentram 80% da oferta \u2013 a n\u00e3o ter interesse comercial por essas rotas.<\/p>\n<p>O programa brasileiro de avia\u00e7\u00e3o regional, coordenado pela Secretaria de Avia\u00e7\u00e3o Civil, ser\u00e1 exposto na oficina do Cosiplan como uma poss\u00edvel baliza para a integra\u00e7\u00e3o a\u00e9rea sul-americana. Al\u00e9m dos investimentos em infraestrutura de 270 aeroportos regionais, o Brasil est\u00e1 tamb\u00e9m implementando subs\u00eddios \u00e0s companhias a\u00e9reas que operem rotas regionais. \u201cA pol\u00edtica de avia\u00e7\u00e3o regional vai ao encontro do diagn\u00f3stico elaborado pelo BID. O programa brasileiro pode servir de exemplo ao resto do continente\u201d, afirma Jo\u00e3o Batista Lanari, assessor especial de Rela\u00e7\u00f5es Internacionais da SAC.<\/p>\n<p style=\"text-align: right;\">Fonte: SAC\/PR<br \/>\n10\/09\/2014<\/p>\n","protected":false},"excerpt":{"rendered":"<p>A Am\u00e9rica do Sul \u00e9 uma das regi\u00f5es do planeta com maior crescimento no transporte a\u00e9reo esperado para os pr\u00f3ximos 20 anos. No entanto, o continente \u00e9 pouco conectado, com oferta de assentos concentrada em apenas quatro empresas e poucos voos regulares fora das capitais. As conclus\u00f5es s\u00e3o de um estudo do BID (Banco Interamericano [&hellip;]<\/p>\n","protected":false},"author":18,"featured_media":941,"comment_status":"closed","ping_status":"closed","sticky":false,"template":"","format":"standard","meta":{"footnotes":""},"categories":[],"tags":[],"class_list":["post-1485","post","type-post","status-publish","format-standard","has-post-thumbnail","hentry"],"yoast_head":"<!-- This site is optimized with the Yoast SEO plugin v26.5 - https:\/\/yoast.com\/wordpress\/plugins\/seo\/ -->\n<title>Avia\u00e7\u00e3o cresce na Am\u00e9rica do Sul, mas integra\u00e7\u00e3o \u00e9 baixa - Abesata<\/title>\n<meta name=\"robots\" content=\"index, follow, max-snippet:-1, max-image-preview:large, max-video-preview:-1\" \/>\n<link rel=\"canonical\" href=\"https:\/\/www.abesata.org\/br\/aviacao-cresce-na-america-do-sul-mas-integracao-e-baixa\/\" \/>\n<meta property=\"og:locale\" content=\"pt_BR\" \/>\n<meta property=\"og:type\" content=\"article\" \/>\n<meta property=\"og:title\" content=\"Avia\u00e7\u00e3o cresce na Am\u00e9rica do Sul, mas integra\u00e7\u00e3o \u00e9 baixa - Abesata\" \/>\n<meta property=\"og:description\" content=\"A Am\u00e9rica do Sul \u00e9 uma das regi\u00f5es do planeta com maior crescimento no transporte a\u00e9reo esperado para os pr\u00f3ximos 20 anos. No entanto, o continente \u00e9 pouco conectado, com oferta de assentos concentrada em apenas quatro empresas e poucos voos regulares fora das capitais. As conclus\u00f5es s\u00e3o de um estudo do BID (Banco Interamericano [&hellip;]\" \/>\n<meta property=\"og:url\" content=\"https:\/\/www.abesata.org\/br\/aviacao-cresce-na-america-do-sul-mas-integracao-e-baixa\/\" \/>\n<meta property=\"og:site_name\" content=\"Abesata\" \/>\n<meta property=\"article:publisher\" content=\"https:\/\/www.facebook.com\/abesata.org\/\" \/>\n<meta property=\"article:published_time\" content=\"2014-09-10T18:47:16+00:00\" \/>\n<meta property=\"og:image\" content=\"https:\/\/www.abesata.org\/br\/wp-content\/uploads\/2014\/07\/9.png\" \/>\n\t<meta property=\"og:image:width\" content=\"1022\" \/>\n\t<meta property=\"og:image:height\" content=\"336\" \/>\n\t<meta property=\"og:image:type\" content=\"image\/png\" \/>\n<meta name=\"author\" content=\"Ricardo\" \/>\n<meta name=\"twitter:card\" content=\"summary_large_image\" \/>\n<meta name=\"twitter:label1\" content=\"Escrito por\" \/>\n\t<meta name=\"twitter:data1\" content=\"Ricardo\" \/>\n\t<meta name=\"twitter:label2\" content=\"Est. tempo de leitura\" \/>\n\t<meta name=\"twitter:data2\" content=\"3 minutos\" \/>\n<script type=\"application\/ld+json\" class=\"yoast-schema-graph\">{\"@context\":\"https:\/\/schema.org\",\"@graph\":[{\"@type\":\"Article\",\"@id\":\"https:\/\/www.abesata.org\/br\/aviacao-cresce-na-america-do-sul-mas-integracao-e-baixa\/#article\",\"isPartOf\":{\"@id\":\"https:\/\/www.abesata.org\/br\/aviacao-cresce-na-america-do-sul-mas-integracao-e-baixa\/\"},\"author\":{\"name\":\"Ricardo\",\"@id\":\"https:\/\/www.abesata.org\/br\/#\/schema\/person\/1f1295145bee68e42ffe39157320456b\"},\"headline\":\"Avia\u00e7\u00e3o cresce na Am\u00e9rica do Sul, mas integra\u00e7\u00e3o \u00e9 baixa\",\"datePublished\":\"2014-09-10T18:47:16+00:00\",\"mainEntityOfPage\":{\"@id\":\"https:\/\/www.abesata.org\/br\/aviacao-cresce-na-america-do-sul-mas-integracao-e-baixa\/\"},\"wordCount\":648,\"publisher\":{\"@id\":\"https:\/\/www.abesata.org\/br\/#organization\"},\"image\":{\"@id\":\"https:\/\/www.abesata.org\/br\/aviacao-cresce-na-america-do-sul-mas-integracao-e-baixa\/#primaryimage\"},\"thumbnailUrl\":\"https:\/\/www.abesata.org\/br\/wp-content\/uploads\/2014\/07\/9.png\",\"inLanguage\":\"pt-BR\"},{\"@type\":\"WebPage\",\"@id\":\"https:\/\/www.abesata.org\/br\/aviacao-cresce-na-america-do-sul-mas-integracao-e-baixa\/\",\"url\":\"https:\/\/www.abesata.org\/br\/aviacao-cresce-na-america-do-sul-mas-integracao-e-baixa\/\",\"name\":\"Avia\u00e7\u00e3o cresce na Am\u00e9rica do Sul, mas integra\u00e7\u00e3o \u00e9 baixa - Abesata\",\"isPartOf\":{\"@id\":\"https:\/\/www.abesata.org\/br\/#website\"},\"primaryImageOfPage\":{\"@id\":\"https:\/\/www.abesata.org\/br\/aviacao-cresce-na-america-do-sul-mas-integracao-e-baixa\/#primaryimage\"},\"image\":{\"@id\":\"https:\/\/www.abesata.org\/br\/aviacao-cresce-na-america-do-sul-mas-integracao-e-baixa\/#primaryimage\"},\"thumbnailUrl\":\"https:\/\/www.abesata.org\/br\/wp-content\/uploads\/2014\/07\/9.png\",\"datePublished\":\"2014-09-10T18:47:16+00:00\",\"breadcrumb\":{\"@id\":\"https:\/\/www.abesata.org\/br\/aviacao-cresce-na-america-do-sul-mas-integracao-e-baixa\/#breadcrumb\"},\"inLanguage\":\"pt-BR\",\"potentialAction\":[{\"@type\":\"ReadAction\",\"target\":[\"https:\/\/www.abesata.org\/br\/aviacao-cresce-na-america-do-sul-mas-integracao-e-baixa\/\"]}]},{\"@type\":\"ImageObject\",\"inLanguage\":\"pt-BR\",\"@id\":\"https:\/\/www.abesata.org\/br\/aviacao-cresce-na-america-do-sul-mas-integracao-e-baixa\/#primaryimage\",\"url\":\"https:\/\/www.abesata.org\/br\/wp-content\/uploads\/2014\/07\/9.png\",\"contentUrl\":\"https:\/\/www.abesata.org\/br\/wp-content\/uploads\/2014\/07\/9.png\",\"width\":1022,\"height\":336},{\"@type\":\"BreadcrumbList\",\"@id\":\"https:\/\/www.abesata.org\/br\/aviacao-cresce-na-america-do-sul-mas-integracao-e-baixa\/#breadcrumb\",\"itemListElement\":[{\"@type\":\"ListItem\",\"position\":1,\"name\":\"In\u00edcio\",\"item\":\"https:\/\/www.abesata.org\/br\/\"},{\"@type\":\"ListItem\",\"position\":2,\"name\":\"Avia\u00e7\u00e3o cresce na Am\u00e9rica do Sul, mas integra\u00e7\u00e3o \u00e9 baixa\"}]},{\"@type\":\"WebSite\",\"@id\":\"https:\/\/www.abesata.org\/br\/#website\",\"url\":\"https:\/\/www.abesata.org\/br\/\",\"name\":\"Abesata\",\"description\":\"Associa\u00e7\u00e3o Brasileira das Empresas de Servi\u00e7os Auxiliares de Transporte A\u00e9reo\",\"publisher\":{\"@id\":\"https:\/\/www.abesata.org\/br\/#organization\"},\"potentialAction\":[{\"@type\":\"SearchAction\",\"target\":{\"@type\":\"EntryPoint\",\"urlTemplate\":\"https:\/\/www.abesata.org\/br\/?s={search_term_string}\"},\"query-input\":{\"@type\":\"PropertyValueSpecification\",\"valueRequired\":true,\"valueName\":\"search_term_string\"}}],\"inLanguage\":\"pt-BR\"},{\"@type\":\"Organization\",\"@id\":\"https:\/\/www.abesata.org\/br\/#organization\",\"name\":\"Associa\u00e7\u00e3o Brasileira das Empresas de Servi\u00e7os Auxiliares de Transporte A\u00e9reo\",\"alternateName\":\"Abesata\",\"url\":\"https:\/\/www.abesata.org\/br\/\",\"logo\":{\"@type\":\"ImageObject\",\"inLanguage\":\"pt-BR\",\"@id\":\"https:\/\/www.abesata.org\/br\/#\/schema\/logo\/image\/\",\"url\":\"https:\/\/www.abesata.org\/br\/wp-content\/uploads\/2023\/10\/Abesata.png\",\"contentUrl\":\"https:\/\/www.abesata.org\/br\/wp-content\/uploads\/2023\/10\/Abesata.png\",\"width\":1063,\"height\":591,\"caption\":\"Associa\u00e7\u00e3o Brasileira das Empresas de Servi\u00e7os Auxiliares de Transporte A\u00e9reo\"},\"image\":{\"@id\":\"https:\/\/www.abesata.org\/br\/#\/schema\/logo\/image\/\"},\"sameAs\":[\"https:\/\/www.facebook.com\/abesata.org\/\",\"https:\/\/www.instagram.com\/abesata_gh\/\",\"https:\/\/br.linkedin.com\/company\/abesata\"]},{\"@type\":\"Person\",\"@id\":\"https:\/\/www.abesata.org\/br\/#\/schema\/person\/1f1295145bee68e42ffe39157320456b\",\"name\":\"Ricardo\",\"image\":{\"@type\":\"ImageObject\",\"inLanguage\":\"pt-BR\",\"@id\":\"https:\/\/www.abesata.org\/br\/#\/schema\/person\/image\/\",\"url\":\"https:\/\/secure.gravatar.com\/avatar\/1d856797eb89513dee321f840c1a6bbcec15beb178c003e50adcf59323b3a8a9?s=96&d=mm&r=g\",\"contentUrl\":\"https:\/\/secure.gravatar.com\/avatar\/1d856797eb89513dee321f840c1a6bbcec15beb178c003e50adcf59323b3a8a9?s=96&d=mm&r=g\",\"caption\":\"Ricardo\"},\"url\":\"https:\/\/www.abesata.org\/br\/author\/ricardo-baroni\/\"}]}<\/script>\n<!-- \/ Yoast SEO plugin. -->","yoast_head_json":{"title":"Avia\u00e7\u00e3o cresce na Am\u00e9rica do Sul, mas integra\u00e7\u00e3o \u00e9 baixa - Abesata","robots":{"index":"index","follow":"follow","max-snippet":"max-snippet:-1","max-image-preview":"max-image-preview:large","max-video-preview":"max-video-preview:-1"},"canonical":"https:\/\/www.abesata.org\/br\/aviacao-cresce-na-america-do-sul-mas-integracao-e-baixa\/","og_locale":"pt_BR","og_type":"article","og_title":"Avia\u00e7\u00e3o cresce na Am\u00e9rica do Sul, mas integra\u00e7\u00e3o \u00e9 baixa - Abesata","og_description":"A Am\u00e9rica do Sul \u00e9 uma das regi\u00f5es do planeta com maior crescimento no transporte a\u00e9reo esperado para os pr\u00f3ximos 20 anos. No entanto, o continente \u00e9 pouco conectado, com oferta de assentos concentrada em apenas quatro empresas e poucos voos regulares fora das capitais. As conclus\u00f5es s\u00e3o de um estudo do BID (Banco Interamericano [&hellip;]","og_url":"https:\/\/www.abesata.org\/br\/aviacao-cresce-na-america-do-sul-mas-integracao-e-baixa\/","og_site_name":"Abesata","article_publisher":"https:\/\/www.facebook.com\/abesata.org\/","article_published_time":"2014-09-10T18:47:16+00:00","og_image":[{"width":1022,"height":336,"url":"https:\/\/www.abesata.org\/br\/wp-content\/uploads\/2014\/07\/9.png","type":"image\/png"}],"author":"Ricardo","twitter_card":"summary_large_image","twitter_misc":{"Escrito por":"Ricardo","Est. tempo de leitura":"3 minutos"},"schema":{"@context":"https:\/\/schema.org","@graph":[{"@type":"Article","@id":"https:\/\/www.abesata.org\/br\/aviacao-cresce-na-america-do-sul-mas-integracao-e-baixa\/#article","isPartOf":{"@id":"https:\/\/www.abesata.org\/br\/aviacao-cresce-na-america-do-sul-mas-integracao-e-baixa\/"},"author":{"name":"Ricardo","@id":"https:\/\/www.abesata.org\/br\/#\/schema\/person\/1f1295145bee68e42ffe39157320456b"},"headline":"Avia\u00e7\u00e3o cresce na Am\u00e9rica do Sul, mas integra\u00e7\u00e3o \u00e9 baixa","datePublished":"2014-09-10T18:47:16+00:00","mainEntityOfPage":{"@id":"https:\/\/www.abesata.org\/br\/aviacao-cresce-na-america-do-sul-mas-integracao-e-baixa\/"},"wordCount":648,"publisher":{"@id":"https:\/\/www.abesata.org\/br\/#organization"},"image":{"@id":"https:\/\/www.abesata.org\/br\/aviacao-cresce-na-america-do-sul-mas-integracao-e-baixa\/#primaryimage"},"thumbnailUrl":"https:\/\/www.abesata.org\/br\/wp-content\/uploads\/2014\/07\/9.png","inLanguage":"pt-BR"},{"@type":"WebPage","@id":"https:\/\/www.abesata.org\/br\/aviacao-cresce-na-america-do-sul-mas-integracao-e-baixa\/","url":"https:\/\/www.abesata.org\/br\/aviacao-cresce-na-america-do-sul-mas-integracao-e-baixa\/","name":"Avia\u00e7\u00e3o cresce na Am\u00e9rica do Sul, mas integra\u00e7\u00e3o \u00e9 baixa - Abesata","isPartOf":{"@id":"https:\/\/www.abesata.org\/br\/#website"},"primaryImageOfPage":{"@id":"https:\/\/www.abesata.org\/br\/aviacao-cresce-na-america-do-sul-mas-integracao-e-baixa\/#primaryimage"},"image":{"@id":"https:\/\/www.abesata.org\/br\/aviacao-cresce-na-america-do-sul-mas-integracao-e-baixa\/#primaryimage"},"thumbnailUrl":"https:\/\/www.abesata.org\/br\/wp-content\/uploads\/2014\/07\/9.png","datePublished":"2014-09-10T18:47:16+00:00","breadcrumb":{"@id":"https:\/\/www.abesata.org\/br\/aviacao-cresce-na-america-do-sul-mas-integracao-e-baixa\/#breadcrumb"},"inLanguage":"pt-BR","potentialAction":[{"@type":"ReadAction","target":["https:\/\/www.abesata.org\/br\/aviacao-cresce-na-america-do-sul-mas-integracao-e-baixa\/"]}]},{"@type":"ImageObject","inLanguage":"pt-BR","@id":"https:\/\/www.abesata.org\/br\/aviacao-cresce-na-america-do-sul-mas-integracao-e-baixa\/#primaryimage","url":"https:\/\/www.abesata.org\/br\/wp-content\/uploads\/2014\/07\/9.png","contentUrl":"https:\/\/www.abesata.org\/br\/wp-content\/uploads\/2014\/07\/9.png","width":1022,"height":336},{"@type":"BreadcrumbList","@id":"https:\/\/www.abesata.org\/br\/aviacao-cresce-na-america-do-sul-mas-integracao-e-baixa\/#breadcrumb","itemListElement":[{"@type":"ListItem","position":1,"name":"In\u00edcio","item":"https:\/\/www.abesata.org\/br\/"},{"@type":"ListItem","position":2,"name":"Avia\u00e7\u00e3o cresce na Am\u00e9rica do Sul, mas integra\u00e7\u00e3o \u00e9 baixa"}]},{"@type":"WebSite","@id":"https:\/\/www.abesata.org\/br\/#website","url":"https:\/\/www.abesata.org\/br\/","name":"Abesata","description":"Associa\u00e7\u00e3o Brasileira das Empresas de Servi\u00e7os Auxiliares de Transporte A\u00e9reo","publisher":{"@id":"https:\/\/www.abesata.org\/br\/#organization"},"potentialAction":[{"@type":"SearchAction","target":{"@type":"EntryPoint","urlTemplate":"https:\/\/www.abesata.org\/br\/?s={search_term_string}"},"query-input":{"@type":"PropertyValueSpecification","valueRequired":true,"valueName":"search_term_string"}}],"inLanguage":"pt-BR"},{"@type":"Organization","@id":"https:\/\/www.abesata.org\/br\/#organization","name":"Associa\u00e7\u00e3o Brasileira das Empresas de Servi\u00e7os Auxiliares de Transporte A\u00e9reo","alternateName":"Abesata","url":"https:\/\/www.abesata.org\/br\/","logo":{"@type":"ImageObject","inLanguage":"pt-BR","@id":"https:\/\/www.abesata.org\/br\/#\/schema\/logo\/image\/","url":"https:\/\/www.abesata.org\/br\/wp-content\/uploads\/2023\/10\/Abesata.png","contentUrl":"https:\/\/www.abesata.org\/br\/wp-content\/uploads\/2023\/10\/Abesata.png","width":1063,"height":591,"caption":"Associa\u00e7\u00e3o Brasileira das Empresas de Servi\u00e7os Auxiliares de Transporte A\u00e9reo"},"image":{"@id":"https:\/\/www.abesata.org\/br\/#\/schema\/logo\/image\/"},"sameAs":["https:\/\/www.facebook.com\/abesata.org\/","https:\/\/www.instagram.com\/abesata_gh\/","https:\/\/br.linkedin.com\/company\/abesata"]},{"@type":"Person","@id":"https:\/\/www.abesata.org\/br\/#\/schema\/person\/1f1295145bee68e42ffe39157320456b","name":"Ricardo","image":{"@type":"ImageObject","inLanguage":"pt-BR","@id":"https:\/\/www.abesata.org\/br\/#\/schema\/person\/image\/","url":"https:\/\/secure.gravatar.com\/avatar\/1d856797eb89513dee321f840c1a6bbcec15beb178c003e50adcf59323b3a8a9?s=96&d=mm&r=g","contentUrl":"https:\/\/secure.gravatar.com\/avatar\/1d856797eb89513dee321f840c1a6bbcec15beb178c003e50adcf59323b3a8a9?s=96&d=mm&r=g","caption":"Ricardo"},"url":"https:\/\/www.abesata.org\/br\/author\/ricardo-baroni\/"}]}},"_links":{"self":[{"href":"https:\/\/www.abesata.org\/br\/wp-json\/wp\/v2\/posts\/1485","targetHints":{"allow":["GET"]}}],"collection":[{"href":"https:\/\/www.abesata.org\/br\/wp-json\/wp\/v2\/posts"}],"about":[{"href":"https:\/\/www.abesata.org\/br\/wp-json\/wp\/v2\/types\/post"}],"author":[{"embeddable":true,"href":"https:\/\/www.abesata.org\/br\/wp-json\/wp\/v2\/users\/18"}],"replies":[{"embeddable":true,"href":"https:\/\/www.abesata.org\/br\/wp-json\/wp\/v2\/comments?post=1485"}],"version-history":[{"count":0,"href":"https:\/\/www.abesata.org\/br\/wp-json\/wp\/v2\/posts\/1485\/revisions"}],"wp:featuredmedia":[{"embeddable":true,"href":"https:\/\/www.abesata.org\/br\/wp-json\/wp\/v2\/media\/941"}],"wp:attachment":[{"href":"https:\/\/www.abesata.org\/br\/wp-json\/wp\/v2\/media?parent=1485"}],"wp:term":[{"taxonomy":"category","embeddable":true,"href":"https:\/\/www.abesata.org\/br\/wp-json\/wp\/v2\/categories?post=1485"},{"taxonomy":"post_tag","embeddable":true,"href":"https:\/\/www.abesata.org\/br\/wp-json\/wp\/v2\/tags?post=1485"}],"curies":[{"name":"wp","href":"https:\/\/api.w.org\/{rel}","templated":true}]}}