{"id":1495,"date":"2014-09-11T14:55:19","date_gmt":"2014-09-11T17:55:19","guid":{"rendered":"http:\/\/www.abesata.org\/?p=1495"},"modified":"2014-09-11T14:55:19","modified_gmt":"2014-09-11T17:55:19","slug":"sac-estuda-financiamento-da-caixa-a-aeroportos-privados","status":"publish","type":"post","link":"https:\/\/www.abesata.org\/br\/sac-estuda-financiamento-da-caixa-a-aeroportos-privados\/","title":{"rendered":"SAC estuda financiamento da Caixa a aeroportos privados"},"content":{"rendered":"<p>O governo estuda utilizar recursos da Caixa Econ\u00f4mica Federal para financiar obras de infraestrutura aeroportu\u00e1ria e terminais privados no Pa\u00eds.<\/p>\n<p>O ministro Moreira Franco, da Secretaria de Avia\u00e7\u00e3o Civil (SAC), afirmou nesta quarta-feira, 10, que esta \u00e9 uma op\u00e7\u00e3o para ampliar a infraestrutura e facilitar o desenvolvimento da avia\u00e7\u00e3o regional na Am\u00e9rica Latina.<\/p>\n<p>&#8220;Um desafio para a integra\u00e7\u00e3o da regi\u00e3o \u00e9 o programa de investimento em infraestrutura. Estamos estudando algumas \u00e1reas de aplica\u00e7\u00e3o dos recursos para financiar os empreendedores desse segmento&#8221;, disse o ministro durante palestra sobre integra\u00e7\u00e3o a\u00e9rea na Am\u00e9rica Latina, promovido pela Uni\u00e3o das Na\u00e7\u00f5es Sul Americanas (Unasur).<\/p>\n<p>O objetivo do financiamento \u00e9 garantir a expans\u00e3o da rede de aeroportos e permitir uma maior integra\u00e7\u00e3o e novas rotas regionais fora dos grandes centros, atendendo a um forte aumento da demanda na regi\u00e3o.<\/p>\n<p>De acordo com um estudo apresentado pelo Banco Interamericano de Desenvolvimento (BID), a regi\u00e3o representar\u00e1 um aumento anual de 6,9% de passageiros pelos pr\u00f3ximos 20 anos.<\/p>\n<p>Os recursos seriam destinados, prioritariamente, a aeroportos privados, segundo o secret\u00e1rio executivo da SAC, Guilherme Ramalho.<\/p>\n<p>&#8220;Hoje grande parte do financiamento da expans\u00e3o da infraestrutura se d\u00e1 com recurso pr\u00f3prio, do governo, e financiamento do BNDES. A Caixa tamb\u00e9m disp\u00f5e de importantes fundos de infraestrutura ligados ao FGTS, com linha de recursos para investimentos tamb\u00e9m em aeroportos privados&#8221;, afirmou.<\/p>\n<p>Ramalho afirmou ainda que a grande frota de avi\u00f5es particulares no Pa\u00eds e a possibilidade de expans\u00e3o do tr\u00e1fego regional garantem uma &#8220;grande demanda dormente&#8221; para a avia\u00e7\u00e3o regional.<\/p>\n<p>&#8220;Temos uma demanda muito grande para descongestionar aeroportos e viabilizar novos aeroportos privados. \u00c9 importante que haja fontes de financiamento diferentes do BNDES&#8221;, completou.<\/p>\n<p>Durante o evento, Moreira Franco tamb\u00e9m apontou a import\u00e2ncia de mudan\u00e7as no marco regulat\u00f3rio dos pa\u00edses para permitir uma maior abertura de mercado \u00e0s empresas \u00e1reas da regi\u00e3o.<\/p>\n<p>Ele destacou o programa de avia\u00e7\u00e3o regional do governo como exemplo para os demais pa\u00edses.<\/p>\n<p>&#8220;N\u00f3s temos uma pol\u00edtica de c\u00e9u aberto, que \u00e9 um modelo regulat\u00f3rio que coloca a avia\u00e7\u00e3o a servi\u00e7o do cidad\u00e3o.<\/p>\n<p>Hoje, o que temos s\u00e3o rotas determinadas para as capitais a partir de interesses das empresas, mas podemos ter voos internacionais para cidades secund\u00e1rias com interesse econ\u00f4mico, sem escalas nas capitais&#8221;, completou.<\/p>\n<p style=\"text-align: right;\">Fonte: Exame<br \/>\n10\/09\/2014<\/p>\n<p>&nbsp;<\/p>\n","protected":false},"excerpt":{"rendered":"<p>O governo estuda utilizar recursos da Caixa Econ\u00f4mica Federal para financiar obras de infraestrutura aeroportu\u00e1ria e terminais privados no Pa\u00eds. O ministro Moreira Franco, da Secretaria de Avia\u00e7\u00e3o Civil (SAC), afirmou nesta quarta-feira, 10, que esta \u00e9 uma op\u00e7\u00e3o para ampliar a infraestrutura e facilitar o desenvolvimento da avia\u00e7\u00e3o regional na Am\u00e9rica Latina. &#8220;Um desafio [&hellip;]<\/p>\n","protected":false},"author":18,"featured_media":861,"comment_status":"closed","ping_status":"closed","sticky":false,"template":"","format":"standard","meta":{"footnotes":""},"categories":[],"tags":[],"class_list":["post-1495","post","type-post","status-publish","format-standard","has-post-thumbnail","hentry"],"yoast_head":"<!-- This site is optimized with the Yoast SEO plugin v26.5 - https:\/\/yoast.com\/wordpress\/plugins\/seo\/ -->\n<title>SAC estuda financiamento da Caixa a aeroportos privados - Abesata<\/title>\n<meta name=\"robots\" content=\"index, follow, max-snippet:-1, max-image-preview:large, max-video-preview:-1\" \/>\n<link rel=\"canonical\" href=\"https:\/\/www.abesata.org\/br\/sac-estuda-financiamento-da-caixa-a-aeroportos-privados\/\" \/>\n<meta property=\"og:locale\" content=\"pt_BR\" \/>\n<meta property=\"og:type\" content=\"article\" \/>\n<meta property=\"og:title\" content=\"SAC estuda financiamento da Caixa a aeroportos privados - Abesata\" \/>\n<meta property=\"og:description\" content=\"O governo estuda utilizar recursos da Caixa Econ\u00f4mica Federal para financiar obras de infraestrutura aeroportu\u00e1ria e terminais privados no Pa\u00eds. O ministro Moreira Franco, da Secretaria de Avia\u00e7\u00e3o Civil (SAC), afirmou nesta quarta-feira, 10, que esta \u00e9 uma op\u00e7\u00e3o para ampliar a infraestrutura e facilitar o desenvolvimento da avia\u00e7\u00e3o regional na Am\u00e9rica Latina. &#8220;Um desafio [&hellip;]\" \/>\n<meta property=\"og:url\" content=\"https:\/\/www.abesata.org\/br\/sac-estuda-financiamento-da-caixa-a-aeroportos-privados\/\" \/>\n<meta property=\"og:site_name\" content=\"Abesata\" \/>\n<meta property=\"article:publisher\" content=\"https:\/\/www.facebook.com\/abesata.org\/\" \/>\n<meta property=\"article:published_time\" content=\"2014-09-11T17:55:19+00:00\" \/>\n<meta property=\"og:image\" content=\"https:\/\/www.abesata.org\/br\/wp-content\/uploads\/2014\/06\/1.png\" \/>\n\t<meta property=\"og:image:width\" content=\"1710\" \/>\n\t<meta property=\"og:image:height\" content=\"560\" \/>\n\t<meta property=\"og:image:type\" content=\"image\/png\" \/>\n<meta name=\"author\" content=\"Ricardo\" \/>\n<meta name=\"twitter:card\" content=\"summary_large_image\" \/>\n<meta name=\"twitter:label1\" content=\"Escrito por\" \/>\n\t<meta name=\"twitter:data1\" content=\"Ricardo\" \/>\n\t<meta name=\"twitter:label2\" content=\"Est. tempo de leitura\" \/>\n\t<meta name=\"twitter:data2\" content=\"2 minutos\" \/>\n<script type=\"application\/ld+json\" class=\"yoast-schema-graph\">{\"@context\":\"https:\/\/schema.org\",\"@graph\":[{\"@type\":\"Article\",\"@id\":\"https:\/\/www.abesata.org\/br\/sac-estuda-financiamento-da-caixa-a-aeroportos-privados\/#article\",\"isPartOf\":{\"@id\":\"https:\/\/www.abesata.org\/br\/sac-estuda-financiamento-da-caixa-a-aeroportos-privados\/\"},\"author\":{\"name\":\"Ricardo\",\"@id\":\"https:\/\/www.abesata.org\/br\/#\/schema\/person\/1f1295145bee68e42ffe39157320456b\"},\"headline\":\"SAC estuda financiamento da Caixa a aeroportos privados\",\"datePublished\":\"2014-09-11T17:55:19+00:00\",\"mainEntityOfPage\":{\"@id\":\"https:\/\/www.abesata.org\/br\/sac-estuda-financiamento-da-caixa-a-aeroportos-privados\/\"},\"wordCount\":419,\"publisher\":{\"@id\":\"https:\/\/www.abesata.org\/br\/#organization\"},\"image\":{\"@id\":\"https:\/\/www.abesata.org\/br\/sac-estuda-financiamento-da-caixa-a-aeroportos-privados\/#primaryimage\"},\"thumbnailUrl\":\"https:\/\/www.abesata.org\/br\/wp-content\/uploads\/2014\/06\/1.png\",\"inLanguage\":\"pt-BR\"},{\"@type\":\"WebPage\",\"@id\":\"https:\/\/www.abesata.org\/br\/sac-estuda-financiamento-da-caixa-a-aeroportos-privados\/\",\"url\":\"https:\/\/www.abesata.org\/br\/sac-estuda-financiamento-da-caixa-a-aeroportos-privados\/\",\"name\":\"SAC estuda financiamento da Caixa a aeroportos privados - Abesata\",\"isPartOf\":{\"@id\":\"https:\/\/www.abesata.org\/br\/#website\"},\"primaryImageOfPage\":{\"@id\":\"https:\/\/www.abesata.org\/br\/sac-estuda-financiamento-da-caixa-a-aeroportos-privados\/#primaryimage\"},\"image\":{\"@id\":\"https:\/\/www.abesata.org\/br\/sac-estuda-financiamento-da-caixa-a-aeroportos-privados\/#primaryimage\"},\"thumbnailUrl\":\"https:\/\/www.abesata.org\/br\/wp-content\/uploads\/2014\/06\/1.png\",\"datePublished\":\"2014-09-11T17:55:19+00:00\",\"breadcrumb\":{\"@id\":\"https:\/\/www.abesata.org\/br\/sac-estuda-financiamento-da-caixa-a-aeroportos-privados\/#breadcrumb\"},\"inLanguage\":\"pt-BR\",\"potentialAction\":[{\"@type\":\"ReadAction\",\"target\":[\"https:\/\/www.abesata.org\/br\/sac-estuda-financiamento-da-caixa-a-aeroportos-privados\/\"]}]},{\"@type\":\"ImageObject\",\"inLanguage\":\"pt-BR\",\"@id\":\"https:\/\/www.abesata.org\/br\/sac-estuda-financiamento-da-caixa-a-aeroportos-privados\/#primaryimage\",\"url\":\"https:\/\/www.abesata.org\/br\/wp-content\/uploads\/2014\/06\/1.png\",\"contentUrl\":\"https:\/\/www.abesata.org\/br\/wp-content\/uploads\/2014\/06\/1.png\",\"width\":1710,\"height\":560},{\"@type\":\"BreadcrumbList\",\"@id\":\"https:\/\/www.abesata.org\/br\/sac-estuda-financiamento-da-caixa-a-aeroportos-privados\/#breadcrumb\",\"itemListElement\":[{\"@type\":\"ListItem\",\"position\":1,\"name\":\"In\u00edcio\",\"item\":\"https:\/\/www.abesata.org\/br\/\"},{\"@type\":\"ListItem\",\"position\":2,\"name\":\"SAC estuda financiamento da Caixa a aeroportos privados\"}]},{\"@type\":\"WebSite\",\"@id\":\"https:\/\/www.abesata.org\/br\/#website\",\"url\":\"https:\/\/www.abesata.org\/br\/\",\"name\":\"Abesata\",\"description\":\"Associa\u00e7\u00e3o Brasileira das Empresas de Servi\u00e7os Auxiliares de Transporte A\u00e9reo\",\"publisher\":{\"@id\":\"https:\/\/www.abesata.org\/br\/#organization\"},\"potentialAction\":[{\"@type\":\"SearchAction\",\"target\":{\"@type\":\"EntryPoint\",\"urlTemplate\":\"https:\/\/www.abesata.org\/br\/?s={search_term_string}\"},\"query-input\":{\"@type\":\"PropertyValueSpecification\",\"valueRequired\":true,\"valueName\":\"search_term_string\"}}],\"inLanguage\":\"pt-BR\"},{\"@type\":\"Organization\",\"@id\":\"https:\/\/www.abesata.org\/br\/#organization\",\"name\":\"Associa\u00e7\u00e3o Brasileira das Empresas de Servi\u00e7os Auxiliares de Transporte A\u00e9reo\",\"alternateName\":\"Abesata\",\"url\":\"https:\/\/www.abesata.org\/br\/\",\"logo\":{\"@type\":\"ImageObject\",\"inLanguage\":\"pt-BR\",\"@id\":\"https:\/\/www.abesata.org\/br\/#\/schema\/logo\/image\/\",\"url\":\"https:\/\/www.abesata.org\/br\/wp-content\/uploads\/2023\/10\/Abesata.png\",\"contentUrl\":\"https:\/\/www.abesata.org\/br\/wp-content\/uploads\/2023\/10\/Abesata.png\",\"width\":1063,\"height\":591,\"caption\":\"Associa\u00e7\u00e3o Brasileira das Empresas de Servi\u00e7os Auxiliares de Transporte A\u00e9reo\"},\"image\":{\"@id\":\"https:\/\/www.abesata.org\/br\/#\/schema\/logo\/image\/\"},\"sameAs\":[\"https:\/\/www.facebook.com\/abesata.org\/\",\"https:\/\/www.instagram.com\/abesata_gh\/\",\"https:\/\/br.linkedin.com\/company\/abesata\"]},{\"@type\":\"Person\",\"@id\":\"https:\/\/www.abesata.org\/br\/#\/schema\/person\/1f1295145bee68e42ffe39157320456b\",\"name\":\"Ricardo\",\"image\":{\"@type\":\"ImageObject\",\"inLanguage\":\"pt-BR\",\"@id\":\"https:\/\/www.abesata.org\/br\/#\/schema\/person\/image\/\",\"url\":\"https:\/\/secure.gravatar.com\/avatar\/1d856797eb89513dee321f840c1a6bbcec15beb178c003e50adcf59323b3a8a9?s=96&d=mm&r=g\",\"contentUrl\":\"https:\/\/secure.gravatar.com\/avatar\/1d856797eb89513dee321f840c1a6bbcec15beb178c003e50adcf59323b3a8a9?s=96&d=mm&r=g\",\"caption\":\"Ricardo\"},\"url\":\"https:\/\/www.abesata.org\/br\/author\/ricardo-baroni\/\"}]}<\/script>\n<!-- \/ Yoast SEO plugin. -->","yoast_head_json":{"title":"SAC estuda financiamento da Caixa a aeroportos privados - Abesata","robots":{"index":"index","follow":"follow","max-snippet":"max-snippet:-1","max-image-preview":"max-image-preview:large","max-video-preview":"max-video-preview:-1"},"canonical":"https:\/\/www.abesata.org\/br\/sac-estuda-financiamento-da-caixa-a-aeroportos-privados\/","og_locale":"pt_BR","og_type":"article","og_title":"SAC estuda financiamento da Caixa a aeroportos privados - Abesata","og_description":"O governo estuda utilizar recursos da Caixa Econ\u00f4mica Federal para financiar obras de infraestrutura aeroportu\u00e1ria e terminais privados no Pa\u00eds. O ministro Moreira Franco, da Secretaria de Avia\u00e7\u00e3o Civil (SAC), afirmou nesta quarta-feira, 10, que esta \u00e9 uma op\u00e7\u00e3o para ampliar a infraestrutura e facilitar o desenvolvimento da avia\u00e7\u00e3o regional na Am\u00e9rica Latina. &#8220;Um desafio [&hellip;]","og_url":"https:\/\/www.abesata.org\/br\/sac-estuda-financiamento-da-caixa-a-aeroportos-privados\/","og_site_name":"Abesata","article_publisher":"https:\/\/www.facebook.com\/abesata.org\/","article_published_time":"2014-09-11T17:55:19+00:00","og_image":[{"width":1710,"height":560,"url":"https:\/\/www.abesata.org\/br\/wp-content\/uploads\/2014\/06\/1.png","type":"image\/png"}],"author":"Ricardo","twitter_card":"summary_large_image","twitter_misc":{"Escrito por":"Ricardo","Est. tempo de leitura":"2 minutos"},"schema":{"@context":"https:\/\/schema.org","@graph":[{"@type":"Article","@id":"https:\/\/www.abesata.org\/br\/sac-estuda-financiamento-da-caixa-a-aeroportos-privados\/#article","isPartOf":{"@id":"https:\/\/www.abesata.org\/br\/sac-estuda-financiamento-da-caixa-a-aeroportos-privados\/"},"author":{"name":"Ricardo","@id":"https:\/\/www.abesata.org\/br\/#\/schema\/person\/1f1295145bee68e42ffe39157320456b"},"headline":"SAC estuda financiamento da Caixa a aeroportos privados","datePublished":"2014-09-11T17:55:19+00:00","mainEntityOfPage":{"@id":"https:\/\/www.abesata.org\/br\/sac-estuda-financiamento-da-caixa-a-aeroportos-privados\/"},"wordCount":419,"publisher":{"@id":"https:\/\/www.abesata.org\/br\/#organization"},"image":{"@id":"https:\/\/www.abesata.org\/br\/sac-estuda-financiamento-da-caixa-a-aeroportos-privados\/#primaryimage"},"thumbnailUrl":"https:\/\/www.abesata.org\/br\/wp-content\/uploads\/2014\/06\/1.png","inLanguage":"pt-BR"},{"@type":"WebPage","@id":"https:\/\/www.abesata.org\/br\/sac-estuda-financiamento-da-caixa-a-aeroportos-privados\/","url":"https:\/\/www.abesata.org\/br\/sac-estuda-financiamento-da-caixa-a-aeroportos-privados\/","name":"SAC estuda financiamento da Caixa a aeroportos privados - Abesata","isPartOf":{"@id":"https:\/\/www.abesata.org\/br\/#website"},"primaryImageOfPage":{"@id":"https:\/\/www.abesata.org\/br\/sac-estuda-financiamento-da-caixa-a-aeroportos-privados\/#primaryimage"},"image":{"@id":"https:\/\/www.abesata.org\/br\/sac-estuda-financiamento-da-caixa-a-aeroportos-privados\/#primaryimage"},"thumbnailUrl":"https:\/\/www.abesata.org\/br\/wp-content\/uploads\/2014\/06\/1.png","datePublished":"2014-09-11T17:55:19+00:00","breadcrumb":{"@id":"https:\/\/www.abesata.org\/br\/sac-estuda-financiamento-da-caixa-a-aeroportos-privados\/#breadcrumb"},"inLanguage":"pt-BR","potentialAction":[{"@type":"ReadAction","target":["https:\/\/www.abesata.org\/br\/sac-estuda-financiamento-da-caixa-a-aeroportos-privados\/"]}]},{"@type":"ImageObject","inLanguage":"pt-BR","@id":"https:\/\/www.abesata.org\/br\/sac-estuda-financiamento-da-caixa-a-aeroportos-privados\/#primaryimage","url":"https:\/\/www.abesata.org\/br\/wp-content\/uploads\/2014\/06\/1.png","contentUrl":"https:\/\/www.abesata.org\/br\/wp-content\/uploads\/2014\/06\/1.png","width":1710,"height":560},{"@type":"BreadcrumbList","@id":"https:\/\/www.abesata.org\/br\/sac-estuda-financiamento-da-caixa-a-aeroportos-privados\/#breadcrumb","itemListElement":[{"@type":"ListItem","position":1,"name":"In\u00edcio","item":"https:\/\/www.abesata.org\/br\/"},{"@type":"ListItem","position":2,"name":"SAC estuda financiamento da Caixa a aeroportos privados"}]},{"@type":"WebSite","@id":"https:\/\/www.abesata.org\/br\/#website","url":"https:\/\/www.abesata.org\/br\/","name":"Abesata","description":"Associa\u00e7\u00e3o Brasileira das Empresas de Servi\u00e7os Auxiliares de Transporte A\u00e9reo","publisher":{"@id":"https:\/\/www.abesata.org\/br\/#organization"},"potentialAction":[{"@type":"SearchAction","target":{"@type":"EntryPoint","urlTemplate":"https:\/\/www.abesata.org\/br\/?s={search_term_string}"},"query-input":{"@type":"PropertyValueSpecification","valueRequired":true,"valueName":"search_term_string"}}],"inLanguage":"pt-BR"},{"@type":"Organization","@id":"https:\/\/www.abesata.org\/br\/#organization","name":"Associa\u00e7\u00e3o Brasileira das Empresas de Servi\u00e7os Auxiliares de Transporte A\u00e9reo","alternateName":"Abesata","url":"https:\/\/www.abesata.org\/br\/","logo":{"@type":"ImageObject","inLanguage":"pt-BR","@id":"https:\/\/www.abesata.org\/br\/#\/schema\/logo\/image\/","url":"https:\/\/www.abesata.org\/br\/wp-content\/uploads\/2023\/10\/Abesata.png","contentUrl":"https:\/\/www.abesata.org\/br\/wp-content\/uploads\/2023\/10\/Abesata.png","width":1063,"height":591,"caption":"Associa\u00e7\u00e3o Brasileira das Empresas de Servi\u00e7os Auxiliares de Transporte A\u00e9reo"},"image":{"@id":"https:\/\/www.abesata.org\/br\/#\/schema\/logo\/image\/"},"sameAs":["https:\/\/www.facebook.com\/abesata.org\/","https:\/\/www.instagram.com\/abesata_gh\/","https:\/\/br.linkedin.com\/company\/abesata"]},{"@type":"Person","@id":"https:\/\/www.abesata.org\/br\/#\/schema\/person\/1f1295145bee68e42ffe39157320456b","name":"Ricardo","image":{"@type":"ImageObject","inLanguage":"pt-BR","@id":"https:\/\/www.abesata.org\/br\/#\/schema\/person\/image\/","url":"https:\/\/secure.gravatar.com\/avatar\/1d856797eb89513dee321f840c1a6bbcec15beb178c003e50adcf59323b3a8a9?s=96&d=mm&r=g","contentUrl":"https:\/\/secure.gravatar.com\/avatar\/1d856797eb89513dee321f840c1a6bbcec15beb178c003e50adcf59323b3a8a9?s=96&d=mm&r=g","caption":"Ricardo"},"url":"https:\/\/www.abesata.org\/br\/author\/ricardo-baroni\/"}]}},"_links":{"self":[{"href":"https:\/\/www.abesata.org\/br\/wp-json\/wp\/v2\/posts\/1495","targetHints":{"allow":["GET"]}}],"collection":[{"href":"https:\/\/www.abesata.org\/br\/wp-json\/wp\/v2\/posts"}],"about":[{"href":"https:\/\/www.abesata.org\/br\/wp-json\/wp\/v2\/types\/post"}],"author":[{"embeddable":true,"href":"https:\/\/www.abesata.org\/br\/wp-json\/wp\/v2\/users\/18"}],"replies":[{"embeddable":true,"href":"https:\/\/www.abesata.org\/br\/wp-json\/wp\/v2\/comments?post=1495"}],"version-history":[{"count":0,"href":"https:\/\/www.abesata.org\/br\/wp-json\/wp\/v2\/posts\/1495\/revisions"}],"wp:featuredmedia":[{"embeddable":true,"href":"https:\/\/www.abesata.org\/br\/wp-json\/wp\/v2\/media\/861"}],"wp:attachment":[{"href":"https:\/\/www.abesata.org\/br\/wp-json\/wp\/v2\/media?parent=1495"}],"wp:term":[{"taxonomy":"category","embeddable":true,"href":"https:\/\/www.abesata.org\/br\/wp-json\/wp\/v2\/categories?post=1495"},{"taxonomy":"post_tag","embeddable":true,"href":"https:\/\/www.abesata.org\/br\/wp-json\/wp\/v2\/tags?post=1495"}],"curies":[{"name":"wp","href":"https:\/\/api.w.org\/{rel}","templated":true}]}}