{"id":1504,"date":"2014-09-12T10:11:35","date_gmt":"2014-09-12T13:11:35","guid":{"rendered":"http:\/\/www.abesata.org\/?p=1504"},"modified":"2014-09-12T10:11:35","modified_gmt":"2014-09-12T13:11:35","slug":"abesata-vai-moderar-workshop-sobre-ground-handling-durante-a-airport-infra-expo-que-acontece-de-17-a-19-de-setembro-em-sao-paulo","status":"publish","type":"post","link":"https:\/\/www.abesata.org\/br\/abesata-vai-moderar-workshop-sobre-ground-handling-durante-a-airport-infra-expo-que-acontece-de-17-a-19-de-setembro-em-sao-paulo\/","title":{"rendered":"Abesata vai  moderar Workshop sobre Ground Handling durante a Airport Infra Expo, que acontece de 17 a 19 de setembro em S\u00e3o Paulo"},"content":{"rendered":"<p>Ground Handling \u00e9 um dos temas que ser\u00e3o debatidos durante a Airpor Infra Expo &amp; Aviation Expo, que acontece de 17 a 19 de setembro, no Expo Center Norte, em S\u00e3o Paulo. O workshop sobre o segmento das Esatas (como s\u00e3o chamadas as empresas auxiliares do transporte a\u00e9reo) foi dividido em tr\u00eas subtemas e acontece no dia 19, sexta-feira, das 14h30 \u00e0s 18h20.<\/p>\n<p>No primeiro painel, o tema ser\u00e1 \u201cServi\u00e7os de transporte a\u00e9reo no Brasil: panorama do setor\u201d e vai contar com a participa\u00e7\u00e3o de Ana Mandelli, respons\u00e1vel pelo marketing da Ra\u00edzen, e Renato Aranha, diretor da Proair.<\/p>\n<p>O segundo painel, com in\u00edcio previso para 16h10, vai tratar de \u201cComo garantir a colabora\u00e7\u00e3o entre as empresas para executar a opera\u00e7\u00e3o di\u00e1ria com sucesso de forma a garantir agilidade e tranquilidade ao passageiro\u201d. Entre os convidados, Carlos Bittar, presidente da Gate Gourmet, e Edgar Luiz do Nascimento, diretor t\u00e9cnico da Orbital.<\/p>\n<p>O terceiro painel do workshop sobre Ground Handling ser\u00e1 sobre \u201cRegula\u00e7\u00e3o da opera\u00e7\u00e3o no Brasil\u201d e contar\u00e1 com as presen\u00e7as de Fabio Faizi Rahnemay Rabbani, gerente de opera\u00e7\u00f5es aeron\u00e1uticas e aeroportu\u00e1rias, Julio Ribas, presidente da Swissport, e Paulo Costa, da IATA (International Air Transport Association). Os tr\u00eas pain\u00e9is v\u00e3o contar com a modera\u00e7\u00e3o de Luiz Cl\u00e1udio de Souza Alves, representando a Abesata (Associa\u00e7\u00e3o Brasileira de Empresas Auxiliares de Transporte A\u00e9reo).<\/p>\n<p>J\u00e1 na quarta edi\u00e7\u00e3o, a Airport Infra Expo &amp; Aviation Expo \u00e9 um evento dedicado a reunir o setor de infraestrutura aeroportu\u00e1ria e avia\u00e7\u00e3o comercial em um \u00fanico lugar, com o objetivo de gerar neg\u00f3cios e debates para a melhoria do segmento. Organizada pela Sators, a edi\u00e7\u00e3o de 2014 vai ocupar uma \u00e1rea de 5 mil metros quadrados.<\/p>\n<p>Para Ricardo Aparecido Miguel, presidente da Abesata, a presen\u00e7a do segmento em evento desta envergadura \u00e9 sinal do papel importante que as Esatas vem exercendo no setor do transporte a\u00e9reo. \u201cEste workshop tamb\u00e9m vai servir como laborat\u00f3rio para um grande evento educativo que estamos planejando para o ano que vem\u201d, complementou.<\/p>\n<p>Os servi\u00e7os auxiliares movimentam 3,2 bilh\u00f5es de reais ao ano, mas \u00e9 pouco conhecido. A Abesata nasceu no fim do ano passado, justamente para dar visibilidade, credibilidade e reconhecimento ao segmento de ground handling service que conta hoje com 211 empresas em todo pa\u00eds, envolvidas em 70% das opera\u00e7\u00f5es em solo.<\/p>\n","protected":false},"excerpt":{"rendered":"<p>Ground Handling \u00e9 um dos temas que ser\u00e3o debatidos durante a Airpor Infra Expo &amp; Aviation Expo, que acontece de 17 a 19 de setembro, no Expo Center Norte, em S\u00e3o Paulo. O workshop sobre o segmento das Esatas (como s\u00e3o chamadas as empresas auxiliares do transporte a\u00e9reo) foi dividido em tr\u00eas subtemas e acontece [&hellip;]<\/p>\n","protected":false},"author":18,"featured_media":545,"comment_status":"closed","ping_status":"closed","sticky":false,"template":"","format":"standard","meta":{"footnotes":""},"categories":[],"tags":[],"class_list":["post-1504","post","type-post","status-publish","format-standard","has-post-thumbnail","hentry"],"yoast_head":"<!-- This site is optimized with the Yoast SEO plugin v26.5 - https:\/\/yoast.com\/wordpress\/plugins\/seo\/ -->\n<title>Abesata vai moderar Workshop sobre Ground Handling durante a Airport Infra Expo, que acontece de 17 a 19 de setembro em S\u00e3o Paulo - Abesata<\/title>\n<meta name=\"robots\" content=\"index, follow, max-snippet:-1, max-image-preview:large, max-video-preview:-1\" \/>\n<link rel=\"canonical\" href=\"https:\/\/www.abesata.org\/br\/abesata-vai-moderar-workshop-sobre-ground-handling-durante-a-airport-infra-expo-que-acontece-de-17-a-19-de-setembro-em-sao-paulo\/\" \/>\n<meta property=\"og:locale\" content=\"pt_BR\" \/>\n<meta property=\"og:type\" content=\"article\" \/>\n<meta property=\"og:title\" content=\"Abesata vai moderar Workshop sobre Ground Handling durante a Airport Infra Expo, que acontece de 17 a 19 de setembro em S\u00e3o Paulo - Abesata\" \/>\n<meta property=\"og:description\" content=\"Ground Handling \u00e9 um dos temas que ser\u00e3o debatidos durante a Airpor Infra Expo &amp; Aviation Expo, que acontece de 17 a 19 de setembro, no Expo Center Norte, em S\u00e3o Paulo. O workshop sobre o segmento das Esatas (como s\u00e3o chamadas as empresas auxiliares do transporte a\u00e9reo) foi dividido em tr\u00eas subtemas e acontece [&hellip;]\" \/>\n<meta property=\"og:url\" content=\"https:\/\/www.abesata.org\/br\/abesata-vai-moderar-workshop-sobre-ground-handling-durante-a-airport-infra-expo-que-acontece-de-17-a-19-de-setembro-em-sao-paulo\/\" \/>\n<meta property=\"og:site_name\" content=\"Abesata\" \/>\n<meta property=\"article:publisher\" content=\"https:\/\/www.facebook.com\/abesata.org\/\" \/>\n<meta property=\"article:published_time\" content=\"2014-09-12T13:11:35+00:00\" \/>\n<meta property=\"og:image\" content=\"https:\/\/www.abesata.org\/br\/wp-content\/uploads\/2014\/03\/15.png\" \/>\n\t<meta property=\"og:image:width\" content=\"1022\" \/>\n\t<meta property=\"og:image:height\" content=\"336\" \/>\n\t<meta property=\"og:image:type\" content=\"image\/png\" \/>\n<meta name=\"author\" content=\"Ricardo\" \/>\n<meta name=\"twitter:card\" content=\"summary_large_image\" \/>\n<meta name=\"twitter:label1\" content=\"Escrito por\" \/>\n\t<meta name=\"twitter:data1\" content=\"Ricardo\" \/>\n\t<meta name=\"twitter:label2\" content=\"Est. tempo de leitura\" \/>\n\t<meta name=\"twitter:data2\" content=\"2 minutos\" \/>\n<script type=\"application\/ld+json\" class=\"yoast-schema-graph\">{\"@context\":\"https:\/\/schema.org\",\"@graph\":[{\"@type\":\"Article\",\"@id\":\"https:\/\/www.abesata.org\/br\/abesata-vai-moderar-workshop-sobre-ground-handling-durante-a-airport-infra-expo-que-acontece-de-17-a-19-de-setembro-em-sao-paulo\/#article\",\"isPartOf\":{\"@id\":\"https:\/\/www.abesata.org\/br\/abesata-vai-moderar-workshop-sobre-ground-handling-durante-a-airport-infra-expo-que-acontece-de-17-a-19-de-setembro-em-sao-paulo\/\"},\"author\":{\"name\":\"Ricardo\",\"@id\":\"https:\/\/www.abesata.org\/br\/#\/schema\/person\/1f1295145bee68e42ffe39157320456b\"},\"headline\":\"Abesata vai moderar Workshop sobre Ground Handling durante a Airport Infra Expo, que acontece de 17 a 19 de setembro em S\u00e3o Paulo\",\"datePublished\":\"2014-09-12T13:11:35+00:00\",\"mainEntityOfPage\":{\"@id\":\"https:\/\/www.abesata.org\/br\/abesata-vai-moderar-workshop-sobre-ground-handling-durante-a-airport-infra-expo-que-acontece-de-17-a-19-de-setembro-em-sao-paulo\/\"},\"wordCount\":431,\"publisher\":{\"@id\":\"https:\/\/www.abesata.org\/br\/#organization\"},\"image\":{\"@id\":\"https:\/\/www.abesata.org\/br\/abesata-vai-moderar-workshop-sobre-ground-handling-durante-a-airport-infra-expo-que-acontece-de-17-a-19-de-setembro-em-sao-paulo\/#primaryimage\"},\"thumbnailUrl\":\"https:\/\/www.abesata.org\/br\/wp-content\/uploads\/2014\/03\/15.png\",\"inLanguage\":\"pt-BR\"},{\"@type\":\"WebPage\",\"@id\":\"https:\/\/www.abesata.org\/br\/abesata-vai-moderar-workshop-sobre-ground-handling-durante-a-airport-infra-expo-que-acontece-de-17-a-19-de-setembro-em-sao-paulo\/\",\"url\":\"https:\/\/www.abesata.org\/br\/abesata-vai-moderar-workshop-sobre-ground-handling-durante-a-airport-infra-expo-que-acontece-de-17-a-19-de-setembro-em-sao-paulo\/\",\"name\":\"Abesata vai moderar Workshop sobre Ground Handling durante a Airport Infra Expo, que acontece de 17 a 19 de setembro em S\u00e3o Paulo - Abesata\",\"isPartOf\":{\"@id\":\"https:\/\/www.abesata.org\/br\/#website\"},\"primaryImageOfPage\":{\"@id\":\"https:\/\/www.abesata.org\/br\/abesata-vai-moderar-workshop-sobre-ground-handling-durante-a-airport-infra-expo-que-acontece-de-17-a-19-de-setembro-em-sao-paulo\/#primaryimage\"},\"image\":{\"@id\":\"https:\/\/www.abesata.org\/br\/abesata-vai-moderar-workshop-sobre-ground-handling-durante-a-airport-infra-expo-que-acontece-de-17-a-19-de-setembro-em-sao-paulo\/#primaryimage\"},\"thumbnailUrl\":\"https:\/\/www.abesata.org\/br\/wp-content\/uploads\/2014\/03\/15.png\",\"datePublished\":\"2014-09-12T13:11:35+00:00\",\"breadcrumb\":{\"@id\":\"https:\/\/www.abesata.org\/br\/abesata-vai-moderar-workshop-sobre-ground-handling-durante-a-airport-infra-expo-que-acontece-de-17-a-19-de-setembro-em-sao-paulo\/#breadcrumb\"},\"inLanguage\":\"pt-BR\",\"potentialAction\":[{\"@type\":\"ReadAction\",\"target\":[\"https:\/\/www.abesata.org\/br\/abesata-vai-moderar-workshop-sobre-ground-handling-durante-a-airport-infra-expo-que-acontece-de-17-a-19-de-setembro-em-sao-paulo\/\"]}]},{\"@type\":\"ImageObject\",\"inLanguage\":\"pt-BR\",\"@id\":\"https:\/\/www.abesata.org\/br\/abesata-vai-moderar-workshop-sobre-ground-handling-durante-a-airport-infra-expo-que-acontece-de-17-a-19-de-setembro-em-sao-paulo\/#primaryimage\",\"url\":\"https:\/\/www.abesata.org\/br\/wp-content\/uploads\/2014\/03\/15.png\",\"contentUrl\":\"https:\/\/www.abesata.org\/br\/wp-content\/uploads\/2014\/03\/15.png\",\"width\":1022,\"height\":336},{\"@type\":\"BreadcrumbList\",\"@id\":\"https:\/\/www.abesata.org\/br\/abesata-vai-moderar-workshop-sobre-ground-handling-durante-a-airport-infra-expo-que-acontece-de-17-a-19-de-setembro-em-sao-paulo\/#breadcrumb\",\"itemListElement\":[{\"@type\":\"ListItem\",\"position\":1,\"name\":\"In\u00edcio\",\"item\":\"https:\/\/www.abesata.org\/br\/\"},{\"@type\":\"ListItem\",\"position\":2,\"name\":\"Abesata vai moderar Workshop sobre Ground Handling durante a Airport Infra Expo, que acontece de 17 a 19 de setembro em S\u00e3o Paulo\"}]},{\"@type\":\"WebSite\",\"@id\":\"https:\/\/www.abesata.org\/br\/#website\",\"url\":\"https:\/\/www.abesata.org\/br\/\",\"name\":\"Abesata\",\"description\":\"Associa\u00e7\u00e3o Brasileira das Empresas de Servi\u00e7os Auxiliares de Transporte A\u00e9reo\",\"publisher\":{\"@id\":\"https:\/\/www.abesata.org\/br\/#organization\"},\"potentialAction\":[{\"@type\":\"SearchAction\",\"target\":{\"@type\":\"EntryPoint\",\"urlTemplate\":\"https:\/\/www.abesata.org\/br\/?s={search_term_string}\"},\"query-input\":{\"@type\":\"PropertyValueSpecification\",\"valueRequired\":true,\"valueName\":\"search_term_string\"}}],\"inLanguage\":\"pt-BR\"},{\"@type\":\"Organization\",\"@id\":\"https:\/\/www.abesata.org\/br\/#organization\",\"name\":\"Associa\u00e7\u00e3o Brasileira das Empresas de Servi\u00e7os Auxiliares de Transporte A\u00e9reo\",\"alternateName\":\"Abesata\",\"url\":\"https:\/\/www.abesata.org\/br\/\",\"logo\":{\"@type\":\"ImageObject\",\"inLanguage\":\"pt-BR\",\"@id\":\"https:\/\/www.abesata.org\/br\/#\/schema\/logo\/image\/\",\"url\":\"https:\/\/www.abesata.org\/br\/wp-content\/uploads\/2023\/10\/Abesata.png\",\"contentUrl\":\"https:\/\/www.abesata.org\/br\/wp-content\/uploads\/2023\/10\/Abesata.png\",\"width\":1063,\"height\":591,\"caption\":\"Associa\u00e7\u00e3o Brasileira das Empresas de Servi\u00e7os Auxiliares de Transporte A\u00e9reo\"},\"image\":{\"@id\":\"https:\/\/www.abesata.org\/br\/#\/schema\/logo\/image\/\"},\"sameAs\":[\"https:\/\/www.facebook.com\/abesata.org\/\",\"https:\/\/www.instagram.com\/abesata_gh\/\",\"https:\/\/br.linkedin.com\/company\/abesata\"]},{\"@type\":\"Person\",\"@id\":\"https:\/\/www.abesata.org\/br\/#\/schema\/person\/1f1295145bee68e42ffe39157320456b\",\"name\":\"Ricardo\",\"image\":{\"@type\":\"ImageObject\",\"inLanguage\":\"pt-BR\",\"@id\":\"https:\/\/www.abesata.org\/br\/#\/schema\/person\/image\/\",\"url\":\"https:\/\/secure.gravatar.com\/avatar\/1d856797eb89513dee321f840c1a6bbcec15beb178c003e50adcf59323b3a8a9?s=96&d=mm&r=g\",\"contentUrl\":\"https:\/\/secure.gravatar.com\/avatar\/1d856797eb89513dee321f840c1a6bbcec15beb178c003e50adcf59323b3a8a9?s=96&d=mm&r=g\",\"caption\":\"Ricardo\"},\"url\":\"https:\/\/www.abesata.org\/br\/author\/ricardo-baroni\/\"}]}<\/script>\n<!-- \/ Yoast SEO plugin. -->","yoast_head_json":{"title":"Abesata vai moderar Workshop sobre Ground Handling durante a Airport Infra Expo, que acontece de 17 a 19 de setembro em S\u00e3o Paulo - Abesata","robots":{"index":"index","follow":"follow","max-snippet":"max-snippet:-1","max-image-preview":"max-image-preview:large","max-video-preview":"max-video-preview:-1"},"canonical":"https:\/\/www.abesata.org\/br\/abesata-vai-moderar-workshop-sobre-ground-handling-durante-a-airport-infra-expo-que-acontece-de-17-a-19-de-setembro-em-sao-paulo\/","og_locale":"pt_BR","og_type":"article","og_title":"Abesata vai moderar Workshop sobre Ground Handling durante a Airport Infra Expo, que acontece de 17 a 19 de setembro em S\u00e3o Paulo - Abesata","og_description":"Ground Handling \u00e9 um dos temas que ser\u00e3o debatidos durante a Airpor Infra Expo &amp; Aviation Expo, que acontece de 17 a 19 de setembro, no Expo Center Norte, em S\u00e3o Paulo. O workshop sobre o segmento das Esatas (como s\u00e3o chamadas as empresas auxiliares do transporte a\u00e9reo) foi dividido em tr\u00eas subtemas e acontece [&hellip;]","og_url":"https:\/\/www.abesata.org\/br\/abesata-vai-moderar-workshop-sobre-ground-handling-durante-a-airport-infra-expo-que-acontece-de-17-a-19-de-setembro-em-sao-paulo\/","og_site_name":"Abesata","article_publisher":"https:\/\/www.facebook.com\/abesata.org\/","article_published_time":"2014-09-12T13:11:35+00:00","og_image":[{"width":1022,"height":336,"url":"https:\/\/www.abesata.org\/br\/wp-content\/uploads\/2014\/03\/15.png","type":"image\/png"}],"author":"Ricardo","twitter_card":"summary_large_image","twitter_misc":{"Escrito por":"Ricardo","Est. tempo de leitura":"2 minutos"},"schema":{"@context":"https:\/\/schema.org","@graph":[{"@type":"Article","@id":"https:\/\/www.abesata.org\/br\/abesata-vai-moderar-workshop-sobre-ground-handling-durante-a-airport-infra-expo-que-acontece-de-17-a-19-de-setembro-em-sao-paulo\/#article","isPartOf":{"@id":"https:\/\/www.abesata.org\/br\/abesata-vai-moderar-workshop-sobre-ground-handling-durante-a-airport-infra-expo-que-acontece-de-17-a-19-de-setembro-em-sao-paulo\/"},"author":{"name":"Ricardo","@id":"https:\/\/www.abesata.org\/br\/#\/schema\/person\/1f1295145bee68e42ffe39157320456b"},"headline":"Abesata vai moderar Workshop sobre Ground Handling durante a Airport Infra Expo, que acontece de 17 a 19 de setembro em S\u00e3o Paulo","datePublished":"2014-09-12T13:11:35+00:00","mainEntityOfPage":{"@id":"https:\/\/www.abesata.org\/br\/abesata-vai-moderar-workshop-sobre-ground-handling-durante-a-airport-infra-expo-que-acontece-de-17-a-19-de-setembro-em-sao-paulo\/"},"wordCount":431,"publisher":{"@id":"https:\/\/www.abesata.org\/br\/#organization"},"image":{"@id":"https:\/\/www.abesata.org\/br\/abesata-vai-moderar-workshop-sobre-ground-handling-durante-a-airport-infra-expo-que-acontece-de-17-a-19-de-setembro-em-sao-paulo\/#primaryimage"},"thumbnailUrl":"https:\/\/www.abesata.org\/br\/wp-content\/uploads\/2014\/03\/15.png","inLanguage":"pt-BR"},{"@type":"WebPage","@id":"https:\/\/www.abesata.org\/br\/abesata-vai-moderar-workshop-sobre-ground-handling-durante-a-airport-infra-expo-que-acontece-de-17-a-19-de-setembro-em-sao-paulo\/","url":"https:\/\/www.abesata.org\/br\/abesata-vai-moderar-workshop-sobre-ground-handling-durante-a-airport-infra-expo-que-acontece-de-17-a-19-de-setembro-em-sao-paulo\/","name":"Abesata vai moderar Workshop sobre Ground Handling durante a Airport Infra Expo, que acontece de 17 a 19 de setembro em S\u00e3o Paulo - Abesata","isPartOf":{"@id":"https:\/\/www.abesata.org\/br\/#website"},"primaryImageOfPage":{"@id":"https:\/\/www.abesata.org\/br\/abesata-vai-moderar-workshop-sobre-ground-handling-durante-a-airport-infra-expo-que-acontece-de-17-a-19-de-setembro-em-sao-paulo\/#primaryimage"},"image":{"@id":"https:\/\/www.abesata.org\/br\/abesata-vai-moderar-workshop-sobre-ground-handling-durante-a-airport-infra-expo-que-acontece-de-17-a-19-de-setembro-em-sao-paulo\/#primaryimage"},"thumbnailUrl":"https:\/\/www.abesata.org\/br\/wp-content\/uploads\/2014\/03\/15.png","datePublished":"2014-09-12T13:11:35+00:00","breadcrumb":{"@id":"https:\/\/www.abesata.org\/br\/abesata-vai-moderar-workshop-sobre-ground-handling-durante-a-airport-infra-expo-que-acontece-de-17-a-19-de-setembro-em-sao-paulo\/#breadcrumb"},"inLanguage":"pt-BR","potentialAction":[{"@type":"ReadAction","target":["https:\/\/www.abesata.org\/br\/abesata-vai-moderar-workshop-sobre-ground-handling-durante-a-airport-infra-expo-que-acontece-de-17-a-19-de-setembro-em-sao-paulo\/"]}]},{"@type":"ImageObject","inLanguage":"pt-BR","@id":"https:\/\/www.abesata.org\/br\/abesata-vai-moderar-workshop-sobre-ground-handling-durante-a-airport-infra-expo-que-acontece-de-17-a-19-de-setembro-em-sao-paulo\/#primaryimage","url":"https:\/\/www.abesata.org\/br\/wp-content\/uploads\/2014\/03\/15.png","contentUrl":"https:\/\/www.abesata.org\/br\/wp-content\/uploads\/2014\/03\/15.png","width":1022,"height":336},{"@type":"BreadcrumbList","@id":"https:\/\/www.abesata.org\/br\/abesata-vai-moderar-workshop-sobre-ground-handling-durante-a-airport-infra-expo-que-acontece-de-17-a-19-de-setembro-em-sao-paulo\/#breadcrumb","itemListElement":[{"@type":"ListItem","position":1,"name":"In\u00edcio","item":"https:\/\/www.abesata.org\/br\/"},{"@type":"ListItem","position":2,"name":"Abesata vai moderar Workshop sobre Ground Handling durante a Airport Infra Expo, que acontece de 17 a 19 de setembro em S\u00e3o Paulo"}]},{"@type":"WebSite","@id":"https:\/\/www.abesata.org\/br\/#website","url":"https:\/\/www.abesata.org\/br\/","name":"Abesata","description":"Associa\u00e7\u00e3o Brasileira das Empresas de Servi\u00e7os Auxiliares de Transporte A\u00e9reo","publisher":{"@id":"https:\/\/www.abesata.org\/br\/#organization"},"potentialAction":[{"@type":"SearchAction","target":{"@type":"EntryPoint","urlTemplate":"https:\/\/www.abesata.org\/br\/?s={search_term_string}"},"query-input":{"@type":"PropertyValueSpecification","valueRequired":true,"valueName":"search_term_string"}}],"inLanguage":"pt-BR"},{"@type":"Organization","@id":"https:\/\/www.abesata.org\/br\/#organization","name":"Associa\u00e7\u00e3o Brasileira das Empresas de Servi\u00e7os Auxiliares de Transporte A\u00e9reo","alternateName":"Abesata","url":"https:\/\/www.abesata.org\/br\/","logo":{"@type":"ImageObject","inLanguage":"pt-BR","@id":"https:\/\/www.abesata.org\/br\/#\/schema\/logo\/image\/","url":"https:\/\/www.abesata.org\/br\/wp-content\/uploads\/2023\/10\/Abesata.png","contentUrl":"https:\/\/www.abesata.org\/br\/wp-content\/uploads\/2023\/10\/Abesata.png","width":1063,"height":591,"caption":"Associa\u00e7\u00e3o Brasileira das Empresas de Servi\u00e7os Auxiliares de Transporte A\u00e9reo"},"image":{"@id":"https:\/\/www.abesata.org\/br\/#\/schema\/logo\/image\/"},"sameAs":["https:\/\/www.facebook.com\/abesata.org\/","https:\/\/www.instagram.com\/abesata_gh\/","https:\/\/br.linkedin.com\/company\/abesata"]},{"@type":"Person","@id":"https:\/\/www.abesata.org\/br\/#\/schema\/person\/1f1295145bee68e42ffe39157320456b","name":"Ricardo","image":{"@type":"ImageObject","inLanguage":"pt-BR","@id":"https:\/\/www.abesata.org\/br\/#\/schema\/person\/image\/","url":"https:\/\/secure.gravatar.com\/avatar\/1d856797eb89513dee321f840c1a6bbcec15beb178c003e50adcf59323b3a8a9?s=96&d=mm&r=g","contentUrl":"https:\/\/secure.gravatar.com\/avatar\/1d856797eb89513dee321f840c1a6bbcec15beb178c003e50adcf59323b3a8a9?s=96&d=mm&r=g","caption":"Ricardo"},"url":"https:\/\/www.abesata.org\/br\/author\/ricardo-baroni\/"}]}},"_links":{"self":[{"href":"https:\/\/www.abesata.org\/br\/wp-json\/wp\/v2\/posts\/1504","targetHints":{"allow":["GET"]}}],"collection":[{"href":"https:\/\/www.abesata.org\/br\/wp-json\/wp\/v2\/posts"}],"about":[{"href":"https:\/\/www.abesata.org\/br\/wp-json\/wp\/v2\/types\/post"}],"author":[{"embeddable":true,"href":"https:\/\/www.abesata.org\/br\/wp-json\/wp\/v2\/users\/18"}],"replies":[{"embeddable":true,"href":"https:\/\/www.abesata.org\/br\/wp-json\/wp\/v2\/comments?post=1504"}],"version-history":[{"count":0,"href":"https:\/\/www.abesata.org\/br\/wp-json\/wp\/v2\/posts\/1504\/revisions"}],"wp:featuredmedia":[{"embeddable":true,"href":"https:\/\/www.abesata.org\/br\/wp-json\/wp\/v2\/media\/545"}],"wp:attachment":[{"href":"https:\/\/www.abesata.org\/br\/wp-json\/wp\/v2\/media?parent=1504"}],"wp:term":[{"taxonomy":"category","embeddable":true,"href":"https:\/\/www.abesata.org\/br\/wp-json\/wp\/v2\/categories?post=1504"},{"taxonomy":"post_tag","embeddable":true,"href":"https:\/\/www.abesata.org\/br\/wp-json\/wp\/v2\/tags?post=1504"}],"curies":[{"name":"wp","href":"https:\/\/api.w.org\/{rel}","templated":true}]}}