{"id":1509,"date":"2014-09-15T14:13:00","date_gmt":"2014-09-15T17:13:00","guid":{"rendered":"http:\/\/www.abesata.org\/?p=1509"},"modified":"2014-09-15T14:24:49","modified_gmt":"2014-09-15T17:24:49","slug":"infraero-vai-investir-r-40-milhoes-no-aeroporto-de-gv","status":"publish","type":"post","link":"https:\/\/www.abesata.org\/br\/infraero-vai-investir-r-40-milhoes-no-aeroporto-de-gv\/","title":{"rendered":"Infraero vai investir R$ 40 milh\u00f5es no aeroporto de GV"},"content":{"rendered":"<p>O Aeroporto Coronel Altino Machado, em Governador Valadares, na regi\u00e3o do Vale do Rio Doce, ser\u00e1 reformado e ampliado, segundo o presidente da Empresa Brasileira de Infraestrutura Aeroportu\u00e1ria (Infraero), Ant\u00f4nio Gustavo Matos do Vale. O investimento deve ser superior a R$ 40 milh\u00f5es. \u201cA licita\u00e7\u00e3o deve ser colocada no mercado at\u00e9 o fim deste m\u00eas\u201d, diz.<\/p>\n<p>Durante encontro na Federa\u00e7\u00e3o das Ind\u00fastrias do Estado de Minas Gerais (Fiemg) \u2013 regional Rio Doce \u2013 , ele esclareceu que a expectativa \u00e9 que as obras possam come\u00e7ar entre o fim deste ano e in\u00edcio de 2015. \u201cElas devem ser conclu\u00eddas em at\u00e9 18 meses a partir da ordem de servi\u00e7o\u201d, observou.<\/p>\n<p>Ele explicou que as interven\u00e7\u00f5es, com recursos do governo federal, contemplam um novo terminal de passageiros de 2,2 mil metros quadrados e novo sistema de controle e combate a inc\u00eandio, al\u00e9m de reforma da pista e constru\u00e7\u00e3o de um novo p\u00e1tio de aeronave com oito posi\u00e7\u00f5es simult\u00e2neas.<\/p>\n<p><em>Programa<br \/>\n<\/em>A cidade est\u00e1 entre as 20 que ser\u00e3o atendidas na primeira etapa do Programa de Regionaliza\u00e7\u00e3o dos Aeroportos do governo federal.<\/p>\n<p>A presidente da Fiemg da regional Rio Doce, Rosane Maria Rocha Azevedo, conta que hoje a sala de embarque tem capacidade para receber cem pessoas sentadas. \u201cFoi uma surpresa. Teremos um novo aeroporto constru\u00eddo no mesmo local. A \u00fanica coisa do antigo ser\u00e1 mesmo a pista\u201d, diz.<\/p>\n<p>Rosane frisa que o aeroporto ir\u00e1 ajudar na log\u00edstica da cidade e, logo, facilitar a atra\u00e7\u00e3o de empresas para toda a regi\u00e3o.<\/p>\n<p>O Aeroporto Coronel Altino Machado recebe em torno de 5.000 passageiros por m\u00eas. \u201cCom o novo terminal, o n\u00famero de passageiros deve, no m\u00ednimo, duplicar\u201d, comemora a presidente.<\/p>\n<p>A prefeita de Governador Valadares, Elisa Maria Costa (PT), que tamb\u00e9m esteve presente no encontro, ressaltou que, com as obras, o aeroporto poder\u00e1 receber aeronaves de maior porte.<\/p>\n<p style=\"text-align: right;\">Fonte: O Tempo<br \/>\n13\/09\/2014<\/p>\n","protected":false},"excerpt":{"rendered":"<p>O Aeroporto Coronel Altino Machado, em Governador Valadares, na regi\u00e3o do Vale do Rio Doce, ser\u00e1 reformado e ampliado, segundo o presidente da Empresa Brasileira de Infraestrutura Aeroportu\u00e1ria (Infraero), Ant\u00f4nio Gustavo Matos do Vale. O investimento deve ser superior a R$ 40 milh\u00f5es. \u201cA licita\u00e7\u00e3o deve ser colocada no mercado at\u00e9 o fim deste m\u00eas\u201d, [&hellip;]<\/p>\n","protected":false},"author":18,"featured_media":0,"comment_status":"closed","ping_status":"closed","sticky":false,"template":"","format":"standard","meta":{"footnotes":""},"categories":[],"tags":[],"class_list":["post-1509","post","type-post","status-publish","format-standard","hentry"],"yoast_head":"<!-- This site is optimized with the Yoast SEO plugin v26.5 - https:\/\/yoast.com\/wordpress\/plugins\/seo\/ -->\n<title>Infraero vai investir R$ 40 milh\u00f5es no aeroporto de GV - Abesata<\/title>\n<meta name=\"robots\" content=\"index, follow, max-snippet:-1, max-image-preview:large, max-video-preview:-1\" \/>\n<link rel=\"canonical\" href=\"https:\/\/www.abesata.org\/br\/infraero-vai-investir-r-40-milhoes-no-aeroporto-de-gv\/\" \/>\n<meta property=\"og:locale\" content=\"pt_BR\" \/>\n<meta property=\"og:type\" content=\"article\" \/>\n<meta property=\"og:title\" content=\"Infraero vai investir R$ 40 milh\u00f5es no aeroporto de GV - Abesata\" \/>\n<meta property=\"og:description\" content=\"O Aeroporto Coronel Altino Machado, em Governador Valadares, na regi\u00e3o do Vale do Rio Doce, ser\u00e1 reformado e ampliado, segundo o presidente da Empresa Brasileira de Infraestrutura Aeroportu\u00e1ria (Infraero), Ant\u00f4nio Gustavo Matos do Vale. O investimento deve ser superior a R$ 40 milh\u00f5es. \u201cA licita\u00e7\u00e3o deve ser colocada no mercado at\u00e9 o fim deste m\u00eas\u201d, [&hellip;]\" \/>\n<meta property=\"og:url\" content=\"https:\/\/www.abesata.org\/br\/infraero-vai-investir-r-40-milhoes-no-aeroporto-de-gv\/\" \/>\n<meta property=\"og:site_name\" content=\"Abesata\" \/>\n<meta property=\"article:publisher\" content=\"https:\/\/www.facebook.com\/abesata.org\/\" \/>\n<meta property=\"article:published_time\" content=\"2014-09-15T17:13:00+00:00\" \/>\n<meta property=\"article:modified_time\" content=\"2014-09-15T17:24:49+00:00\" \/>\n<meta name=\"author\" content=\"Ricardo\" \/>\n<meta name=\"twitter:card\" content=\"summary_large_image\" \/>\n<meta name=\"twitter:label1\" content=\"Escrito por\" \/>\n\t<meta name=\"twitter:data1\" content=\"Ricardo\" \/>\n\t<meta name=\"twitter:label2\" content=\"Est. tempo de leitura\" \/>\n\t<meta name=\"twitter:data2\" content=\"2 minutos\" \/>\n<script type=\"application\/ld+json\" class=\"yoast-schema-graph\">{\"@context\":\"https:\/\/schema.org\",\"@graph\":[{\"@type\":\"Article\",\"@id\":\"https:\/\/www.abesata.org\/br\/infraero-vai-investir-r-40-milhoes-no-aeroporto-de-gv\/#article\",\"isPartOf\":{\"@id\":\"https:\/\/www.abesata.org\/br\/infraero-vai-investir-r-40-milhoes-no-aeroporto-de-gv\/\"},\"author\":{\"name\":\"Ricardo\",\"@id\":\"https:\/\/www.abesata.org\/br\/#\/schema\/person\/1f1295145bee68e42ffe39157320456b\"},\"headline\":\"Infraero vai investir R$ 40 milh\u00f5es no aeroporto de GV\",\"datePublished\":\"2014-09-15T17:13:00+00:00\",\"dateModified\":\"2014-09-15T17:24:49+00:00\",\"mainEntityOfPage\":{\"@id\":\"https:\/\/www.abesata.org\/br\/infraero-vai-investir-r-40-milhoes-no-aeroporto-de-gv\/\"},\"wordCount\":335,\"publisher\":{\"@id\":\"https:\/\/www.abesata.org\/br\/#organization\"},\"inLanguage\":\"pt-BR\"},{\"@type\":\"WebPage\",\"@id\":\"https:\/\/www.abesata.org\/br\/infraero-vai-investir-r-40-milhoes-no-aeroporto-de-gv\/\",\"url\":\"https:\/\/www.abesata.org\/br\/infraero-vai-investir-r-40-milhoes-no-aeroporto-de-gv\/\",\"name\":\"Infraero vai investir R$ 40 milh\u00f5es no aeroporto de GV - Abesata\",\"isPartOf\":{\"@id\":\"https:\/\/www.abesata.org\/br\/#website\"},\"datePublished\":\"2014-09-15T17:13:00+00:00\",\"dateModified\":\"2014-09-15T17:24:49+00:00\",\"breadcrumb\":{\"@id\":\"https:\/\/www.abesata.org\/br\/infraero-vai-investir-r-40-milhoes-no-aeroporto-de-gv\/#breadcrumb\"},\"inLanguage\":\"pt-BR\",\"potentialAction\":[{\"@type\":\"ReadAction\",\"target\":[\"https:\/\/www.abesata.org\/br\/infraero-vai-investir-r-40-milhoes-no-aeroporto-de-gv\/\"]}]},{\"@type\":\"BreadcrumbList\",\"@id\":\"https:\/\/www.abesata.org\/br\/infraero-vai-investir-r-40-milhoes-no-aeroporto-de-gv\/#breadcrumb\",\"itemListElement\":[{\"@type\":\"ListItem\",\"position\":1,\"name\":\"In\u00edcio\",\"item\":\"https:\/\/www.abesata.org\/br\/\"},{\"@type\":\"ListItem\",\"position\":2,\"name\":\"Infraero vai investir R$ 40 milh\u00f5es no aeroporto de GV\"}]},{\"@type\":\"WebSite\",\"@id\":\"https:\/\/www.abesata.org\/br\/#website\",\"url\":\"https:\/\/www.abesata.org\/br\/\",\"name\":\"Abesata\",\"description\":\"Associa\u00e7\u00e3o Brasileira das Empresas de Servi\u00e7os Auxiliares de Transporte A\u00e9reo\",\"publisher\":{\"@id\":\"https:\/\/www.abesata.org\/br\/#organization\"},\"potentialAction\":[{\"@type\":\"SearchAction\",\"target\":{\"@type\":\"EntryPoint\",\"urlTemplate\":\"https:\/\/www.abesata.org\/br\/?s={search_term_string}\"},\"query-input\":{\"@type\":\"PropertyValueSpecification\",\"valueRequired\":true,\"valueName\":\"search_term_string\"}}],\"inLanguage\":\"pt-BR\"},{\"@type\":\"Organization\",\"@id\":\"https:\/\/www.abesata.org\/br\/#organization\",\"name\":\"Associa\u00e7\u00e3o Brasileira das Empresas de Servi\u00e7os Auxiliares de Transporte A\u00e9reo\",\"alternateName\":\"Abesata\",\"url\":\"https:\/\/www.abesata.org\/br\/\",\"logo\":{\"@type\":\"ImageObject\",\"inLanguage\":\"pt-BR\",\"@id\":\"https:\/\/www.abesata.org\/br\/#\/schema\/logo\/image\/\",\"url\":\"https:\/\/www.abesata.org\/br\/wp-content\/uploads\/2023\/10\/Abesata.png\",\"contentUrl\":\"https:\/\/www.abesata.org\/br\/wp-content\/uploads\/2023\/10\/Abesata.png\",\"width\":1063,\"height\":591,\"caption\":\"Associa\u00e7\u00e3o Brasileira das Empresas de Servi\u00e7os Auxiliares de Transporte A\u00e9reo\"},\"image\":{\"@id\":\"https:\/\/www.abesata.org\/br\/#\/schema\/logo\/image\/\"},\"sameAs\":[\"https:\/\/www.facebook.com\/abesata.org\/\",\"https:\/\/www.instagram.com\/abesata_gh\/\",\"https:\/\/br.linkedin.com\/company\/abesata\"]},{\"@type\":\"Person\",\"@id\":\"https:\/\/www.abesata.org\/br\/#\/schema\/person\/1f1295145bee68e42ffe39157320456b\",\"name\":\"Ricardo\",\"image\":{\"@type\":\"ImageObject\",\"inLanguage\":\"pt-BR\",\"@id\":\"https:\/\/www.abesata.org\/br\/#\/schema\/person\/image\/\",\"url\":\"https:\/\/secure.gravatar.com\/avatar\/1d856797eb89513dee321f840c1a6bbcec15beb178c003e50adcf59323b3a8a9?s=96&d=mm&r=g\",\"contentUrl\":\"https:\/\/secure.gravatar.com\/avatar\/1d856797eb89513dee321f840c1a6bbcec15beb178c003e50adcf59323b3a8a9?s=96&d=mm&r=g\",\"caption\":\"Ricardo\"},\"url\":\"https:\/\/www.abesata.org\/br\/author\/ricardo-baroni\/\"}]}<\/script>\n<!-- \/ Yoast SEO plugin. -->","yoast_head_json":{"title":"Infraero vai investir R$ 40 milh\u00f5es no aeroporto de GV - Abesata","robots":{"index":"index","follow":"follow","max-snippet":"max-snippet:-1","max-image-preview":"max-image-preview:large","max-video-preview":"max-video-preview:-1"},"canonical":"https:\/\/www.abesata.org\/br\/infraero-vai-investir-r-40-milhoes-no-aeroporto-de-gv\/","og_locale":"pt_BR","og_type":"article","og_title":"Infraero vai investir R$ 40 milh\u00f5es no aeroporto de GV - Abesata","og_description":"O Aeroporto Coronel Altino Machado, em Governador Valadares, na regi\u00e3o do Vale do Rio Doce, ser\u00e1 reformado e ampliado, segundo o presidente da Empresa Brasileira de Infraestrutura Aeroportu\u00e1ria (Infraero), Ant\u00f4nio Gustavo Matos do Vale. O investimento deve ser superior a R$ 40 milh\u00f5es. \u201cA licita\u00e7\u00e3o deve ser colocada no mercado at\u00e9 o fim deste m\u00eas\u201d, [&hellip;]","og_url":"https:\/\/www.abesata.org\/br\/infraero-vai-investir-r-40-milhoes-no-aeroporto-de-gv\/","og_site_name":"Abesata","article_publisher":"https:\/\/www.facebook.com\/abesata.org\/","article_published_time":"2014-09-15T17:13:00+00:00","article_modified_time":"2014-09-15T17:24:49+00:00","author":"Ricardo","twitter_card":"summary_large_image","twitter_misc":{"Escrito por":"Ricardo","Est. tempo de leitura":"2 minutos"},"schema":{"@context":"https:\/\/schema.org","@graph":[{"@type":"Article","@id":"https:\/\/www.abesata.org\/br\/infraero-vai-investir-r-40-milhoes-no-aeroporto-de-gv\/#article","isPartOf":{"@id":"https:\/\/www.abesata.org\/br\/infraero-vai-investir-r-40-milhoes-no-aeroporto-de-gv\/"},"author":{"name":"Ricardo","@id":"https:\/\/www.abesata.org\/br\/#\/schema\/person\/1f1295145bee68e42ffe39157320456b"},"headline":"Infraero vai investir R$ 40 milh\u00f5es no aeroporto de GV","datePublished":"2014-09-15T17:13:00+00:00","dateModified":"2014-09-15T17:24:49+00:00","mainEntityOfPage":{"@id":"https:\/\/www.abesata.org\/br\/infraero-vai-investir-r-40-milhoes-no-aeroporto-de-gv\/"},"wordCount":335,"publisher":{"@id":"https:\/\/www.abesata.org\/br\/#organization"},"inLanguage":"pt-BR"},{"@type":"WebPage","@id":"https:\/\/www.abesata.org\/br\/infraero-vai-investir-r-40-milhoes-no-aeroporto-de-gv\/","url":"https:\/\/www.abesata.org\/br\/infraero-vai-investir-r-40-milhoes-no-aeroporto-de-gv\/","name":"Infraero vai investir R$ 40 milh\u00f5es no aeroporto de GV - Abesata","isPartOf":{"@id":"https:\/\/www.abesata.org\/br\/#website"},"datePublished":"2014-09-15T17:13:00+00:00","dateModified":"2014-09-15T17:24:49+00:00","breadcrumb":{"@id":"https:\/\/www.abesata.org\/br\/infraero-vai-investir-r-40-milhoes-no-aeroporto-de-gv\/#breadcrumb"},"inLanguage":"pt-BR","potentialAction":[{"@type":"ReadAction","target":["https:\/\/www.abesata.org\/br\/infraero-vai-investir-r-40-milhoes-no-aeroporto-de-gv\/"]}]},{"@type":"BreadcrumbList","@id":"https:\/\/www.abesata.org\/br\/infraero-vai-investir-r-40-milhoes-no-aeroporto-de-gv\/#breadcrumb","itemListElement":[{"@type":"ListItem","position":1,"name":"In\u00edcio","item":"https:\/\/www.abesata.org\/br\/"},{"@type":"ListItem","position":2,"name":"Infraero vai investir R$ 40 milh\u00f5es no aeroporto de GV"}]},{"@type":"WebSite","@id":"https:\/\/www.abesata.org\/br\/#website","url":"https:\/\/www.abesata.org\/br\/","name":"Abesata","description":"Associa\u00e7\u00e3o Brasileira das Empresas de Servi\u00e7os Auxiliares de Transporte A\u00e9reo","publisher":{"@id":"https:\/\/www.abesata.org\/br\/#organization"},"potentialAction":[{"@type":"SearchAction","target":{"@type":"EntryPoint","urlTemplate":"https:\/\/www.abesata.org\/br\/?s={search_term_string}"},"query-input":{"@type":"PropertyValueSpecification","valueRequired":true,"valueName":"search_term_string"}}],"inLanguage":"pt-BR"},{"@type":"Organization","@id":"https:\/\/www.abesata.org\/br\/#organization","name":"Associa\u00e7\u00e3o Brasileira das Empresas de Servi\u00e7os Auxiliares de Transporte A\u00e9reo","alternateName":"Abesata","url":"https:\/\/www.abesata.org\/br\/","logo":{"@type":"ImageObject","inLanguage":"pt-BR","@id":"https:\/\/www.abesata.org\/br\/#\/schema\/logo\/image\/","url":"https:\/\/www.abesata.org\/br\/wp-content\/uploads\/2023\/10\/Abesata.png","contentUrl":"https:\/\/www.abesata.org\/br\/wp-content\/uploads\/2023\/10\/Abesata.png","width":1063,"height":591,"caption":"Associa\u00e7\u00e3o Brasileira das Empresas de Servi\u00e7os Auxiliares de Transporte A\u00e9reo"},"image":{"@id":"https:\/\/www.abesata.org\/br\/#\/schema\/logo\/image\/"},"sameAs":["https:\/\/www.facebook.com\/abesata.org\/","https:\/\/www.instagram.com\/abesata_gh\/","https:\/\/br.linkedin.com\/company\/abesata"]},{"@type":"Person","@id":"https:\/\/www.abesata.org\/br\/#\/schema\/person\/1f1295145bee68e42ffe39157320456b","name":"Ricardo","image":{"@type":"ImageObject","inLanguage":"pt-BR","@id":"https:\/\/www.abesata.org\/br\/#\/schema\/person\/image\/","url":"https:\/\/secure.gravatar.com\/avatar\/1d856797eb89513dee321f840c1a6bbcec15beb178c003e50adcf59323b3a8a9?s=96&d=mm&r=g","contentUrl":"https:\/\/secure.gravatar.com\/avatar\/1d856797eb89513dee321f840c1a6bbcec15beb178c003e50adcf59323b3a8a9?s=96&d=mm&r=g","caption":"Ricardo"},"url":"https:\/\/www.abesata.org\/br\/author\/ricardo-baroni\/"}]}},"_links":{"self":[{"href":"https:\/\/www.abesata.org\/br\/wp-json\/wp\/v2\/posts\/1509","targetHints":{"allow":["GET"]}}],"collection":[{"href":"https:\/\/www.abesata.org\/br\/wp-json\/wp\/v2\/posts"}],"about":[{"href":"https:\/\/www.abesata.org\/br\/wp-json\/wp\/v2\/types\/post"}],"author":[{"embeddable":true,"href":"https:\/\/www.abesata.org\/br\/wp-json\/wp\/v2\/users\/18"}],"replies":[{"embeddable":true,"href":"https:\/\/www.abesata.org\/br\/wp-json\/wp\/v2\/comments?post=1509"}],"version-history":[{"count":0,"href":"https:\/\/www.abesata.org\/br\/wp-json\/wp\/v2\/posts\/1509\/revisions"}],"wp:attachment":[{"href":"https:\/\/www.abesata.org\/br\/wp-json\/wp\/v2\/media?parent=1509"}],"wp:term":[{"taxonomy":"category","embeddable":true,"href":"https:\/\/www.abesata.org\/br\/wp-json\/wp\/v2\/categories?post=1509"},{"taxonomy":"post_tag","embeddable":true,"href":"https:\/\/www.abesata.org\/br\/wp-json\/wp\/v2\/tags?post=1509"}],"curies":[{"name":"wp","href":"https:\/\/api.w.org\/{rel}","templated":true}]}}