{"id":1529,"date":"2014-09-17T14:00:25","date_gmt":"2014-09-17T17:00:25","guid":{"rendered":"http:\/\/www.abesata.org\/?p=1529"},"modified":"2014-09-17T14:00:25","modified_gmt":"2014-09-17T17:00:25","slug":"governo-estimula-aporte-de-fundos-em-aeroportos-privados","status":"publish","type":"post","link":"https:\/\/www.abesata.org\/br\/governo-estimula-aporte-de-fundos-em-aeroportos-privados\/","title":{"rendered":"Governo estimula aporte de fundos em aeroportos privados"},"content":{"rendered":"<p>O governo pretende estimular a inje\u00e7\u00e3o de recursos do FI-FGTS e de um fundo de investimentos da Caixa Econ\u00f4mica Federal nos projetos de novos aeroportos privados para a avia\u00e7\u00e3o executiva. Dezesseis investidores no setor foram convidados para discutir esses incentivos em uma reuni\u00e3o na segunda-feira, no escrit\u00f3rio da Presid\u00eancia da Rep\u00fablica em S\u00e3o Paulo, com t\u00e9cnicos da Secretaria de Avia\u00e7\u00e3o Civil e executivos da vice-presid\u00eancia de gest\u00e3o de ativos de terceiros da Caixa.<\/p>\n<p>O ministro da Avia\u00e7\u00e3o Civil, Moreira Franco, informou ao Valor que ser\u00e3o oferecidos dois &#8220;produtos&#8221; aos investidores: o FI-FGTS e o Caixa FIP Integra\u00e7\u00e3o Log\u00edstica, um novo fundo de investimento do banco estatal, com capital de R$ 1 bilh\u00e3o. Nos dois casos, eventuais aportes ocorrem em troca de participa\u00e7\u00e3o acion\u00e1ria nos empreendimentos. A oferta, segundo o ministro, busca suprir a car\u00eancia de financiamento atrativo a esses aeroportos. O Banco Nacional de Desenvolvimento Econ\u00f4mico e Social (BNDES), por exemplo, tem dado prioridade aos megaprojetos do setor &#8211; como os terminais concedidos \u00e0 iniciativa privada nos \u00faltimos anos.<\/p>\n<p>Em dezembro de 2012, um decreto presidencial permitiu a constru\u00e7\u00e3o de novos aeroportos privados, desde que voltados exclusivamente \u00e0 avia\u00e7\u00e3o geral. Pousos e decolagens de voos comerciais &#8211; das companhias a\u00e9reas &#8211; s\u00e3o impedidos de usar essas estruturas. Uma s\u00e9rie de empreendimentos foi autorizada pela Secretaria de Avia\u00e7\u00e3o Civil, mas poucos conseguiram efetivamente se viabilizar. Os aeroportos da JHSF, em S\u00e3o Roque (SP), e do grupo Penido, em Ca\u00e7apava (SP), t\u00eam obras em andamento. Mesmo assim, s\u00e3o candidatos a receber os aportes financeiros dos dois fundos.<\/p>\n<p>A lista de candidatos inclui outros aeroportos que ainda n\u00e3o receberam autoriza\u00e7\u00e3o. Um deles \u00e9 um projeto da J. Malucelli, no munic\u00edpio de Balsa Nova (PR), a 46 quil\u00f4metros de Curitiba, em uma regi\u00e3o com concentra\u00e7\u00e3o de ind\u00fastrias de ve\u00edculos e de autope\u00e7as. Outros dois empreendimentos com potencial para receber recursos s\u00e3o os aeroportos privados de Itabirito\/Nova Lima (MG) e de Aparecida de Goi\u00e2nia (GO).<\/p>\n<p>&#8220;Isso vai dar um impulso nos projetos&#8221;, diz o ministro. Ele lembrou que o Brasil tem hoje a segunda maior frota de avia\u00e7\u00e3o geral do mundo &#8211; perde s\u00f3 para os Estados Unidos. Dados da Abag, associa\u00e7\u00e3o do setor, indicam que a frota totaliza quase 14 mil unidades entre jatinhos, turbo\u00e9lices, helic\u00f3pteros e avi\u00f5es agr\u00edcolas.<\/p>\n<p>Em outra frente, o ministro fez uma reuni\u00e3o com 35 investidores institucionais, como gestores de recursos. Ita\u00fa, BTG Pactual, Vinci Partners, J.P. Morgan e G\u00e1vea Investimentos conversaram sobre as possibilidades de atua\u00e7\u00e3o no setor. O foco esteve n\u00e3o apenas em mecanismos de financiamento, mas tamb\u00e9m nas perspectivas de participa\u00e7\u00e3o &#8211; inclusive como eventuais operadores &#8211; do plano de avia\u00e7\u00e3o regional, que prev\u00ea investimentos de R$ 7,3 bilh\u00f5es em 270 aeroportos.<\/p>\n<p>Em parceria com o Banco do Brasil, a Secretaria de Avia\u00e7\u00e3o Civil j\u00e1 fez 220 estudos de viabilidade dos aeroportos e est\u00e1 desenvolvendo projetos de engenharia de 140 terminais, que v\u00e3o ter obras a partir do ano que vem.<\/p>\n<p>Para servir como alternativa na administra\u00e7\u00e3o desses aeroportos, o governo pretende tirar do papel a Infraero Servi\u00e7os, no in\u00edcio de 2015. A Infraero se aliar\u00e1 a uma grande operadora estrangeira para isso. A espanhola Aena e a alem\u00e3 Fraport s\u00e3o favoritas para associar-se \u00e0 estatal brasileira.<\/p>\n<p>Moreira Franco citou as concess\u00f5es de grandes aeroportos \u00e0 iniciativa privada para rebater as cr\u00edticas &#8211; feitas esta semana por aliados da candidata do PSB \u00e0 Presid\u00eancia da Rep\u00fablica, Marina Silva &#8211; de que o governo trataria os empres\u00e1rios como &#8220;prostitutas&#8221;. &#8220;\u00c9 absolutamente terrorista querer vender a ideia de que a presidente Dilma \u00e9 contra o capital privado&#8221;, disse o ministro.<\/p>\n<p>Enf\u00e1tico na defesa do governo, Moreira Franco afirmou que o valor de todos os contratos de concess\u00e3o assinados na atual administra\u00e7\u00e3o &#8211; incluindo rodovias e portos &#8211; supera a soma de tudo o que foi feito nos governos de Itamar Franco, Fernando Henrique Cardoso e Luiz In\u00e1cio Lula da Silva. Segundo ele, os cr\u00edticos de Dilma confundem o &#8220;perfil contundente&#8221; da presidente com postura refrat\u00e1ria ao capital privado.<\/p>\n<p style=\"text-align: right;\">\u00a0Fonte: Valor Econ\u00f4mico<br \/>\n17\/09\/2014<\/p>\n","protected":false},"excerpt":{"rendered":"<p>O governo pretende estimular a inje\u00e7\u00e3o de recursos do FI-FGTS e de um fundo de investimentos da Caixa Econ\u00f4mica Federal nos projetos de novos aeroportos privados para a avia\u00e7\u00e3o executiva. Dezesseis investidores no setor foram convidados para discutir esses incentivos em uma reuni\u00e3o na segunda-feira, no escrit\u00f3rio da Presid\u00eancia da Rep\u00fablica em S\u00e3o Paulo, com [&hellip;]<\/p>\n","protected":false},"author":18,"featured_media":0,"comment_status":"closed","ping_status":"closed","sticky":false,"template":"","format":"standard","meta":{"footnotes":""},"categories":[],"tags":[],"class_list":["post-1529","post","type-post","status-publish","format-standard","hentry"],"yoast_head":"<!-- This site is optimized with the Yoast SEO plugin v26.5 - https:\/\/yoast.com\/wordpress\/plugins\/seo\/ -->\n<title>Governo estimula aporte de fundos em aeroportos privados - Abesata<\/title>\n<meta name=\"robots\" content=\"index, follow, max-snippet:-1, max-image-preview:large, max-video-preview:-1\" \/>\n<link rel=\"canonical\" href=\"https:\/\/www.abesata.org\/br\/governo-estimula-aporte-de-fundos-em-aeroportos-privados\/\" \/>\n<meta property=\"og:locale\" content=\"pt_BR\" \/>\n<meta property=\"og:type\" content=\"article\" \/>\n<meta property=\"og:title\" content=\"Governo estimula aporte de fundos em aeroportos privados - Abesata\" \/>\n<meta property=\"og:description\" content=\"O governo pretende estimular a inje\u00e7\u00e3o de recursos do FI-FGTS e de um fundo de investimentos da Caixa Econ\u00f4mica Federal nos projetos de novos aeroportos privados para a avia\u00e7\u00e3o executiva. Dezesseis investidores no setor foram convidados para discutir esses incentivos em uma reuni\u00e3o na segunda-feira, no escrit\u00f3rio da Presid\u00eancia da Rep\u00fablica em S\u00e3o Paulo, com [&hellip;]\" \/>\n<meta property=\"og:url\" content=\"https:\/\/www.abesata.org\/br\/governo-estimula-aporte-de-fundos-em-aeroportos-privados\/\" \/>\n<meta property=\"og:site_name\" content=\"Abesata\" \/>\n<meta property=\"article:publisher\" content=\"https:\/\/www.facebook.com\/abesata.org\/\" \/>\n<meta property=\"article:published_time\" content=\"2014-09-17T17:00:25+00:00\" \/>\n<meta name=\"author\" content=\"Ricardo\" \/>\n<meta name=\"twitter:card\" content=\"summary_large_image\" \/>\n<meta name=\"twitter:label1\" content=\"Escrito por\" \/>\n\t<meta name=\"twitter:data1\" content=\"Ricardo\" \/>\n\t<meta name=\"twitter:label2\" content=\"Est. tempo de leitura\" \/>\n\t<meta name=\"twitter:data2\" content=\"4 minutos\" \/>\n<script type=\"application\/ld+json\" class=\"yoast-schema-graph\">{\"@context\":\"https:\/\/schema.org\",\"@graph\":[{\"@type\":\"Article\",\"@id\":\"https:\/\/www.abesata.org\/br\/governo-estimula-aporte-de-fundos-em-aeroportos-privados\/#article\",\"isPartOf\":{\"@id\":\"https:\/\/www.abesata.org\/br\/governo-estimula-aporte-de-fundos-em-aeroportos-privados\/\"},\"author\":{\"name\":\"Ricardo\",\"@id\":\"https:\/\/www.abesata.org\/br\/#\/schema\/person\/1f1295145bee68e42ffe39157320456b\"},\"headline\":\"Governo estimula aporte de fundos em aeroportos privados\",\"datePublished\":\"2014-09-17T17:00:25+00:00\",\"mainEntityOfPage\":{\"@id\":\"https:\/\/www.abesata.org\/br\/governo-estimula-aporte-de-fundos-em-aeroportos-privados\/\"},\"wordCount\":728,\"publisher\":{\"@id\":\"https:\/\/www.abesata.org\/br\/#organization\"},\"inLanguage\":\"pt-BR\"},{\"@type\":\"WebPage\",\"@id\":\"https:\/\/www.abesata.org\/br\/governo-estimula-aporte-de-fundos-em-aeroportos-privados\/\",\"url\":\"https:\/\/www.abesata.org\/br\/governo-estimula-aporte-de-fundos-em-aeroportos-privados\/\",\"name\":\"Governo estimula aporte de fundos em aeroportos privados - Abesata\",\"isPartOf\":{\"@id\":\"https:\/\/www.abesata.org\/br\/#website\"},\"datePublished\":\"2014-09-17T17:00:25+00:00\",\"breadcrumb\":{\"@id\":\"https:\/\/www.abesata.org\/br\/governo-estimula-aporte-de-fundos-em-aeroportos-privados\/#breadcrumb\"},\"inLanguage\":\"pt-BR\",\"potentialAction\":[{\"@type\":\"ReadAction\",\"target\":[\"https:\/\/www.abesata.org\/br\/governo-estimula-aporte-de-fundos-em-aeroportos-privados\/\"]}]},{\"@type\":\"BreadcrumbList\",\"@id\":\"https:\/\/www.abesata.org\/br\/governo-estimula-aporte-de-fundos-em-aeroportos-privados\/#breadcrumb\",\"itemListElement\":[{\"@type\":\"ListItem\",\"position\":1,\"name\":\"In\u00edcio\",\"item\":\"https:\/\/www.abesata.org\/br\/\"},{\"@type\":\"ListItem\",\"position\":2,\"name\":\"Governo estimula aporte de fundos em aeroportos privados\"}]},{\"@type\":\"WebSite\",\"@id\":\"https:\/\/www.abesata.org\/br\/#website\",\"url\":\"https:\/\/www.abesata.org\/br\/\",\"name\":\"Abesata\",\"description\":\"Associa\u00e7\u00e3o Brasileira das Empresas de Servi\u00e7os Auxiliares de Transporte A\u00e9reo\",\"publisher\":{\"@id\":\"https:\/\/www.abesata.org\/br\/#organization\"},\"potentialAction\":[{\"@type\":\"SearchAction\",\"target\":{\"@type\":\"EntryPoint\",\"urlTemplate\":\"https:\/\/www.abesata.org\/br\/?s={search_term_string}\"},\"query-input\":{\"@type\":\"PropertyValueSpecification\",\"valueRequired\":true,\"valueName\":\"search_term_string\"}}],\"inLanguage\":\"pt-BR\"},{\"@type\":\"Organization\",\"@id\":\"https:\/\/www.abesata.org\/br\/#organization\",\"name\":\"Associa\u00e7\u00e3o Brasileira das Empresas de Servi\u00e7os Auxiliares de Transporte A\u00e9reo\",\"alternateName\":\"Abesata\",\"url\":\"https:\/\/www.abesata.org\/br\/\",\"logo\":{\"@type\":\"ImageObject\",\"inLanguage\":\"pt-BR\",\"@id\":\"https:\/\/www.abesata.org\/br\/#\/schema\/logo\/image\/\",\"url\":\"https:\/\/www.abesata.org\/br\/wp-content\/uploads\/2023\/10\/Abesata.png\",\"contentUrl\":\"https:\/\/www.abesata.org\/br\/wp-content\/uploads\/2023\/10\/Abesata.png\",\"width\":1063,\"height\":591,\"caption\":\"Associa\u00e7\u00e3o Brasileira das Empresas de Servi\u00e7os Auxiliares de Transporte A\u00e9reo\"},\"image\":{\"@id\":\"https:\/\/www.abesata.org\/br\/#\/schema\/logo\/image\/\"},\"sameAs\":[\"https:\/\/www.facebook.com\/abesata.org\/\",\"https:\/\/www.instagram.com\/abesata_gh\/\",\"https:\/\/br.linkedin.com\/company\/abesata\"]},{\"@type\":\"Person\",\"@id\":\"https:\/\/www.abesata.org\/br\/#\/schema\/person\/1f1295145bee68e42ffe39157320456b\",\"name\":\"Ricardo\",\"image\":{\"@type\":\"ImageObject\",\"inLanguage\":\"pt-BR\",\"@id\":\"https:\/\/www.abesata.org\/br\/#\/schema\/person\/image\/\",\"url\":\"https:\/\/secure.gravatar.com\/avatar\/1d856797eb89513dee321f840c1a6bbcec15beb178c003e50adcf59323b3a8a9?s=96&d=mm&r=g\",\"contentUrl\":\"https:\/\/secure.gravatar.com\/avatar\/1d856797eb89513dee321f840c1a6bbcec15beb178c003e50adcf59323b3a8a9?s=96&d=mm&r=g\",\"caption\":\"Ricardo\"},\"url\":\"https:\/\/www.abesata.org\/br\/author\/ricardo-baroni\/\"}]}<\/script>\n<!-- \/ Yoast SEO plugin. -->","yoast_head_json":{"title":"Governo estimula aporte de fundos em aeroportos privados - Abesata","robots":{"index":"index","follow":"follow","max-snippet":"max-snippet:-1","max-image-preview":"max-image-preview:large","max-video-preview":"max-video-preview:-1"},"canonical":"https:\/\/www.abesata.org\/br\/governo-estimula-aporte-de-fundos-em-aeroportos-privados\/","og_locale":"pt_BR","og_type":"article","og_title":"Governo estimula aporte de fundos em aeroportos privados - Abesata","og_description":"O governo pretende estimular a inje\u00e7\u00e3o de recursos do FI-FGTS e de um fundo de investimentos da Caixa Econ\u00f4mica Federal nos projetos de novos aeroportos privados para a avia\u00e7\u00e3o executiva. Dezesseis investidores no setor foram convidados para discutir esses incentivos em uma reuni\u00e3o na segunda-feira, no escrit\u00f3rio da Presid\u00eancia da Rep\u00fablica em S\u00e3o Paulo, com [&hellip;]","og_url":"https:\/\/www.abesata.org\/br\/governo-estimula-aporte-de-fundos-em-aeroportos-privados\/","og_site_name":"Abesata","article_publisher":"https:\/\/www.facebook.com\/abesata.org\/","article_published_time":"2014-09-17T17:00:25+00:00","author":"Ricardo","twitter_card":"summary_large_image","twitter_misc":{"Escrito por":"Ricardo","Est. tempo de leitura":"4 minutos"},"schema":{"@context":"https:\/\/schema.org","@graph":[{"@type":"Article","@id":"https:\/\/www.abesata.org\/br\/governo-estimula-aporte-de-fundos-em-aeroportos-privados\/#article","isPartOf":{"@id":"https:\/\/www.abesata.org\/br\/governo-estimula-aporte-de-fundos-em-aeroportos-privados\/"},"author":{"name":"Ricardo","@id":"https:\/\/www.abesata.org\/br\/#\/schema\/person\/1f1295145bee68e42ffe39157320456b"},"headline":"Governo estimula aporte de fundos em aeroportos privados","datePublished":"2014-09-17T17:00:25+00:00","mainEntityOfPage":{"@id":"https:\/\/www.abesata.org\/br\/governo-estimula-aporte-de-fundos-em-aeroportos-privados\/"},"wordCount":728,"publisher":{"@id":"https:\/\/www.abesata.org\/br\/#organization"},"inLanguage":"pt-BR"},{"@type":"WebPage","@id":"https:\/\/www.abesata.org\/br\/governo-estimula-aporte-de-fundos-em-aeroportos-privados\/","url":"https:\/\/www.abesata.org\/br\/governo-estimula-aporte-de-fundos-em-aeroportos-privados\/","name":"Governo estimula aporte de fundos em aeroportos privados - Abesata","isPartOf":{"@id":"https:\/\/www.abesata.org\/br\/#website"},"datePublished":"2014-09-17T17:00:25+00:00","breadcrumb":{"@id":"https:\/\/www.abesata.org\/br\/governo-estimula-aporte-de-fundos-em-aeroportos-privados\/#breadcrumb"},"inLanguage":"pt-BR","potentialAction":[{"@type":"ReadAction","target":["https:\/\/www.abesata.org\/br\/governo-estimula-aporte-de-fundos-em-aeroportos-privados\/"]}]},{"@type":"BreadcrumbList","@id":"https:\/\/www.abesata.org\/br\/governo-estimula-aporte-de-fundos-em-aeroportos-privados\/#breadcrumb","itemListElement":[{"@type":"ListItem","position":1,"name":"In\u00edcio","item":"https:\/\/www.abesata.org\/br\/"},{"@type":"ListItem","position":2,"name":"Governo estimula aporte de fundos em aeroportos privados"}]},{"@type":"WebSite","@id":"https:\/\/www.abesata.org\/br\/#website","url":"https:\/\/www.abesata.org\/br\/","name":"Abesata","description":"Associa\u00e7\u00e3o Brasileira das Empresas de Servi\u00e7os Auxiliares de Transporte A\u00e9reo","publisher":{"@id":"https:\/\/www.abesata.org\/br\/#organization"},"potentialAction":[{"@type":"SearchAction","target":{"@type":"EntryPoint","urlTemplate":"https:\/\/www.abesata.org\/br\/?s={search_term_string}"},"query-input":{"@type":"PropertyValueSpecification","valueRequired":true,"valueName":"search_term_string"}}],"inLanguage":"pt-BR"},{"@type":"Organization","@id":"https:\/\/www.abesata.org\/br\/#organization","name":"Associa\u00e7\u00e3o Brasileira das Empresas de Servi\u00e7os Auxiliares de Transporte A\u00e9reo","alternateName":"Abesata","url":"https:\/\/www.abesata.org\/br\/","logo":{"@type":"ImageObject","inLanguage":"pt-BR","@id":"https:\/\/www.abesata.org\/br\/#\/schema\/logo\/image\/","url":"https:\/\/www.abesata.org\/br\/wp-content\/uploads\/2023\/10\/Abesata.png","contentUrl":"https:\/\/www.abesata.org\/br\/wp-content\/uploads\/2023\/10\/Abesata.png","width":1063,"height":591,"caption":"Associa\u00e7\u00e3o Brasileira das Empresas de Servi\u00e7os Auxiliares de Transporte A\u00e9reo"},"image":{"@id":"https:\/\/www.abesata.org\/br\/#\/schema\/logo\/image\/"},"sameAs":["https:\/\/www.facebook.com\/abesata.org\/","https:\/\/www.instagram.com\/abesata_gh\/","https:\/\/br.linkedin.com\/company\/abesata"]},{"@type":"Person","@id":"https:\/\/www.abesata.org\/br\/#\/schema\/person\/1f1295145bee68e42ffe39157320456b","name":"Ricardo","image":{"@type":"ImageObject","inLanguage":"pt-BR","@id":"https:\/\/www.abesata.org\/br\/#\/schema\/person\/image\/","url":"https:\/\/secure.gravatar.com\/avatar\/1d856797eb89513dee321f840c1a6bbcec15beb178c003e50adcf59323b3a8a9?s=96&d=mm&r=g","contentUrl":"https:\/\/secure.gravatar.com\/avatar\/1d856797eb89513dee321f840c1a6bbcec15beb178c003e50adcf59323b3a8a9?s=96&d=mm&r=g","caption":"Ricardo"},"url":"https:\/\/www.abesata.org\/br\/author\/ricardo-baroni\/"}]}},"_links":{"self":[{"href":"https:\/\/www.abesata.org\/br\/wp-json\/wp\/v2\/posts\/1529","targetHints":{"allow":["GET"]}}],"collection":[{"href":"https:\/\/www.abesata.org\/br\/wp-json\/wp\/v2\/posts"}],"about":[{"href":"https:\/\/www.abesata.org\/br\/wp-json\/wp\/v2\/types\/post"}],"author":[{"embeddable":true,"href":"https:\/\/www.abesata.org\/br\/wp-json\/wp\/v2\/users\/18"}],"replies":[{"embeddable":true,"href":"https:\/\/www.abesata.org\/br\/wp-json\/wp\/v2\/comments?post=1529"}],"version-history":[{"count":0,"href":"https:\/\/www.abesata.org\/br\/wp-json\/wp\/v2\/posts\/1529\/revisions"}],"wp:attachment":[{"href":"https:\/\/www.abesata.org\/br\/wp-json\/wp\/v2\/media?parent=1529"}],"wp:term":[{"taxonomy":"category","embeddable":true,"href":"https:\/\/www.abesata.org\/br\/wp-json\/wp\/v2\/categories?post=1529"},{"taxonomy":"post_tag","embeddable":true,"href":"https:\/\/www.abesata.org\/br\/wp-json\/wp\/v2\/tags?post=1529"}],"curies":[{"name":"wp","href":"https:\/\/api.w.org\/{rel}","templated":true}]}}