{"id":1535,"date":"2014-09-18T11:09:45","date_gmt":"2014-09-18T14:09:45","guid":{"rendered":"http:\/\/www.abesata.org\/?p=1535"},"modified":"2014-09-18T12:35:30","modified_gmt":"2014-09-18T15:35:30","slug":"ceus-abertos-multiplicam-voos-dos-eua","status":"publish","type":"post","link":"https:\/\/www.abesata.org\/br\/ceus-abertos-multiplicam-voos-dos-eua\/","title":{"rendered":"&#8216;C\u00e9us abertos&#8217; multiplicam voos dos EUA"},"content":{"rendered":"<p>O tr\u00e1fego de passageiros e de cargas entre Brasil e Estados Unidos vai crescer a uma taxa m\u00e9dia de 6,5% ao ano a partir de 2015, quando entra em vigor a \u00faltima e mais aberta etapa do acordo &#8216;c\u00e9us abertos&#8217;, assinado entre Brasil e Estados Unidos em 2011. \u00c9 o que prev\u00ea o diretor da Federal Aviation Administration (FFA), Michael Huerta, principal executivo do \u00f3rg\u00e3o correspondente \u00e0 Ag\u00eancia Nacional de Avia\u00e7\u00e3o Civil (Anac).<\/p>\n<p>&#8220;O &#8216;open skies&#8217; vai ampliar op\u00e7\u00f5es de frequ\u00eancias e de rotas, aumentar conectividade e estimular o com\u00e9rcio bilateral&#8221;, disse Huerta. &#8220;Esse processo tamb\u00e9m ter\u00e1 impacto em tarifas&#8221;, afirmou, projetando que a maior oferta de voos por a\u00e9reas americanas e brasileiras reduzir\u00e1 o pre\u00e7o m\u00e9dio do bilhete ap\u00f3s 2015.<\/p>\n<p>O acordo &#8220;c\u00e9us abertos&#8221; entre Brasil e EUA foi implementado em cinco etapas, come\u00e7ando em outubro de 2011, quando a Anac autorizou 14 voos a mais para destinos americanos a partir do aeroporto do Gale\u00e3o, no Rio. Em contrapartida, companhias americanas ganharam n\u00famero extra de voos para ligar EUA e Brasil.<\/p>\n<p>Outras tr\u00eas etapas foram implementadas em 2012, 2013 e este ano, sempre levando em conta a reciprocidade. Em 2015, rotas novas e aumento de frequ\u00eancia poder\u00e3o ocorrer independentemente das cotas. A negocia\u00e7\u00e3o ser\u00e1 entre a companhia a\u00e9rea interessada e o operador do aeroporto, conforme disponibilidade de &#8216;slots&#8217; &#8211; hor\u00e1rios para pouso e decolagem.<\/p>\n<p>Segundo dados da Anac, as a\u00e9reas americanas Delta, United e American Airlines t\u00eam 187 frequ\u00eancias semanais entre Brasil e EUA. Esse n\u00famero \u00e9 quase o dobro da oferta atual feita em voos das companhias brasileiras para aeroportos americanos.<\/p>\n<p>Dos dois lados, brasileiro e americano, h\u00e1 planos de aumentar oferta. &#8220;Queremos ampliar a oferta para os EUA, mas em destinos que possam ser operados por nossa frota&#8221;, disse o presidente da Gol, Paulo Kakinoff, no dia 8 de setembro, referindo-se a destinos como Orlando, atendidos por avi\u00f5es Boeing 737-800 partindo de S\u00e3o Paulo com escala na Rep\u00fablica Dominicana.<\/p>\n<p>&#8220;Vamos oferecer nova experi\u00eancia em voos internacionais, com segmenta\u00e7\u00e3o de tarifas e servi\u00e7os&#8221;, disse o fundador e presidente da Azul, David Neeleman, ao anunciar a encomenda de avi\u00f5es Airbus A330-200 e A350-900 para atender destinos americanos em abril. M\u00eas passado, a Anac alocou \u00e0 empresa 18 frequ\u00eancias semanais para voos de passageiros e de carga entre Brasil e Estados Unidos.<\/p>\n<p>A TAM, dona de 84% da oferta internacional de voos feitos pelas brasileiras, tamb\u00e9m quer elevar a oferta para atender a demanda, considerada crescente pela presidente da a\u00e9rea, Claudia Sender, que admitiu esse interesse a analistas, durante teleconfer\u00eancia de resultados, em 13 de agosto.<\/p>\n<p>Ap\u00f3s a formaliza\u00e7\u00e3o da fus\u00e3o com a US Airways, em dezembro do ano passado, o vice-presidente s\u00eanior da American Airlines para M\u00e9xico, Caribe e Am\u00e9rica Latina, Art Torno, disse ao Valor que o acordo de &#8216;c\u00e9us abertos&#8217; \u00e9 um dos fatores que levar\u00e3o a companhia a acelerar a expans\u00e3o no pa\u00eds. &#8220;Teremos, al\u00e9m de Copa e de Jogos Ol\u00edmpicos de 2016, o &#8216;c\u00e9us abertos&#8217; em 2015, que permitir\u00e3o oferta maior de voos&#8221;, disse o executivo da a\u00e9rea, que oferece 110 voos semanais a partir de nove cidades brasileiras.<\/p>\n<p>Na Delta, dona de 42 frequ\u00eancias ligando os EUA a S\u00e3o Paulo, Rio e Bras\u00edlia, a oferta vai crescer dois d\u00edgitos j\u00e1 este ano ante 2013. O diretor da companhia no Brasil, Luciano Macagno, disse que o &#8216;c\u00e9us abertos&#8217; vai trazer mais flexibilidade na opera\u00e7\u00e3o de destinos j\u00e1 atendidos e novos pontos. &#8220;Hoje, quando queremos atender uma demanda sazonal, de ver\u00e3o, por exemplo, com um voo novo, o processo demora. Com o &#8216;open skies&#8217;, vamos ter mais rotas e frequ\u00eancias por causa da maior agilidade&#8221;, disse.<\/p>\n<p>A expans\u00e3o projetada pela FAA para a demanda na conex\u00e3o entre Brasil e EUA, de 6,5% ao ano, \u00e9 maior que a esperada pelo \u00f3rg\u00e3o para o crescimento no mercado dom\u00e9stico americano, que ficar\u00e1 em 2,2% ao ano. Por isso, executivos brasileiros do setor dizem que as a\u00e9rea americanas v\u00e3o ser mais agressivas com o &#8216;open skies&#8217;.<\/p>\n<p>&#8220;As americanas j\u00e1 mostraram que t\u00eam apetite para ocupar todos os espa\u00e7os&#8221;, disse o executivo de primeiro escal\u00e3o de uma a\u00e9rea brasileira. &#8220;Quando a Azul anunciou um voo de Viracopos [Campinas-SP] para Nova York, a American lan\u00e7ou a mesma rota quase no mesmo hor\u00e1rio&#8221;, disse.<\/p>\n<p>O presidente da Associa\u00e7\u00e3o Brasileira das Empresas A\u00e9reas (Abear), Eduardo Sanovicz, diz que as companhias brasileiras precisam ter condi\u00e7\u00f5es iguais \u00e0s americanas para concorrer. &#8220;Por causa do sistema tribut\u00e1rio brasileiro e da forma de c\u00e1lculo do QAV [querosene de avia\u00e7\u00e3o] aqui, o combust\u00edvel representa 40% dos custos das a\u00e9reas do Brasil, enquanto nos EUA esse percentual \u00e9 de 29%.&#8221;<\/p>\n<p>&#8220;N\u00e3o d\u00e1 para entrar na briga direta com as companhias americanas em rotas longas feitas por aeronaves widebody [avi\u00f5es de maior porte, com dois corredores]&#8221;, disse Kakinoff, da Gol. &#8220;Eles t\u00eam uma escala muito maior&#8221;.<\/p>\n<p>Comparando: as companhias transportam quase 900 milh\u00f5es de passageiros por ano e tiveram receita operacional de US$ 200 bilh\u00f5es em 2013, ou quase meio trilh\u00e3o de reais. As quatro brasileiras &#8211; TAM, Gol, Azul e Avianca &#8211; transportam 100 milh\u00f5es de pessoas por ano e faturam menos de R$ 30 bilh\u00f5es a cada 12 meses.<\/p>\n<p style=\"text-align: right;\">Fonte: Valor Econ\u00f4mico<br \/>\n18\/09\/2014<\/p>\n<p>&nbsp;<\/p>\n<p>&nbsp;<\/p>\n","protected":false},"excerpt":{"rendered":"<p>O tr\u00e1fego de passageiros e de cargas entre Brasil e Estados Unidos vai crescer a uma taxa m\u00e9dia de 6,5% ao ano a partir de 2015, quando entra em vigor a \u00faltima e mais aberta etapa do acordo &#8216;c\u00e9us abertos&#8217;, assinado entre Brasil e Estados Unidos em 2011. \u00c9 o que prev\u00ea o diretor da [&hellip;]<\/p>\n","protected":false},"author":18,"featured_media":666,"comment_status":"closed","ping_status":"closed","sticky":false,"template":"","format":"standard","meta":{"footnotes":""},"categories":[],"tags":[],"class_list":["post-1535","post","type-post","status-publish","format-standard","has-post-thumbnail","hentry"],"yoast_head":"<!-- This site is optimized with the Yoast SEO plugin v26.5 - https:\/\/yoast.com\/wordpress\/plugins\/seo\/ -->\n<title>&#039;C\u00e9us abertos&#039; multiplicam voos dos EUA - Abesata<\/title>\n<meta name=\"robots\" content=\"index, follow, max-snippet:-1, max-image-preview:large, max-video-preview:-1\" \/>\n<link rel=\"canonical\" href=\"https:\/\/www.abesata.org\/br\/ceus-abertos-multiplicam-voos-dos-eua\/\" \/>\n<meta property=\"og:locale\" content=\"pt_BR\" \/>\n<meta property=\"og:type\" content=\"article\" \/>\n<meta property=\"og:title\" content=\"&#039;C\u00e9us abertos&#039; multiplicam voos dos EUA - Abesata\" \/>\n<meta property=\"og:description\" content=\"O tr\u00e1fego de passageiros e de cargas entre Brasil e Estados Unidos vai crescer a uma taxa m\u00e9dia de 6,5% ao ano a partir de 2015, quando entra em vigor a \u00faltima e mais aberta etapa do acordo &#8216;c\u00e9us abertos&#8217;, assinado entre Brasil e Estados Unidos em 2011. \u00c9 o que prev\u00ea o diretor da [&hellip;]\" \/>\n<meta property=\"og:url\" content=\"https:\/\/www.abesata.org\/br\/ceus-abertos-multiplicam-voos-dos-eua\/\" \/>\n<meta property=\"og:site_name\" content=\"Abesata\" \/>\n<meta property=\"article:publisher\" content=\"https:\/\/www.facebook.com\/abesata.org\/\" \/>\n<meta property=\"article:published_time\" content=\"2014-09-18T14:09:45+00:00\" \/>\n<meta property=\"article:modified_time\" content=\"2014-09-18T15:35:30+00:00\" \/>\n<meta property=\"og:image\" content=\"https:\/\/www.abesata.org\/br\/wp-content\/uploads\/2014\/04\/252.png\" \/>\n\t<meta property=\"og:image:width\" content=\"1707\" \/>\n\t<meta property=\"og:image:height\" content=\"560\" \/>\n\t<meta property=\"og:image:type\" content=\"image\/png\" \/>\n<meta name=\"author\" content=\"Ricardo\" \/>\n<meta name=\"twitter:card\" content=\"summary_large_image\" \/>\n<meta name=\"twitter:label1\" content=\"Escrito por\" \/>\n\t<meta name=\"twitter:data1\" content=\"Ricardo\" \/>\n\t<meta name=\"twitter:label2\" content=\"Est. tempo de leitura\" \/>\n\t<meta name=\"twitter:data2\" content=\"5 minutos\" \/>\n<script type=\"application\/ld+json\" class=\"yoast-schema-graph\">{\"@context\":\"https:\/\/schema.org\",\"@graph\":[{\"@type\":\"Article\",\"@id\":\"https:\/\/www.abesata.org\/br\/ceus-abertos-multiplicam-voos-dos-eua\/#article\",\"isPartOf\":{\"@id\":\"https:\/\/www.abesata.org\/br\/ceus-abertos-multiplicam-voos-dos-eua\/\"},\"author\":{\"name\":\"Ricardo\",\"@id\":\"https:\/\/www.abesata.org\/br\/#\/schema\/person\/1f1295145bee68e42ffe39157320456b\"},\"headline\":\"&#8216;C\u00e9us abertos&#8217; multiplicam voos dos EUA\",\"datePublished\":\"2014-09-18T14:09:45+00:00\",\"dateModified\":\"2014-09-18T15:35:30+00:00\",\"mainEntityOfPage\":{\"@id\":\"https:\/\/www.abesata.org\/br\/ceus-abertos-multiplicam-voos-dos-eua\/\"},\"wordCount\":921,\"publisher\":{\"@id\":\"https:\/\/www.abesata.org\/br\/#organization\"},\"image\":{\"@id\":\"https:\/\/www.abesata.org\/br\/ceus-abertos-multiplicam-voos-dos-eua\/#primaryimage\"},\"thumbnailUrl\":\"https:\/\/www.abesata.org\/br\/wp-content\/uploads\/2014\/04\/252.png\",\"inLanguage\":\"pt-BR\"},{\"@type\":\"WebPage\",\"@id\":\"https:\/\/www.abesata.org\/br\/ceus-abertos-multiplicam-voos-dos-eua\/\",\"url\":\"https:\/\/www.abesata.org\/br\/ceus-abertos-multiplicam-voos-dos-eua\/\",\"name\":\"'C\u00e9us abertos' multiplicam voos dos EUA - Abesata\",\"isPartOf\":{\"@id\":\"https:\/\/www.abesata.org\/br\/#website\"},\"primaryImageOfPage\":{\"@id\":\"https:\/\/www.abesata.org\/br\/ceus-abertos-multiplicam-voos-dos-eua\/#primaryimage\"},\"image\":{\"@id\":\"https:\/\/www.abesata.org\/br\/ceus-abertos-multiplicam-voos-dos-eua\/#primaryimage\"},\"thumbnailUrl\":\"https:\/\/www.abesata.org\/br\/wp-content\/uploads\/2014\/04\/252.png\",\"datePublished\":\"2014-09-18T14:09:45+00:00\",\"dateModified\":\"2014-09-18T15:35:30+00:00\",\"breadcrumb\":{\"@id\":\"https:\/\/www.abesata.org\/br\/ceus-abertos-multiplicam-voos-dos-eua\/#breadcrumb\"},\"inLanguage\":\"pt-BR\",\"potentialAction\":[{\"@type\":\"ReadAction\",\"target\":[\"https:\/\/www.abesata.org\/br\/ceus-abertos-multiplicam-voos-dos-eua\/\"]}]},{\"@type\":\"ImageObject\",\"inLanguage\":\"pt-BR\",\"@id\":\"https:\/\/www.abesata.org\/br\/ceus-abertos-multiplicam-voos-dos-eua\/#primaryimage\",\"url\":\"https:\/\/www.abesata.org\/br\/wp-content\/uploads\/2014\/04\/252.png\",\"contentUrl\":\"https:\/\/www.abesata.org\/br\/wp-content\/uploads\/2014\/04\/252.png\",\"width\":1707,\"height\":560},{\"@type\":\"BreadcrumbList\",\"@id\":\"https:\/\/www.abesata.org\/br\/ceus-abertos-multiplicam-voos-dos-eua\/#breadcrumb\",\"itemListElement\":[{\"@type\":\"ListItem\",\"position\":1,\"name\":\"In\u00edcio\",\"item\":\"https:\/\/www.abesata.org\/br\/\"},{\"@type\":\"ListItem\",\"position\":2,\"name\":\"&#8216;C\u00e9us abertos&#8217; multiplicam voos dos EUA\"}]},{\"@type\":\"WebSite\",\"@id\":\"https:\/\/www.abesata.org\/br\/#website\",\"url\":\"https:\/\/www.abesata.org\/br\/\",\"name\":\"Abesata\",\"description\":\"Associa\u00e7\u00e3o Brasileira das Empresas de Servi\u00e7os Auxiliares de Transporte A\u00e9reo\",\"publisher\":{\"@id\":\"https:\/\/www.abesata.org\/br\/#organization\"},\"potentialAction\":[{\"@type\":\"SearchAction\",\"target\":{\"@type\":\"EntryPoint\",\"urlTemplate\":\"https:\/\/www.abesata.org\/br\/?s={search_term_string}\"},\"query-input\":{\"@type\":\"PropertyValueSpecification\",\"valueRequired\":true,\"valueName\":\"search_term_string\"}}],\"inLanguage\":\"pt-BR\"},{\"@type\":\"Organization\",\"@id\":\"https:\/\/www.abesata.org\/br\/#organization\",\"name\":\"Associa\u00e7\u00e3o Brasileira das Empresas de Servi\u00e7os Auxiliares de Transporte A\u00e9reo\",\"alternateName\":\"Abesata\",\"url\":\"https:\/\/www.abesata.org\/br\/\",\"logo\":{\"@type\":\"ImageObject\",\"inLanguage\":\"pt-BR\",\"@id\":\"https:\/\/www.abesata.org\/br\/#\/schema\/logo\/image\/\",\"url\":\"https:\/\/www.abesata.org\/br\/wp-content\/uploads\/2023\/10\/Abesata.png\",\"contentUrl\":\"https:\/\/www.abesata.org\/br\/wp-content\/uploads\/2023\/10\/Abesata.png\",\"width\":1063,\"height\":591,\"caption\":\"Associa\u00e7\u00e3o Brasileira das Empresas de Servi\u00e7os Auxiliares de Transporte A\u00e9reo\"},\"image\":{\"@id\":\"https:\/\/www.abesata.org\/br\/#\/schema\/logo\/image\/\"},\"sameAs\":[\"https:\/\/www.facebook.com\/abesata.org\/\",\"https:\/\/www.instagram.com\/abesata_gh\/\",\"https:\/\/br.linkedin.com\/company\/abesata\"]},{\"@type\":\"Person\",\"@id\":\"https:\/\/www.abesata.org\/br\/#\/schema\/person\/1f1295145bee68e42ffe39157320456b\",\"name\":\"Ricardo\",\"image\":{\"@type\":\"ImageObject\",\"inLanguage\":\"pt-BR\",\"@id\":\"https:\/\/www.abesata.org\/br\/#\/schema\/person\/image\/\",\"url\":\"https:\/\/secure.gravatar.com\/avatar\/1d856797eb89513dee321f840c1a6bbcec15beb178c003e50adcf59323b3a8a9?s=96&d=mm&r=g\",\"contentUrl\":\"https:\/\/secure.gravatar.com\/avatar\/1d856797eb89513dee321f840c1a6bbcec15beb178c003e50adcf59323b3a8a9?s=96&d=mm&r=g\",\"caption\":\"Ricardo\"},\"url\":\"https:\/\/www.abesata.org\/br\/author\/ricardo-baroni\/\"}]}<\/script>\n<!-- \/ Yoast SEO plugin. -->","yoast_head_json":{"title":"'C\u00e9us abertos' multiplicam voos dos EUA - Abesata","robots":{"index":"index","follow":"follow","max-snippet":"max-snippet:-1","max-image-preview":"max-image-preview:large","max-video-preview":"max-video-preview:-1"},"canonical":"https:\/\/www.abesata.org\/br\/ceus-abertos-multiplicam-voos-dos-eua\/","og_locale":"pt_BR","og_type":"article","og_title":"'C\u00e9us abertos' multiplicam voos dos EUA - Abesata","og_description":"O tr\u00e1fego de passageiros e de cargas entre Brasil e Estados Unidos vai crescer a uma taxa m\u00e9dia de 6,5% ao ano a partir de 2015, quando entra em vigor a \u00faltima e mais aberta etapa do acordo &#8216;c\u00e9us abertos&#8217;, assinado entre Brasil e Estados Unidos em 2011. \u00c9 o que prev\u00ea o diretor da [&hellip;]","og_url":"https:\/\/www.abesata.org\/br\/ceus-abertos-multiplicam-voos-dos-eua\/","og_site_name":"Abesata","article_publisher":"https:\/\/www.facebook.com\/abesata.org\/","article_published_time":"2014-09-18T14:09:45+00:00","article_modified_time":"2014-09-18T15:35:30+00:00","og_image":[{"width":1707,"height":560,"url":"https:\/\/www.abesata.org\/br\/wp-content\/uploads\/2014\/04\/252.png","type":"image\/png"}],"author":"Ricardo","twitter_card":"summary_large_image","twitter_misc":{"Escrito por":"Ricardo","Est. tempo de leitura":"5 minutos"},"schema":{"@context":"https:\/\/schema.org","@graph":[{"@type":"Article","@id":"https:\/\/www.abesata.org\/br\/ceus-abertos-multiplicam-voos-dos-eua\/#article","isPartOf":{"@id":"https:\/\/www.abesata.org\/br\/ceus-abertos-multiplicam-voos-dos-eua\/"},"author":{"name":"Ricardo","@id":"https:\/\/www.abesata.org\/br\/#\/schema\/person\/1f1295145bee68e42ffe39157320456b"},"headline":"&#8216;C\u00e9us abertos&#8217; multiplicam voos dos EUA","datePublished":"2014-09-18T14:09:45+00:00","dateModified":"2014-09-18T15:35:30+00:00","mainEntityOfPage":{"@id":"https:\/\/www.abesata.org\/br\/ceus-abertos-multiplicam-voos-dos-eua\/"},"wordCount":921,"publisher":{"@id":"https:\/\/www.abesata.org\/br\/#organization"},"image":{"@id":"https:\/\/www.abesata.org\/br\/ceus-abertos-multiplicam-voos-dos-eua\/#primaryimage"},"thumbnailUrl":"https:\/\/www.abesata.org\/br\/wp-content\/uploads\/2014\/04\/252.png","inLanguage":"pt-BR"},{"@type":"WebPage","@id":"https:\/\/www.abesata.org\/br\/ceus-abertos-multiplicam-voos-dos-eua\/","url":"https:\/\/www.abesata.org\/br\/ceus-abertos-multiplicam-voos-dos-eua\/","name":"'C\u00e9us abertos' multiplicam voos dos EUA - Abesata","isPartOf":{"@id":"https:\/\/www.abesata.org\/br\/#website"},"primaryImageOfPage":{"@id":"https:\/\/www.abesata.org\/br\/ceus-abertos-multiplicam-voos-dos-eua\/#primaryimage"},"image":{"@id":"https:\/\/www.abesata.org\/br\/ceus-abertos-multiplicam-voos-dos-eua\/#primaryimage"},"thumbnailUrl":"https:\/\/www.abesata.org\/br\/wp-content\/uploads\/2014\/04\/252.png","datePublished":"2014-09-18T14:09:45+00:00","dateModified":"2014-09-18T15:35:30+00:00","breadcrumb":{"@id":"https:\/\/www.abesata.org\/br\/ceus-abertos-multiplicam-voos-dos-eua\/#breadcrumb"},"inLanguage":"pt-BR","potentialAction":[{"@type":"ReadAction","target":["https:\/\/www.abesata.org\/br\/ceus-abertos-multiplicam-voos-dos-eua\/"]}]},{"@type":"ImageObject","inLanguage":"pt-BR","@id":"https:\/\/www.abesata.org\/br\/ceus-abertos-multiplicam-voos-dos-eua\/#primaryimage","url":"https:\/\/www.abesata.org\/br\/wp-content\/uploads\/2014\/04\/252.png","contentUrl":"https:\/\/www.abesata.org\/br\/wp-content\/uploads\/2014\/04\/252.png","width":1707,"height":560},{"@type":"BreadcrumbList","@id":"https:\/\/www.abesata.org\/br\/ceus-abertos-multiplicam-voos-dos-eua\/#breadcrumb","itemListElement":[{"@type":"ListItem","position":1,"name":"In\u00edcio","item":"https:\/\/www.abesata.org\/br\/"},{"@type":"ListItem","position":2,"name":"&#8216;C\u00e9us abertos&#8217; multiplicam voos dos EUA"}]},{"@type":"WebSite","@id":"https:\/\/www.abesata.org\/br\/#website","url":"https:\/\/www.abesata.org\/br\/","name":"Abesata","description":"Associa\u00e7\u00e3o Brasileira das Empresas de Servi\u00e7os Auxiliares de Transporte A\u00e9reo","publisher":{"@id":"https:\/\/www.abesata.org\/br\/#organization"},"potentialAction":[{"@type":"SearchAction","target":{"@type":"EntryPoint","urlTemplate":"https:\/\/www.abesata.org\/br\/?s={search_term_string}"},"query-input":{"@type":"PropertyValueSpecification","valueRequired":true,"valueName":"search_term_string"}}],"inLanguage":"pt-BR"},{"@type":"Organization","@id":"https:\/\/www.abesata.org\/br\/#organization","name":"Associa\u00e7\u00e3o Brasileira das Empresas de Servi\u00e7os Auxiliares de Transporte A\u00e9reo","alternateName":"Abesata","url":"https:\/\/www.abesata.org\/br\/","logo":{"@type":"ImageObject","inLanguage":"pt-BR","@id":"https:\/\/www.abesata.org\/br\/#\/schema\/logo\/image\/","url":"https:\/\/www.abesata.org\/br\/wp-content\/uploads\/2023\/10\/Abesata.png","contentUrl":"https:\/\/www.abesata.org\/br\/wp-content\/uploads\/2023\/10\/Abesata.png","width":1063,"height":591,"caption":"Associa\u00e7\u00e3o Brasileira das Empresas de Servi\u00e7os Auxiliares de Transporte A\u00e9reo"},"image":{"@id":"https:\/\/www.abesata.org\/br\/#\/schema\/logo\/image\/"},"sameAs":["https:\/\/www.facebook.com\/abesata.org\/","https:\/\/www.instagram.com\/abesata_gh\/","https:\/\/br.linkedin.com\/company\/abesata"]},{"@type":"Person","@id":"https:\/\/www.abesata.org\/br\/#\/schema\/person\/1f1295145bee68e42ffe39157320456b","name":"Ricardo","image":{"@type":"ImageObject","inLanguage":"pt-BR","@id":"https:\/\/www.abesata.org\/br\/#\/schema\/person\/image\/","url":"https:\/\/secure.gravatar.com\/avatar\/1d856797eb89513dee321f840c1a6bbcec15beb178c003e50adcf59323b3a8a9?s=96&d=mm&r=g","contentUrl":"https:\/\/secure.gravatar.com\/avatar\/1d856797eb89513dee321f840c1a6bbcec15beb178c003e50adcf59323b3a8a9?s=96&d=mm&r=g","caption":"Ricardo"},"url":"https:\/\/www.abesata.org\/br\/author\/ricardo-baroni\/"}]}},"_links":{"self":[{"href":"https:\/\/www.abesata.org\/br\/wp-json\/wp\/v2\/posts\/1535","targetHints":{"allow":["GET"]}}],"collection":[{"href":"https:\/\/www.abesata.org\/br\/wp-json\/wp\/v2\/posts"}],"about":[{"href":"https:\/\/www.abesata.org\/br\/wp-json\/wp\/v2\/types\/post"}],"author":[{"embeddable":true,"href":"https:\/\/www.abesata.org\/br\/wp-json\/wp\/v2\/users\/18"}],"replies":[{"embeddable":true,"href":"https:\/\/www.abesata.org\/br\/wp-json\/wp\/v2\/comments?post=1535"}],"version-history":[{"count":0,"href":"https:\/\/www.abesata.org\/br\/wp-json\/wp\/v2\/posts\/1535\/revisions"}],"wp:featuredmedia":[{"embeddable":true,"href":"https:\/\/www.abesata.org\/br\/wp-json\/wp\/v2\/media\/666"}],"wp:attachment":[{"href":"https:\/\/www.abesata.org\/br\/wp-json\/wp\/v2\/media?parent=1535"}],"wp:term":[{"taxonomy":"category","embeddable":true,"href":"https:\/\/www.abesata.org\/br\/wp-json\/wp\/v2\/categories?post=1535"},{"taxonomy":"post_tag","embeddable":true,"href":"https:\/\/www.abesata.org\/br\/wp-json\/wp\/v2\/tags?post=1535"}],"curies":[{"name":"wp","href":"https:\/\/api.w.org\/{rel}","templated":true}]}}