{"id":1540,"date":"2014-09-18T12:48:15","date_gmt":"2014-09-18T15:48:15","guid":{"rendered":"http:\/\/www.abesata.org\/?p=1540"},"modified":"2014-09-18T12:48:15","modified_gmt":"2014-09-18T15:48:15","slug":"maioria-dos-aeroportos-com-mais-potencial-fica-na-regiao-sudeste","status":"publish","type":"post","link":"https:\/\/www.abesata.org\/br\/maioria-dos-aeroportos-com-mais-potencial-fica-na-regiao-sudeste\/","title":{"rendered":"Maioria dos aeroportos com mais potencial fica na regi\u00e3o Sudeste"},"content":{"rendered":"<p>O aeroporto de S\u00e3o Jos\u00e9 dos Campos (SP) \u00e9 o terminal aeroportu\u00e1rio regional com maior potencial de desenvolvimento econ\u00f4mico no pa\u00eds, segundo estudo divulgado pela empresa de Intelig\u00eancia de Mercado Urban Systems, que teve como base o programa de investimentos em log\u00edstica para aeroportos do governo federal.<\/p>\n<p>O estudo traz uma rela\u00e7\u00e3o dos 100 aeroportos regionais brasileiros com potencial de desenvolvimento. Entre os 20 com \u201cmuito alto\u201d potencial, 11 est\u00e3o na regi\u00e3o Sudeste. Outros 7 est\u00e3o na regi\u00e3o Sul, 1 no Nordeste e 1 no Centro-Oeste. Seis deles ficam no estado de S\u00e3o Paulo, 4 no Paran\u00e1, 3 em Minas Gerais, 2 no Rio de Janeiro, 2 em Santa Catarina, 1 na Para\u00edba, 1 no Rio Grande do Sul e 1 em Goi\u00e1s.<\/p>\n<p>Os cinco primeiros s\u00e3o Aeroporto de S\u00e3o Jos\u00e9 Dos Campos (SP), Aeroporto de Ribeir\u00e3o Preto (SP), Aeroporto de Joinville &#8211; Lauro Carneiro de Loyola (SC), Aeroporto de Campos dos Goytacazes (RJ) e Aeroporto de Uberl\u00e2ndia &#8211; Tenente Aviador C\u00e9sar Bombonato (MG).<\/p>\n<p>Outros 20 t\u00eam potencial &#8220;alto&#8221; de desenvolvimento, 20 t\u00eam potencial &#8220;m\u00e9dio&#8221; e 40 t\u00eam potencial &#8220;baixo&#8221;.<\/p>\n<p>A classifica\u00e7\u00e3o foi determinada por fatores como infraestrutura e localiza\u00e7\u00e3o, transporte de passageiros, transporte de cargas, hospedagem, varejo e educa\u00e7\u00e3o.<\/p>\n<p>\u201cPara aferir o desempenho criamos o \u00cdndice de Qualidade Mercadol\u00f3gica (IQM), uma metodologia que leva em considera\u00e7\u00e3o aspectos como informa\u00e7\u00f5es comerciais, urban\u00edsticas, econ\u00f4micas e infraestruturais dos impactos da atividade portu\u00e1ria na regi\u00e3o estudada\u201d, explica o presidente da Urban Systems, Thomaz Assump\u00e7\u00e3o.<\/p>\n<p>O objetivo do levantamento, al\u00e9m de avaliar o potencial dos complexos, \u00e9 destacar o papel indutor dos aeroportos na economia regional. Segundo Assun\u00e7\u00e3o, 50% das viagens realizadas nos aeroportos regionais s\u00e3o feitas por executivos.<\/p>\n<p>Veja o ranking dos 20 aeroportos:<br \/>\nAeroporto de S\u00e3o Jos\u00e9 Dos Campos (SP)<br \/>\nAeroporto de Ribeir\u00e3o Preto (SP)<br \/>\nAeroporto de Joinville &#8211; Lauro Carneiro de Loyola (SC)<br \/>\nAeroporto de Campos Dos Goytacazes (RJ)<br \/>\nAeroporto de Uberl\u00e2ndia &#8211; Tenente Aviador C\u00e9sar Bombonato (MG)<br \/>\nAeroporto Regional de Maring\u00e1 &#8211; Internacional de Cargas (PR)<br \/>\nAeroporto Municipal de Cascavel &#8211; Cel. Adalberto Mendes da Silva (PR)<br \/>\nAeroporto de Londrina &#8211; Governador Jos\u00e9 Richa (PR)<br \/>\nAeroporto de Caxias Do Sul (RS)<br \/>\nAeroporto Internacional de Foz do Igua\u00e7u \u2013 Cataratas (PR)<br \/>\nAeroporto de Maca\u00e9 (RJ)<br \/>\nAeroporto Civil de An\u00e1polis (GO)<br \/>\nAeroporto de Sorocaba &#8211; Aeroporto Estadual Bertram Luiz Leupolz (SP)<br \/>\nAeroporto Presidente Jo\u00e3o Suassuna &#8211; Campina Grande (PB)<br \/>\nAeroporto de Bauru (SP)<br \/>\nAeroporto Estadual de Presidente Prudente (SP)<br \/>\nAeroporto de Uberaba &#8211; M\u00e1rio de Almeida Franco (MG)<br \/>\nAeroporto de S\u00e3o Jos\u00e9 do Rio Preto (SP)<br \/>\nAeroporto de Chapec\u00f3 (SC)<br \/>\nAeroporto de Montes Claros &#8211; M\u00e1rio Ribeiro (MG)<\/p>\n<p style=\"text-align: right;\">Fonte: G1<br \/>\n18\/09\/2014<\/p>\n","protected":false},"excerpt":{"rendered":"<p>O aeroporto de S\u00e3o Jos\u00e9 dos Campos (SP) \u00e9 o terminal aeroportu\u00e1rio regional com maior potencial de desenvolvimento econ\u00f4mico no pa\u00eds, segundo estudo divulgado pela empresa de Intelig\u00eancia de Mercado Urban Systems, que teve como base o programa de investimentos em log\u00edstica para aeroportos do governo federal. O estudo traz uma rela\u00e7\u00e3o dos 100 aeroportos [&hellip;]<\/p>\n","protected":false},"author":18,"featured_media":1412,"comment_status":"closed","ping_status":"closed","sticky":false,"template":"","format":"standard","meta":{"footnotes":""},"categories":[],"tags":[],"class_list":["post-1540","post","type-post","status-publish","format-standard","has-post-thumbnail","hentry"],"yoast_head":"<!-- This site is optimized with the Yoast SEO plugin v26.5 - https:\/\/yoast.com\/wordpress\/plugins\/seo\/ -->\n<title>Maioria dos aeroportos com mais potencial fica na regi\u00e3o Sudeste - Abesata<\/title>\n<meta name=\"robots\" content=\"index, follow, max-snippet:-1, max-image-preview:large, max-video-preview:-1\" \/>\n<link rel=\"canonical\" href=\"https:\/\/www.abesata.org\/br\/maioria-dos-aeroportos-com-mais-potencial-fica-na-regiao-sudeste\/\" \/>\n<meta property=\"og:locale\" content=\"pt_BR\" \/>\n<meta property=\"og:type\" content=\"article\" \/>\n<meta property=\"og:title\" content=\"Maioria dos aeroportos com mais potencial fica na regi\u00e3o Sudeste - Abesata\" \/>\n<meta property=\"og:description\" content=\"O aeroporto de S\u00e3o Jos\u00e9 dos Campos (SP) \u00e9 o terminal aeroportu\u00e1rio regional com maior potencial de desenvolvimento econ\u00f4mico no pa\u00eds, segundo estudo divulgado pela empresa de Intelig\u00eancia de Mercado Urban Systems, que teve como base o programa de investimentos em log\u00edstica para aeroportos do governo federal. O estudo traz uma rela\u00e7\u00e3o dos 100 aeroportos [&hellip;]\" \/>\n<meta property=\"og:url\" content=\"https:\/\/www.abesata.org\/br\/maioria-dos-aeroportos-com-mais-potencial-fica-na-regiao-sudeste\/\" \/>\n<meta property=\"og:site_name\" content=\"Abesata\" \/>\n<meta property=\"article:publisher\" content=\"https:\/\/www.facebook.com\/abesata.org\/\" \/>\n<meta property=\"article:published_time\" content=\"2014-09-18T15:48:15+00:00\" \/>\n<meta property=\"og:image\" content=\"https:\/\/www.abesata.org\/br\/wp-content\/uploads\/2014\/08\/7.png\" \/>\n\t<meta property=\"og:image:width\" content=\"1026\" \/>\n\t<meta property=\"og:image:height\" content=\"336\" \/>\n\t<meta property=\"og:image:type\" content=\"image\/png\" \/>\n<meta name=\"author\" content=\"Ricardo\" \/>\n<meta name=\"twitter:card\" content=\"summary_large_image\" \/>\n<meta name=\"twitter:label1\" content=\"Escrito por\" \/>\n\t<meta name=\"twitter:data1\" content=\"Ricardo\" \/>\n\t<meta name=\"twitter:label2\" content=\"Est. tempo de leitura\" \/>\n\t<meta name=\"twitter:data2\" content=\"2 minutos\" \/>\n<script type=\"application\/ld+json\" class=\"yoast-schema-graph\">{\"@context\":\"https:\/\/schema.org\",\"@graph\":[{\"@type\":\"Article\",\"@id\":\"https:\/\/www.abesata.org\/br\/maioria-dos-aeroportos-com-mais-potencial-fica-na-regiao-sudeste\/#article\",\"isPartOf\":{\"@id\":\"https:\/\/www.abesata.org\/br\/maioria-dos-aeroportos-com-mais-potencial-fica-na-regiao-sudeste\/\"},\"author\":{\"name\":\"Ricardo\",\"@id\":\"https:\/\/www.abesata.org\/br\/#\/schema\/person\/1f1295145bee68e42ffe39157320456b\"},\"headline\":\"Maioria dos aeroportos com mais potencial fica na regi\u00e3o Sudeste\",\"datePublished\":\"2014-09-18T15:48:15+00:00\",\"mainEntityOfPage\":{\"@id\":\"https:\/\/www.abesata.org\/br\/maioria-dos-aeroportos-com-mais-potencial-fica-na-regiao-sudeste\/\"},\"wordCount\":465,\"publisher\":{\"@id\":\"https:\/\/www.abesata.org\/br\/#organization\"},\"image\":{\"@id\":\"https:\/\/www.abesata.org\/br\/maioria-dos-aeroportos-com-mais-potencial-fica-na-regiao-sudeste\/#primaryimage\"},\"thumbnailUrl\":\"https:\/\/www.abesata.org\/br\/wp-content\/uploads\/2014\/08\/7.png\",\"inLanguage\":\"pt-BR\"},{\"@type\":\"WebPage\",\"@id\":\"https:\/\/www.abesata.org\/br\/maioria-dos-aeroportos-com-mais-potencial-fica-na-regiao-sudeste\/\",\"url\":\"https:\/\/www.abesata.org\/br\/maioria-dos-aeroportos-com-mais-potencial-fica-na-regiao-sudeste\/\",\"name\":\"Maioria dos aeroportos com mais potencial fica na regi\u00e3o Sudeste - Abesata\",\"isPartOf\":{\"@id\":\"https:\/\/www.abesata.org\/br\/#website\"},\"primaryImageOfPage\":{\"@id\":\"https:\/\/www.abesata.org\/br\/maioria-dos-aeroportos-com-mais-potencial-fica-na-regiao-sudeste\/#primaryimage\"},\"image\":{\"@id\":\"https:\/\/www.abesata.org\/br\/maioria-dos-aeroportos-com-mais-potencial-fica-na-regiao-sudeste\/#primaryimage\"},\"thumbnailUrl\":\"https:\/\/www.abesata.org\/br\/wp-content\/uploads\/2014\/08\/7.png\",\"datePublished\":\"2014-09-18T15:48:15+00:00\",\"breadcrumb\":{\"@id\":\"https:\/\/www.abesata.org\/br\/maioria-dos-aeroportos-com-mais-potencial-fica-na-regiao-sudeste\/#breadcrumb\"},\"inLanguage\":\"pt-BR\",\"potentialAction\":[{\"@type\":\"ReadAction\",\"target\":[\"https:\/\/www.abesata.org\/br\/maioria-dos-aeroportos-com-mais-potencial-fica-na-regiao-sudeste\/\"]}]},{\"@type\":\"ImageObject\",\"inLanguage\":\"pt-BR\",\"@id\":\"https:\/\/www.abesata.org\/br\/maioria-dos-aeroportos-com-mais-potencial-fica-na-regiao-sudeste\/#primaryimage\",\"url\":\"https:\/\/www.abesata.org\/br\/wp-content\/uploads\/2014\/08\/7.png\",\"contentUrl\":\"https:\/\/www.abesata.org\/br\/wp-content\/uploads\/2014\/08\/7.png\",\"width\":1026,\"height\":336},{\"@type\":\"BreadcrumbList\",\"@id\":\"https:\/\/www.abesata.org\/br\/maioria-dos-aeroportos-com-mais-potencial-fica-na-regiao-sudeste\/#breadcrumb\",\"itemListElement\":[{\"@type\":\"ListItem\",\"position\":1,\"name\":\"In\u00edcio\",\"item\":\"https:\/\/www.abesata.org\/br\/\"},{\"@type\":\"ListItem\",\"position\":2,\"name\":\"Maioria dos aeroportos com mais potencial fica na regi\u00e3o Sudeste\"}]},{\"@type\":\"WebSite\",\"@id\":\"https:\/\/www.abesata.org\/br\/#website\",\"url\":\"https:\/\/www.abesata.org\/br\/\",\"name\":\"Abesata\",\"description\":\"Associa\u00e7\u00e3o Brasileira das Empresas de Servi\u00e7os Auxiliares de Transporte A\u00e9reo\",\"publisher\":{\"@id\":\"https:\/\/www.abesata.org\/br\/#organization\"},\"potentialAction\":[{\"@type\":\"SearchAction\",\"target\":{\"@type\":\"EntryPoint\",\"urlTemplate\":\"https:\/\/www.abesata.org\/br\/?s={search_term_string}\"},\"query-input\":{\"@type\":\"PropertyValueSpecification\",\"valueRequired\":true,\"valueName\":\"search_term_string\"}}],\"inLanguage\":\"pt-BR\"},{\"@type\":\"Organization\",\"@id\":\"https:\/\/www.abesata.org\/br\/#organization\",\"name\":\"Associa\u00e7\u00e3o Brasileira das Empresas de Servi\u00e7os Auxiliares de Transporte A\u00e9reo\",\"alternateName\":\"Abesata\",\"url\":\"https:\/\/www.abesata.org\/br\/\",\"logo\":{\"@type\":\"ImageObject\",\"inLanguage\":\"pt-BR\",\"@id\":\"https:\/\/www.abesata.org\/br\/#\/schema\/logo\/image\/\",\"url\":\"https:\/\/www.abesata.org\/br\/wp-content\/uploads\/2023\/10\/Abesata.png\",\"contentUrl\":\"https:\/\/www.abesata.org\/br\/wp-content\/uploads\/2023\/10\/Abesata.png\",\"width\":1063,\"height\":591,\"caption\":\"Associa\u00e7\u00e3o Brasileira das Empresas de Servi\u00e7os Auxiliares de Transporte A\u00e9reo\"},\"image\":{\"@id\":\"https:\/\/www.abesata.org\/br\/#\/schema\/logo\/image\/\"},\"sameAs\":[\"https:\/\/www.facebook.com\/abesata.org\/\",\"https:\/\/www.instagram.com\/abesata_gh\/\",\"https:\/\/br.linkedin.com\/company\/abesata\"]},{\"@type\":\"Person\",\"@id\":\"https:\/\/www.abesata.org\/br\/#\/schema\/person\/1f1295145bee68e42ffe39157320456b\",\"name\":\"Ricardo\",\"image\":{\"@type\":\"ImageObject\",\"inLanguage\":\"pt-BR\",\"@id\":\"https:\/\/www.abesata.org\/br\/#\/schema\/person\/image\/\",\"url\":\"https:\/\/secure.gravatar.com\/avatar\/1d856797eb89513dee321f840c1a6bbcec15beb178c003e50adcf59323b3a8a9?s=96&d=mm&r=g\",\"contentUrl\":\"https:\/\/secure.gravatar.com\/avatar\/1d856797eb89513dee321f840c1a6bbcec15beb178c003e50adcf59323b3a8a9?s=96&d=mm&r=g\",\"caption\":\"Ricardo\"},\"url\":\"https:\/\/www.abesata.org\/br\/author\/ricardo-baroni\/\"}]}<\/script>\n<!-- \/ Yoast SEO plugin. -->","yoast_head_json":{"title":"Maioria dos aeroportos com mais potencial fica na regi\u00e3o Sudeste - Abesata","robots":{"index":"index","follow":"follow","max-snippet":"max-snippet:-1","max-image-preview":"max-image-preview:large","max-video-preview":"max-video-preview:-1"},"canonical":"https:\/\/www.abesata.org\/br\/maioria-dos-aeroportos-com-mais-potencial-fica-na-regiao-sudeste\/","og_locale":"pt_BR","og_type":"article","og_title":"Maioria dos aeroportos com mais potencial fica na regi\u00e3o Sudeste - Abesata","og_description":"O aeroporto de S\u00e3o Jos\u00e9 dos Campos (SP) \u00e9 o terminal aeroportu\u00e1rio regional com maior potencial de desenvolvimento econ\u00f4mico no pa\u00eds, segundo estudo divulgado pela empresa de Intelig\u00eancia de Mercado Urban Systems, que teve como base o programa de investimentos em log\u00edstica para aeroportos do governo federal. O estudo traz uma rela\u00e7\u00e3o dos 100 aeroportos [&hellip;]","og_url":"https:\/\/www.abesata.org\/br\/maioria-dos-aeroportos-com-mais-potencial-fica-na-regiao-sudeste\/","og_site_name":"Abesata","article_publisher":"https:\/\/www.facebook.com\/abesata.org\/","article_published_time":"2014-09-18T15:48:15+00:00","og_image":[{"width":1026,"height":336,"url":"https:\/\/www.abesata.org\/br\/wp-content\/uploads\/2014\/08\/7.png","type":"image\/png"}],"author":"Ricardo","twitter_card":"summary_large_image","twitter_misc":{"Escrito por":"Ricardo","Est. tempo de leitura":"2 minutos"},"schema":{"@context":"https:\/\/schema.org","@graph":[{"@type":"Article","@id":"https:\/\/www.abesata.org\/br\/maioria-dos-aeroportos-com-mais-potencial-fica-na-regiao-sudeste\/#article","isPartOf":{"@id":"https:\/\/www.abesata.org\/br\/maioria-dos-aeroportos-com-mais-potencial-fica-na-regiao-sudeste\/"},"author":{"name":"Ricardo","@id":"https:\/\/www.abesata.org\/br\/#\/schema\/person\/1f1295145bee68e42ffe39157320456b"},"headline":"Maioria dos aeroportos com mais potencial fica na regi\u00e3o Sudeste","datePublished":"2014-09-18T15:48:15+00:00","mainEntityOfPage":{"@id":"https:\/\/www.abesata.org\/br\/maioria-dos-aeroportos-com-mais-potencial-fica-na-regiao-sudeste\/"},"wordCount":465,"publisher":{"@id":"https:\/\/www.abesata.org\/br\/#organization"},"image":{"@id":"https:\/\/www.abesata.org\/br\/maioria-dos-aeroportos-com-mais-potencial-fica-na-regiao-sudeste\/#primaryimage"},"thumbnailUrl":"https:\/\/www.abesata.org\/br\/wp-content\/uploads\/2014\/08\/7.png","inLanguage":"pt-BR"},{"@type":"WebPage","@id":"https:\/\/www.abesata.org\/br\/maioria-dos-aeroportos-com-mais-potencial-fica-na-regiao-sudeste\/","url":"https:\/\/www.abesata.org\/br\/maioria-dos-aeroportos-com-mais-potencial-fica-na-regiao-sudeste\/","name":"Maioria dos aeroportos com mais potencial fica na regi\u00e3o Sudeste - Abesata","isPartOf":{"@id":"https:\/\/www.abesata.org\/br\/#website"},"primaryImageOfPage":{"@id":"https:\/\/www.abesata.org\/br\/maioria-dos-aeroportos-com-mais-potencial-fica-na-regiao-sudeste\/#primaryimage"},"image":{"@id":"https:\/\/www.abesata.org\/br\/maioria-dos-aeroportos-com-mais-potencial-fica-na-regiao-sudeste\/#primaryimage"},"thumbnailUrl":"https:\/\/www.abesata.org\/br\/wp-content\/uploads\/2014\/08\/7.png","datePublished":"2014-09-18T15:48:15+00:00","breadcrumb":{"@id":"https:\/\/www.abesata.org\/br\/maioria-dos-aeroportos-com-mais-potencial-fica-na-regiao-sudeste\/#breadcrumb"},"inLanguage":"pt-BR","potentialAction":[{"@type":"ReadAction","target":["https:\/\/www.abesata.org\/br\/maioria-dos-aeroportos-com-mais-potencial-fica-na-regiao-sudeste\/"]}]},{"@type":"ImageObject","inLanguage":"pt-BR","@id":"https:\/\/www.abesata.org\/br\/maioria-dos-aeroportos-com-mais-potencial-fica-na-regiao-sudeste\/#primaryimage","url":"https:\/\/www.abesata.org\/br\/wp-content\/uploads\/2014\/08\/7.png","contentUrl":"https:\/\/www.abesata.org\/br\/wp-content\/uploads\/2014\/08\/7.png","width":1026,"height":336},{"@type":"BreadcrumbList","@id":"https:\/\/www.abesata.org\/br\/maioria-dos-aeroportos-com-mais-potencial-fica-na-regiao-sudeste\/#breadcrumb","itemListElement":[{"@type":"ListItem","position":1,"name":"In\u00edcio","item":"https:\/\/www.abesata.org\/br\/"},{"@type":"ListItem","position":2,"name":"Maioria dos aeroportos com mais potencial fica na regi\u00e3o Sudeste"}]},{"@type":"WebSite","@id":"https:\/\/www.abesata.org\/br\/#website","url":"https:\/\/www.abesata.org\/br\/","name":"Abesata","description":"Associa\u00e7\u00e3o Brasileira das Empresas de Servi\u00e7os Auxiliares de Transporte A\u00e9reo","publisher":{"@id":"https:\/\/www.abesata.org\/br\/#organization"},"potentialAction":[{"@type":"SearchAction","target":{"@type":"EntryPoint","urlTemplate":"https:\/\/www.abesata.org\/br\/?s={search_term_string}"},"query-input":{"@type":"PropertyValueSpecification","valueRequired":true,"valueName":"search_term_string"}}],"inLanguage":"pt-BR"},{"@type":"Organization","@id":"https:\/\/www.abesata.org\/br\/#organization","name":"Associa\u00e7\u00e3o Brasileira das Empresas de Servi\u00e7os Auxiliares de Transporte A\u00e9reo","alternateName":"Abesata","url":"https:\/\/www.abesata.org\/br\/","logo":{"@type":"ImageObject","inLanguage":"pt-BR","@id":"https:\/\/www.abesata.org\/br\/#\/schema\/logo\/image\/","url":"https:\/\/www.abesata.org\/br\/wp-content\/uploads\/2023\/10\/Abesata.png","contentUrl":"https:\/\/www.abesata.org\/br\/wp-content\/uploads\/2023\/10\/Abesata.png","width":1063,"height":591,"caption":"Associa\u00e7\u00e3o Brasileira das Empresas de Servi\u00e7os Auxiliares de Transporte A\u00e9reo"},"image":{"@id":"https:\/\/www.abesata.org\/br\/#\/schema\/logo\/image\/"},"sameAs":["https:\/\/www.facebook.com\/abesata.org\/","https:\/\/www.instagram.com\/abesata_gh\/","https:\/\/br.linkedin.com\/company\/abesata"]},{"@type":"Person","@id":"https:\/\/www.abesata.org\/br\/#\/schema\/person\/1f1295145bee68e42ffe39157320456b","name":"Ricardo","image":{"@type":"ImageObject","inLanguage":"pt-BR","@id":"https:\/\/www.abesata.org\/br\/#\/schema\/person\/image\/","url":"https:\/\/secure.gravatar.com\/avatar\/1d856797eb89513dee321f840c1a6bbcec15beb178c003e50adcf59323b3a8a9?s=96&d=mm&r=g","contentUrl":"https:\/\/secure.gravatar.com\/avatar\/1d856797eb89513dee321f840c1a6bbcec15beb178c003e50adcf59323b3a8a9?s=96&d=mm&r=g","caption":"Ricardo"},"url":"https:\/\/www.abesata.org\/br\/author\/ricardo-baroni\/"}]}},"_links":{"self":[{"href":"https:\/\/www.abesata.org\/br\/wp-json\/wp\/v2\/posts\/1540","targetHints":{"allow":["GET"]}}],"collection":[{"href":"https:\/\/www.abesata.org\/br\/wp-json\/wp\/v2\/posts"}],"about":[{"href":"https:\/\/www.abesata.org\/br\/wp-json\/wp\/v2\/types\/post"}],"author":[{"embeddable":true,"href":"https:\/\/www.abesata.org\/br\/wp-json\/wp\/v2\/users\/18"}],"replies":[{"embeddable":true,"href":"https:\/\/www.abesata.org\/br\/wp-json\/wp\/v2\/comments?post=1540"}],"version-history":[{"count":0,"href":"https:\/\/www.abesata.org\/br\/wp-json\/wp\/v2\/posts\/1540\/revisions"}],"wp:featuredmedia":[{"embeddable":true,"href":"https:\/\/www.abesata.org\/br\/wp-json\/wp\/v2\/media\/1412"}],"wp:attachment":[{"href":"https:\/\/www.abesata.org\/br\/wp-json\/wp\/v2\/media?parent=1540"}],"wp:term":[{"taxonomy":"category","embeddable":true,"href":"https:\/\/www.abesata.org\/br\/wp-json\/wp\/v2\/categories?post=1540"},{"taxonomy":"post_tag","embeddable":true,"href":"https:\/\/www.abesata.org\/br\/wp-json\/wp\/v2\/tags?post=1540"}],"curies":[{"name":"wp","href":"https:\/\/api.w.org\/{rel}","templated":true}]}}