{"id":1544,"date":"2014-09-19T17:02:34","date_gmt":"2014-09-19T20:02:34","guid":{"rendered":"http:\/\/www.abesata.org\/?p=1544"},"modified":"2014-09-19T17:02:34","modified_gmt":"2014-09-19T20:02:34","slug":"regiao-de-ponta-grossa-tera-aeroporto-de-cargas-de-r-35-bilhoes","status":"publish","type":"post","link":"https:\/\/www.abesata.org\/br\/regiao-de-ponta-grossa-tera-aeroporto-de-cargas-de-r-35-bilhoes\/","title":{"rendered":"Regi\u00e3o de Ponta Grossa ter\u00e1 aeroporto de cargas de R$ 3,5 bilh\u00f5es"},"content":{"rendered":"<p>A Companhia Aeroportu\u00e1ria Campos Gerais ir\u00e1 investir na constru\u00e7\u00e3o de um Aeroporto Internacional de Cargas. Segundo o diretor da Companhia, Edison Morozowski, o terminal aerovi\u00e1rio ser\u00e1 constru\u00eddo numa \u00e1rea de 50 quil\u00f4metros quadrados, mas ele n\u00e3o indicou o local exato. A reportagem do DC apurou que o aeroporto ficar\u00e1 entre Ponta Grossa e Palmeira e ser\u00e1 o maior da Am\u00e9rica Latina.<\/p>\n<p>Edison n\u00e3o quis repassar detalhes do projeto, o que ser\u00e1 feito num prazo de 45 dias, quando a constru\u00e7\u00e3o do aeroporto ser\u00e1 divulgada oficialmente. Ele preferiu n\u00e3o divulgar o cronograma de obras, como a previs\u00e3o de in\u00edcio, disse apenas que o valor \u00e9 bastante alto. \u201cN\u00e3o posso antecipar nada\u201d, falou. Segundo ele, a Companhia Aeroportu\u00e1ria Campos Gerais \u00e9 a empresa que investe, projeta e executar\u00e1 a obra.<\/p>\n<p>O chefe regional do Instituto das \u00c1guas do Paran\u00e1 (\u00c1guas Paran\u00e1), Ricardo Johansen, esteve envolvido no projeto desde o come\u00e7o, entretanto, tamb\u00e9m prefere n\u00e3o coment\u00e1-lo. Rapidamente, por\u00e9m, falou que falta apenas uma licen\u00e7a para o projeto esteja totalmente conclu\u00eddo. \u201cAt\u00e9 da Anac [Ag\u00eancia Nacional de Avia\u00e7\u00e3o Civil] j\u00e1 conseguimos licen\u00e7a\u201d, contou, acrescentando que a constru\u00e7\u00e3o deste terminal vem sendo idealizado h\u00e1 cinco anos. \u201cEst\u00e1 tudo pronto, mas ainda n\u00e3o podemos divulgar mais nada at\u00e9 que tudo esteja consolidado\u201d, resumiu. At\u00e9 o fechamento desta edi\u00e7\u00e3o, a Anac n\u00e3o havia confirmado a concess\u00e3o de licen\u00e7a para a constru\u00e7\u00e3o do terminal internacional de cargas.<\/p>\n<p style=\"text-align: right;\">Fonte: Portal Ponta Grossa<br \/>\n17\/09\/2014<\/p>\n","protected":false},"excerpt":{"rendered":"<p>A Companhia Aeroportu\u00e1ria Campos Gerais ir\u00e1 investir na constru\u00e7\u00e3o de um Aeroporto Internacional de Cargas. Segundo o diretor da Companhia, Edison Morozowski, o terminal aerovi\u00e1rio ser\u00e1 constru\u00eddo numa \u00e1rea de 50 quil\u00f4metros quadrados, mas ele n\u00e3o indicou o local exato. A reportagem do DC apurou que o aeroporto ficar\u00e1 entre Ponta Grossa e Palmeira e [&hellip;]<\/p>\n","protected":false},"author":18,"featured_media":0,"comment_status":"closed","ping_status":"closed","sticky":false,"template":"","format":"standard","meta":{"footnotes":""},"categories":[],"tags":[],"class_list":["post-1544","post","type-post","status-publish","format-standard","hentry"],"yoast_head":"<!-- This site is optimized with the Yoast SEO plugin v26.5 - https:\/\/yoast.com\/wordpress\/plugins\/seo\/ -->\n<title>Regi\u00e3o de Ponta Grossa ter\u00e1 aeroporto de cargas de R$ 3,5 bilh\u00f5es - Abesata<\/title>\n<meta name=\"robots\" content=\"index, follow, max-snippet:-1, max-image-preview:large, max-video-preview:-1\" \/>\n<link rel=\"canonical\" href=\"https:\/\/www.abesata.org\/br\/regiao-de-ponta-grossa-tera-aeroporto-de-cargas-de-r-35-bilhoes\/\" \/>\n<meta property=\"og:locale\" content=\"pt_BR\" \/>\n<meta property=\"og:type\" content=\"article\" \/>\n<meta property=\"og:title\" content=\"Regi\u00e3o de Ponta Grossa ter\u00e1 aeroporto de cargas de R$ 3,5 bilh\u00f5es - Abesata\" \/>\n<meta property=\"og:description\" content=\"A Companhia Aeroportu\u00e1ria Campos Gerais ir\u00e1 investir na constru\u00e7\u00e3o de um Aeroporto Internacional de Cargas. Segundo o diretor da Companhia, Edison Morozowski, o terminal aerovi\u00e1rio ser\u00e1 constru\u00eddo numa \u00e1rea de 50 quil\u00f4metros quadrados, mas ele n\u00e3o indicou o local exato. A reportagem do DC apurou que o aeroporto ficar\u00e1 entre Ponta Grossa e Palmeira e [&hellip;]\" \/>\n<meta property=\"og:url\" content=\"https:\/\/www.abesata.org\/br\/regiao-de-ponta-grossa-tera-aeroporto-de-cargas-de-r-35-bilhoes\/\" \/>\n<meta property=\"og:site_name\" content=\"Abesata\" \/>\n<meta property=\"article:publisher\" content=\"https:\/\/www.facebook.com\/abesata.org\/\" \/>\n<meta property=\"article:published_time\" content=\"2014-09-19T20:02:34+00:00\" \/>\n<meta name=\"author\" content=\"Ricardo\" \/>\n<meta name=\"twitter:card\" content=\"summary_large_image\" \/>\n<meta name=\"twitter:label1\" content=\"Escrito por\" \/>\n\t<meta name=\"twitter:data1\" content=\"Ricardo\" \/>\n\t<meta name=\"twitter:label2\" content=\"Est. tempo de leitura\" \/>\n\t<meta name=\"twitter:data2\" content=\"1 minuto\" \/>\n<script type=\"application\/ld+json\" class=\"yoast-schema-graph\">{\"@context\":\"https:\/\/schema.org\",\"@graph\":[{\"@type\":\"Article\",\"@id\":\"https:\/\/www.abesata.org\/br\/regiao-de-ponta-grossa-tera-aeroporto-de-cargas-de-r-35-bilhoes\/#article\",\"isPartOf\":{\"@id\":\"https:\/\/www.abesata.org\/br\/regiao-de-ponta-grossa-tera-aeroporto-de-cargas-de-r-35-bilhoes\/\"},\"author\":{\"name\":\"Ricardo\",\"@id\":\"https:\/\/www.abesata.org\/br\/#\/schema\/person\/1f1295145bee68e42ffe39157320456b\"},\"headline\":\"Regi\u00e3o de Ponta Grossa ter\u00e1 aeroporto de cargas de R$ 3,5 bilh\u00f5es\",\"datePublished\":\"2014-09-19T20:02:34+00:00\",\"mainEntityOfPage\":{\"@id\":\"https:\/\/www.abesata.org\/br\/regiao-de-ponta-grossa-tera-aeroporto-de-cargas-de-r-35-bilhoes\/\"},\"wordCount\":273,\"publisher\":{\"@id\":\"https:\/\/www.abesata.org\/br\/#organization\"},\"inLanguage\":\"pt-BR\"},{\"@type\":\"WebPage\",\"@id\":\"https:\/\/www.abesata.org\/br\/regiao-de-ponta-grossa-tera-aeroporto-de-cargas-de-r-35-bilhoes\/\",\"url\":\"https:\/\/www.abesata.org\/br\/regiao-de-ponta-grossa-tera-aeroporto-de-cargas-de-r-35-bilhoes\/\",\"name\":\"Regi\u00e3o de Ponta Grossa ter\u00e1 aeroporto de cargas de R$ 3,5 bilh\u00f5es - Abesata\",\"isPartOf\":{\"@id\":\"https:\/\/www.abesata.org\/br\/#website\"},\"datePublished\":\"2014-09-19T20:02:34+00:00\",\"breadcrumb\":{\"@id\":\"https:\/\/www.abesata.org\/br\/regiao-de-ponta-grossa-tera-aeroporto-de-cargas-de-r-35-bilhoes\/#breadcrumb\"},\"inLanguage\":\"pt-BR\",\"potentialAction\":[{\"@type\":\"ReadAction\",\"target\":[\"https:\/\/www.abesata.org\/br\/regiao-de-ponta-grossa-tera-aeroporto-de-cargas-de-r-35-bilhoes\/\"]}]},{\"@type\":\"BreadcrumbList\",\"@id\":\"https:\/\/www.abesata.org\/br\/regiao-de-ponta-grossa-tera-aeroporto-de-cargas-de-r-35-bilhoes\/#breadcrumb\",\"itemListElement\":[{\"@type\":\"ListItem\",\"position\":1,\"name\":\"In\u00edcio\",\"item\":\"https:\/\/www.abesata.org\/br\/\"},{\"@type\":\"ListItem\",\"position\":2,\"name\":\"Regi\u00e3o de Ponta Grossa ter\u00e1 aeroporto de cargas de R$ 3,5 bilh\u00f5es\"}]},{\"@type\":\"WebSite\",\"@id\":\"https:\/\/www.abesata.org\/br\/#website\",\"url\":\"https:\/\/www.abesata.org\/br\/\",\"name\":\"Abesata\",\"description\":\"Associa\u00e7\u00e3o Brasileira das Empresas de Servi\u00e7os Auxiliares de Transporte A\u00e9reo\",\"publisher\":{\"@id\":\"https:\/\/www.abesata.org\/br\/#organization\"},\"potentialAction\":[{\"@type\":\"SearchAction\",\"target\":{\"@type\":\"EntryPoint\",\"urlTemplate\":\"https:\/\/www.abesata.org\/br\/?s={search_term_string}\"},\"query-input\":{\"@type\":\"PropertyValueSpecification\",\"valueRequired\":true,\"valueName\":\"search_term_string\"}}],\"inLanguage\":\"pt-BR\"},{\"@type\":\"Organization\",\"@id\":\"https:\/\/www.abesata.org\/br\/#organization\",\"name\":\"Associa\u00e7\u00e3o Brasileira das Empresas de Servi\u00e7os Auxiliares de Transporte A\u00e9reo\",\"alternateName\":\"Abesata\",\"url\":\"https:\/\/www.abesata.org\/br\/\",\"logo\":{\"@type\":\"ImageObject\",\"inLanguage\":\"pt-BR\",\"@id\":\"https:\/\/www.abesata.org\/br\/#\/schema\/logo\/image\/\",\"url\":\"https:\/\/www.abesata.org\/br\/wp-content\/uploads\/2023\/10\/Abesata.png\",\"contentUrl\":\"https:\/\/www.abesata.org\/br\/wp-content\/uploads\/2023\/10\/Abesata.png\",\"width\":1063,\"height\":591,\"caption\":\"Associa\u00e7\u00e3o Brasileira das Empresas de Servi\u00e7os Auxiliares de Transporte A\u00e9reo\"},\"image\":{\"@id\":\"https:\/\/www.abesata.org\/br\/#\/schema\/logo\/image\/\"},\"sameAs\":[\"https:\/\/www.facebook.com\/abesata.org\/\",\"https:\/\/www.instagram.com\/abesata_gh\/\",\"https:\/\/br.linkedin.com\/company\/abesata\"]},{\"@type\":\"Person\",\"@id\":\"https:\/\/www.abesata.org\/br\/#\/schema\/person\/1f1295145bee68e42ffe39157320456b\",\"name\":\"Ricardo\",\"image\":{\"@type\":\"ImageObject\",\"inLanguage\":\"pt-BR\",\"@id\":\"https:\/\/www.abesata.org\/br\/#\/schema\/person\/image\/\",\"url\":\"https:\/\/secure.gravatar.com\/avatar\/1d856797eb89513dee321f840c1a6bbcec15beb178c003e50adcf59323b3a8a9?s=96&d=mm&r=g\",\"contentUrl\":\"https:\/\/secure.gravatar.com\/avatar\/1d856797eb89513dee321f840c1a6bbcec15beb178c003e50adcf59323b3a8a9?s=96&d=mm&r=g\",\"caption\":\"Ricardo\"},\"url\":\"https:\/\/www.abesata.org\/br\/author\/ricardo-baroni\/\"}]}<\/script>\n<!-- \/ Yoast SEO plugin. -->","yoast_head_json":{"title":"Regi\u00e3o de Ponta Grossa ter\u00e1 aeroporto de cargas de R$ 3,5 bilh\u00f5es - Abesata","robots":{"index":"index","follow":"follow","max-snippet":"max-snippet:-1","max-image-preview":"max-image-preview:large","max-video-preview":"max-video-preview:-1"},"canonical":"https:\/\/www.abesata.org\/br\/regiao-de-ponta-grossa-tera-aeroporto-de-cargas-de-r-35-bilhoes\/","og_locale":"pt_BR","og_type":"article","og_title":"Regi\u00e3o de Ponta Grossa ter\u00e1 aeroporto de cargas de R$ 3,5 bilh\u00f5es - Abesata","og_description":"A Companhia Aeroportu\u00e1ria Campos Gerais ir\u00e1 investir na constru\u00e7\u00e3o de um Aeroporto Internacional de Cargas. Segundo o diretor da Companhia, Edison Morozowski, o terminal aerovi\u00e1rio ser\u00e1 constru\u00eddo numa \u00e1rea de 50 quil\u00f4metros quadrados, mas ele n\u00e3o indicou o local exato. A reportagem do DC apurou que o aeroporto ficar\u00e1 entre Ponta Grossa e Palmeira e [&hellip;]","og_url":"https:\/\/www.abesata.org\/br\/regiao-de-ponta-grossa-tera-aeroporto-de-cargas-de-r-35-bilhoes\/","og_site_name":"Abesata","article_publisher":"https:\/\/www.facebook.com\/abesata.org\/","article_published_time":"2014-09-19T20:02:34+00:00","author":"Ricardo","twitter_card":"summary_large_image","twitter_misc":{"Escrito por":"Ricardo","Est. tempo de leitura":"1 minuto"},"schema":{"@context":"https:\/\/schema.org","@graph":[{"@type":"Article","@id":"https:\/\/www.abesata.org\/br\/regiao-de-ponta-grossa-tera-aeroporto-de-cargas-de-r-35-bilhoes\/#article","isPartOf":{"@id":"https:\/\/www.abesata.org\/br\/regiao-de-ponta-grossa-tera-aeroporto-de-cargas-de-r-35-bilhoes\/"},"author":{"name":"Ricardo","@id":"https:\/\/www.abesata.org\/br\/#\/schema\/person\/1f1295145bee68e42ffe39157320456b"},"headline":"Regi\u00e3o de Ponta Grossa ter\u00e1 aeroporto de cargas de R$ 3,5 bilh\u00f5es","datePublished":"2014-09-19T20:02:34+00:00","mainEntityOfPage":{"@id":"https:\/\/www.abesata.org\/br\/regiao-de-ponta-grossa-tera-aeroporto-de-cargas-de-r-35-bilhoes\/"},"wordCount":273,"publisher":{"@id":"https:\/\/www.abesata.org\/br\/#organization"},"inLanguage":"pt-BR"},{"@type":"WebPage","@id":"https:\/\/www.abesata.org\/br\/regiao-de-ponta-grossa-tera-aeroporto-de-cargas-de-r-35-bilhoes\/","url":"https:\/\/www.abesata.org\/br\/regiao-de-ponta-grossa-tera-aeroporto-de-cargas-de-r-35-bilhoes\/","name":"Regi\u00e3o de Ponta Grossa ter\u00e1 aeroporto de cargas de R$ 3,5 bilh\u00f5es - Abesata","isPartOf":{"@id":"https:\/\/www.abesata.org\/br\/#website"},"datePublished":"2014-09-19T20:02:34+00:00","breadcrumb":{"@id":"https:\/\/www.abesata.org\/br\/regiao-de-ponta-grossa-tera-aeroporto-de-cargas-de-r-35-bilhoes\/#breadcrumb"},"inLanguage":"pt-BR","potentialAction":[{"@type":"ReadAction","target":["https:\/\/www.abesata.org\/br\/regiao-de-ponta-grossa-tera-aeroporto-de-cargas-de-r-35-bilhoes\/"]}]},{"@type":"BreadcrumbList","@id":"https:\/\/www.abesata.org\/br\/regiao-de-ponta-grossa-tera-aeroporto-de-cargas-de-r-35-bilhoes\/#breadcrumb","itemListElement":[{"@type":"ListItem","position":1,"name":"In\u00edcio","item":"https:\/\/www.abesata.org\/br\/"},{"@type":"ListItem","position":2,"name":"Regi\u00e3o de Ponta Grossa ter\u00e1 aeroporto de cargas de R$ 3,5 bilh\u00f5es"}]},{"@type":"WebSite","@id":"https:\/\/www.abesata.org\/br\/#website","url":"https:\/\/www.abesata.org\/br\/","name":"Abesata","description":"Associa\u00e7\u00e3o Brasileira das Empresas de Servi\u00e7os Auxiliares de Transporte A\u00e9reo","publisher":{"@id":"https:\/\/www.abesata.org\/br\/#organization"},"potentialAction":[{"@type":"SearchAction","target":{"@type":"EntryPoint","urlTemplate":"https:\/\/www.abesata.org\/br\/?s={search_term_string}"},"query-input":{"@type":"PropertyValueSpecification","valueRequired":true,"valueName":"search_term_string"}}],"inLanguage":"pt-BR"},{"@type":"Organization","@id":"https:\/\/www.abesata.org\/br\/#organization","name":"Associa\u00e7\u00e3o Brasileira das Empresas de Servi\u00e7os Auxiliares de Transporte A\u00e9reo","alternateName":"Abesata","url":"https:\/\/www.abesata.org\/br\/","logo":{"@type":"ImageObject","inLanguage":"pt-BR","@id":"https:\/\/www.abesata.org\/br\/#\/schema\/logo\/image\/","url":"https:\/\/www.abesata.org\/br\/wp-content\/uploads\/2023\/10\/Abesata.png","contentUrl":"https:\/\/www.abesata.org\/br\/wp-content\/uploads\/2023\/10\/Abesata.png","width":1063,"height":591,"caption":"Associa\u00e7\u00e3o Brasileira das Empresas de Servi\u00e7os Auxiliares de Transporte A\u00e9reo"},"image":{"@id":"https:\/\/www.abesata.org\/br\/#\/schema\/logo\/image\/"},"sameAs":["https:\/\/www.facebook.com\/abesata.org\/","https:\/\/www.instagram.com\/abesata_gh\/","https:\/\/br.linkedin.com\/company\/abesata"]},{"@type":"Person","@id":"https:\/\/www.abesata.org\/br\/#\/schema\/person\/1f1295145bee68e42ffe39157320456b","name":"Ricardo","image":{"@type":"ImageObject","inLanguage":"pt-BR","@id":"https:\/\/www.abesata.org\/br\/#\/schema\/person\/image\/","url":"https:\/\/secure.gravatar.com\/avatar\/1d856797eb89513dee321f840c1a6bbcec15beb178c003e50adcf59323b3a8a9?s=96&d=mm&r=g","contentUrl":"https:\/\/secure.gravatar.com\/avatar\/1d856797eb89513dee321f840c1a6bbcec15beb178c003e50adcf59323b3a8a9?s=96&d=mm&r=g","caption":"Ricardo"},"url":"https:\/\/www.abesata.org\/br\/author\/ricardo-baroni\/"}]}},"_links":{"self":[{"href":"https:\/\/www.abesata.org\/br\/wp-json\/wp\/v2\/posts\/1544","targetHints":{"allow":["GET"]}}],"collection":[{"href":"https:\/\/www.abesata.org\/br\/wp-json\/wp\/v2\/posts"}],"about":[{"href":"https:\/\/www.abesata.org\/br\/wp-json\/wp\/v2\/types\/post"}],"author":[{"embeddable":true,"href":"https:\/\/www.abesata.org\/br\/wp-json\/wp\/v2\/users\/18"}],"replies":[{"embeddable":true,"href":"https:\/\/www.abesata.org\/br\/wp-json\/wp\/v2\/comments?post=1544"}],"version-history":[{"count":0,"href":"https:\/\/www.abesata.org\/br\/wp-json\/wp\/v2\/posts\/1544\/revisions"}],"wp:attachment":[{"href":"https:\/\/www.abesata.org\/br\/wp-json\/wp\/v2\/media?parent=1544"}],"wp:term":[{"taxonomy":"category","embeddable":true,"href":"https:\/\/www.abesata.org\/br\/wp-json\/wp\/v2\/categories?post=1544"},{"taxonomy":"post_tag","embeddable":true,"href":"https:\/\/www.abesata.org\/br\/wp-json\/wp\/v2\/tags?post=1544"}],"curies":[{"name":"wp","href":"https:\/\/api.w.org\/{rel}","templated":true}]}}