{"id":1558,"date":"2014-09-24T14:27:14","date_gmt":"2014-09-24T17:27:14","guid":{"rendered":"http:\/\/www.abesata.org\/?p=1558"},"modified":"2014-09-24T14:27:14","modified_gmt":"2014-09-24T17:27:14","slug":"terceiro-aeroporto-em-sao-paulo-depende-de-avaliacao-da-casa-civil","status":"publish","type":"post","link":"https:\/\/www.abesata.org\/br\/terceiro-aeroporto-em-sao-paulo-depende-de-avaliacao-da-casa-civil\/","title":{"rendered":"Terceiro aeroporto em S\u00e3o Paulo depende de avalia\u00e7\u00e3o da Casa Civil"},"content":{"rendered":"<p>A discuss\u00e3o sobre o terceiro grande aeroporto da regi\u00e3o metropolitana de S\u00e3o Paulo passou da fase de avalia\u00e7\u00f5es t\u00e9cnicas e agora est\u00e1 sendo analisado pela Casa Civil. A informa\u00e7\u00e3o foi dada ontem pelo ministro da Secretaria da Avia\u00e7\u00e3o Civil (SAC), Wellington Moreira Franco, durante apresenta\u00e7\u00e3o da concession\u00e1ria do aeroporto de Guarulhos do plano de investimento de R$ 200 milh\u00f5es na reforma dos terminais 1 e 2, marcada para come\u00e7ar em outubro.<\/p>\n<p>&#8220;Com rela\u00e7\u00e3o ao terceiro aeroporto, desde que foi colocado esse problema em uma medida provis\u00f3ria, essa situa\u00e7\u00e3o saiu da \u00e1rea t\u00e9cnica e foi para a \u00e1rea pol\u00edtica. Por consequ\u00eancia, essa quest\u00e3o est\u00e1 sendo tocada pela Casa Civil&#8221;, disse o ministro durante entrevista a jornalistas. A presidente Dilma Rousseff chegou a vetar, neste ano, um artigo da MP 627, que liberava a constru\u00e7\u00e3o de aeroportos privados para voos comerciais &#8211; tratava-se de uma emenda do deputado Eduardo Cunha (PMDB-RJ).<\/p>\n<p>O Novo Aeroporto de S\u00e3o Paulo (Nasp), como foi batizado, \u00e9 um projeto dos grupos Andrade Gutierrez e Camargo Corr\u00eaa a ser erguido no munic\u00edpio de Caieiras (SP) com capacidade para 50 milh\u00f5es de passageiros ao ano. Guarulhos, o maior do pa\u00eds, comporta atualmente 42 milh\u00f5es de pessoas ao ano e pode chegar a 60 milh\u00f5es ao fim da concess\u00e3o.<\/p>\n<p>O Nasp \u00e9 questionado pelas concession\u00e1rias porque &#8211; se for adiante &#8211; ser\u00e1 liberado ap\u00f3s os leil\u00f5es de aeroportos e poder\u00e1 afetar a demanda das licen\u00e7as em andamento (al\u00e9m de Guarulhos, est\u00e3o sob concess\u00e3o os projetos de Campinas, Bras\u00edlia, Gale\u00e3o, Confins e S\u00e3o Gon\u00e7alo do Amarante). O empreendimento seria erguido pelo regime de autoriza\u00e7\u00e3o, mas precisa de regulamenta\u00e7\u00e3o. Hoje, s\u00f3 podem ser autorizados projetos de avia\u00e7\u00e3o executiva.<\/p>\n<p>O ministro tamb\u00e9m respondeu sobre a possibilidade de novas concess\u00f5es. Na \u00faltima semana, reportagem do Valor mostrou que o governo enviou ao Congresso informa\u00e7\u00f5es sobre o Or\u00e7amento de 2015, no qual lista como possibilidades de receitas as concess\u00f5es dos aeroportos de Curitiba (por R$ 1,3 bilh\u00e3o), Recife (R$ 1,3 bilh\u00e3o) e Cuiab\u00e1 (R$ 376 milh\u00f5es).<\/p>\n<p style=\"text-align: right;\">Fonte: Valor Econ\u00f4mico<br \/>\n23\/09\/2014<\/p>\n","protected":false},"excerpt":{"rendered":"<p>A discuss\u00e3o sobre o terceiro grande aeroporto da regi\u00e3o metropolitana de S\u00e3o Paulo passou da fase de avalia\u00e7\u00f5es t\u00e9cnicas e agora est\u00e1 sendo analisado pela Casa Civil. A informa\u00e7\u00e3o foi dada ontem pelo ministro da Secretaria da Avia\u00e7\u00e3o Civil (SAC), Wellington Moreira Franco, durante apresenta\u00e7\u00e3o da concession\u00e1ria do aeroporto de Guarulhos do plano de investimento [&hellip;]<\/p>\n","protected":false},"author":18,"featured_media":0,"comment_status":"closed","ping_status":"closed","sticky":false,"template":"","format":"standard","meta":{"footnotes":""},"categories":[],"tags":[],"class_list":["post-1558","post","type-post","status-publish","format-standard","hentry"],"yoast_head":"<!-- This site is optimized with the Yoast SEO plugin v26.5 - https:\/\/yoast.com\/wordpress\/plugins\/seo\/ -->\n<title>Terceiro aeroporto em S\u00e3o Paulo depende de avalia\u00e7\u00e3o da Casa Civil - Abesata<\/title>\n<meta name=\"robots\" content=\"index, follow, max-snippet:-1, max-image-preview:large, max-video-preview:-1\" \/>\n<link rel=\"canonical\" href=\"https:\/\/www.abesata.org\/br\/terceiro-aeroporto-em-sao-paulo-depende-de-avaliacao-da-casa-civil\/\" \/>\n<meta property=\"og:locale\" content=\"pt_BR\" \/>\n<meta property=\"og:type\" content=\"article\" \/>\n<meta property=\"og:title\" content=\"Terceiro aeroporto em S\u00e3o Paulo depende de avalia\u00e7\u00e3o da Casa Civil - Abesata\" \/>\n<meta property=\"og:description\" content=\"A discuss\u00e3o sobre o terceiro grande aeroporto da regi\u00e3o metropolitana de S\u00e3o Paulo passou da fase de avalia\u00e7\u00f5es t\u00e9cnicas e agora est\u00e1 sendo analisado pela Casa Civil. A informa\u00e7\u00e3o foi dada ontem pelo ministro da Secretaria da Avia\u00e7\u00e3o Civil (SAC), Wellington Moreira Franco, durante apresenta\u00e7\u00e3o da concession\u00e1ria do aeroporto de Guarulhos do plano de investimento [&hellip;]\" \/>\n<meta property=\"og:url\" content=\"https:\/\/www.abesata.org\/br\/terceiro-aeroporto-em-sao-paulo-depende-de-avaliacao-da-casa-civil\/\" \/>\n<meta property=\"og:site_name\" content=\"Abesata\" \/>\n<meta property=\"article:publisher\" content=\"https:\/\/www.facebook.com\/abesata.org\/\" \/>\n<meta property=\"article:published_time\" content=\"2014-09-24T17:27:14+00:00\" \/>\n<meta name=\"author\" content=\"Ricardo\" \/>\n<meta name=\"twitter:card\" content=\"summary_large_image\" \/>\n<meta name=\"twitter:label1\" content=\"Escrito por\" \/>\n\t<meta name=\"twitter:data1\" content=\"Ricardo\" \/>\n\t<meta name=\"twitter:label2\" content=\"Est. tempo de leitura\" \/>\n\t<meta name=\"twitter:data2\" content=\"2 minutos\" \/>\n<script type=\"application\/ld+json\" class=\"yoast-schema-graph\">{\"@context\":\"https:\/\/schema.org\",\"@graph\":[{\"@type\":\"Article\",\"@id\":\"https:\/\/www.abesata.org\/br\/terceiro-aeroporto-em-sao-paulo-depende-de-avaliacao-da-casa-civil\/#article\",\"isPartOf\":{\"@id\":\"https:\/\/www.abesata.org\/br\/terceiro-aeroporto-em-sao-paulo-depende-de-avaliacao-da-casa-civil\/\"},\"author\":{\"name\":\"Ricardo\",\"@id\":\"https:\/\/www.abesata.org\/br\/#\/schema\/person\/1f1295145bee68e42ffe39157320456b\"},\"headline\":\"Terceiro aeroporto em S\u00e3o Paulo depende de avalia\u00e7\u00e3o da Casa Civil\",\"datePublished\":\"2014-09-24T17:27:14+00:00\",\"mainEntityOfPage\":{\"@id\":\"https:\/\/www.abesata.org\/br\/terceiro-aeroporto-em-sao-paulo-depende-de-avaliacao-da-casa-civil\/\"},\"wordCount\":384,\"publisher\":{\"@id\":\"https:\/\/www.abesata.org\/br\/#organization\"},\"inLanguage\":\"pt-BR\"},{\"@type\":\"WebPage\",\"@id\":\"https:\/\/www.abesata.org\/br\/terceiro-aeroporto-em-sao-paulo-depende-de-avaliacao-da-casa-civil\/\",\"url\":\"https:\/\/www.abesata.org\/br\/terceiro-aeroporto-em-sao-paulo-depende-de-avaliacao-da-casa-civil\/\",\"name\":\"Terceiro aeroporto em S\u00e3o Paulo depende de avalia\u00e7\u00e3o da Casa Civil - Abesata\",\"isPartOf\":{\"@id\":\"https:\/\/www.abesata.org\/br\/#website\"},\"datePublished\":\"2014-09-24T17:27:14+00:00\",\"breadcrumb\":{\"@id\":\"https:\/\/www.abesata.org\/br\/terceiro-aeroporto-em-sao-paulo-depende-de-avaliacao-da-casa-civil\/#breadcrumb\"},\"inLanguage\":\"pt-BR\",\"potentialAction\":[{\"@type\":\"ReadAction\",\"target\":[\"https:\/\/www.abesata.org\/br\/terceiro-aeroporto-em-sao-paulo-depende-de-avaliacao-da-casa-civil\/\"]}]},{\"@type\":\"BreadcrumbList\",\"@id\":\"https:\/\/www.abesata.org\/br\/terceiro-aeroporto-em-sao-paulo-depende-de-avaliacao-da-casa-civil\/#breadcrumb\",\"itemListElement\":[{\"@type\":\"ListItem\",\"position\":1,\"name\":\"In\u00edcio\",\"item\":\"https:\/\/www.abesata.org\/br\/\"},{\"@type\":\"ListItem\",\"position\":2,\"name\":\"Terceiro aeroporto em S\u00e3o Paulo depende de avalia\u00e7\u00e3o da Casa Civil\"}]},{\"@type\":\"WebSite\",\"@id\":\"https:\/\/www.abesata.org\/br\/#website\",\"url\":\"https:\/\/www.abesata.org\/br\/\",\"name\":\"Abesata\",\"description\":\"Associa\u00e7\u00e3o Brasileira das Empresas de Servi\u00e7os Auxiliares de Transporte A\u00e9reo\",\"publisher\":{\"@id\":\"https:\/\/www.abesata.org\/br\/#organization\"},\"potentialAction\":[{\"@type\":\"SearchAction\",\"target\":{\"@type\":\"EntryPoint\",\"urlTemplate\":\"https:\/\/www.abesata.org\/br\/?s={search_term_string}\"},\"query-input\":{\"@type\":\"PropertyValueSpecification\",\"valueRequired\":true,\"valueName\":\"search_term_string\"}}],\"inLanguage\":\"pt-BR\"},{\"@type\":\"Organization\",\"@id\":\"https:\/\/www.abesata.org\/br\/#organization\",\"name\":\"Associa\u00e7\u00e3o Brasileira das Empresas de Servi\u00e7os Auxiliares de Transporte A\u00e9reo\",\"alternateName\":\"Abesata\",\"url\":\"https:\/\/www.abesata.org\/br\/\",\"logo\":{\"@type\":\"ImageObject\",\"inLanguage\":\"pt-BR\",\"@id\":\"https:\/\/www.abesata.org\/br\/#\/schema\/logo\/image\/\",\"url\":\"https:\/\/www.abesata.org\/br\/wp-content\/uploads\/2023\/10\/Abesata.png\",\"contentUrl\":\"https:\/\/www.abesata.org\/br\/wp-content\/uploads\/2023\/10\/Abesata.png\",\"width\":1063,\"height\":591,\"caption\":\"Associa\u00e7\u00e3o Brasileira das Empresas de Servi\u00e7os Auxiliares de Transporte A\u00e9reo\"},\"image\":{\"@id\":\"https:\/\/www.abesata.org\/br\/#\/schema\/logo\/image\/\"},\"sameAs\":[\"https:\/\/www.facebook.com\/abesata.org\/\",\"https:\/\/www.instagram.com\/abesata_gh\/\",\"https:\/\/br.linkedin.com\/company\/abesata\"]},{\"@type\":\"Person\",\"@id\":\"https:\/\/www.abesata.org\/br\/#\/schema\/person\/1f1295145bee68e42ffe39157320456b\",\"name\":\"Ricardo\",\"image\":{\"@type\":\"ImageObject\",\"inLanguage\":\"pt-BR\",\"@id\":\"https:\/\/www.abesata.org\/br\/#\/schema\/person\/image\/\",\"url\":\"https:\/\/secure.gravatar.com\/avatar\/1d856797eb89513dee321f840c1a6bbcec15beb178c003e50adcf59323b3a8a9?s=96&d=mm&r=g\",\"contentUrl\":\"https:\/\/secure.gravatar.com\/avatar\/1d856797eb89513dee321f840c1a6bbcec15beb178c003e50adcf59323b3a8a9?s=96&d=mm&r=g\",\"caption\":\"Ricardo\"},\"url\":\"https:\/\/www.abesata.org\/br\/author\/ricardo-baroni\/\"}]}<\/script>\n<!-- \/ Yoast SEO plugin. -->","yoast_head_json":{"title":"Terceiro aeroporto em S\u00e3o Paulo depende de avalia\u00e7\u00e3o da Casa Civil - Abesata","robots":{"index":"index","follow":"follow","max-snippet":"max-snippet:-1","max-image-preview":"max-image-preview:large","max-video-preview":"max-video-preview:-1"},"canonical":"https:\/\/www.abesata.org\/br\/terceiro-aeroporto-em-sao-paulo-depende-de-avaliacao-da-casa-civil\/","og_locale":"pt_BR","og_type":"article","og_title":"Terceiro aeroporto em S\u00e3o Paulo depende de avalia\u00e7\u00e3o da Casa Civil - Abesata","og_description":"A discuss\u00e3o sobre o terceiro grande aeroporto da regi\u00e3o metropolitana de S\u00e3o Paulo passou da fase de avalia\u00e7\u00f5es t\u00e9cnicas e agora est\u00e1 sendo analisado pela Casa Civil. A informa\u00e7\u00e3o foi dada ontem pelo ministro da Secretaria da Avia\u00e7\u00e3o Civil (SAC), Wellington Moreira Franco, durante apresenta\u00e7\u00e3o da concession\u00e1ria do aeroporto de Guarulhos do plano de investimento [&hellip;]","og_url":"https:\/\/www.abesata.org\/br\/terceiro-aeroporto-em-sao-paulo-depende-de-avaliacao-da-casa-civil\/","og_site_name":"Abesata","article_publisher":"https:\/\/www.facebook.com\/abesata.org\/","article_published_time":"2014-09-24T17:27:14+00:00","author":"Ricardo","twitter_card":"summary_large_image","twitter_misc":{"Escrito por":"Ricardo","Est. tempo de leitura":"2 minutos"},"schema":{"@context":"https:\/\/schema.org","@graph":[{"@type":"Article","@id":"https:\/\/www.abesata.org\/br\/terceiro-aeroporto-em-sao-paulo-depende-de-avaliacao-da-casa-civil\/#article","isPartOf":{"@id":"https:\/\/www.abesata.org\/br\/terceiro-aeroporto-em-sao-paulo-depende-de-avaliacao-da-casa-civil\/"},"author":{"name":"Ricardo","@id":"https:\/\/www.abesata.org\/br\/#\/schema\/person\/1f1295145bee68e42ffe39157320456b"},"headline":"Terceiro aeroporto em S\u00e3o Paulo depende de avalia\u00e7\u00e3o da Casa Civil","datePublished":"2014-09-24T17:27:14+00:00","mainEntityOfPage":{"@id":"https:\/\/www.abesata.org\/br\/terceiro-aeroporto-em-sao-paulo-depende-de-avaliacao-da-casa-civil\/"},"wordCount":384,"publisher":{"@id":"https:\/\/www.abesata.org\/br\/#organization"},"inLanguage":"pt-BR"},{"@type":"WebPage","@id":"https:\/\/www.abesata.org\/br\/terceiro-aeroporto-em-sao-paulo-depende-de-avaliacao-da-casa-civil\/","url":"https:\/\/www.abesata.org\/br\/terceiro-aeroporto-em-sao-paulo-depende-de-avaliacao-da-casa-civil\/","name":"Terceiro aeroporto em S\u00e3o Paulo depende de avalia\u00e7\u00e3o da Casa Civil - Abesata","isPartOf":{"@id":"https:\/\/www.abesata.org\/br\/#website"},"datePublished":"2014-09-24T17:27:14+00:00","breadcrumb":{"@id":"https:\/\/www.abesata.org\/br\/terceiro-aeroporto-em-sao-paulo-depende-de-avaliacao-da-casa-civil\/#breadcrumb"},"inLanguage":"pt-BR","potentialAction":[{"@type":"ReadAction","target":["https:\/\/www.abesata.org\/br\/terceiro-aeroporto-em-sao-paulo-depende-de-avaliacao-da-casa-civil\/"]}]},{"@type":"BreadcrumbList","@id":"https:\/\/www.abesata.org\/br\/terceiro-aeroporto-em-sao-paulo-depende-de-avaliacao-da-casa-civil\/#breadcrumb","itemListElement":[{"@type":"ListItem","position":1,"name":"In\u00edcio","item":"https:\/\/www.abesata.org\/br\/"},{"@type":"ListItem","position":2,"name":"Terceiro aeroporto em S\u00e3o Paulo depende de avalia\u00e7\u00e3o da Casa Civil"}]},{"@type":"WebSite","@id":"https:\/\/www.abesata.org\/br\/#website","url":"https:\/\/www.abesata.org\/br\/","name":"Abesata","description":"Associa\u00e7\u00e3o Brasileira das Empresas de Servi\u00e7os Auxiliares de Transporte A\u00e9reo","publisher":{"@id":"https:\/\/www.abesata.org\/br\/#organization"},"potentialAction":[{"@type":"SearchAction","target":{"@type":"EntryPoint","urlTemplate":"https:\/\/www.abesata.org\/br\/?s={search_term_string}"},"query-input":{"@type":"PropertyValueSpecification","valueRequired":true,"valueName":"search_term_string"}}],"inLanguage":"pt-BR"},{"@type":"Organization","@id":"https:\/\/www.abesata.org\/br\/#organization","name":"Associa\u00e7\u00e3o Brasileira das Empresas de Servi\u00e7os Auxiliares de Transporte A\u00e9reo","alternateName":"Abesata","url":"https:\/\/www.abesata.org\/br\/","logo":{"@type":"ImageObject","inLanguage":"pt-BR","@id":"https:\/\/www.abesata.org\/br\/#\/schema\/logo\/image\/","url":"https:\/\/www.abesata.org\/br\/wp-content\/uploads\/2023\/10\/Abesata.png","contentUrl":"https:\/\/www.abesata.org\/br\/wp-content\/uploads\/2023\/10\/Abesata.png","width":1063,"height":591,"caption":"Associa\u00e7\u00e3o Brasileira das Empresas de Servi\u00e7os Auxiliares de Transporte A\u00e9reo"},"image":{"@id":"https:\/\/www.abesata.org\/br\/#\/schema\/logo\/image\/"},"sameAs":["https:\/\/www.facebook.com\/abesata.org\/","https:\/\/www.instagram.com\/abesata_gh\/","https:\/\/br.linkedin.com\/company\/abesata"]},{"@type":"Person","@id":"https:\/\/www.abesata.org\/br\/#\/schema\/person\/1f1295145bee68e42ffe39157320456b","name":"Ricardo","image":{"@type":"ImageObject","inLanguage":"pt-BR","@id":"https:\/\/www.abesata.org\/br\/#\/schema\/person\/image\/","url":"https:\/\/secure.gravatar.com\/avatar\/1d856797eb89513dee321f840c1a6bbcec15beb178c003e50adcf59323b3a8a9?s=96&d=mm&r=g","contentUrl":"https:\/\/secure.gravatar.com\/avatar\/1d856797eb89513dee321f840c1a6bbcec15beb178c003e50adcf59323b3a8a9?s=96&d=mm&r=g","caption":"Ricardo"},"url":"https:\/\/www.abesata.org\/br\/author\/ricardo-baroni\/"}]}},"_links":{"self":[{"href":"https:\/\/www.abesata.org\/br\/wp-json\/wp\/v2\/posts\/1558","targetHints":{"allow":["GET"]}}],"collection":[{"href":"https:\/\/www.abesata.org\/br\/wp-json\/wp\/v2\/posts"}],"about":[{"href":"https:\/\/www.abesata.org\/br\/wp-json\/wp\/v2\/types\/post"}],"author":[{"embeddable":true,"href":"https:\/\/www.abesata.org\/br\/wp-json\/wp\/v2\/users\/18"}],"replies":[{"embeddable":true,"href":"https:\/\/www.abesata.org\/br\/wp-json\/wp\/v2\/comments?post=1558"}],"version-history":[{"count":0,"href":"https:\/\/www.abesata.org\/br\/wp-json\/wp\/v2\/posts\/1558\/revisions"}],"wp:attachment":[{"href":"https:\/\/www.abesata.org\/br\/wp-json\/wp\/v2\/media?parent=1558"}],"wp:term":[{"taxonomy":"category","embeddable":true,"href":"https:\/\/www.abesata.org\/br\/wp-json\/wp\/v2\/categories?post=1558"},{"taxonomy":"post_tag","embeddable":true,"href":"https:\/\/www.abesata.org\/br\/wp-json\/wp\/v2\/tags?post=1558"}],"curies":[{"name":"wp","href":"https:\/\/api.w.org\/{rel}","templated":true}]}}