{"id":1561,"date":"2014-09-24T14:40:45","date_gmt":"2014-09-24T17:40:45","guid":{"rendered":"http:\/\/www.abesata.org\/?p=1561"},"modified":"2014-09-24T14:40:45","modified_gmt":"2014-09-24T17:40:45","slug":"anac-lanca-questionario-sobre-setor-de-aviacao-civil","status":"publish","type":"post","link":"https:\/\/www.abesata.org\/br\/anac-lanca-questionario-sobre-setor-de-aviacao-civil\/","title":{"rendered":"Anac lan\u00e7a question\u00e1rio sobre setor de avia\u00e7\u00e3o civil"},"content":{"rendered":"<p>A Ag\u00eancia Nacional de Avia\u00e7\u00e3o Civil (Anac) disponibilizou um <a href=\"http:\/\/www.anac.brainstormingweb.com.br\/pesquisa.brain\">question\u00e1rio com 14 perguntas<\/a> referentes a temas estrat\u00e9gicos para o setor de avia\u00e7\u00e3o civil. O objetivo da ag\u00eancia \u00e9 reunir subs\u00eddios para a elabora\u00e7\u00e3o do novo Planejamento Estrat\u00e9gico, cujo novo ciclo vigorar\u00e1 no per\u00edodo de 2015 a 2019.<\/p>\n<p>A pesquisa visa a identificar tend\u00eancias e eventos futuros a partir de opini\u00f5es de um grupo de especialistas e demais interessados em temas estrat\u00e9gicos da avia\u00e7\u00e3o civil. Os temas do question\u00e1rio referem-se a assuntos como economia, inova\u00e7\u00f5es tecnol\u00f3gicas, arranjo institucional do setor, modelo de concess\u00f5es aeroportu\u00e1rias, mercado de avia\u00e7\u00e3o, sustentabilidade ambiental e defesa do consumidor \u2014 dentre outros.<\/p>\n<p>Cada uma das 14 quest\u00f5es que comp\u00f5em o question\u00e1rio apresenta uma s\u00edntese das principais informa\u00e7\u00f5es pertinentes ao tema.<\/p>\n<p><strong>Cursos certificados<\/strong><br \/>\nA Anac tamb\u00e9m divulgou uma <a href=\"http:\/\/www2.anac.gov.br\/Arquivos\/pdf\/lista_cursos_certificados.pdf\">lista<\/a> dos Centros de Treinamento de Avia\u00e7\u00e3o Civil (CTAC), Escolas de Avia\u00e7\u00e3o Civil e Aeroclubes que ministram treinamento de solo e de voo certificados pela ag\u00eancia.<\/p>\n<p style=\"text-align: right;\">Fonte: SAC\/PR<br \/>\n23\/09\/2014<\/p>\n","protected":false},"excerpt":{"rendered":"<p>A Ag\u00eancia Nacional de Avia\u00e7\u00e3o Civil (Anac) disponibilizou um question\u00e1rio com 14 perguntas referentes a temas estrat\u00e9gicos para o setor de avia\u00e7\u00e3o civil. O objetivo da ag\u00eancia \u00e9 reunir subs\u00eddios para a elabora\u00e7\u00e3o do novo Planejamento Estrat\u00e9gico, cujo novo ciclo vigorar\u00e1 no per\u00edodo de 2015 a 2019. A pesquisa visa a identificar tend\u00eancias e eventos [&hellip;]<\/p>\n","protected":false},"author":18,"featured_media":438,"comment_status":"closed","ping_status":"closed","sticky":false,"template":"","format":"standard","meta":{"footnotes":""},"categories":[],"tags":[],"class_list":["post-1561","post","type-post","status-publish","format-standard","has-post-thumbnail","hentry"],"yoast_head":"<!-- This site is optimized with the Yoast SEO plugin v26.5 - https:\/\/yoast.com\/wordpress\/plugins\/seo\/ -->\n<title>Anac lan\u00e7a question\u00e1rio sobre setor de avia\u00e7\u00e3o civil - Abesata<\/title>\n<meta name=\"robots\" content=\"index, follow, max-snippet:-1, max-image-preview:large, max-video-preview:-1\" \/>\n<link rel=\"canonical\" href=\"https:\/\/www.abesata.org\/br\/anac-lanca-questionario-sobre-setor-de-aviacao-civil\/\" \/>\n<meta property=\"og:locale\" content=\"pt_BR\" \/>\n<meta property=\"og:type\" content=\"article\" \/>\n<meta property=\"og:title\" content=\"Anac lan\u00e7a question\u00e1rio sobre setor de avia\u00e7\u00e3o civil - Abesata\" \/>\n<meta property=\"og:description\" content=\"A Ag\u00eancia Nacional de Avia\u00e7\u00e3o Civil (Anac) disponibilizou um question\u00e1rio com 14 perguntas referentes a temas estrat\u00e9gicos para o setor de avia\u00e7\u00e3o civil. O objetivo da ag\u00eancia \u00e9 reunir subs\u00eddios para a elabora\u00e7\u00e3o do novo Planejamento Estrat\u00e9gico, cujo novo ciclo vigorar\u00e1 no per\u00edodo de 2015 a 2019. A pesquisa visa a identificar tend\u00eancias e eventos [&hellip;]\" \/>\n<meta property=\"og:url\" content=\"https:\/\/www.abesata.org\/br\/anac-lanca-questionario-sobre-setor-de-aviacao-civil\/\" \/>\n<meta property=\"og:site_name\" content=\"Abesata\" \/>\n<meta property=\"article:publisher\" content=\"https:\/\/www.facebook.com\/abesata.org\/\" \/>\n<meta property=\"article:published_time\" content=\"2014-09-24T17:40:45+00:00\" \/>\n<meta property=\"og:image\" content=\"https:\/\/www.abesata.org\/br\/wp-content\/uploads\/2014\/03\/14.png\" \/>\n\t<meta property=\"og:image:width\" content=\"1707\" \/>\n\t<meta property=\"og:image:height\" content=\"560\" \/>\n\t<meta property=\"og:image:type\" content=\"image\/png\" \/>\n<meta name=\"author\" content=\"Ricardo\" \/>\n<meta name=\"twitter:card\" content=\"summary_large_image\" \/>\n<meta name=\"twitter:label1\" content=\"Escrito por\" \/>\n\t<meta name=\"twitter:data1\" content=\"Ricardo\" \/>\n\t<meta name=\"twitter:label2\" content=\"Est. tempo de leitura\" \/>\n\t<meta name=\"twitter:data2\" content=\"1 minuto\" \/>\n<script type=\"application\/ld+json\" class=\"yoast-schema-graph\">{\"@context\":\"https:\/\/schema.org\",\"@graph\":[{\"@type\":\"Article\",\"@id\":\"https:\/\/www.abesata.org\/br\/anac-lanca-questionario-sobre-setor-de-aviacao-civil\/#article\",\"isPartOf\":{\"@id\":\"https:\/\/www.abesata.org\/br\/anac-lanca-questionario-sobre-setor-de-aviacao-civil\/\"},\"author\":{\"name\":\"Ricardo\",\"@id\":\"https:\/\/www.abesata.org\/br\/#\/schema\/person\/1f1295145bee68e42ffe39157320456b\"},\"headline\":\"Anac lan\u00e7a question\u00e1rio sobre setor de avia\u00e7\u00e3o civil\",\"datePublished\":\"2014-09-24T17:40:45+00:00\",\"mainEntityOfPage\":{\"@id\":\"https:\/\/www.abesata.org\/br\/anac-lanca-questionario-sobre-setor-de-aviacao-civil\/\"},\"wordCount\":193,\"publisher\":{\"@id\":\"https:\/\/www.abesata.org\/br\/#organization\"},\"image\":{\"@id\":\"https:\/\/www.abesata.org\/br\/anac-lanca-questionario-sobre-setor-de-aviacao-civil\/#primaryimage\"},\"thumbnailUrl\":\"https:\/\/www.abesata.org\/br\/wp-content\/uploads\/2014\/03\/14.png\",\"inLanguage\":\"pt-BR\"},{\"@type\":\"WebPage\",\"@id\":\"https:\/\/www.abesata.org\/br\/anac-lanca-questionario-sobre-setor-de-aviacao-civil\/\",\"url\":\"https:\/\/www.abesata.org\/br\/anac-lanca-questionario-sobre-setor-de-aviacao-civil\/\",\"name\":\"Anac lan\u00e7a question\u00e1rio sobre setor de avia\u00e7\u00e3o civil - Abesata\",\"isPartOf\":{\"@id\":\"https:\/\/www.abesata.org\/br\/#website\"},\"primaryImageOfPage\":{\"@id\":\"https:\/\/www.abesata.org\/br\/anac-lanca-questionario-sobre-setor-de-aviacao-civil\/#primaryimage\"},\"image\":{\"@id\":\"https:\/\/www.abesata.org\/br\/anac-lanca-questionario-sobre-setor-de-aviacao-civil\/#primaryimage\"},\"thumbnailUrl\":\"https:\/\/www.abesata.org\/br\/wp-content\/uploads\/2014\/03\/14.png\",\"datePublished\":\"2014-09-24T17:40:45+00:00\",\"breadcrumb\":{\"@id\":\"https:\/\/www.abesata.org\/br\/anac-lanca-questionario-sobre-setor-de-aviacao-civil\/#breadcrumb\"},\"inLanguage\":\"pt-BR\",\"potentialAction\":[{\"@type\":\"ReadAction\",\"target\":[\"https:\/\/www.abesata.org\/br\/anac-lanca-questionario-sobre-setor-de-aviacao-civil\/\"]}]},{\"@type\":\"ImageObject\",\"inLanguage\":\"pt-BR\",\"@id\":\"https:\/\/www.abesata.org\/br\/anac-lanca-questionario-sobre-setor-de-aviacao-civil\/#primaryimage\",\"url\":\"https:\/\/www.abesata.org\/br\/wp-content\/uploads\/2014\/03\/14.png\",\"contentUrl\":\"https:\/\/www.abesata.org\/br\/wp-content\/uploads\/2014\/03\/14.png\",\"width\":1707,\"height\":560},{\"@type\":\"BreadcrumbList\",\"@id\":\"https:\/\/www.abesata.org\/br\/anac-lanca-questionario-sobre-setor-de-aviacao-civil\/#breadcrumb\",\"itemListElement\":[{\"@type\":\"ListItem\",\"position\":1,\"name\":\"In\u00edcio\",\"item\":\"https:\/\/www.abesata.org\/br\/\"},{\"@type\":\"ListItem\",\"position\":2,\"name\":\"Anac lan\u00e7a question\u00e1rio sobre setor de avia\u00e7\u00e3o civil\"}]},{\"@type\":\"WebSite\",\"@id\":\"https:\/\/www.abesata.org\/br\/#website\",\"url\":\"https:\/\/www.abesata.org\/br\/\",\"name\":\"Abesata\",\"description\":\"Associa\u00e7\u00e3o Brasileira das Empresas de Servi\u00e7os Auxiliares de Transporte A\u00e9reo\",\"publisher\":{\"@id\":\"https:\/\/www.abesata.org\/br\/#organization\"},\"potentialAction\":[{\"@type\":\"SearchAction\",\"target\":{\"@type\":\"EntryPoint\",\"urlTemplate\":\"https:\/\/www.abesata.org\/br\/?s={search_term_string}\"},\"query-input\":{\"@type\":\"PropertyValueSpecification\",\"valueRequired\":true,\"valueName\":\"search_term_string\"}}],\"inLanguage\":\"pt-BR\"},{\"@type\":\"Organization\",\"@id\":\"https:\/\/www.abesata.org\/br\/#organization\",\"name\":\"Associa\u00e7\u00e3o Brasileira das Empresas de Servi\u00e7os Auxiliares de Transporte A\u00e9reo\",\"alternateName\":\"Abesata\",\"url\":\"https:\/\/www.abesata.org\/br\/\",\"logo\":{\"@type\":\"ImageObject\",\"inLanguage\":\"pt-BR\",\"@id\":\"https:\/\/www.abesata.org\/br\/#\/schema\/logo\/image\/\",\"url\":\"https:\/\/www.abesata.org\/br\/wp-content\/uploads\/2023\/10\/Abesata.png\",\"contentUrl\":\"https:\/\/www.abesata.org\/br\/wp-content\/uploads\/2023\/10\/Abesata.png\",\"width\":1063,\"height\":591,\"caption\":\"Associa\u00e7\u00e3o Brasileira das Empresas de Servi\u00e7os Auxiliares de Transporte A\u00e9reo\"},\"image\":{\"@id\":\"https:\/\/www.abesata.org\/br\/#\/schema\/logo\/image\/\"},\"sameAs\":[\"https:\/\/www.facebook.com\/abesata.org\/\",\"https:\/\/www.instagram.com\/abesata_gh\/\",\"https:\/\/br.linkedin.com\/company\/abesata\"]},{\"@type\":\"Person\",\"@id\":\"https:\/\/www.abesata.org\/br\/#\/schema\/person\/1f1295145bee68e42ffe39157320456b\",\"name\":\"Ricardo\",\"image\":{\"@type\":\"ImageObject\",\"inLanguage\":\"pt-BR\",\"@id\":\"https:\/\/www.abesata.org\/br\/#\/schema\/person\/image\/\",\"url\":\"https:\/\/secure.gravatar.com\/avatar\/1d856797eb89513dee321f840c1a6bbcec15beb178c003e50adcf59323b3a8a9?s=96&d=mm&r=g\",\"contentUrl\":\"https:\/\/secure.gravatar.com\/avatar\/1d856797eb89513dee321f840c1a6bbcec15beb178c003e50adcf59323b3a8a9?s=96&d=mm&r=g\",\"caption\":\"Ricardo\"},\"url\":\"https:\/\/www.abesata.org\/br\/author\/ricardo-baroni\/\"}]}<\/script>\n<!-- \/ Yoast SEO plugin. -->","yoast_head_json":{"title":"Anac lan\u00e7a question\u00e1rio sobre setor de avia\u00e7\u00e3o civil - Abesata","robots":{"index":"index","follow":"follow","max-snippet":"max-snippet:-1","max-image-preview":"max-image-preview:large","max-video-preview":"max-video-preview:-1"},"canonical":"https:\/\/www.abesata.org\/br\/anac-lanca-questionario-sobre-setor-de-aviacao-civil\/","og_locale":"pt_BR","og_type":"article","og_title":"Anac lan\u00e7a question\u00e1rio sobre setor de avia\u00e7\u00e3o civil - Abesata","og_description":"A Ag\u00eancia Nacional de Avia\u00e7\u00e3o Civil (Anac) disponibilizou um question\u00e1rio com 14 perguntas referentes a temas estrat\u00e9gicos para o setor de avia\u00e7\u00e3o civil. O objetivo da ag\u00eancia \u00e9 reunir subs\u00eddios para a elabora\u00e7\u00e3o do novo Planejamento Estrat\u00e9gico, cujo novo ciclo vigorar\u00e1 no per\u00edodo de 2015 a 2019. A pesquisa visa a identificar tend\u00eancias e eventos [&hellip;]","og_url":"https:\/\/www.abesata.org\/br\/anac-lanca-questionario-sobre-setor-de-aviacao-civil\/","og_site_name":"Abesata","article_publisher":"https:\/\/www.facebook.com\/abesata.org\/","article_published_time":"2014-09-24T17:40:45+00:00","og_image":[{"width":1707,"height":560,"url":"https:\/\/www.abesata.org\/br\/wp-content\/uploads\/2014\/03\/14.png","type":"image\/png"}],"author":"Ricardo","twitter_card":"summary_large_image","twitter_misc":{"Escrito por":"Ricardo","Est. tempo de leitura":"1 minuto"},"schema":{"@context":"https:\/\/schema.org","@graph":[{"@type":"Article","@id":"https:\/\/www.abesata.org\/br\/anac-lanca-questionario-sobre-setor-de-aviacao-civil\/#article","isPartOf":{"@id":"https:\/\/www.abesata.org\/br\/anac-lanca-questionario-sobre-setor-de-aviacao-civil\/"},"author":{"name":"Ricardo","@id":"https:\/\/www.abesata.org\/br\/#\/schema\/person\/1f1295145bee68e42ffe39157320456b"},"headline":"Anac lan\u00e7a question\u00e1rio sobre setor de avia\u00e7\u00e3o civil","datePublished":"2014-09-24T17:40:45+00:00","mainEntityOfPage":{"@id":"https:\/\/www.abesata.org\/br\/anac-lanca-questionario-sobre-setor-de-aviacao-civil\/"},"wordCount":193,"publisher":{"@id":"https:\/\/www.abesata.org\/br\/#organization"},"image":{"@id":"https:\/\/www.abesata.org\/br\/anac-lanca-questionario-sobre-setor-de-aviacao-civil\/#primaryimage"},"thumbnailUrl":"https:\/\/www.abesata.org\/br\/wp-content\/uploads\/2014\/03\/14.png","inLanguage":"pt-BR"},{"@type":"WebPage","@id":"https:\/\/www.abesata.org\/br\/anac-lanca-questionario-sobre-setor-de-aviacao-civil\/","url":"https:\/\/www.abesata.org\/br\/anac-lanca-questionario-sobre-setor-de-aviacao-civil\/","name":"Anac lan\u00e7a question\u00e1rio sobre setor de avia\u00e7\u00e3o civil - Abesata","isPartOf":{"@id":"https:\/\/www.abesata.org\/br\/#website"},"primaryImageOfPage":{"@id":"https:\/\/www.abesata.org\/br\/anac-lanca-questionario-sobre-setor-de-aviacao-civil\/#primaryimage"},"image":{"@id":"https:\/\/www.abesata.org\/br\/anac-lanca-questionario-sobre-setor-de-aviacao-civil\/#primaryimage"},"thumbnailUrl":"https:\/\/www.abesata.org\/br\/wp-content\/uploads\/2014\/03\/14.png","datePublished":"2014-09-24T17:40:45+00:00","breadcrumb":{"@id":"https:\/\/www.abesata.org\/br\/anac-lanca-questionario-sobre-setor-de-aviacao-civil\/#breadcrumb"},"inLanguage":"pt-BR","potentialAction":[{"@type":"ReadAction","target":["https:\/\/www.abesata.org\/br\/anac-lanca-questionario-sobre-setor-de-aviacao-civil\/"]}]},{"@type":"ImageObject","inLanguage":"pt-BR","@id":"https:\/\/www.abesata.org\/br\/anac-lanca-questionario-sobre-setor-de-aviacao-civil\/#primaryimage","url":"https:\/\/www.abesata.org\/br\/wp-content\/uploads\/2014\/03\/14.png","contentUrl":"https:\/\/www.abesata.org\/br\/wp-content\/uploads\/2014\/03\/14.png","width":1707,"height":560},{"@type":"BreadcrumbList","@id":"https:\/\/www.abesata.org\/br\/anac-lanca-questionario-sobre-setor-de-aviacao-civil\/#breadcrumb","itemListElement":[{"@type":"ListItem","position":1,"name":"In\u00edcio","item":"https:\/\/www.abesata.org\/br\/"},{"@type":"ListItem","position":2,"name":"Anac lan\u00e7a question\u00e1rio sobre setor de avia\u00e7\u00e3o civil"}]},{"@type":"WebSite","@id":"https:\/\/www.abesata.org\/br\/#website","url":"https:\/\/www.abesata.org\/br\/","name":"Abesata","description":"Associa\u00e7\u00e3o Brasileira das Empresas de Servi\u00e7os Auxiliares de Transporte A\u00e9reo","publisher":{"@id":"https:\/\/www.abesata.org\/br\/#organization"},"potentialAction":[{"@type":"SearchAction","target":{"@type":"EntryPoint","urlTemplate":"https:\/\/www.abesata.org\/br\/?s={search_term_string}"},"query-input":{"@type":"PropertyValueSpecification","valueRequired":true,"valueName":"search_term_string"}}],"inLanguage":"pt-BR"},{"@type":"Organization","@id":"https:\/\/www.abesata.org\/br\/#organization","name":"Associa\u00e7\u00e3o Brasileira das Empresas de Servi\u00e7os Auxiliares de Transporte A\u00e9reo","alternateName":"Abesata","url":"https:\/\/www.abesata.org\/br\/","logo":{"@type":"ImageObject","inLanguage":"pt-BR","@id":"https:\/\/www.abesata.org\/br\/#\/schema\/logo\/image\/","url":"https:\/\/www.abesata.org\/br\/wp-content\/uploads\/2023\/10\/Abesata.png","contentUrl":"https:\/\/www.abesata.org\/br\/wp-content\/uploads\/2023\/10\/Abesata.png","width":1063,"height":591,"caption":"Associa\u00e7\u00e3o Brasileira das Empresas de Servi\u00e7os Auxiliares de Transporte A\u00e9reo"},"image":{"@id":"https:\/\/www.abesata.org\/br\/#\/schema\/logo\/image\/"},"sameAs":["https:\/\/www.facebook.com\/abesata.org\/","https:\/\/www.instagram.com\/abesata_gh\/","https:\/\/br.linkedin.com\/company\/abesata"]},{"@type":"Person","@id":"https:\/\/www.abesata.org\/br\/#\/schema\/person\/1f1295145bee68e42ffe39157320456b","name":"Ricardo","image":{"@type":"ImageObject","inLanguage":"pt-BR","@id":"https:\/\/www.abesata.org\/br\/#\/schema\/person\/image\/","url":"https:\/\/secure.gravatar.com\/avatar\/1d856797eb89513dee321f840c1a6bbcec15beb178c003e50adcf59323b3a8a9?s=96&d=mm&r=g","contentUrl":"https:\/\/secure.gravatar.com\/avatar\/1d856797eb89513dee321f840c1a6bbcec15beb178c003e50adcf59323b3a8a9?s=96&d=mm&r=g","caption":"Ricardo"},"url":"https:\/\/www.abesata.org\/br\/author\/ricardo-baroni\/"}]}},"_links":{"self":[{"href":"https:\/\/www.abesata.org\/br\/wp-json\/wp\/v2\/posts\/1561","targetHints":{"allow":["GET"]}}],"collection":[{"href":"https:\/\/www.abesata.org\/br\/wp-json\/wp\/v2\/posts"}],"about":[{"href":"https:\/\/www.abesata.org\/br\/wp-json\/wp\/v2\/types\/post"}],"author":[{"embeddable":true,"href":"https:\/\/www.abesata.org\/br\/wp-json\/wp\/v2\/users\/18"}],"replies":[{"embeddable":true,"href":"https:\/\/www.abesata.org\/br\/wp-json\/wp\/v2\/comments?post=1561"}],"version-history":[{"count":0,"href":"https:\/\/www.abesata.org\/br\/wp-json\/wp\/v2\/posts\/1561\/revisions"}],"wp:featuredmedia":[{"embeddable":true,"href":"https:\/\/www.abesata.org\/br\/wp-json\/wp\/v2\/media\/438"}],"wp:attachment":[{"href":"https:\/\/www.abesata.org\/br\/wp-json\/wp\/v2\/media?parent=1561"}],"wp:term":[{"taxonomy":"category","embeddable":true,"href":"https:\/\/www.abesata.org\/br\/wp-json\/wp\/v2\/categories?post=1561"},{"taxonomy":"post_tag","embeddable":true,"href":"https:\/\/www.abesata.org\/br\/wp-json\/wp\/v2\/tags?post=1561"}],"curies":[{"name":"wp","href":"https:\/\/api.w.org\/{rel}","templated":true}]}}