{"id":15648,"date":"2023-03-01T19:20:49","date_gmt":"2023-03-01T19:20:49","guid":{"rendered":"http:\/\/www.abesata.org\/br\/?p=15648"},"modified":"2024-06-19T16:04:11","modified_gmt":"2024-06-19T19:04:11","slug":"mascaras-deixam-de-ser-obrigatorias-em-avioes-e-aeroportos-decide-anvisa","status":"publish","type":"post","link":"https:\/\/www.abesata.org\/br\/mascaras-deixam-de-ser-obrigatorias-em-avioes-e-aeroportos-decide-anvisa\/","title":{"rendered":"M\u00e1scaras deixam de ser obrigat\u00f3rias em avi\u00f5es e aeroportos, decide Anvisa"},"content":{"rendered":"\n<p>O uso de m\u00e1scaras ficou em vigor entre 2020 e agosto de 2022, quando foi abolida, mas voltou a ser implementada em novembro de 2022.<\/p>\n\n\n\n<p>A Ag\u00eancia Nacional de Vigil\u00e2ncia Sanit\u00e1ria (<a href=\"https:\/\/g1.globo.com\/tudo-sobre\/anvisa\/\">Anvisa<\/a>)\u00a0<strong>retirou nesta quarta-feira (1\u00ba) a obrigatoriedade do uso de m\u00e1scaras em aeroportos e avi\u00f5es<\/strong>. A ag\u00eancia segue recomendando o uso do acess\u00f3rio nesses ambientes para evitar a transmiss\u00e3o da Covid-19, principalmente para os mais vulner\u00e1veis, pessoas com sintomas respirat\u00f3rios e seus contatos.<\/p>\n\n\n\n<p>A decis\u00e3o vale a partir da publica\u00e7\u00e3o no Di\u00e1rio Oficial. A Anvisa refor\u00e7a que haver\u00e1 a obrigatoriedade de fornecimento, por parte da tripula\u00e7\u00e3o, de m\u00e1scara facial para casos suspeitos. Veja medidas que continuam em vigor:<\/p>\n\n\n\n<ul class=\"wp-block-list\"><li>Desembarque por fileiras,<\/li><li>Impedimento de viagens para casos confirmados de Covid-19,<\/li><li>Exig\u00eancia de limpeza e desinfec\u00e7\u00e3o de ambientes e aparelhos de ar-condicionado,<\/li><li>Avisos sonoros sobre o uso de m\u00e1scara em aeroportos e aeronaves.<\/li><\/ul>\n\n\n\n<p>A diretoria da ag\u00eancia \u2013 o relator, Daniel Pereira, e os diretores Alex Machado, R\u00f4mison Rodrigues Mota, Meiruze Sousa Freitas e Ant\u00f4nio Barra Torres \u2013 foi un\u00e2nime ao votar pela retirada da regra.<\/p>\n\n\n\n<p>Segundo Daniel Pereira, o&nbsp;<strong>cen\u00e1rio epidemiol\u00f3gico atual da Covid-19, com a redu\u00e7\u00e3o no n\u00famero de interna\u00e7\u00f5es e novos casos da doen\u00e7a, permite que a medida sanit\u00e1ria referente \u00e0s m\u00e1scaras seja atualizada<\/strong>.<\/p>\n\n\n\n<p>Em seu voto, o diretor Alex Campos refor\u00e7ou que as m\u00e1scaras continuam sendo importantes no combate \u00e0 pandemia e que elas seguem sendo recomendadas para pessoas com sintomas respirat\u00f3rios.<\/p>\n\n\n\n<p>A diretora Meiruze Freitas ressaltou que a vacina\u00e7\u00e3o \u00e9 a melhor ferramenta contra a Covid e que&nbsp;<strong>as m\u00e1scaras continuam sendo recomendadas para as pessoas mais vulner\u00e1veis<\/strong>. Ela tamb\u00e9m lembrou que a Anvisa pode voltar a adotar medidas mais restritivas, a depender do cen\u00e1rio da pandemia.<\/p>\n\n\n\n<p>Luana Ara\u00fajo, infectologista, lembra que a decis\u00e3o \u00e9 pela n\u00e3o obrigatoriedade para todo mundo, mas &#8220;n\u00e3o que seu uso n\u00e3o seja necess\u00e1rio, principalmente para as pessoas em condi\u00e7\u00f5es vulner\u00e1veis &#8211; para as quais a regra de uso de m\u00e1scaras em aglomera\u00e7\u00f5es ou ambientes mal ventilados continua v\u00e1lida como medida de educa\u00e7\u00e3o sanit\u00e1ria&#8221;.<\/p>\n\n\n\n<p>&#8220;N\u00e3o \u00e9 mais obrigat\u00f3rio, mas o bom senso e a gest\u00e3o de risco individual devem sempre ser soberanos frente \u00e0s medidas populacionais&#8221;, finaliza a infectologista num post em rede social.<\/p>\n\n\n\n<p>Fonte: <a href=\"https:\/\/g1.globo.com\/saude\/noticia\/2023\/03\/01\/covid-anvisa-medidas-adotadas-em-avioes-e-aeroportos-no-combate-a-pandemia.ghtml?UTM_SOURCE=copiar-url&amp;UTM_MEDIUM=share-bar-app&amp;UTM_CAMPAIGN=materias\">G1<\/a><\/p>\n","protected":false},"excerpt":{"rendered":"<p>O uso de m\u00e1scaras ficou em vigor entre 2020 e agosto de 2022, quando foi abolida, mas voltou a ser implementada em novembro de 2022. A Ag\u00eancia Nacional de Vigil\u00e2ncia Sanit\u00e1ria (Anvisa)\u00a0retirou nesta quarta-feira (1\u00ba) a obrigatoriedade do uso de m\u00e1scaras em aeroportos e avi\u00f5es. A ag\u00eancia segue recomendando o uso do acess\u00f3rio nesses ambientes [&hellip;]<\/p>\n","protected":false},"author":135,"featured_media":0,"comment_status":"closed","ping_status":"open","sticky":false,"template":"","format":"standard","meta":{"footnotes":""},"categories":[294],"tags":[42,223,18,66,225,224],"class_list":["post-15648","post","type-post","status-publish","format-standard","hentry","category-noticias","tag-aeroportos","tag-anvisa","tag-aviacao","tag-aviacao-brasil","tag-mascaras","tag-medida-provisoria"],"yoast_head":"<!-- This site is optimized with the Yoast SEO plugin v26.5 - https:\/\/yoast.com\/wordpress\/plugins\/seo\/ -->\n<title>M\u00e1scaras deixam de ser obrigat\u00f3rias em avi\u00f5es e aeroportos, decide Anvisa - Abesata<\/title>\n<meta name=\"robots\" content=\"index, follow, max-snippet:-1, max-image-preview:large, max-video-preview:-1\" \/>\n<link rel=\"canonical\" href=\"https:\/\/www.abesata.org\/br\/mascaras-deixam-de-ser-obrigatorias-em-avioes-e-aeroportos-decide-anvisa\/\" \/>\n<meta property=\"og:locale\" content=\"pt_BR\" \/>\n<meta property=\"og:type\" content=\"article\" \/>\n<meta property=\"og:title\" content=\"M\u00e1scaras deixam de ser obrigat\u00f3rias em avi\u00f5es e aeroportos, decide Anvisa - Abesata\" \/>\n<meta property=\"og:description\" content=\"O uso de m\u00e1scaras ficou em vigor entre 2020 e agosto de 2022, quando foi abolida, mas voltou a ser implementada em novembro de 2022. A Ag\u00eancia Nacional de Vigil\u00e2ncia Sanit\u00e1ria (Anvisa)\u00a0retirou nesta quarta-feira (1\u00ba) a obrigatoriedade do uso de m\u00e1scaras em aeroportos e avi\u00f5es. A ag\u00eancia segue recomendando o uso do acess\u00f3rio nesses ambientes [&hellip;]\" \/>\n<meta property=\"og:url\" content=\"https:\/\/www.abesata.org\/br\/mascaras-deixam-de-ser-obrigatorias-em-avioes-e-aeroportos-decide-anvisa\/\" \/>\n<meta property=\"og:site_name\" content=\"Abesata\" \/>\n<meta property=\"article:publisher\" content=\"https:\/\/www.facebook.com\/abesata.org\/\" \/>\n<meta property=\"article:published_time\" content=\"2023-03-01T19:20:49+00:00\" \/>\n<meta property=\"article:modified_time\" content=\"2024-06-19T19:04:11+00:00\" \/>\n<meta name=\"author\" content=\"Henrique Santana\" \/>\n<meta name=\"twitter:card\" content=\"summary_large_image\" \/>\n<meta name=\"twitter:label1\" content=\"Escrito por\" \/>\n\t<meta name=\"twitter:data1\" content=\"Henrique Santana\" \/>\n\t<meta name=\"twitter:label2\" content=\"Est. tempo de leitura\" \/>\n\t<meta name=\"twitter:data2\" content=\"2 minutos\" \/>\n<script type=\"application\/ld+json\" class=\"yoast-schema-graph\">{\"@context\":\"https:\/\/schema.org\",\"@graph\":[{\"@type\":\"Article\",\"@id\":\"https:\/\/www.abesata.org\/br\/mascaras-deixam-de-ser-obrigatorias-em-avioes-e-aeroportos-decide-anvisa\/#article\",\"isPartOf\":{\"@id\":\"https:\/\/www.abesata.org\/br\/mascaras-deixam-de-ser-obrigatorias-em-avioes-e-aeroportos-decide-anvisa\/\"},\"author\":{\"name\":\"Henrique Santana\",\"@id\":\"https:\/\/www.abesata.org\/br\/#\/schema\/person\/9ea6d4cad1253eb9fd0f7cc28c4306da\"},\"headline\":\"M\u00e1scaras deixam de ser obrigat\u00f3rias em avi\u00f5es e aeroportos, decide Anvisa\",\"datePublished\":\"2023-03-01T19:20:49+00:00\",\"dateModified\":\"2024-06-19T19:04:11+00:00\",\"mainEntityOfPage\":{\"@id\":\"https:\/\/www.abesata.org\/br\/mascaras-deixam-de-ser-obrigatorias-em-avioes-e-aeroportos-decide-anvisa\/\"},\"wordCount\":427,\"publisher\":{\"@id\":\"https:\/\/www.abesata.org\/br\/#organization\"},\"keywords\":[\"Aeroportos\",\"Anvisa\",\"Avia\u00e7\u00e3o\",\"Avia\u00e7\u00e3o Brasil\",\"m\u00e1scaras\",\"medida provis\u00f3ria\"],\"articleSection\":[\"Not\u00edcias\"],\"inLanguage\":\"pt-BR\"},{\"@type\":\"WebPage\",\"@id\":\"https:\/\/www.abesata.org\/br\/mascaras-deixam-de-ser-obrigatorias-em-avioes-e-aeroportos-decide-anvisa\/\",\"url\":\"https:\/\/www.abesata.org\/br\/mascaras-deixam-de-ser-obrigatorias-em-avioes-e-aeroportos-decide-anvisa\/\",\"name\":\"M\u00e1scaras deixam de ser obrigat\u00f3rias em avi\u00f5es e aeroportos, decide Anvisa - Abesata\",\"isPartOf\":{\"@id\":\"https:\/\/www.abesata.org\/br\/#website\"},\"datePublished\":\"2023-03-01T19:20:49+00:00\",\"dateModified\":\"2024-06-19T19:04:11+00:00\",\"breadcrumb\":{\"@id\":\"https:\/\/www.abesata.org\/br\/mascaras-deixam-de-ser-obrigatorias-em-avioes-e-aeroportos-decide-anvisa\/#breadcrumb\"},\"inLanguage\":\"pt-BR\",\"potentialAction\":[{\"@type\":\"ReadAction\",\"target\":[\"https:\/\/www.abesata.org\/br\/mascaras-deixam-de-ser-obrigatorias-em-avioes-e-aeroportos-decide-anvisa\/\"]}]},{\"@type\":\"BreadcrumbList\",\"@id\":\"https:\/\/www.abesata.org\/br\/mascaras-deixam-de-ser-obrigatorias-em-avioes-e-aeroportos-decide-anvisa\/#breadcrumb\",\"itemListElement\":[{\"@type\":\"ListItem\",\"position\":1,\"name\":\"In\u00edcio\",\"item\":\"https:\/\/www.abesata.org\/br\/\"},{\"@type\":\"ListItem\",\"position\":2,\"name\":\"M\u00e1scaras deixam de ser obrigat\u00f3rias em avi\u00f5es e aeroportos, decide Anvisa\"}]},{\"@type\":\"WebSite\",\"@id\":\"https:\/\/www.abesata.org\/br\/#website\",\"url\":\"https:\/\/www.abesata.org\/br\/\",\"name\":\"Abesata\",\"description\":\"Associa\u00e7\u00e3o Brasileira das Empresas de Servi\u00e7os Auxiliares de Transporte A\u00e9reo\",\"publisher\":{\"@id\":\"https:\/\/www.abesata.org\/br\/#organization\"},\"potentialAction\":[{\"@type\":\"SearchAction\",\"target\":{\"@type\":\"EntryPoint\",\"urlTemplate\":\"https:\/\/www.abesata.org\/br\/?s={search_term_string}\"},\"query-input\":{\"@type\":\"PropertyValueSpecification\",\"valueRequired\":true,\"valueName\":\"search_term_string\"}}],\"inLanguage\":\"pt-BR\"},{\"@type\":\"Organization\",\"@id\":\"https:\/\/www.abesata.org\/br\/#organization\",\"name\":\"Associa\u00e7\u00e3o Brasileira das Empresas de Servi\u00e7os Auxiliares de Transporte A\u00e9reo\",\"alternateName\":\"Abesata\",\"url\":\"https:\/\/www.abesata.org\/br\/\",\"logo\":{\"@type\":\"ImageObject\",\"inLanguage\":\"pt-BR\",\"@id\":\"https:\/\/www.abesata.org\/br\/#\/schema\/logo\/image\/\",\"url\":\"https:\/\/www.abesata.org\/br\/wp-content\/uploads\/2023\/10\/Abesata.png\",\"contentUrl\":\"https:\/\/www.abesata.org\/br\/wp-content\/uploads\/2023\/10\/Abesata.png\",\"width\":1063,\"height\":591,\"caption\":\"Associa\u00e7\u00e3o Brasileira das Empresas de Servi\u00e7os Auxiliares de Transporte A\u00e9reo\"},\"image\":{\"@id\":\"https:\/\/www.abesata.org\/br\/#\/schema\/logo\/image\/\"},\"sameAs\":[\"https:\/\/www.facebook.com\/abesata.org\/\",\"https:\/\/www.instagram.com\/abesata_gh\/\",\"https:\/\/br.linkedin.com\/company\/abesata\"]},{\"@type\":\"Person\",\"@id\":\"https:\/\/www.abesata.org\/br\/#\/schema\/person\/9ea6d4cad1253eb9fd0f7cc28c4306da\",\"name\":\"Henrique Santana\",\"image\":{\"@type\":\"ImageObject\",\"inLanguage\":\"pt-BR\",\"@id\":\"https:\/\/www.abesata.org\/br\/#\/schema\/person\/image\/\",\"url\":\"https:\/\/secure.gravatar.com\/avatar\/d38ee0ca5c04b216d163c4ecd115e6174ba1c9174252c48fc8d30cf2dc7f0b25?s=96&d=mm&r=g\",\"contentUrl\":\"https:\/\/secure.gravatar.com\/avatar\/d38ee0ca5c04b216d163c4ecd115e6174ba1c9174252c48fc8d30cf2dc7f0b25?s=96&d=mm&r=g\",\"caption\":\"Henrique Santana\"},\"url\":\"https:\/\/www.abesata.org\/br\/author\/henrique-santana\/\"}]}<\/script>\n<!-- \/ Yoast SEO plugin. -->","yoast_head_json":{"title":"M\u00e1scaras deixam de ser obrigat\u00f3rias em avi\u00f5es e aeroportos, decide Anvisa - Abesata","robots":{"index":"index","follow":"follow","max-snippet":"max-snippet:-1","max-image-preview":"max-image-preview:large","max-video-preview":"max-video-preview:-1"},"canonical":"https:\/\/www.abesata.org\/br\/mascaras-deixam-de-ser-obrigatorias-em-avioes-e-aeroportos-decide-anvisa\/","og_locale":"pt_BR","og_type":"article","og_title":"M\u00e1scaras deixam de ser obrigat\u00f3rias em avi\u00f5es e aeroportos, decide Anvisa - Abesata","og_description":"O uso de m\u00e1scaras ficou em vigor entre 2020 e agosto de 2022, quando foi abolida, mas voltou a ser implementada em novembro de 2022. A Ag\u00eancia Nacional de Vigil\u00e2ncia Sanit\u00e1ria (Anvisa)\u00a0retirou nesta quarta-feira (1\u00ba) a obrigatoriedade do uso de m\u00e1scaras em aeroportos e avi\u00f5es. A ag\u00eancia segue recomendando o uso do acess\u00f3rio nesses ambientes [&hellip;]","og_url":"https:\/\/www.abesata.org\/br\/mascaras-deixam-de-ser-obrigatorias-em-avioes-e-aeroportos-decide-anvisa\/","og_site_name":"Abesata","article_publisher":"https:\/\/www.facebook.com\/abesata.org\/","article_published_time":"2023-03-01T19:20:49+00:00","article_modified_time":"2024-06-19T19:04:11+00:00","author":"Henrique Santana","twitter_card":"summary_large_image","twitter_misc":{"Escrito por":"Henrique Santana","Est. tempo de leitura":"2 minutos"},"schema":{"@context":"https:\/\/schema.org","@graph":[{"@type":"Article","@id":"https:\/\/www.abesata.org\/br\/mascaras-deixam-de-ser-obrigatorias-em-avioes-e-aeroportos-decide-anvisa\/#article","isPartOf":{"@id":"https:\/\/www.abesata.org\/br\/mascaras-deixam-de-ser-obrigatorias-em-avioes-e-aeroportos-decide-anvisa\/"},"author":{"name":"Henrique Santana","@id":"https:\/\/www.abesata.org\/br\/#\/schema\/person\/9ea6d4cad1253eb9fd0f7cc28c4306da"},"headline":"M\u00e1scaras deixam de ser obrigat\u00f3rias em avi\u00f5es e aeroportos, decide Anvisa","datePublished":"2023-03-01T19:20:49+00:00","dateModified":"2024-06-19T19:04:11+00:00","mainEntityOfPage":{"@id":"https:\/\/www.abesata.org\/br\/mascaras-deixam-de-ser-obrigatorias-em-avioes-e-aeroportos-decide-anvisa\/"},"wordCount":427,"publisher":{"@id":"https:\/\/www.abesata.org\/br\/#organization"},"keywords":["Aeroportos","Anvisa","Avia\u00e7\u00e3o","Avia\u00e7\u00e3o Brasil","m\u00e1scaras","medida provis\u00f3ria"],"articleSection":["Not\u00edcias"],"inLanguage":"pt-BR"},{"@type":"WebPage","@id":"https:\/\/www.abesata.org\/br\/mascaras-deixam-de-ser-obrigatorias-em-avioes-e-aeroportos-decide-anvisa\/","url":"https:\/\/www.abesata.org\/br\/mascaras-deixam-de-ser-obrigatorias-em-avioes-e-aeroportos-decide-anvisa\/","name":"M\u00e1scaras deixam de ser obrigat\u00f3rias em avi\u00f5es e aeroportos, decide Anvisa - Abesata","isPartOf":{"@id":"https:\/\/www.abesata.org\/br\/#website"},"datePublished":"2023-03-01T19:20:49+00:00","dateModified":"2024-06-19T19:04:11+00:00","breadcrumb":{"@id":"https:\/\/www.abesata.org\/br\/mascaras-deixam-de-ser-obrigatorias-em-avioes-e-aeroportos-decide-anvisa\/#breadcrumb"},"inLanguage":"pt-BR","potentialAction":[{"@type":"ReadAction","target":["https:\/\/www.abesata.org\/br\/mascaras-deixam-de-ser-obrigatorias-em-avioes-e-aeroportos-decide-anvisa\/"]}]},{"@type":"BreadcrumbList","@id":"https:\/\/www.abesata.org\/br\/mascaras-deixam-de-ser-obrigatorias-em-avioes-e-aeroportos-decide-anvisa\/#breadcrumb","itemListElement":[{"@type":"ListItem","position":1,"name":"In\u00edcio","item":"https:\/\/www.abesata.org\/br\/"},{"@type":"ListItem","position":2,"name":"M\u00e1scaras deixam de ser obrigat\u00f3rias em avi\u00f5es e aeroportos, decide Anvisa"}]},{"@type":"WebSite","@id":"https:\/\/www.abesata.org\/br\/#website","url":"https:\/\/www.abesata.org\/br\/","name":"Abesata","description":"Associa\u00e7\u00e3o Brasileira das Empresas de Servi\u00e7os Auxiliares de Transporte A\u00e9reo","publisher":{"@id":"https:\/\/www.abesata.org\/br\/#organization"},"potentialAction":[{"@type":"SearchAction","target":{"@type":"EntryPoint","urlTemplate":"https:\/\/www.abesata.org\/br\/?s={search_term_string}"},"query-input":{"@type":"PropertyValueSpecification","valueRequired":true,"valueName":"search_term_string"}}],"inLanguage":"pt-BR"},{"@type":"Organization","@id":"https:\/\/www.abesata.org\/br\/#organization","name":"Associa\u00e7\u00e3o Brasileira das Empresas de Servi\u00e7os Auxiliares de Transporte A\u00e9reo","alternateName":"Abesata","url":"https:\/\/www.abesata.org\/br\/","logo":{"@type":"ImageObject","inLanguage":"pt-BR","@id":"https:\/\/www.abesata.org\/br\/#\/schema\/logo\/image\/","url":"https:\/\/www.abesata.org\/br\/wp-content\/uploads\/2023\/10\/Abesata.png","contentUrl":"https:\/\/www.abesata.org\/br\/wp-content\/uploads\/2023\/10\/Abesata.png","width":1063,"height":591,"caption":"Associa\u00e7\u00e3o Brasileira das Empresas de Servi\u00e7os Auxiliares de Transporte A\u00e9reo"},"image":{"@id":"https:\/\/www.abesata.org\/br\/#\/schema\/logo\/image\/"},"sameAs":["https:\/\/www.facebook.com\/abesata.org\/","https:\/\/www.instagram.com\/abesata_gh\/","https:\/\/br.linkedin.com\/company\/abesata"]},{"@type":"Person","@id":"https:\/\/www.abesata.org\/br\/#\/schema\/person\/9ea6d4cad1253eb9fd0f7cc28c4306da","name":"Henrique Santana","image":{"@type":"ImageObject","inLanguage":"pt-BR","@id":"https:\/\/www.abesata.org\/br\/#\/schema\/person\/image\/","url":"https:\/\/secure.gravatar.com\/avatar\/d38ee0ca5c04b216d163c4ecd115e6174ba1c9174252c48fc8d30cf2dc7f0b25?s=96&d=mm&r=g","contentUrl":"https:\/\/secure.gravatar.com\/avatar\/d38ee0ca5c04b216d163c4ecd115e6174ba1c9174252c48fc8d30cf2dc7f0b25?s=96&d=mm&r=g","caption":"Henrique Santana"},"url":"https:\/\/www.abesata.org\/br\/author\/henrique-santana\/"}]}},"_links":{"self":[{"href":"https:\/\/www.abesata.org\/br\/wp-json\/wp\/v2\/posts\/15648","targetHints":{"allow":["GET"]}}],"collection":[{"href":"https:\/\/www.abesata.org\/br\/wp-json\/wp\/v2\/posts"}],"about":[{"href":"https:\/\/www.abesata.org\/br\/wp-json\/wp\/v2\/types\/post"}],"author":[{"embeddable":true,"href":"https:\/\/www.abesata.org\/br\/wp-json\/wp\/v2\/users\/135"}],"replies":[{"embeddable":true,"href":"https:\/\/www.abesata.org\/br\/wp-json\/wp\/v2\/comments?post=15648"}],"version-history":[{"count":1,"href":"https:\/\/www.abesata.org\/br\/wp-json\/wp\/v2\/posts\/15648\/revisions"}],"predecessor-version":[{"id":17273,"href":"https:\/\/www.abesata.org\/br\/wp-json\/wp\/v2\/posts\/15648\/revisions\/17273"}],"wp:attachment":[{"href":"https:\/\/www.abesata.org\/br\/wp-json\/wp\/v2\/media?parent=15648"}],"wp:term":[{"taxonomy":"category","embeddable":true,"href":"https:\/\/www.abesata.org\/br\/wp-json\/wp\/v2\/categories?post=15648"},{"taxonomy":"post_tag","embeddable":true,"href":"https:\/\/www.abesata.org\/br\/wp-json\/wp\/v2\/tags?post=15648"}],"curies":[{"name":"wp","href":"https:\/\/api.w.org\/{rel}","templated":true}]}}