{"id":15650,"date":"2023-03-03T18:16:28","date_gmt":"2023-03-03T18:16:28","guid":{"rendered":"http:\/\/www.abesata.org\/br\/?p=15650"},"modified":"2024-06-19T16:04:03","modified_gmt":"2024-06-19T19:04:03","slug":"autorregulacao-do-segmento-de-ground-handling-e-tema-de-reuniao-da-anac","status":"publish","type":"post","link":"https:\/\/www.abesata.org\/br\/autorregulacao-do-segmento-de-ground-handling-e-tema-de-reuniao-da-anac\/","title":{"rendered":"Autorregula\u00e7\u00e3o do segmento de ground handling \u00e9 tema de reuni\u00e3o da ANAC"},"content":{"rendered":"\n<p>Na tarde de quarta-feira (1\u00ba), a Abesata (Associa\u00e7\u00e3o Brasileira das Empresas de Servi\u00e7os Auxiliares do Transporte A\u00e9reo) participou da 11\u00aa Reuni\u00e3o da BASeT (<em>Brazilian Aviation Security Team<\/em>), com a presen\u00e7a de T\u00e1rik de Souza e Luiz Gustavo Cavallari, ambos da ANAC (Ag\u00eancia Nacional de Avia\u00e7\u00e3o Civil).<\/p>\n\n\n\n<p>Na oportunidade, o presidente da entidade, Ricardo Aparecido Miguel, apresentou aos quase 50 membros presentes o CRES \u2013 Certificado de Regularidade em Servi\u00e7os Auxiliares ao Transporte A\u00e9reo, que foi lan\u00e7ado em junho do ano passado, em Bras\u00edlia, e veio para trazer confian\u00e7a \u00e0s empresas a\u00e9reas e aos aeroportos na hora de contrata\u00e7\u00e3o de servi\u00e7os de&nbsp;<em>Ground Operations<\/em>.<\/p>\n\n\n\n<p>Miguel explicou os crit\u00e9rios para a certifica\u00e7\u00e3o das empresas de servi\u00e7os em solo, os chamados&nbsp;<em>ground service providers<\/em>, e a conex\u00e3o da qualidade dos servi\u00e7os de natureza de prote\u00e7\u00e3o, em especial quanto \u00e0 preven\u00e7\u00e3o de atos de terrorismo.&nbsp;<em>\u201cHaja vista a ampla divulga\u00e7\u00e3o do projeto e as portas abertas para qualquer entidade se certificar, agora a ind\u00fastria do transporte a\u00e9reo deve passar a ter cautela com empresas que n\u00e3o possua o CRES\u201d<\/em>, complementou Miguel.&nbsp;<\/p>\n\n\n\n<p>Para Klaus Brum, presidente do BASeT, apresentar o programa de autorregula\u00e7\u00e3o no mais importante grupo de security \u00e9 um passo fundamental para o sucesso do projeto e considerou que o banco de dados dispon\u00edvel no\u00a0<em>site<\/em>\u00a0\u00e9 uma importante ferramenta para todo planejamento de companhias a\u00e9reas e aeroportos. Atualmente, 65 aeroportos em todo Brasil oferecem a possibilidade de contratar empresas certificadas pelo CRES.\u00a0<\/p>\n\n\n\n<p>O encontro desta quarta-feira foi marcado pela defini\u00e7\u00e3o dos novos subgrupos do BASeT no Ciclo 2023-2024 em favor da seguran\u00e7a da Avia\u00e7\u00e3o Civil (AVSEC). Essa foi a primeira reuni\u00e3o do ano do BASeT e a d\u00e9cima primeira desde que o grupo foi constitu\u00eddo.&nbsp;<\/p>\n\n\n\n<p>Claudio Terry, da ALTA (Associa\u00e7\u00e3o Latinoamericana de Transporte A\u00e9reo), parabenizou a Abesata pela implementa\u00e7\u00e3o do projeto e congratulou as entidades e seus representantes pela decis\u00e3o de investir continuamente na seguran\u00e7a AvSec das opera\u00e7\u00f5es a\u00e9reas.<\/p>\n\n\n\n<p><em>\u201cEstamos cada vez mais contentes com a repercuss\u00e3o do programa de certifica\u00e7\u00e3o e a ades\u00e3o dos mais variados segmentos \u00e0 proposta. Fechamos hoje um ciclo de palestras para representantes de todas as administra\u00e7\u00f5es aeroportu\u00e1rias e operadores a\u00e9reos no pa\u00eds. Todos facilmente percebem que uma empresa de suporte em solo certificada, legalizada e preparada \u00e9 fundamental para garantir a seguran\u00e7a jur\u00eddica e operacional de todos os elos da avia\u00e7\u00e3o civil\u201d<\/em>, disse o presidente da Abesata.\u00a0<\/p>\n\n\n\n<p>Fonte: <a href=\"https:\/\/aeroin.net\/autorregulacao-do-segmento-de-ground-handling-e-tema-de-reuniao-da-anac\/\">https:\/\/aeroin.net\/autorregulacao-do-segmento-de-ground-handling-e-tema-de-reuniao-da-anac\/<\/a><\/p>\n\n\n\n<p><\/p>\n","protected":false},"excerpt":{"rendered":"<p>Na tarde de quarta-feira (1\u00ba), a Abesata (Associa\u00e7\u00e3o Brasileira das Empresas de Servi\u00e7os Auxiliares do Transporte A\u00e9reo) participou da 11\u00aa Reuni\u00e3o da BASeT (Brazilian Aviation Security Team), com a presen\u00e7a de T\u00e1rik de Souza e Luiz Gustavo Cavallari, ambos da ANAC (Ag\u00eancia Nacional de Avia\u00e7\u00e3o Civil). Na oportunidade, o presidente da entidade, Ricardo Aparecido Miguel, [&hellip;]<\/p>\n","protected":false},"author":135,"featured_media":0,"comment_status":"closed","ping_status":"open","sticky":false,"template":"","format":"standard","meta":{"footnotes":""},"categories":[294],"tags":[18,227,226],"class_list":["post-15650","post","type-post","status-publish","format-standard","hentry","category-noticias","tag-aviacao","tag-baset","tag-ground-operations"],"yoast_head":"<!-- This site is optimized with the Yoast SEO plugin v26.5 - https:\/\/yoast.com\/wordpress\/plugins\/seo\/ -->\n<title>Autorregula\u00e7\u00e3o do segmento de ground handling \u00e9 tema de reuni\u00e3o da ANAC - Abesata<\/title>\n<meta name=\"robots\" content=\"index, follow, max-snippet:-1, max-image-preview:large, max-video-preview:-1\" \/>\n<link rel=\"canonical\" href=\"https:\/\/www.abesata.org\/br\/autorregulacao-do-segmento-de-ground-handling-e-tema-de-reuniao-da-anac\/\" \/>\n<meta property=\"og:locale\" content=\"pt_BR\" \/>\n<meta property=\"og:type\" content=\"article\" \/>\n<meta property=\"og:title\" content=\"Autorregula\u00e7\u00e3o do segmento de ground handling \u00e9 tema de reuni\u00e3o da ANAC - Abesata\" \/>\n<meta property=\"og:description\" content=\"Na tarde de quarta-feira (1\u00ba), a Abesata (Associa\u00e7\u00e3o Brasileira das Empresas de Servi\u00e7os Auxiliares do Transporte A\u00e9reo) participou da 11\u00aa Reuni\u00e3o da BASeT (Brazilian Aviation Security Team), com a presen\u00e7a de T\u00e1rik de Souza e Luiz Gustavo Cavallari, ambos da ANAC (Ag\u00eancia Nacional de Avia\u00e7\u00e3o Civil). Na oportunidade, o presidente da entidade, Ricardo Aparecido Miguel, [&hellip;]\" \/>\n<meta property=\"og:url\" content=\"https:\/\/www.abesata.org\/br\/autorregulacao-do-segmento-de-ground-handling-e-tema-de-reuniao-da-anac\/\" \/>\n<meta property=\"og:site_name\" content=\"Abesata\" \/>\n<meta property=\"article:publisher\" content=\"https:\/\/www.facebook.com\/abesata.org\/\" \/>\n<meta property=\"article:published_time\" content=\"2023-03-03T18:16:28+00:00\" \/>\n<meta property=\"article:modified_time\" content=\"2024-06-19T19:04:03+00:00\" \/>\n<meta name=\"author\" content=\"Henrique Santana\" \/>\n<meta name=\"twitter:card\" content=\"summary_large_image\" \/>\n<meta name=\"twitter:label1\" content=\"Escrito por\" \/>\n\t<meta name=\"twitter:data1\" content=\"Henrique Santana\" \/>\n\t<meta name=\"twitter:label2\" content=\"Est. tempo de leitura\" \/>\n\t<meta name=\"twitter:data2\" content=\"2 minutos\" \/>\n<script type=\"application\/ld+json\" class=\"yoast-schema-graph\">{\"@context\":\"https:\/\/schema.org\",\"@graph\":[{\"@type\":\"Article\",\"@id\":\"https:\/\/www.abesata.org\/br\/autorregulacao-do-segmento-de-ground-handling-e-tema-de-reuniao-da-anac\/#article\",\"isPartOf\":{\"@id\":\"https:\/\/www.abesata.org\/br\/autorregulacao-do-segmento-de-ground-handling-e-tema-de-reuniao-da-anac\/\"},\"author\":{\"name\":\"Henrique Santana\",\"@id\":\"https:\/\/www.abesata.org\/br\/#\/schema\/person\/9ea6d4cad1253eb9fd0f7cc28c4306da\"},\"headline\":\"Autorregula\u00e7\u00e3o do segmento de ground handling \u00e9 tema de reuni\u00e3o da ANAC\",\"datePublished\":\"2023-03-03T18:16:28+00:00\",\"dateModified\":\"2024-06-19T19:04:03+00:00\",\"mainEntityOfPage\":{\"@id\":\"https:\/\/www.abesata.org\/br\/autorregulacao-do-segmento-de-ground-handling-e-tema-de-reuniao-da-anac\/\"},\"wordCount\":457,\"publisher\":{\"@id\":\"https:\/\/www.abesata.org\/br\/#organization\"},\"keywords\":[\"Avia\u00e7\u00e3o\",\"BASeT\",\"Ground Operations\"],\"articleSection\":[\"Not\u00edcias\"],\"inLanguage\":\"pt-BR\"},{\"@type\":\"WebPage\",\"@id\":\"https:\/\/www.abesata.org\/br\/autorregulacao-do-segmento-de-ground-handling-e-tema-de-reuniao-da-anac\/\",\"url\":\"https:\/\/www.abesata.org\/br\/autorregulacao-do-segmento-de-ground-handling-e-tema-de-reuniao-da-anac\/\",\"name\":\"Autorregula\u00e7\u00e3o do segmento de ground handling \u00e9 tema de reuni\u00e3o da ANAC - Abesata\",\"isPartOf\":{\"@id\":\"https:\/\/www.abesata.org\/br\/#website\"},\"datePublished\":\"2023-03-03T18:16:28+00:00\",\"dateModified\":\"2024-06-19T19:04:03+00:00\",\"breadcrumb\":{\"@id\":\"https:\/\/www.abesata.org\/br\/autorregulacao-do-segmento-de-ground-handling-e-tema-de-reuniao-da-anac\/#breadcrumb\"},\"inLanguage\":\"pt-BR\",\"potentialAction\":[{\"@type\":\"ReadAction\",\"target\":[\"https:\/\/www.abesata.org\/br\/autorregulacao-do-segmento-de-ground-handling-e-tema-de-reuniao-da-anac\/\"]}]},{\"@type\":\"BreadcrumbList\",\"@id\":\"https:\/\/www.abesata.org\/br\/autorregulacao-do-segmento-de-ground-handling-e-tema-de-reuniao-da-anac\/#breadcrumb\",\"itemListElement\":[{\"@type\":\"ListItem\",\"position\":1,\"name\":\"In\u00edcio\",\"item\":\"https:\/\/www.abesata.org\/br\/\"},{\"@type\":\"ListItem\",\"position\":2,\"name\":\"Autorregula\u00e7\u00e3o do segmento de ground handling \u00e9 tema de reuni\u00e3o da ANAC\"}]},{\"@type\":\"WebSite\",\"@id\":\"https:\/\/www.abesata.org\/br\/#website\",\"url\":\"https:\/\/www.abesata.org\/br\/\",\"name\":\"Abesata\",\"description\":\"Associa\u00e7\u00e3o Brasileira das Empresas de Servi\u00e7os Auxiliares de Transporte A\u00e9reo\",\"publisher\":{\"@id\":\"https:\/\/www.abesata.org\/br\/#organization\"},\"potentialAction\":[{\"@type\":\"SearchAction\",\"target\":{\"@type\":\"EntryPoint\",\"urlTemplate\":\"https:\/\/www.abesata.org\/br\/?s={search_term_string}\"},\"query-input\":{\"@type\":\"PropertyValueSpecification\",\"valueRequired\":true,\"valueName\":\"search_term_string\"}}],\"inLanguage\":\"pt-BR\"},{\"@type\":\"Organization\",\"@id\":\"https:\/\/www.abesata.org\/br\/#organization\",\"name\":\"Associa\u00e7\u00e3o Brasileira das Empresas de Servi\u00e7os Auxiliares de Transporte A\u00e9reo\",\"alternateName\":\"Abesata\",\"url\":\"https:\/\/www.abesata.org\/br\/\",\"logo\":{\"@type\":\"ImageObject\",\"inLanguage\":\"pt-BR\",\"@id\":\"https:\/\/www.abesata.org\/br\/#\/schema\/logo\/image\/\",\"url\":\"https:\/\/www.abesata.org\/br\/wp-content\/uploads\/2023\/10\/Abesata.png\",\"contentUrl\":\"https:\/\/www.abesata.org\/br\/wp-content\/uploads\/2023\/10\/Abesata.png\",\"width\":1063,\"height\":591,\"caption\":\"Associa\u00e7\u00e3o Brasileira das Empresas de Servi\u00e7os Auxiliares de Transporte A\u00e9reo\"},\"image\":{\"@id\":\"https:\/\/www.abesata.org\/br\/#\/schema\/logo\/image\/\"},\"sameAs\":[\"https:\/\/www.facebook.com\/abesata.org\/\",\"https:\/\/www.instagram.com\/abesata_gh\/\",\"https:\/\/br.linkedin.com\/company\/abesata\"]},{\"@type\":\"Person\",\"@id\":\"https:\/\/www.abesata.org\/br\/#\/schema\/person\/9ea6d4cad1253eb9fd0f7cc28c4306da\",\"name\":\"Henrique Santana\",\"image\":{\"@type\":\"ImageObject\",\"inLanguage\":\"pt-BR\",\"@id\":\"https:\/\/www.abesata.org\/br\/#\/schema\/person\/image\/\",\"url\":\"https:\/\/secure.gravatar.com\/avatar\/d38ee0ca5c04b216d163c4ecd115e6174ba1c9174252c48fc8d30cf2dc7f0b25?s=96&d=mm&r=g\",\"contentUrl\":\"https:\/\/secure.gravatar.com\/avatar\/d38ee0ca5c04b216d163c4ecd115e6174ba1c9174252c48fc8d30cf2dc7f0b25?s=96&d=mm&r=g\",\"caption\":\"Henrique Santana\"},\"url\":\"https:\/\/www.abesata.org\/br\/author\/henrique-santana\/\"}]}<\/script>\n<!-- \/ Yoast SEO plugin. -->","yoast_head_json":{"title":"Autorregula\u00e7\u00e3o do segmento de ground handling \u00e9 tema de reuni\u00e3o da ANAC - Abesata","robots":{"index":"index","follow":"follow","max-snippet":"max-snippet:-1","max-image-preview":"max-image-preview:large","max-video-preview":"max-video-preview:-1"},"canonical":"https:\/\/www.abesata.org\/br\/autorregulacao-do-segmento-de-ground-handling-e-tema-de-reuniao-da-anac\/","og_locale":"pt_BR","og_type":"article","og_title":"Autorregula\u00e7\u00e3o do segmento de ground handling \u00e9 tema de reuni\u00e3o da ANAC - Abesata","og_description":"Na tarde de quarta-feira (1\u00ba), a Abesata (Associa\u00e7\u00e3o Brasileira das Empresas de Servi\u00e7os Auxiliares do Transporte A\u00e9reo) participou da 11\u00aa Reuni\u00e3o da BASeT (Brazilian Aviation Security Team), com a presen\u00e7a de T\u00e1rik de Souza e Luiz Gustavo Cavallari, ambos da ANAC (Ag\u00eancia Nacional de Avia\u00e7\u00e3o Civil). Na oportunidade, o presidente da entidade, Ricardo Aparecido Miguel, [&hellip;]","og_url":"https:\/\/www.abesata.org\/br\/autorregulacao-do-segmento-de-ground-handling-e-tema-de-reuniao-da-anac\/","og_site_name":"Abesata","article_publisher":"https:\/\/www.facebook.com\/abesata.org\/","article_published_time":"2023-03-03T18:16:28+00:00","article_modified_time":"2024-06-19T19:04:03+00:00","author":"Henrique Santana","twitter_card":"summary_large_image","twitter_misc":{"Escrito por":"Henrique Santana","Est. tempo de leitura":"2 minutos"},"schema":{"@context":"https:\/\/schema.org","@graph":[{"@type":"Article","@id":"https:\/\/www.abesata.org\/br\/autorregulacao-do-segmento-de-ground-handling-e-tema-de-reuniao-da-anac\/#article","isPartOf":{"@id":"https:\/\/www.abesata.org\/br\/autorregulacao-do-segmento-de-ground-handling-e-tema-de-reuniao-da-anac\/"},"author":{"name":"Henrique Santana","@id":"https:\/\/www.abesata.org\/br\/#\/schema\/person\/9ea6d4cad1253eb9fd0f7cc28c4306da"},"headline":"Autorregula\u00e7\u00e3o do segmento de ground handling \u00e9 tema de reuni\u00e3o da ANAC","datePublished":"2023-03-03T18:16:28+00:00","dateModified":"2024-06-19T19:04:03+00:00","mainEntityOfPage":{"@id":"https:\/\/www.abesata.org\/br\/autorregulacao-do-segmento-de-ground-handling-e-tema-de-reuniao-da-anac\/"},"wordCount":457,"publisher":{"@id":"https:\/\/www.abesata.org\/br\/#organization"},"keywords":["Avia\u00e7\u00e3o","BASeT","Ground Operations"],"articleSection":["Not\u00edcias"],"inLanguage":"pt-BR"},{"@type":"WebPage","@id":"https:\/\/www.abesata.org\/br\/autorregulacao-do-segmento-de-ground-handling-e-tema-de-reuniao-da-anac\/","url":"https:\/\/www.abesata.org\/br\/autorregulacao-do-segmento-de-ground-handling-e-tema-de-reuniao-da-anac\/","name":"Autorregula\u00e7\u00e3o do segmento de ground handling \u00e9 tema de reuni\u00e3o da ANAC - Abesata","isPartOf":{"@id":"https:\/\/www.abesata.org\/br\/#website"},"datePublished":"2023-03-03T18:16:28+00:00","dateModified":"2024-06-19T19:04:03+00:00","breadcrumb":{"@id":"https:\/\/www.abesata.org\/br\/autorregulacao-do-segmento-de-ground-handling-e-tema-de-reuniao-da-anac\/#breadcrumb"},"inLanguage":"pt-BR","potentialAction":[{"@type":"ReadAction","target":["https:\/\/www.abesata.org\/br\/autorregulacao-do-segmento-de-ground-handling-e-tema-de-reuniao-da-anac\/"]}]},{"@type":"BreadcrumbList","@id":"https:\/\/www.abesata.org\/br\/autorregulacao-do-segmento-de-ground-handling-e-tema-de-reuniao-da-anac\/#breadcrumb","itemListElement":[{"@type":"ListItem","position":1,"name":"In\u00edcio","item":"https:\/\/www.abesata.org\/br\/"},{"@type":"ListItem","position":2,"name":"Autorregula\u00e7\u00e3o do segmento de ground handling \u00e9 tema de reuni\u00e3o da ANAC"}]},{"@type":"WebSite","@id":"https:\/\/www.abesata.org\/br\/#website","url":"https:\/\/www.abesata.org\/br\/","name":"Abesata","description":"Associa\u00e7\u00e3o Brasileira das Empresas de Servi\u00e7os Auxiliares de Transporte A\u00e9reo","publisher":{"@id":"https:\/\/www.abesata.org\/br\/#organization"},"potentialAction":[{"@type":"SearchAction","target":{"@type":"EntryPoint","urlTemplate":"https:\/\/www.abesata.org\/br\/?s={search_term_string}"},"query-input":{"@type":"PropertyValueSpecification","valueRequired":true,"valueName":"search_term_string"}}],"inLanguage":"pt-BR"},{"@type":"Organization","@id":"https:\/\/www.abesata.org\/br\/#organization","name":"Associa\u00e7\u00e3o Brasileira das Empresas de Servi\u00e7os Auxiliares de Transporte A\u00e9reo","alternateName":"Abesata","url":"https:\/\/www.abesata.org\/br\/","logo":{"@type":"ImageObject","inLanguage":"pt-BR","@id":"https:\/\/www.abesata.org\/br\/#\/schema\/logo\/image\/","url":"https:\/\/www.abesata.org\/br\/wp-content\/uploads\/2023\/10\/Abesata.png","contentUrl":"https:\/\/www.abesata.org\/br\/wp-content\/uploads\/2023\/10\/Abesata.png","width":1063,"height":591,"caption":"Associa\u00e7\u00e3o Brasileira das Empresas de Servi\u00e7os Auxiliares de Transporte A\u00e9reo"},"image":{"@id":"https:\/\/www.abesata.org\/br\/#\/schema\/logo\/image\/"},"sameAs":["https:\/\/www.facebook.com\/abesata.org\/","https:\/\/www.instagram.com\/abesata_gh\/","https:\/\/br.linkedin.com\/company\/abesata"]},{"@type":"Person","@id":"https:\/\/www.abesata.org\/br\/#\/schema\/person\/9ea6d4cad1253eb9fd0f7cc28c4306da","name":"Henrique Santana","image":{"@type":"ImageObject","inLanguage":"pt-BR","@id":"https:\/\/www.abesata.org\/br\/#\/schema\/person\/image\/","url":"https:\/\/secure.gravatar.com\/avatar\/d38ee0ca5c04b216d163c4ecd115e6174ba1c9174252c48fc8d30cf2dc7f0b25?s=96&d=mm&r=g","contentUrl":"https:\/\/secure.gravatar.com\/avatar\/d38ee0ca5c04b216d163c4ecd115e6174ba1c9174252c48fc8d30cf2dc7f0b25?s=96&d=mm&r=g","caption":"Henrique Santana"},"url":"https:\/\/www.abesata.org\/br\/author\/henrique-santana\/"}]}},"_links":{"self":[{"href":"https:\/\/www.abesata.org\/br\/wp-json\/wp\/v2\/posts\/15650","targetHints":{"allow":["GET"]}}],"collection":[{"href":"https:\/\/www.abesata.org\/br\/wp-json\/wp\/v2\/posts"}],"about":[{"href":"https:\/\/www.abesata.org\/br\/wp-json\/wp\/v2\/types\/post"}],"author":[{"embeddable":true,"href":"https:\/\/www.abesata.org\/br\/wp-json\/wp\/v2\/users\/135"}],"replies":[{"embeddable":true,"href":"https:\/\/www.abesata.org\/br\/wp-json\/wp\/v2\/comments?post=15650"}],"version-history":[{"count":1,"href":"https:\/\/www.abesata.org\/br\/wp-json\/wp\/v2\/posts\/15650\/revisions"}],"predecessor-version":[{"id":17272,"href":"https:\/\/www.abesata.org\/br\/wp-json\/wp\/v2\/posts\/15650\/revisions\/17272"}],"wp:attachment":[{"href":"https:\/\/www.abesata.org\/br\/wp-json\/wp\/v2\/media?parent=15650"}],"wp:term":[{"taxonomy":"category","embeddable":true,"href":"https:\/\/www.abesata.org\/br\/wp-json\/wp\/v2\/categories?post=15650"},{"taxonomy":"post_tag","embeddable":true,"href":"https:\/\/www.abesata.org\/br\/wp-json\/wp\/v2\/tags?post=15650"}],"curies":[{"name":"wp","href":"https:\/\/api.w.org\/{rel}","templated":true}]}}