{"id":15696,"date":"2023-03-10T20:51:27","date_gmt":"2023-03-10T20:51:27","guid":{"rendered":"http:\/\/www.abesata.org\/br\/?p=15696"},"modified":"2024-06-19T16:03:50","modified_gmt":"2024-06-19T19:03:50","slug":"companhias-aereas-discutem-a-reforma-tributaria","status":"publish","type":"post","link":"https:\/\/www.abesata.org\/br\/companhias-aereas-discutem-a-reforma-tributaria\/","title":{"rendered":"Companhias a\u00e9reas discutem a reforma tribut\u00e1ria"},"content":{"rendered":"\n<p>Reforma tribut\u00e1ria poder\u00e1 criar tributo \u00fanico de 25% no pa\u00eds e companhias a\u00e9reas discutem a reforma e impactos no setor<\/p>\n\n\n\n<p>As companhias a\u00e9reas, atrav\u00e9s da Abear (Associa\u00e7\u00e3o Brasileira das Empresas A\u00e9reas) se reuniu com o secret\u00e1rio extraordin\u00e1rio da Reforma Tribut\u00e1ria do Minist\u00e9rio da Fazenda, Bernard Appy, para apresentar a realidade tribut\u00e1ria do setor no Brasil e o custo das opera\u00e7\u00f5es, que est\u00e3o entre os mais elevados do mundo.<\/p>\n\n\n\n<p>Ao apresentar o contexto do setor, a Abear ressaltou o preju\u00edzo acumulado das empresas, que passa dos R$ 46 bilh\u00f5es, e o atual cen\u00e1rio de fragilidade por causa dos impactos da pandemia. Al\u00e9m disso, o Brasil ainda atravessou um turbulento per\u00edodo econ\u00f4mico nos \u00faltimos anos, tornando ainda mais complexa a opera\u00e7\u00e3o, com custos atrelados em d\u00f3lar, que acumula forte valoriza\u00e7\u00e3o nos \u00faltimos quatro anos.<\/p>\n\n\n\n<p>A Abear foi representada pelo assessor de rela\u00e7\u00f5es institucionais Renato Rabelo, al\u00e9m da gerente de comunica\u00e7\u00e3o, Karen Bonfim. Os executivos apresentaram as estimativas das empresas, considerando al\u00edquota de 25% e dados de 2019, o impacto da PEC 45\/2019, caso n\u00e3o sejam adotadas medidas que minimizem a carga tribut\u00e1ria, \u00e9 de aproximadamente R$ 3 bilh\u00f5es a R$ 3,7 bilh\u00f5es\/ano\/por empresa, se aplicado aos mercados dom\u00e9stico e internacional.<\/p>\n\n\n\n<p>\u201cEstamos ouvindo os setores e acho muito importante termos essas informa\u00e7\u00f5es, mas como a nossa entrega \u00e9 estruturante e de longo prazo, \u00e9 necess\u00e1rio tamb\u00e9m conversar com os congressistas, para que, na aprova\u00e7\u00e3o da reforma, essas preocupa\u00e7\u00f5es individuais dos setores possam ser analisadas\u201d, comentou o Appy.<\/p>\n\n\n\n<p>As companhias a\u00e9reas manifestaram apoio \u00e0 reforma tribut\u00e1ria, mas refor\u00e7aram a necessidade de revis\u00e3o sobre a avia\u00e7\u00e3o comercial.<\/p>\n\n\n\n<p>\u201cNossa expectativa \u00e9 que o texto seja aprovado na C\u00e2mara dos Deputados ainda no primeiro semestre\u201d, disse Appy.<\/p>\n\n\n\n<p>A aprova\u00e7\u00e3o no entanto ainda depender\u00e1 de uma s\u00e9rie de articula\u00e7\u00f5es do governo com lideran\u00e7as na C\u00e2mara. Participaram da agenda com as companhias a\u00e9reas. Rita de C\u00e1ssia Munck, chefe de gabinete da secretaria extraordin\u00e1ria, e os executivos das \u00e1reas tribut\u00e1rias e de rela\u00e7\u00f5es governamentais das empresas, Graziela Carvalho; gerente tribut\u00e1ria da Gol, Felippe Bandeira; especialista de rela\u00e7\u00f5es governamentais da Gol, Let\u00edcia Pimentel; gerente tribut\u00e1ria da Latam; e Tatiane Ribeiro, coordenadora de rela\u00e7\u00f5es institucionais da Latam.<\/p>\n\n\n\n<p>Fonte: <a href=\"https:\/\/aeromagazine.uol.com.br\/artigo\/companhias-aereas-discutem-a-reforma-tributaria.html\">https:\/\/aeromagazine.uol.com.br\/artigo\/companhias-aereas-discutem-a-reforma-tributaria.html<\/a><\/p>\n","protected":false},"excerpt":{"rendered":"<p>Reforma tribut\u00e1ria poder\u00e1 criar tributo \u00fanico de 25% no pa\u00eds e companhias a\u00e9reas discutem a reforma e impactos no setor As companhias a\u00e9reas, atrav\u00e9s da Abear (Associa\u00e7\u00e3o Brasileira das Empresas A\u00e9reas) se reuniu com o secret\u00e1rio extraordin\u00e1rio da Reforma Tribut\u00e1ria do Minist\u00e9rio da Fazenda, Bernard Appy, para apresentar a realidade tribut\u00e1ria do setor no Brasil [&hellip;]<\/p>\n","protected":false},"author":135,"featured_media":0,"comment_status":"closed","ping_status":"open","sticky":false,"template":"","format":"standard","meta":{"footnotes":""},"categories":[294],"tags":[78,57,18,230,231,229],"class_list":["post-15696","post","type-post","status-publish","format-standard","hentry","category-noticias","tag-companhias-aereas","tag-abear","tag-aviacao","tag-governo","tag-ministerio-da-fazenda","tag-tributacao"],"yoast_head":"<!-- This site is optimized with the Yoast SEO plugin v26.5 - https:\/\/yoast.com\/wordpress\/plugins\/seo\/ -->\n<title>Companhias a\u00e9reas discutem a reforma tribut\u00e1ria - Abesata<\/title>\n<meta name=\"robots\" content=\"index, follow, max-snippet:-1, max-image-preview:large, max-video-preview:-1\" \/>\n<link rel=\"canonical\" href=\"https:\/\/www.abesata.org\/br\/companhias-aereas-discutem-a-reforma-tributaria\/\" \/>\n<meta property=\"og:locale\" content=\"pt_BR\" \/>\n<meta property=\"og:type\" content=\"article\" \/>\n<meta property=\"og:title\" content=\"Companhias a\u00e9reas discutem a reforma tribut\u00e1ria - Abesata\" \/>\n<meta property=\"og:description\" content=\"Reforma tribut\u00e1ria poder\u00e1 criar tributo \u00fanico de 25% no pa\u00eds e companhias a\u00e9reas discutem a reforma e impactos no setor As companhias a\u00e9reas, atrav\u00e9s da Abear (Associa\u00e7\u00e3o Brasileira das Empresas A\u00e9reas) se reuniu com o secret\u00e1rio extraordin\u00e1rio da Reforma Tribut\u00e1ria do Minist\u00e9rio da Fazenda, Bernard Appy, para apresentar a realidade tribut\u00e1ria do setor no Brasil [&hellip;]\" \/>\n<meta property=\"og:url\" content=\"https:\/\/www.abesata.org\/br\/companhias-aereas-discutem-a-reforma-tributaria\/\" \/>\n<meta property=\"og:site_name\" content=\"Abesata\" \/>\n<meta property=\"article:publisher\" content=\"https:\/\/www.facebook.com\/abesata.org\/\" \/>\n<meta property=\"article:published_time\" content=\"2023-03-10T20:51:27+00:00\" \/>\n<meta property=\"article:modified_time\" content=\"2024-06-19T19:03:50+00:00\" \/>\n<meta name=\"author\" content=\"Henrique Santana\" \/>\n<meta name=\"twitter:card\" content=\"summary_large_image\" \/>\n<meta name=\"twitter:label1\" content=\"Escrito por\" \/>\n\t<meta name=\"twitter:data1\" content=\"Henrique Santana\" \/>\n\t<meta name=\"twitter:label2\" content=\"Est. tempo de leitura\" \/>\n\t<meta name=\"twitter:data2\" content=\"2 minutos\" \/>\n<script type=\"application\/ld+json\" class=\"yoast-schema-graph\">{\"@context\":\"https:\/\/schema.org\",\"@graph\":[{\"@type\":\"Article\",\"@id\":\"https:\/\/www.abesata.org\/br\/companhias-aereas-discutem-a-reforma-tributaria\/#article\",\"isPartOf\":{\"@id\":\"https:\/\/www.abesata.org\/br\/companhias-aereas-discutem-a-reforma-tributaria\/\"},\"author\":{\"name\":\"Henrique Santana\",\"@id\":\"https:\/\/www.abesata.org\/br\/#\/schema\/person\/9ea6d4cad1253eb9fd0f7cc28c4306da\"},\"headline\":\"Companhias a\u00e9reas discutem a reforma tribut\u00e1ria\",\"datePublished\":\"2023-03-10T20:51:27+00:00\",\"dateModified\":\"2024-06-19T19:03:50+00:00\",\"mainEntityOfPage\":{\"@id\":\"https:\/\/www.abesata.org\/br\/companhias-aereas-discutem-a-reforma-tributaria\/\"},\"wordCount\":420,\"publisher\":{\"@id\":\"https:\/\/www.abesata.org\/br\/#organization\"},\"keywords\":[\"#companhias A\u00e9reas\",\"Abear\",\"Avia\u00e7\u00e3o\",\"Governo\",\"Minist\u00e9rio da Fazenda\",\"Tributa\u00e7\u00e3o\"],\"articleSection\":[\"Not\u00edcias\"],\"inLanguage\":\"pt-BR\"},{\"@type\":\"WebPage\",\"@id\":\"https:\/\/www.abesata.org\/br\/companhias-aereas-discutem-a-reforma-tributaria\/\",\"url\":\"https:\/\/www.abesata.org\/br\/companhias-aereas-discutem-a-reforma-tributaria\/\",\"name\":\"Companhias a\u00e9reas discutem a reforma tribut\u00e1ria - Abesata\",\"isPartOf\":{\"@id\":\"https:\/\/www.abesata.org\/br\/#website\"},\"datePublished\":\"2023-03-10T20:51:27+00:00\",\"dateModified\":\"2024-06-19T19:03:50+00:00\",\"breadcrumb\":{\"@id\":\"https:\/\/www.abesata.org\/br\/companhias-aereas-discutem-a-reforma-tributaria\/#breadcrumb\"},\"inLanguage\":\"pt-BR\",\"potentialAction\":[{\"@type\":\"ReadAction\",\"target\":[\"https:\/\/www.abesata.org\/br\/companhias-aereas-discutem-a-reforma-tributaria\/\"]}]},{\"@type\":\"BreadcrumbList\",\"@id\":\"https:\/\/www.abesata.org\/br\/companhias-aereas-discutem-a-reforma-tributaria\/#breadcrumb\",\"itemListElement\":[{\"@type\":\"ListItem\",\"position\":1,\"name\":\"In\u00edcio\",\"item\":\"https:\/\/www.abesata.org\/br\/\"},{\"@type\":\"ListItem\",\"position\":2,\"name\":\"Companhias a\u00e9reas discutem a reforma tribut\u00e1ria\"}]},{\"@type\":\"WebSite\",\"@id\":\"https:\/\/www.abesata.org\/br\/#website\",\"url\":\"https:\/\/www.abesata.org\/br\/\",\"name\":\"Abesata\",\"description\":\"Associa\u00e7\u00e3o Brasileira das Empresas de Servi\u00e7os Auxiliares de Transporte A\u00e9reo\",\"publisher\":{\"@id\":\"https:\/\/www.abesata.org\/br\/#organization\"},\"potentialAction\":[{\"@type\":\"SearchAction\",\"target\":{\"@type\":\"EntryPoint\",\"urlTemplate\":\"https:\/\/www.abesata.org\/br\/?s={search_term_string}\"},\"query-input\":{\"@type\":\"PropertyValueSpecification\",\"valueRequired\":true,\"valueName\":\"search_term_string\"}}],\"inLanguage\":\"pt-BR\"},{\"@type\":\"Organization\",\"@id\":\"https:\/\/www.abesata.org\/br\/#organization\",\"name\":\"Associa\u00e7\u00e3o Brasileira das Empresas de Servi\u00e7os Auxiliares de Transporte A\u00e9reo\",\"alternateName\":\"Abesata\",\"url\":\"https:\/\/www.abesata.org\/br\/\",\"logo\":{\"@type\":\"ImageObject\",\"inLanguage\":\"pt-BR\",\"@id\":\"https:\/\/www.abesata.org\/br\/#\/schema\/logo\/image\/\",\"url\":\"https:\/\/www.abesata.org\/br\/wp-content\/uploads\/2023\/10\/Abesata.png\",\"contentUrl\":\"https:\/\/www.abesata.org\/br\/wp-content\/uploads\/2023\/10\/Abesata.png\",\"width\":1063,\"height\":591,\"caption\":\"Associa\u00e7\u00e3o Brasileira das Empresas de Servi\u00e7os Auxiliares de Transporte A\u00e9reo\"},\"image\":{\"@id\":\"https:\/\/www.abesata.org\/br\/#\/schema\/logo\/image\/\"},\"sameAs\":[\"https:\/\/www.facebook.com\/abesata.org\/\",\"https:\/\/www.instagram.com\/abesata_gh\/\",\"https:\/\/br.linkedin.com\/company\/abesata\"]},{\"@type\":\"Person\",\"@id\":\"https:\/\/www.abesata.org\/br\/#\/schema\/person\/9ea6d4cad1253eb9fd0f7cc28c4306da\",\"name\":\"Henrique Santana\",\"image\":{\"@type\":\"ImageObject\",\"inLanguage\":\"pt-BR\",\"@id\":\"https:\/\/www.abesata.org\/br\/#\/schema\/person\/image\/\",\"url\":\"https:\/\/secure.gravatar.com\/avatar\/d38ee0ca5c04b216d163c4ecd115e6174ba1c9174252c48fc8d30cf2dc7f0b25?s=96&d=mm&r=g\",\"contentUrl\":\"https:\/\/secure.gravatar.com\/avatar\/d38ee0ca5c04b216d163c4ecd115e6174ba1c9174252c48fc8d30cf2dc7f0b25?s=96&d=mm&r=g\",\"caption\":\"Henrique Santana\"},\"url\":\"https:\/\/www.abesata.org\/br\/author\/henrique-santana\/\"}]}<\/script>\n<!-- \/ Yoast SEO plugin. -->","yoast_head_json":{"title":"Companhias a\u00e9reas discutem a reforma tribut\u00e1ria - Abesata","robots":{"index":"index","follow":"follow","max-snippet":"max-snippet:-1","max-image-preview":"max-image-preview:large","max-video-preview":"max-video-preview:-1"},"canonical":"https:\/\/www.abesata.org\/br\/companhias-aereas-discutem-a-reforma-tributaria\/","og_locale":"pt_BR","og_type":"article","og_title":"Companhias a\u00e9reas discutem a reforma tribut\u00e1ria - Abesata","og_description":"Reforma tribut\u00e1ria poder\u00e1 criar tributo \u00fanico de 25% no pa\u00eds e companhias a\u00e9reas discutem a reforma e impactos no setor As companhias a\u00e9reas, atrav\u00e9s da Abear (Associa\u00e7\u00e3o Brasileira das Empresas A\u00e9reas) se reuniu com o secret\u00e1rio extraordin\u00e1rio da Reforma Tribut\u00e1ria do Minist\u00e9rio da Fazenda, Bernard Appy, para apresentar a realidade tribut\u00e1ria do setor no Brasil [&hellip;]","og_url":"https:\/\/www.abesata.org\/br\/companhias-aereas-discutem-a-reforma-tributaria\/","og_site_name":"Abesata","article_publisher":"https:\/\/www.facebook.com\/abesata.org\/","article_published_time":"2023-03-10T20:51:27+00:00","article_modified_time":"2024-06-19T19:03:50+00:00","author":"Henrique Santana","twitter_card":"summary_large_image","twitter_misc":{"Escrito por":"Henrique Santana","Est. tempo de leitura":"2 minutos"},"schema":{"@context":"https:\/\/schema.org","@graph":[{"@type":"Article","@id":"https:\/\/www.abesata.org\/br\/companhias-aereas-discutem-a-reforma-tributaria\/#article","isPartOf":{"@id":"https:\/\/www.abesata.org\/br\/companhias-aereas-discutem-a-reforma-tributaria\/"},"author":{"name":"Henrique Santana","@id":"https:\/\/www.abesata.org\/br\/#\/schema\/person\/9ea6d4cad1253eb9fd0f7cc28c4306da"},"headline":"Companhias a\u00e9reas discutem a reforma tribut\u00e1ria","datePublished":"2023-03-10T20:51:27+00:00","dateModified":"2024-06-19T19:03:50+00:00","mainEntityOfPage":{"@id":"https:\/\/www.abesata.org\/br\/companhias-aereas-discutem-a-reforma-tributaria\/"},"wordCount":420,"publisher":{"@id":"https:\/\/www.abesata.org\/br\/#organization"},"keywords":["#companhias A\u00e9reas","Abear","Avia\u00e7\u00e3o","Governo","Minist\u00e9rio da Fazenda","Tributa\u00e7\u00e3o"],"articleSection":["Not\u00edcias"],"inLanguage":"pt-BR"},{"@type":"WebPage","@id":"https:\/\/www.abesata.org\/br\/companhias-aereas-discutem-a-reforma-tributaria\/","url":"https:\/\/www.abesata.org\/br\/companhias-aereas-discutem-a-reforma-tributaria\/","name":"Companhias a\u00e9reas discutem a reforma tribut\u00e1ria - Abesata","isPartOf":{"@id":"https:\/\/www.abesata.org\/br\/#website"},"datePublished":"2023-03-10T20:51:27+00:00","dateModified":"2024-06-19T19:03:50+00:00","breadcrumb":{"@id":"https:\/\/www.abesata.org\/br\/companhias-aereas-discutem-a-reforma-tributaria\/#breadcrumb"},"inLanguage":"pt-BR","potentialAction":[{"@type":"ReadAction","target":["https:\/\/www.abesata.org\/br\/companhias-aereas-discutem-a-reforma-tributaria\/"]}]},{"@type":"BreadcrumbList","@id":"https:\/\/www.abesata.org\/br\/companhias-aereas-discutem-a-reforma-tributaria\/#breadcrumb","itemListElement":[{"@type":"ListItem","position":1,"name":"In\u00edcio","item":"https:\/\/www.abesata.org\/br\/"},{"@type":"ListItem","position":2,"name":"Companhias a\u00e9reas discutem a reforma tribut\u00e1ria"}]},{"@type":"WebSite","@id":"https:\/\/www.abesata.org\/br\/#website","url":"https:\/\/www.abesata.org\/br\/","name":"Abesata","description":"Associa\u00e7\u00e3o Brasileira das Empresas de Servi\u00e7os Auxiliares de Transporte A\u00e9reo","publisher":{"@id":"https:\/\/www.abesata.org\/br\/#organization"},"potentialAction":[{"@type":"SearchAction","target":{"@type":"EntryPoint","urlTemplate":"https:\/\/www.abesata.org\/br\/?s={search_term_string}"},"query-input":{"@type":"PropertyValueSpecification","valueRequired":true,"valueName":"search_term_string"}}],"inLanguage":"pt-BR"},{"@type":"Organization","@id":"https:\/\/www.abesata.org\/br\/#organization","name":"Associa\u00e7\u00e3o Brasileira das Empresas de Servi\u00e7os Auxiliares de Transporte A\u00e9reo","alternateName":"Abesata","url":"https:\/\/www.abesata.org\/br\/","logo":{"@type":"ImageObject","inLanguage":"pt-BR","@id":"https:\/\/www.abesata.org\/br\/#\/schema\/logo\/image\/","url":"https:\/\/www.abesata.org\/br\/wp-content\/uploads\/2023\/10\/Abesata.png","contentUrl":"https:\/\/www.abesata.org\/br\/wp-content\/uploads\/2023\/10\/Abesata.png","width":1063,"height":591,"caption":"Associa\u00e7\u00e3o Brasileira das Empresas de Servi\u00e7os Auxiliares de Transporte A\u00e9reo"},"image":{"@id":"https:\/\/www.abesata.org\/br\/#\/schema\/logo\/image\/"},"sameAs":["https:\/\/www.facebook.com\/abesata.org\/","https:\/\/www.instagram.com\/abesata_gh\/","https:\/\/br.linkedin.com\/company\/abesata"]},{"@type":"Person","@id":"https:\/\/www.abesata.org\/br\/#\/schema\/person\/9ea6d4cad1253eb9fd0f7cc28c4306da","name":"Henrique Santana","image":{"@type":"ImageObject","inLanguage":"pt-BR","@id":"https:\/\/www.abesata.org\/br\/#\/schema\/person\/image\/","url":"https:\/\/secure.gravatar.com\/avatar\/d38ee0ca5c04b216d163c4ecd115e6174ba1c9174252c48fc8d30cf2dc7f0b25?s=96&d=mm&r=g","contentUrl":"https:\/\/secure.gravatar.com\/avatar\/d38ee0ca5c04b216d163c4ecd115e6174ba1c9174252c48fc8d30cf2dc7f0b25?s=96&d=mm&r=g","caption":"Henrique Santana"},"url":"https:\/\/www.abesata.org\/br\/author\/henrique-santana\/"}]}},"_links":{"self":[{"href":"https:\/\/www.abesata.org\/br\/wp-json\/wp\/v2\/posts\/15696","targetHints":{"allow":["GET"]}}],"collection":[{"href":"https:\/\/www.abesata.org\/br\/wp-json\/wp\/v2\/posts"}],"about":[{"href":"https:\/\/www.abesata.org\/br\/wp-json\/wp\/v2\/types\/post"}],"author":[{"embeddable":true,"href":"https:\/\/www.abesata.org\/br\/wp-json\/wp\/v2\/users\/135"}],"replies":[{"embeddable":true,"href":"https:\/\/www.abesata.org\/br\/wp-json\/wp\/v2\/comments?post=15696"}],"version-history":[{"count":1,"href":"https:\/\/www.abesata.org\/br\/wp-json\/wp\/v2\/posts\/15696\/revisions"}],"predecessor-version":[{"id":17270,"href":"https:\/\/www.abesata.org\/br\/wp-json\/wp\/v2\/posts\/15696\/revisions\/17270"}],"wp:attachment":[{"href":"https:\/\/www.abesata.org\/br\/wp-json\/wp\/v2\/media?parent=15696"}],"wp:term":[{"taxonomy":"category","embeddable":true,"href":"https:\/\/www.abesata.org\/br\/wp-json\/wp\/v2\/categories?post=15696"},{"taxonomy":"post_tag","embeddable":true,"href":"https:\/\/www.abesata.org\/br\/wp-json\/wp\/v2\/tags?post=15696"}],"curies":[{"name":"wp","href":"https:\/\/api.w.org\/{rel}","templated":true}]}}