{"id":15698,"date":"2023-03-13T20:36:02","date_gmt":"2023-03-13T20:36:02","guid":{"rendered":"http:\/\/www.abesata.org\/br\/?p=15698"},"modified":"2024-06-19T16:03:45","modified_gmt":"2024-06-19T19:03:45","slug":"aviacao-ganha-forca-com-aproximacao-de-associacoes-e-frente-parlamentar","status":"publish","type":"post","link":"https:\/\/www.abesata.org\/br\/aviacao-ganha-forca-com-aproximacao-de-associacoes-e-frente-parlamentar\/","title":{"rendered":"Avia\u00e7\u00e3o ganha for\u00e7a com aproxima\u00e7\u00e3o de associa\u00e7\u00f5es e Frente Parlamentar"},"content":{"rendered":"\n<p>Reuni\u00e3o da Confedera\u00e7\u00e3o Nacional do Transporte\u00a0em Bras\u00edlia com a presen\u00e7a do Ministro de Portos e Aeroportos, M\u00e1rcio Fran\u00e7a, sacramentou essa proximidade<\/p>\n\n\n\n<p>A aproxima\u00e7\u00e3o entre as principais entidades da \u00e1rea de avia\u00e7\u00e3o e as Frentes Parlamentares de Portos e Aeroportos e em Defesa da Avia\u00e7\u00e3o Civil pode ser a sa\u00edda para acelerar as demandas da ind\u00fastria e do mercado. No come\u00e7o da semana passada, uma reuni\u00e3o da Se\u00e7\u00e3o V da CNT &#8211; Transporte A\u00e9reo de Cargas e de Passageiros da Confedera\u00e7\u00e3o Nacional dos Transportes (CNT), em Bras\u00edlia, com a presen\u00e7a do Ministro de Portos e Aeroportos, M\u00e1rcio Fran\u00e7a, foi um passo fundamental para esse movimento.<\/p>\n\n\n\n<p>Estiveram presentes representantes da Abear (Associa\u00e7\u00e3o Brasileiras das Empresas A\u00e9reas), IATA (International Air Transport Association), Alta (Associa\u00e7\u00e3o Latino-Americana de Avia\u00e7\u00e3o), Abag (Associa\u00e7\u00e3o Brasileira de Avia\u00e7\u00e3o Geral), ABR (Aeroportos do Brasil), Abesata (Associa\u00e7\u00e3o Brasileira das Empresas de Servi\u00e7os Auxiliares do Transporte A\u00e9reo), Sindag (Sindicato Nacional da Avia\u00e7\u00e3o Agr\u00edcola) e SNETA (Sindicato Nacional das Empresas de Taxi A\u00e9reo). Participaram ainda o presidente da ANAC, Juliano Noman, e oito parlamentares. Todos fizeram o uso da palavra.<\/p>\n\n\n\n<p>\u201cSomos servidores p\u00fablicos prontos para ajud\u00e1-los\u201d, disse o Ministro M\u00e1rcio Fran\u00e7a, referindo-se a todas as entidades presentes.<\/p>\n\n\n\n<p>&#8220;A frente parlamentar foi constru\u00edda por mais de 200 deputados e n\u00f3s estamos \u00e0 disposi\u00e7\u00e3o para atender os temas do setor, buscando viabilizar por exemplo a democratiza\u00e7\u00e3o do transporte a\u00e9reo\u201d, complementou o deputado federal e presidente da Frente Parlamentar dos Portos e Aeroportos, Paulo Alexandre Barbosa (PSDB\/SP).<\/p>\n\n\n\n<p>Com o objetivo de ampliar o di\u00e1logo entre o setor, o Governo Federal e o Congresso Nacional, a deputada federal Greyce Elias (Avante\/MG) afirmou que \u00e9 uma honra participar da Frente Parlamentar de Avia\u00e7\u00e3o, a convite da Abesata. Ela disse ainda que trabalha com a transversalidade do segmento com a \u00e1rea de servi\u00e7os, em fun\u00e7\u00e3o dos servi\u00e7os operacionais em solo, mas tamb\u00e9m com o agroneg\u00f3cio e o empreendedorismo, duas outras \u00e1reas em que a parlamentar tamb\u00e9m est\u00e1 envolvida.\u00a0<\/p>\n\n\n\n<p>\u201cQualquer mudan\u00e7a de rumo tem o seu in\u00edcio. E o alinhamento de ideias visto no encontro da semana passada (07\/03) me pareceu muito positivo e importante para a melhoria das condi\u00e7\u00f5es da avia\u00e7\u00e3o no Brasil. E que, em contrapartida, as entidades precisam se movimentar, com apoio do Parlamento, para que os ajustes e mudan\u00e7as necess\u00e1rios sejam promovidos e o acesso ao transporte a\u00e9reo seja amplo\u201d, disse Ricardo Aparecido Miguel, presidente da Abesata.<\/p>\n","protected":false},"excerpt":{"rendered":"<p>Reuni\u00e3o da Confedera\u00e7\u00e3o Nacional do Transporte\u00a0em Bras\u00edlia com a presen\u00e7a do Ministro de Portos e Aeroportos, M\u00e1rcio Fran\u00e7a, sacramentou essa proximidade A aproxima\u00e7\u00e3o entre as principais entidades da \u00e1rea de avia\u00e7\u00e3o e as Frentes Parlamentares de Portos e Aeroportos e em Defesa da Avia\u00e7\u00e3o Civil pode ser a sa\u00edda para acelerar as demandas da ind\u00fastria [&hellip;]<\/p>\n","protected":false},"author":135,"featured_media":0,"comment_status":"closed","ping_status":"open","sticky":false,"template":"","format":"standard","meta":{"footnotes":""},"categories":[294],"tags":[57,42,232,18,222,31],"class_list":["post-15698","post","type-post","status-publish","format-standard","hentry","category-noticias","tag-abear","tag-aeroportos","tag-associacoes","tag-aviacao","tag-marcio-franca","tag-transporte"],"yoast_head":"<!-- This site is optimized with the Yoast SEO plugin v26.5 - https:\/\/yoast.com\/wordpress\/plugins\/seo\/ -->\n<title>Avia\u00e7\u00e3o ganha for\u00e7a com aproxima\u00e7\u00e3o de associa\u00e7\u00f5es e Frente Parlamentar - Abesata<\/title>\n<meta name=\"robots\" content=\"index, follow, max-snippet:-1, max-image-preview:large, max-video-preview:-1\" \/>\n<link rel=\"canonical\" href=\"https:\/\/www.abesata.org\/br\/aviacao-ganha-forca-com-aproximacao-de-associacoes-e-frente-parlamentar\/\" \/>\n<meta property=\"og:locale\" content=\"pt_BR\" \/>\n<meta property=\"og:type\" content=\"article\" \/>\n<meta property=\"og:title\" content=\"Avia\u00e7\u00e3o ganha for\u00e7a com aproxima\u00e7\u00e3o de associa\u00e7\u00f5es e Frente Parlamentar - Abesata\" \/>\n<meta property=\"og:description\" content=\"Reuni\u00e3o da Confedera\u00e7\u00e3o Nacional do Transporte\u00a0em Bras\u00edlia com a presen\u00e7a do Ministro de Portos e Aeroportos, M\u00e1rcio Fran\u00e7a, sacramentou essa proximidade A aproxima\u00e7\u00e3o entre as principais entidades da \u00e1rea de avia\u00e7\u00e3o e as Frentes Parlamentares de Portos e Aeroportos e em Defesa da Avia\u00e7\u00e3o Civil pode ser a sa\u00edda para acelerar as demandas da ind\u00fastria [&hellip;]\" \/>\n<meta property=\"og:url\" content=\"https:\/\/www.abesata.org\/br\/aviacao-ganha-forca-com-aproximacao-de-associacoes-e-frente-parlamentar\/\" \/>\n<meta property=\"og:site_name\" content=\"Abesata\" \/>\n<meta property=\"article:publisher\" content=\"https:\/\/www.facebook.com\/abesata.org\/\" \/>\n<meta property=\"article:published_time\" content=\"2023-03-13T20:36:02+00:00\" \/>\n<meta property=\"article:modified_time\" content=\"2024-06-19T19:03:45+00:00\" \/>\n<meta name=\"author\" content=\"Henrique Santana\" \/>\n<meta name=\"twitter:card\" content=\"summary_large_image\" \/>\n<meta name=\"twitter:label1\" content=\"Escrito por\" \/>\n\t<meta name=\"twitter:data1\" content=\"Henrique Santana\" \/>\n\t<meta name=\"twitter:label2\" content=\"Est. tempo de leitura\" \/>\n\t<meta name=\"twitter:data2\" content=\"2 minutos\" \/>\n<script type=\"application\/ld+json\" class=\"yoast-schema-graph\">{\"@context\":\"https:\/\/schema.org\",\"@graph\":[{\"@type\":\"Article\",\"@id\":\"https:\/\/www.abesata.org\/br\/aviacao-ganha-forca-com-aproximacao-de-associacoes-e-frente-parlamentar\/#article\",\"isPartOf\":{\"@id\":\"https:\/\/www.abesata.org\/br\/aviacao-ganha-forca-com-aproximacao-de-associacoes-e-frente-parlamentar\/\"},\"author\":{\"name\":\"Henrique Santana\",\"@id\":\"https:\/\/www.abesata.org\/br\/#\/schema\/person\/9ea6d4cad1253eb9fd0f7cc28c4306da\"},\"headline\":\"Avia\u00e7\u00e3o ganha for\u00e7a com aproxima\u00e7\u00e3o de associa\u00e7\u00f5es e Frente Parlamentar\",\"datePublished\":\"2023-03-13T20:36:02+00:00\",\"dateModified\":\"2024-06-19T19:03:45+00:00\",\"mainEntityOfPage\":{\"@id\":\"https:\/\/www.abesata.org\/br\/aviacao-ganha-forca-com-aproximacao-de-associacoes-e-frente-parlamentar\/\"},\"wordCount\":460,\"publisher\":{\"@id\":\"https:\/\/www.abesata.org\/br\/#organization\"},\"keywords\":[\"Abear\",\"Aeroportos\",\"associa\u00e7\u00f5es\",\"Avia\u00e7\u00e3o\",\"Marcio Fran\u00e7a\",\"transporte\"],\"articleSection\":[\"Not\u00edcias\"],\"inLanguage\":\"pt-BR\"},{\"@type\":\"WebPage\",\"@id\":\"https:\/\/www.abesata.org\/br\/aviacao-ganha-forca-com-aproximacao-de-associacoes-e-frente-parlamentar\/\",\"url\":\"https:\/\/www.abesata.org\/br\/aviacao-ganha-forca-com-aproximacao-de-associacoes-e-frente-parlamentar\/\",\"name\":\"Avia\u00e7\u00e3o ganha for\u00e7a com aproxima\u00e7\u00e3o de associa\u00e7\u00f5es e Frente Parlamentar - Abesata\",\"isPartOf\":{\"@id\":\"https:\/\/www.abesata.org\/br\/#website\"},\"datePublished\":\"2023-03-13T20:36:02+00:00\",\"dateModified\":\"2024-06-19T19:03:45+00:00\",\"breadcrumb\":{\"@id\":\"https:\/\/www.abesata.org\/br\/aviacao-ganha-forca-com-aproximacao-de-associacoes-e-frente-parlamentar\/#breadcrumb\"},\"inLanguage\":\"pt-BR\",\"potentialAction\":[{\"@type\":\"ReadAction\",\"target\":[\"https:\/\/www.abesata.org\/br\/aviacao-ganha-forca-com-aproximacao-de-associacoes-e-frente-parlamentar\/\"]}]},{\"@type\":\"BreadcrumbList\",\"@id\":\"https:\/\/www.abesata.org\/br\/aviacao-ganha-forca-com-aproximacao-de-associacoes-e-frente-parlamentar\/#breadcrumb\",\"itemListElement\":[{\"@type\":\"ListItem\",\"position\":1,\"name\":\"In\u00edcio\",\"item\":\"https:\/\/www.abesata.org\/br\/\"},{\"@type\":\"ListItem\",\"position\":2,\"name\":\"Avia\u00e7\u00e3o ganha for\u00e7a com aproxima\u00e7\u00e3o de associa\u00e7\u00f5es e Frente Parlamentar\"}]},{\"@type\":\"WebSite\",\"@id\":\"https:\/\/www.abesata.org\/br\/#website\",\"url\":\"https:\/\/www.abesata.org\/br\/\",\"name\":\"Abesata\",\"description\":\"Associa\u00e7\u00e3o Brasileira das Empresas de Servi\u00e7os Auxiliares de Transporte A\u00e9reo\",\"publisher\":{\"@id\":\"https:\/\/www.abesata.org\/br\/#organization\"},\"potentialAction\":[{\"@type\":\"SearchAction\",\"target\":{\"@type\":\"EntryPoint\",\"urlTemplate\":\"https:\/\/www.abesata.org\/br\/?s={search_term_string}\"},\"query-input\":{\"@type\":\"PropertyValueSpecification\",\"valueRequired\":true,\"valueName\":\"search_term_string\"}}],\"inLanguage\":\"pt-BR\"},{\"@type\":\"Organization\",\"@id\":\"https:\/\/www.abesata.org\/br\/#organization\",\"name\":\"Associa\u00e7\u00e3o Brasileira das Empresas de Servi\u00e7os Auxiliares de Transporte A\u00e9reo\",\"alternateName\":\"Abesata\",\"url\":\"https:\/\/www.abesata.org\/br\/\",\"logo\":{\"@type\":\"ImageObject\",\"inLanguage\":\"pt-BR\",\"@id\":\"https:\/\/www.abesata.org\/br\/#\/schema\/logo\/image\/\",\"url\":\"https:\/\/www.abesata.org\/br\/wp-content\/uploads\/2023\/10\/Abesata.png\",\"contentUrl\":\"https:\/\/www.abesata.org\/br\/wp-content\/uploads\/2023\/10\/Abesata.png\",\"width\":1063,\"height\":591,\"caption\":\"Associa\u00e7\u00e3o Brasileira das Empresas de Servi\u00e7os Auxiliares de Transporte A\u00e9reo\"},\"image\":{\"@id\":\"https:\/\/www.abesata.org\/br\/#\/schema\/logo\/image\/\"},\"sameAs\":[\"https:\/\/www.facebook.com\/abesata.org\/\",\"https:\/\/www.instagram.com\/abesata_gh\/\",\"https:\/\/br.linkedin.com\/company\/abesata\"]},{\"@type\":\"Person\",\"@id\":\"https:\/\/www.abesata.org\/br\/#\/schema\/person\/9ea6d4cad1253eb9fd0f7cc28c4306da\",\"name\":\"Henrique Santana\",\"image\":{\"@type\":\"ImageObject\",\"inLanguage\":\"pt-BR\",\"@id\":\"https:\/\/www.abesata.org\/br\/#\/schema\/person\/image\/\",\"url\":\"https:\/\/secure.gravatar.com\/avatar\/d38ee0ca5c04b216d163c4ecd115e6174ba1c9174252c48fc8d30cf2dc7f0b25?s=96&d=mm&r=g\",\"contentUrl\":\"https:\/\/secure.gravatar.com\/avatar\/d38ee0ca5c04b216d163c4ecd115e6174ba1c9174252c48fc8d30cf2dc7f0b25?s=96&d=mm&r=g\",\"caption\":\"Henrique Santana\"},\"url\":\"https:\/\/www.abesata.org\/br\/author\/henrique-santana\/\"}]}<\/script>\n<!-- \/ Yoast SEO plugin. -->","yoast_head_json":{"title":"Avia\u00e7\u00e3o ganha for\u00e7a com aproxima\u00e7\u00e3o de associa\u00e7\u00f5es e Frente Parlamentar - Abesata","robots":{"index":"index","follow":"follow","max-snippet":"max-snippet:-1","max-image-preview":"max-image-preview:large","max-video-preview":"max-video-preview:-1"},"canonical":"https:\/\/www.abesata.org\/br\/aviacao-ganha-forca-com-aproximacao-de-associacoes-e-frente-parlamentar\/","og_locale":"pt_BR","og_type":"article","og_title":"Avia\u00e7\u00e3o ganha for\u00e7a com aproxima\u00e7\u00e3o de associa\u00e7\u00f5es e Frente Parlamentar - Abesata","og_description":"Reuni\u00e3o da Confedera\u00e7\u00e3o Nacional do Transporte\u00a0em Bras\u00edlia com a presen\u00e7a do Ministro de Portos e Aeroportos, M\u00e1rcio Fran\u00e7a, sacramentou essa proximidade A aproxima\u00e7\u00e3o entre as principais entidades da \u00e1rea de avia\u00e7\u00e3o e as Frentes Parlamentares de Portos e Aeroportos e em Defesa da Avia\u00e7\u00e3o Civil pode ser a sa\u00edda para acelerar as demandas da ind\u00fastria [&hellip;]","og_url":"https:\/\/www.abesata.org\/br\/aviacao-ganha-forca-com-aproximacao-de-associacoes-e-frente-parlamentar\/","og_site_name":"Abesata","article_publisher":"https:\/\/www.facebook.com\/abesata.org\/","article_published_time":"2023-03-13T20:36:02+00:00","article_modified_time":"2024-06-19T19:03:45+00:00","author":"Henrique Santana","twitter_card":"summary_large_image","twitter_misc":{"Escrito por":"Henrique Santana","Est. tempo de leitura":"2 minutos"},"schema":{"@context":"https:\/\/schema.org","@graph":[{"@type":"Article","@id":"https:\/\/www.abesata.org\/br\/aviacao-ganha-forca-com-aproximacao-de-associacoes-e-frente-parlamentar\/#article","isPartOf":{"@id":"https:\/\/www.abesata.org\/br\/aviacao-ganha-forca-com-aproximacao-de-associacoes-e-frente-parlamentar\/"},"author":{"name":"Henrique Santana","@id":"https:\/\/www.abesata.org\/br\/#\/schema\/person\/9ea6d4cad1253eb9fd0f7cc28c4306da"},"headline":"Avia\u00e7\u00e3o ganha for\u00e7a com aproxima\u00e7\u00e3o de associa\u00e7\u00f5es e Frente Parlamentar","datePublished":"2023-03-13T20:36:02+00:00","dateModified":"2024-06-19T19:03:45+00:00","mainEntityOfPage":{"@id":"https:\/\/www.abesata.org\/br\/aviacao-ganha-forca-com-aproximacao-de-associacoes-e-frente-parlamentar\/"},"wordCount":460,"publisher":{"@id":"https:\/\/www.abesata.org\/br\/#organization"},"keywords":["Abear","Aeroportos","associa\u00e7\u00f5es","Avia\u00e7\u00e3o","Marcio Fran\u00e7a","transporte"],"articleSection":["Not\u00edcias"],"inLanguage":"pt-BR"},{"@type":"WebPage","@id":"https:\/\/www.abesata.org\/br\/aviacao-ganha-forca-com-aproximacao-de-associacoes-e-frente-parlamentar\/","url":"https:\/\/www.abesata.org\/br\/aviacao-ganha-forca-com-aproximacao-de-associacoes-e-frente-parlamentar\/","name":"Avia\u00e7\u00e3o ganha for\u00e7a com aproxima\u00e7\u00e3o de associa\u00e7\u00f5es e Frente Parlamentar - Abesata","isPartOf":{"@id":"https:\/\/www.abesata.org\/br\/#website"},"datePublished":"2023-03-13T20:36:02+00:00","dateModified":"2024-06-19T19:03:45+00:00","breadcrumb":{"@id":"https:\/\/www.abesata.org\/br\/aviacao-ganha-forca-com-aproximacao-de-associacoes-e-frente-parlamentar\/#breadcrumb"},"inLanguage":"pt-BR","potentialAction":[{"@type":"ReadAction","target":["https:\/\/www.abesata.org\/br\/aviacao-ganha-forca-com-aproximacao-de-associacoes-e-frente-parlamentar\/"]}]},{"@type":"BreadcrumbList","@id":"https:\/\/www.abesata.org\/br\/aviacao-ganha-forca-com-aproximacao-de-associacoes-e-frente-parlamentar\/#breadcrumb","itemListElement":[{"@type":"ListItem","position":1,"name":"In\u00edcio","item":"https:\/\/www.abesata.org\/br\/"},{"@type":"ListItem","position":2,"name":"Avia\u00e7\u00e3o ganha for\u00e7a com aproxima\u00e7\u00e3o de associa\u00e7\u00f5es e Frente Parlamentar"}]},{"@type":"WebSite","@id":"https:\/\/www.abesata.org\/br\/#website","url":"https:\/\/www.abesata.org\/br\/","name":"Abesata","description":"Associa\u00e7\u00e3o Brasileira das Empresas de Servi\u00e7os Auxiliares de Transporte A\u00e9reo","publisher":{"@id":"https:\/\/www.abesata.org\/br\/#organization"},"potentialAction":[{"@type":"SearchAction","target":{"@type":"EntryPoint","urlTemplate":"https:\/\/www.abesata.org\/br\/?s={search_term_string}"},"query-input":{"@type":"PropertyValueSpecification","valueRequired":true,"valueName":"search_term_string"}}],"inLanguage":"pt-BR"},{"@type":"Organization","@id":"https:\/\/www.abesata.org\/br\/#organization","name":"Associa\u00e7\u00e3o Brasileira das Empresas de Servi\u00e7os Auxiliares de Transporte A\u00e9reo","alternateName":"Abesata","url":"https:\/\/www.abesata.org\/br\/","logo":{"@type":"ImageObject","inLanguage":"pt-BR","@id":"https:\/\/www.abesata.org\/br\/#\/schema\/logo\/image\/","url":"https:\/\/www.abesata.org\/br\/wp-content\/uploads\/2023\/10\/Abesata.png","contentUrl":"https:\/\/www.abesata.org\/br\/wp-content\/uploads\/2023\/10\/Abesata.png","width":1063,"height":591,"caption":"Associa\u00e7\u00e3o Brasileira das Empresas de Servi\u00e7os Auxiliares de Transporte A\u00e9reo"},"image":{"@id":"https:\/\/www.abesata.org\/br\/#\/schema\/logo\/image\/"},"sameAs":["https:\/\/www.facebook.com\/abesata.org\/","https:\/\/www.instagram.com\/abesata_gh\/","https:\/\/br.linkedin.com\/company\/abesata"]},{"@type":"Person","@id":"https:\/\/www.abesata.org\/br\/#\/schema\/person\/9ea6d4cad1253eb9fd0f7cc28c4306da","name":"Henrique Santana","image":{"@type":"ImageObject","inLanguage":"pt-BR","@id":"https:\/\/www.abesata.org\/br\/#\/schema\/person\/image\/","url":"https:\/\/secure.gravatar.com\/avatar\/d38ee0ca5c04b216d163c4ecd115e6174ba1c9174252c48fc8d30cf2dc7f0b25?s=96&d=mm&r=g","contentUrl":"https:\/\/secure.gravatar.com\/avatar\/d38ee0ca5c04b216d163c4ecd115e6174ba1c9174252c48fc8d30cf2dc7f0b25?s=96&d=mm&r=g","caption":"Henrique Santana"},"url":"https:\/\/www.abesata.org\/br\/author\/henrique-santana\/"}]}},"_links":{"self":[{"href":"https:\/\/www.abesata.org\/br\/wp-json\/wp\/v2\/posts\/15698","targetHints":{"allow":["GET"]}}],"collection":[{"href":"https:\/\/www.abesata.org\/br\/wp-json\/wp\/v2\/posts"}],"about":[{"href":"https:\/\/www.abesata.org\/br\/wp-json\/wp\/v2\/types\/post"}],"author":[{"embeddable":true,"href":"https:\/\/www.abesata.org\/br\/wp-json\/wp\/v2\/users\/135"}],"replies":[{"embeddable":true,"href":"https:\/\/www.abesata.org\/br\/wp-json\/wp\/v2\/comments?post=15698"}],"version-history":[{"count":1,"href":"https:\/\/www.abesata.org\/br\/wp-json\/wp\/v2\/posts\/15698\/revisions"}],"predecessor-version":[{"id":17269,"href":"https:\/\/www.abesata.org\/br\/wp-json\/wp\/v2\/posts\/15698\/revisions\/17269"}],"wp:attachment":[{"href":"https:\/\/www.abesata.org\/br\/wp-json\/wp\/v2\/media?parent=15698"}],"wp:term":[{"taxonomy":"category","embeddable":true,"href":"https:\/\/www.abesata.org\/br\/wp-json\/wp\/v2\/categories?post=15698"},{"taxonomy":"post_tag","embeddable":true,"href":"https:\/\/www.abesata.org\/br\/wp-json\/wp\/v2\/tags?post=15698"}],"curies":[{"name":"wp","href":"https:\/\/api.w.org\/{rel}","templated":true}]}}