{"id":15700,"date":"2023-03-15T16:38:50","date_gmt":"2023-03-15T16:38:50","guid":{"rendered":"http:\/\/www.abesata.org\/br\/?p=15700"},"modified":"2024-06-19T16:03:35","modified_gmt":"2024-06-19T19:03:35","slug":"empresarios-debatem-rumos-da-reforma-tributaria-e-impactos-para-o-segmento-de-ground-services-providers","status":"publish","type":"post","link":"https:\/\/www.abesata.org\/br\/empresarios-debatem-rumos-da-reforma-tributaria-e-impactos-para-o-segmento-de-ground-services-providers\/","title":{"rendered":"Empres\u00e1rios debatem rumos da Reforma Tribut\u00e1ria e impactos para o segmento de ground services providers"},"content":{"rendered":"\n<p>Na tarde desta segunda-feira, os associados da Abesata estiveram reunidos para debater os rumos da Reforma Tribut\u00e1ria em discuss\u00e3o e analisar poss\u00edveis impactos e riscos para o segmento. A \u00e1rea de ground services, como sabemos, \u00e9 intensiva de m\u00e3o de obra e sofre, sobretudo, com o alt\u00edssimo custo da folha de pagamento al\u00e9m, \u00e9 claro, com as cargas tribut\u00e1rias anunciadas.<\/p>\n\n\n\n<p>A primeira reuni\u00e3o sobre o tema trouxe aos associados um painel geral das altera\u00e7\u00f5es em discuss\u00e3o no Congresso e no Governo Federal, apontando para a incerteza do que vem pela frente, com risco de ganhar em uma redu\u00e7\u00e3o e perder em outra mudan\u00e7a, como a tributa\u00e7\u00e3o de dividendos.<\/p>\n\n\n\n<p>\u201cNovos c\u00e1lculos e estudos est\u00e3o sendo preparados para que possamos ter uma vis\u00e3o mais ampla do que pode beneficiar o segmento, o que n\u00e3o vai mudar em nada e o que de fato pode representar perigo, sempre com foco na redu\u00e7\u00e3o dos custos da cadeia produtiva do transporte a\u00e9reo\u201d, disse o presidente da Abesata, Ricardo Aparecido Miguel.<\/p>\n\n\n\n<p>A Abesata deve apresentar os estudos na comiss\u00e3o de com\u00e9rcio e servi\u00e7os da Frente Parlamentar do Empreendedorismo, em Bras\u00edlia, no pr\u00f3ximo 21\/03\/23.<\/p>\n","protected":false},"excerpt":{"rendered":"<p>Na tarde desta segunda-feira, os associados da Abesata estiveram reunidos para debater os rumos da Reforma Tribut\u00e1ria em discuss\u00e3o e analisar poss\u00edveis impactos e riscos para o segmento. A \u00e1rea de ground services, como sabemos, \u00e9 intensiva de m\u00e3o de obra e sofre, sobretudo, com o alt\u00edssimo custo da folha de pagamento al\u00e9m, \u00e9 claro, [&hellip;]<\/p>\n","protected":false},"author":135,"featured_media":0,"comment_status":"closed","ping_status":"open","sticky":false,"template":"","format":"standard","meta":{"footnotes":""},"categories":[294],"tags":[18,234,233],"class_list":["post-15700","post","type-post","status-publish","format-standard","hentry","category-noticias","tag-aviacao","tag-ground-services","tag-reforma-tributaria"],"yoast_head":"<!-- This site is optimized with the Yoast SEO plugin v26.5 - https:\/\/yoast.com\/wordpress\/plugins\/seo\/ -->\n<title>Empres\u00e1rios debatem rumos da Reforma Tribut\u00e1ria e impactos para o segmento de ground services providers - Abesata<\/title>\n<meta name=\"robots\" content=\"index, follow, max-snippet:-1, max-image-preview:large, max-video-preview:-1\" \/>\n<link rel=\"canonical\" href=\"https:\/\/www.abesata.org\/br\/empresarios-debatem-rumos-da-reforma-tributaria-e-impactos-para-o-segmento-de-ground-services-providers\/\" \/>\n<meta property=\"og:locale\" content=\"pt_BR\" \/>\n<meta property=\"og:type\" content=\"article\" \/>\n<meta property=\"og:title\" content=\"Empres\u00e1rios debatem rumos da Reforma Tribut\u00e1ria e impactos para o segmento de ground services providers - Abesata\" \/>\n<meta property=\"og:description\" content=\"Na tarde desta segunda-feira, os associados da Abesata estiveram reunidos para debater os rumos da Reforma Tribut\u00e1ria em discuss\u00e3o e analisar poss\u00edveis impactos e riscos para o segmento. A \u00e1rea de ground services, como sabemos, \u00e9 intensiva de m\u00e3o de obra e sofre, sobretudo, com o alt\u00edssimo custo da folha de pagamento al\u00e9m, \u00e9 claro, [&hellip;]\" \/>\n<meta property=\"og:url\" content=\"https:\/\/www.abesata.org\/br\/empresarios-debatem-rumos-da-reforma-tributaria-e-impactos-para-o-segmento-de-ground-services-providers\/\" \/>\n<meta property=\"og:site_name\" content=\"Abesata\" \/>\n<meta property=\"article:publisher\" content=\"https:\/\/www.facebook.com\/abesata.org\/\" \/>\n<meta property=\"article:published_time\" content=\"2023-03-15T16:38:50+00:00\" \/>\n<meta property=\"article:modified_time\" content=\"2024-06-19T19:03:35+00:00\" \/>\n<meta name=\"author\" content=\"Henrique Santana\" \/>\n<meta name=\"twitter:card\" content=\"summary_large_image\" \/>\n<meta name=\"twitter:label1\" content=\"Escrito por\" \/>\n\t<meta name=\"twitter:data1\" content=\"Henrique Santana\" \/>\n\t<meta name=\"twitter:label2\" content=\"Est. tempo de leitura\" \/>\n\t<meta name=\"twitter:data2\" content=\"1 minuto\" \/>\n<script type=\"application\/ld+json\" class=\"yoast-schema-graph\">{\"@context\":\"https:\/\/schema.org\",\"@graph\":[{\"@type\":\"Article\",\"@id\":\"https:\/\/www.abesata.org\/br\/empresarios-debatem-rumos-da-reforma-tributaria-e-impactos-para-o-segmento-de-ground-services-providers\/#article\",\"isPartOf\":{\"@id\":\"https:\/\/www.abesata.org\/br\/empresarios-debatem-rumos-da-reforma-tributaria-e-impactos-para-o-segmento-de-ground-services-providers\/\"},\"author\":{\"name\":\"Henrique Santana\",\"@id\":\"https:\/\/www.abesata.org\/br\/#\/schema\/person\/9ea6d4cad1253eb9fd0f7cc28c4306da\"},\"headline\":\"Empres\u00e1rios debatem rumos da Reforma Tribut\u00e1ria e impactos para o segmento de ground services providers\",\"datePublished\":\"2023-03-15T16:38:50+00:00\",\"dateModified\":\"2024-06-19T19:03:35+00:00\",\"mainEntityOfPage\":{\"@id\":\"https:\/\/www.abesata.org\/br\/empresarios-debatem-rumos-da-reforma-tributaria-e-impactos-para-o-segmento-de-ground-services-providers\/\"},\"wordCount\":225,\"publisher\":{\"@id\":\"https:\/\/www.abesata.org\/br\/#organization\"},\"keywords\":[\"Avia\u00e7\u00e3o\",\"ground services\",\"Reforma tribut\u00e1ria\"],\"articleSection\":[\"Not\u00edcias\"],\"inLanguage\":\"pt-BR\"},{\"@type\":\"WebPage\",\"@id\":\"https:\/\/www.abesata.org\/br\/empresarios-debatem-rumos-da-reforma-tributaria-e-impactos-para-o-segmento-de-ground-services-providers\/\",\"url\":\"https:\/\/www.abesata.org\/br\/empresarios-debatem-rumos-da-reforma-tributaria-e-impactos-para-o-segmento-de-ground-services-providers\/\",\"name\":\"Empres\u00e1rios debatem rumos da Reforma Tribut\u00e1ria e impactos para o segmento de ground services providers - Abesata\",\"isPartOf\":{\"@id\":\"https:\/\/www.abesata.org\/br\/#website\"},\"datePublished\":\"2023-03-15T16:38:50+00:00\",\"dateModified\":\"2024-06-19T19:03:35+00:00\",\"breadcrumb\":{\"@id\":\"https:\/\/www.abesata.org\/br\/empresarios-debatem-rumos-da-reforma-tributaria-e-impactos-para-o-segmento-de-ground-services-providers\/#breadcrumb\"},\"inLanguage\":\"pt-BR\",\"potentialAction\":[{\"@type\":\"ReadAction\",\"target\":[\"https:\/\/www.abesata.org\/br\/empresarios-debatem-rumos-da-reforma-tributaria-e-impactos-para-o-segmento-de-ground-services-providers\/\"]}]},{\"@type\":\"BreadcrumbList\",\"@id\":\"https:\/\/www.abesata.org\/br\/empresarios-debatem-rumos-da-reforma-tributaria-e-impactos-para-o-segmento-de-ground-services-providers\/#breadcrumb\",\"itemListElement\":[{\"@type\":\"ListItem\",\"position\":1,\"name\":\"In\u00edcio\",\"item\":\"https:\/\/www.abesata.org\/br\/\"},{\"@type\":\"ListItem\",\"position\":2,\"name\":\"Empres\u00e1rios debatem rumos da Reforma Tribut\u00e1ria e impactos para o segmento de ground services providers\"}]},{\"@type\":\"WebSite\",\"@id\":\"https:\/\/www.abesata.org\/br\/#website\",\"url\":\"https:\/\/www.abesata.org\/br\/\",\"name\":\"Abesata\",\"description\":\"Associa\u00e7\u00e3o Brasileira das Empresas de Servi\u00e7os Auxiliares de Transporte A\u00e9reo\",\"publisher\":{\"@id\":\"https:\/\/www.abesata.org\/br\/#organization\"},\"potentialAction\":[{\"@type\":\"SearchAction\",\"target\":{\"@type\":\"EntryPoint\",\"urlTemplate\":\"https:\/\/www.abesata.org\/br\/?s={search_term_string}\"},\"query-input\":{\"@type\":\"PropertyValueSpecification\",\"valueRequired\":true,\"valueName\":\"search_term_string\"}}],\"inLanguage\":\"pt-BR\"},{\"@type\":\"Organization\",\"@id\":\"https:\/\/www.abesata.org\/br\/#organization\",\"name\":\"Associa\u00e7\u00e3o Brasileira das Empresas de Servi\u00e7os Auxiliares de Transporte A\u00e9reo\",\"alternateName\":\"Abesata\",\"url\":\"https:\/\/www.abesata.org\/br\/\",\"logo\":{\"@type\":\"ImageObject\",\"inLanguage\":\"pt-BR\",\"@id\":\"https:\/\/www.abesata.org\/br\/#\/schema\/logo\/image\/\",\"url\":\"https:\/\/www.abesata.org\/br\/wp-content\/uploads\/2023\/10\/Abesata.png\",\"contentUrl\":\"https:\/\/www.abesata.org\/br\/wp-content\/uploads\/2023\/10\/Abesata.png\",\"width\":1063,\"height\":591,\"caption\":\"Associa\u00e7\u00e3o Brasileira das Empresas de Servi\u00e7os Auxiliares de Transporte A\u00e9reo\"},\"image\":{\"@id\":\"https:\/\/www.abesata.org\/br\/#\/schema\/logo\/image\/\"},\"sameAs\":[\"https:\/\/www.facebook.com\/abesata.org\/\",\"https:\/\/www.instagram.com\/abesata_gh\/\",\"https:\/\/br.linkedin.com\/company\/abesata\"]},{\"@type\":\"Person\",\"@id\":\"https:\/\/www.abesata.org\/br\/#\/schema\/person\/9ea6d4cad1253eb9fd0f7cc28c4306da\",\"name\":\"Henrique Santana\",\"image\":{\"@type\":\"ImageObject\",\"inLanguage\":\"pt-BR\",\"@id\":\"https:\/\/www.abesata.org\/br\/#\/schema\/person\/image\/\",\"url\":\"https:\/\/secure.gravatar.com\/avatar\/d38ee0ca5c04b216d163c4ecd115e6174ba1c9174252c48fc8d30cf2dc7f0b25?s=96&d=mm&r=g\",\"contentUrl\":\"https:\/\/secure.gravatar.com\/avatar\/d38ee0ca5c04b216d163c4ecd115e6174ba1c9174252c48fc8d30cf2dc7f0b25?s=96&d=mm&r=g\",\"caption\":\"Henrique Santana\"},\"url\":\"https:\/\/www.abesata.org\/br\/author\/henrique-santana\/\"}]}<\/script>\n<!-- \/ Yoast SEO plugin. -->","yoast_head_json":{"title":"Empres\u00e1rios debatem rumos da Reforma Tribut\u00e1ria e impactos para o segmento de ground services providers - Abesata","robots":{"index":"index","follow":"follow","max-snippet":"max-snippet:-1","max-image-preview":"max-image-preview:large","max-video-preview":"max-video-preview:-1"},"canonical":"https:\/\/www.abesata.org\/br\/empresarios-debatem-rumos-da-reforma-tributaria-e-impactos-para-o-segmento-de-ground-services-providers\/","og_locale":"pt_BR","og_type":"article","og_title":"Empres\u00e1rios debatem rumos da Reforma Tribut\u00e1ria e impactos para o segmento de ground services providers - Abesata","og_description":"Na tarde desta segunda-feira, os associados da Abesata estiveram reunidos para debater os rumos da Reforma Tribut\u00e1ria em discuss\u00e3o e analisar poss\u00edveis impactos e riscos para o segmento. A \u00e1rea de ground services, como sabemos, \u00e9 intensiva de m\u00e3o de obra e sofre, sobretudo, com o alt\u00edssimo custo da folha de pagamento al\u00e9m, \u00e9 claro, [&hellip;]","og_url":"https:\/\/www.abesata.org\/br\/empresarios-debatem-rumos-da-reforma-tributaria-e-impactos-para-o-segmento-de-ground-services-providers\/","og_site_name":"Abesata","article_publisher":"https:\/\/www.facebook.com\/abesata.org\/","article_published_time":"2023-03-15T16:38:50+00:00","article_modified_time":"2024-06-19T19:03:35+00:00","author":"Henrique Santana","twitter_card":"summary_large_image","twitter_misc":{"Escrito por":"Henrique Santana","Est. tempo de leitura":"1 minuto"},"schema":{"@context":"https:\/\/schema.org","@graph":[{"@type":"Article","@id":"https:\/\/www.abesata.org\/br\/empresarios-debatem-rumos-da-reforma-tributaria-e-impactos-para-o-segmento-de-ground-services-providers\/#article","isPartOf":{"@id":"https:\/\/www.abesata.org\/br\/empresarios-debatem-rumos-da-reforma-tributaria-e-impactos-para-o-segmento-de-ground-services-providers\/"},"author":{"name":"Henrique Santana","@id":"https:\/\/www.abesata.org\/br\/#\/schema\/person\/9ea6d4cad1253eb9fd0f7cc28c4306da"},"headline":"Empres\u00e1rios debatem rumos da Reforma Tribut\u00e1ria e impactos para o segmento de ground services providers","datePublished":"2023-03-15T16:38:50+00:00","dateModified":"2024-06-19T19:03:35+00:00","mainEntityOfPage":{"@id":"https:\/\/www.abesata.org\/br\/empresarios-debatem-rumos-da-reforma-tributaria-e-impactos-para-o-segmento-de-ground-services-providers\/"},"wordCount":225,"publisher":{"@id":"https:\/\/www.abesata.org\/br\/#organization"},"keywords":["Avia\u00e7\u00e3o","ground services","Reforma tribut\u00e1ria"],"articleSection":["Not\u00edcias"],"inLanguage":"pt-BR"},{"@type":"WebPage","@id":"https:\/\/www.abesata.org\/br\/empresarios-debatem-rumos-da-reforma-tributaria-e-impactos-para-o-segmento-de-ground-services-providers\/","url":"https:\/\/www.abesata.org\/br\/empresarios-debatem-rumos-da-reforma-tributaria-e-impactos-para-o-segmento-de-ground-services-providers\/","name":"Empres\u00e1rios debatem rumos da Reforma Tribut\u00e1ria e impactos para o segmento de ground services providers - Abesata","isPartOf":{"@id":"https:\/\/www.abesata.org\/br\/#website"},"datePublished":"2023-03-15T16:38:50+00:00","dateModified":"2024-06-19T19:03:35+00:00","breadcrumb":{"@id":"https:\/\/www.abesata.org\/br\/empresarios-debatem-rumos-da-reforma-tributaria-e-impactos-para-o-segmento-de-ground-services-providers\/#breadcrumb"},"inLanguage":"pt-BR","potentialAction":[{"@type":"ReadAction","target":["https:\/\/www.abesata.org\/br\/empresarios-debatem-rumos-da-reforma-tributaria-e-impactos-para-o-segmento-de-ground-services-providers\/"]}]},{"@type":"BreadcrumbList","@id":"https:\/\/www.abesata.org\/br\/empresarios-debatem-rumos-da-reforma-tributaria-e-impactos-para-o-segmento-de-ground-services-providers\/#breadcrumb","itemListElement":[{"@type":"ListItem","position":1,"name":"In\u00edcio","item":"https:\/\/www.abesata.org\/br\/"},{"@type":"ListItem","position":2,"name":"Empres\u00e1rios debatem rumos da Reforma Tribut\u00e1ria e impactos para o segmento de ground services providers"}]},{"@type":"WebSite","@id":"https:\/\/www.abesata.org\/br\/#website","url":"https:\/\/www.abesata.org\/br\/","name":"Abesata","description":"Associa\u00e7\u00e3o Brasileira das Empresas de Servi\u00e7os Auxiliares de Transporte A\u00e9reo","publisher":{"@id":"https:\/\/www.abesata.org\/br\/#organization"},"potentialAction":[{"@type":"SearchAction","target":{"@type":"EntryPoint","urlTemplate":"https:\/\/www.abesata.org\/br\/?s={search_term_string}"},"query-input":{"@type":"PropertyValueSpecification","valueRequired":true,"valueName":"search_term_string"}}],"inLanguage":"pt-BR"},{"@type":"Organization","@id":"https:\/\/www.abesata.org\/br\/#organization","name":"Associa\u00e7\u00e3o Brasileira das Empresas de Servi\u00e7os Auxiliares de Transporte A\u00e9reo","alternateName":"Abesata","url":"https:\/\/www.abesata.org\/br\/","logo":{"@type":"ImageObject","inLanguage":"pt-BR","@id":"https:\/\/www.abesata.org\/br\/#\/schema\/logo\/image\/","url":"https:\/\/www.abesata.org\/br\/wp-content\/uploads\/2023\/10\/Abesata.png","contentUrl":"https:\/\/www.abesata.org\/br\/wp-content\/uploads\/2023\/10\/Abesata.png","width":1063,"height":591,"caption":"Associa\u00e7\u00e3o Brasileira das Empresas de Servi\u00e7os Auxiliares de Transporte A\u00e9reo"},"image":{"@id":"https:\/\/www.abesata.org\/br\/#\/schema\/logo\/image\/"},"sameAs":["https:\/\/www.facebook.com\/abesata.org\/","https:\/\/www.instagram.com\/abesata_gh\/","https:\/\/br.linkedin.com\/company\/abesata"]},{"@type":"Person","@id":"https:\/\/www.abesata.org\/br\/#\/schema\/person\/9ea6d4cad1253eb9fd0f7cc28c4306da","name":"Henrique Santana","image":{"@type":"ImageObject","inLanguage":"pt-BR","@id":"https:\/\/www.abesata.org\/br\/#\/schema\/person\/image\/","url":"https:\/\/secure.gravatar.com\/avatar\/d38ee0ca5c04b216d163c4ecd115e6174ba1c9174252c48fc8d30cf2dc7f0b25?s=96&d=mm&r=g","contentUrl":"https:\/\/secure.gravatar.com\/avatar\/d38ee0ca5c04b216d163c4ecd115e6174ba1c9174252c48fc8d30cf2dc7f0b25?s=96&d=mm&r=g","caption":"Henrique Santana"},"url":"https:\/\/www.abesata.org\/br\/author\/henrique-santana\/"}]}},"_links":{"self":[{"href":"https:\/\/www.abesata.org\/br\/wp-json\/wp\/v2\/posts\/15700","targetHints":{"allow":["GET"]}}],"collection":[{"href":"https:\/\/www.abesata.org\/br\/wp-json\/wp\/v2\/posts"}],"about":[{"href":"https:\/\/www.abesata.org\/br\/wp-json\/wp\/v2\/types\/post"}],"author":[{"embeddable":true,"href":"https:\/\/www.abesata.org\/br\/wp-json\/wp\/v2\/users\/135"}],"replies":[{"embeddable":true,"href":"https:\/\/www.abesata.org\/br\/wp-json\/wp\/v2\/comments?post=15700"}],"version-history":[{"count":1,"href":"https:\/\/www.abesata.org\/br\/wp-json\/wp\/v2\/posts\/15700\/revisions"}],"predecessor-version":[{"id":17268,"href":"https:\/\/www.abesata.org\/br\/wp-json\/wp\/v2\/posts\/15700\/revisions\/17268"}],"wp:attachment":[{"href":"https:\/\/www.abesata.org\/br\/wp-json\/wp\/v2\/media?parent=15700"}],"wp:term":[{"taxonomy":"category","embeddable":true,"href":"https:\/\/www.abesata.org\/br\/wp-json\/wp\/v2\/categories?post=15700"},{"taxonomy":"post_tag","embeddable":true,"href":"https:\/\/www.abesata.org\/br\/wp-json\/wp\/v2\/tags?post=15700"}],"curies":[{"name":"wp","href":"https:\/\/api.w.org\/{rel}","templated":true}]}}