{"id":15703,"date":"2023-03-23T19:39:14","date_gmt":"2023-03-23T19:39:14","guid":{"rendered":"http:\/\/www.abesata.org\/br\/?p=15703"},"modified":"2023-03-23T19:39:16","modified_gmt":"2023-03-23T19:39:16","slug":"anac-abre-inscricoes-para-o-curso-de-prevencao-ao-trafico-de-pessoas-e-trabalho-escravo","status":"publish","type":"post","link":"https:\/\/www.abesata.org\/br\/anac-abre-inscricoes-para-o-curso-de-prevencao-ao-trafico-de-pessoas-e-trabalho-escravo\/","title":{"rendered":"ANAC abre inscri\u00e7\u00f5es para o Curso de Preven\u00e7\u00e3o ao Tr\u00e1fico de Pessoas e Trabalho Escravo"},"content":{"rendered":"\n<p>A&nbsp;Ag\u00eancia Nacional de Avia\u00e7\u00e3o Civil&nbsp;(ANAC)&nbsp;abriu, nesta ter\u00e7a-feira, 21 de mar\u00e7o, as inscri\u00e7\u00f5es para&nbsp;o Curso de Preven\u00e7\u00e3o ao Tr\u00e1fico de Pessoas e&nbsp;Trabalho&nbsp;Escravo, que&nbsp;ficar\u00e1 dispon\u00edvel entre os&nbsp;dias&nbsp;27 de mar\u00e7o&nbsp;e&nbsp;25 de maio.<\/p>\n\n\n\n<p>O&nbsp;treinamento&nbsp;\u00e9 gratuito, online e autoinstrucional, ou seja,&nbsp;o aluno pode estudar de acordo com planejamento pr\u00f3prio e \u00e9 respons\u00e1vel pela aprendizagem dele, por meio da intera\u00e7\u00e3o com os conte\u00fados que est\u00e3o no material. N\u00e3o h\u00e1 limite de vagas e as inscri\u00e7\u00f5es podem ser realizadas por meio do&nbsp;<a href=\"https:\/\/sistemas.anac.gov.br\/capacitacao\/course\/view.php?id=3356\" target=\"_blank\" rel=\"noreferrer noopener\">portal de capacita\u00e7\u00e3o da ANAC<\/a>,&nbsp;inclusive durante o per\u00edodo de realiza\u00e7\u00e3o.&nbsp;&nbsp;<\/p>\n\n\n\n<p>O curso tem carga hor\u00e1ria de duas horas e foi desenvolvido pela&nbsp;Associa\u00e7\u00e3o Brasileira de Defesa&nbsp;da Mulher da Inf\u00e2ncia e da Juventude&nbsp;(Asbrad) com o objetivo de disseminar conhecimento sobre o tr\u00e1fico de pessoas&nbsp;e trabalho escravo, entre passageiros e trabalhadores do setor a\u00e9reo, sejam eles funcion\u00e1rios diretos ou indiretos das empresas concession\u00e1rias de aeroportos e das companhias a\u00e9reas.&nbsp;&nbsp;<\/p>\n\n\n\n<p>Veja a seguir as tem\u00e1ticas trabalhadas por meio do curso:&nbsp;<\/p>\n\n\n\n<p>M\u00d3DULO 1&nbsp;\u2013&nbsp;Introdu\u00e7\u00e3o ao&nbsp;crime do&nbsp;tr\u00e1fico de&nbsp;pessoas&nbsp;<\/p>\n\n\n\n<p>M\u00d3DULO 2&nbsp;\u2013&nbsp;Identifica\u00e7\u00e3o do&nbsp;tr\u00e1fico de&nbsp;pessoas no contexto do&nbsp;aeroporto&nbsp;<\/p>\n\n\n\n<p>M\u00d3DULO 3\u00a0\u2013\u00a0Abordagem humanizada e preven\u00e7\u00e3o nos aeroportos\u00a0<\/p>\n\n\n\n<p><strong>Liberdade no Ar&nbsp;<\/strong><\/p>\n\n\n\n<p>A capacita\u00e7\u00e3o integra o projeto Liberdade no Ar, que visa&nbsp;prevenir&nbsp;o&nbsp;tr\u00e1fico de pessoas e&nbsp;combater&nbsp;o trabalho em condi\u00e7\u00f5es an\u00e1logas \u00e0 de escravo. Trata-se de uma iniciativa conjunta do Minist\u00e9rio P\u00fablico do Trabalho com a Campanha Cora\u00e7\u00e3o Azul contra o Tr\u00e1fico de Pessoas, e que envolve a participa\u00e7\u00e3o da&nbsp;Infraero, da Ag\u00eancia da ONU para as Migra\u00e7\u00f5es (OIM),&nbsp;da Organiza\u00e7\u00e3o Internacional do Trabalho (OIT),&nbsp;da Secretaria Nacional de Justi\u00e7a do Minist\u00e9rio da Justi\u00e7a,&nbsp;do Escrit\u00f3rio das Na\u00e7\u00f5es Unidas sobre Drogas e Crime (UNODC) e&nbsp;da Associa\u00e7\u00e3o Brasileira de Defesa da Mulher da Inf\u00e2ncia e da Juventude (Asbrad).&nbsp;<\/p>\n\n\n\n<p>O projeto tamb\u00e9m conta com o apoio da ANAC e de diversos aeroportos e de organiza\u00e7\u00f5es,&nbsp;como a Associa\u00e7\u00e3o Brasileira das Empresas A\u00e9reas (ABEAR), a Associa\u00e7\u00e3o Latino-Americana&nbsp;e do Caribe de Transporte A\u00e9reo (ALTA) e a&nbsp;International Air Transport Association&nbsp;(IATA).&nbsp;<\/p>\n\n\n\n<p>Fonte: <a href=\"https:\/\/aeroin.net\/anac-abre-inscricoes-para-o-curso-de-prevencao-ao-trafico-de-pessoas-e-trabalho-escravo\/\">https:\/\/aeroin.net\/anac-abre-inscricoes-para-o-curso-de-prevencao-ao-trafico-de-pessoas-e-trabalho-escravo\/<\/a><\/p>\n","protected":false},"excerpt":{"rendered":"<p>A&nbsp;Ag\u00eancia Nacional de Avia\u00e7\u00e3o Civil&nbsp;(ANAC)&nbsp;abriu, nesta ter\u00e7a-feira, 21 de mar\u00e7o, as inscri\u00e7\u00f5es para&nbsp;o Curso de Preven\u00e7\u00e3o ao Tr\u00e1fico de Pessoas e&nbsp;Trabalho&nbsp;Escravo, que&nbsp;ficar\u00e1 dispon\u00edvel entre os&nbsp;dias&nbsp;27 de mar\u00e7o&nbsp;e&nbsp;25 de maio. O&nbsp;treinamento&nbsp;\u00e9 gratuito, online e autoinstrucional, ou seja,&nbsp;o aluno pode estudar de acordo com planejamento pr\u00f3prio e \u00e9 respons\u00e1vel pela aprendizagem dele, por meio da intera\u00e7\u00e3o com [&hellip;]<\/p>\n","protected":false},"author":135,"featured_media":0,"comment_status":"closed","ping_status":"open","sticky":false,"template":"","format":"standard","meta":{"footnotes":""},"categories":[1],"tags":[42,16,239,18,238,236,237],"class_list":["post-15703","post","type-post","status-publish","format-standard","hentry","category-uncategorized","tag-aeroportos","tag-anac","tag-asbrad","tag-aviacao","tag-inscricao","tag-treinamento","tag-workshop"],"yoast_head":"<!-- This site is optimized with the Yoast SEO plugin v26.5 - https:\/\/yoast.com\/wordpress\/plugins\/seo\/ -->\n<title>ANAC abre inscri\u00e7\u00f5es para o Curso de Preven\u00e7\u00e3o ao Tr\u00e1fico de Pessoas e Trabalho Escravo - Abesata<\/title>\n<meta name=\"robots\" content=\"index, follow, max-snippet:-1, max-image-preview:large, max-video-preview:-1\" \/>\n<link rel=\"canonical\" href=\"https:\/\/www.abesata.org\/br\/anac-abre-inscricoes-para-o-curso-de-prevencao-ao-trafico-de-pessoas-e-trabalho-escravo\/\" \/>\n<meta property=\"og:locale\" content=\"pt_BR\" \/>\n<meta property=\"og:type\" content=\"article\" \/>\n<meta property=\"og:title\" content=\"ANAC abre inscri\u00e7\u00f5es para o Curso de Preven\u00e7\u00e3o ao Tr\u00e1fico de Pessoas e Trabalho Escravo - Abesata\" \/>\n<meta property=\"og:description\" content=\"A&nbsp;Ag\u00eancia Nacional de Avia\u00e7\u00e3o Civil&nbsp;(ANAC)&nbsp;abriu, nesta ter\u00e7a-feira, 21 de mar\u00e7o, as inscri\u00e7\u00f5es para&nbsp;o Curso de Preven\u00e7\u00e3o ao Tr\u00e1fico de Pessoas e&nbsp;Trabalho&nbsp;Escravo, que&nbsp;ficar\u00e1 dispon\u00edvel entre os&nbsp;dias&nbsp;27 de mar\u00e7o&nbsp;e&nbsp;25 de maio. O&nbsp;treinamento&nbsp;\u00e9 gratuito, online e autoinstrucional, ou seja,&nbsp;o aluno pode estudar de acordo com planejamento pr\u00f3prio e \u00e9 respons\u00e1vel pela aprendizagem dele, por meio da intera\u00e7\u00e3o com [&hellip;]\" \/>\n<meta property=\"og:url\" content=\"https:\/\/www.abesata.org\/br\/anac-abre-inscricoes-para-o-curso-de-prevencao-ao-trafico-de-pessoas-e-trabalho-escravo\/\" \/>\n<meta property=\"og:site_name\" content=\"Abesata\" \/>\n<meta property=\"article:publisher\" content=\"https:\/\/www.facebook.com\/abesata.org\/\" \/>\n<meta property=\"article:published_time\" content=\"2023-03-23T19:39:14+00:00\" \/>\n<meta property=\"article:modified_time\" content=\"2023-03-23T19:39:16+00:00\" \/>\n<meta name=\"author\" content=\"Henrique Santana\" \/>\n<meta name=\"twitter:card\" content=\"summary_large_image\" \/>\n<meta name=\"twitter:label1\" content=\"Escrito por\" \/>\n\t<meta name=\"twitter:data1\" content=\"Henrique Santana\" \/>\n\t<meta name=\"twitter:label2\" content=\"Est. tempo de leitura\" \/>\n\t<meta name=\"twitter:data2\" content=\"2 minutos\" \/>\n<script type=\"application\/ld+json\" class=\"yoast-schema-graph\">{\"@context\":\"https:\/\/schema.org\",\"@graph\":[{\"@type\":\"Article\",\"@id\":\"https:\/\/www.abesata.org\/br\/anac-abre-inscricoes-para-o-curso-de-prevencao-ao-trafico-de-pessoas-e-trabalho-escravo\/#article\",\"isPartOf\":{\"@id\":\"https:\/\/www.abesata.org\/br\/anac-abre-inscricoes-para-o-curso-de-prevencao-ao-trafico-de-pessoas-e-trabalho-escravo\/\"},\"author\":{\"name\":\"Henrique Santana\",\"@id\":\"https:\/\/www.abesata.org\/br\/#\/schema\/person\/9ea6d4cad1253eb9fd0f7cc28c4306da\"},\"headline\":\"ANAC abre inscri\u00e7\u00f5es para o Curso de Preven\u00e7\u00e3o ao Tr\u00e1fico de Pessoas e Trabalho Escravo\",\"datePublished\":\"2023-03-23T19:39:14+00:00\",\"dateModified\":\"2023-03-23T19:39:16+00:00\",\"mainEntityOfPage\":{\"@id\":\"https:\/\/www.abesata.org\/br\/anac-abre-inscricoes-para-o-curso-de-prevencao-ao-trafico-de-pessoas-e-trabalho-escravo\/\"},\"wordCount\":470,\"publisher\":{\"@id\":\"https:\/\/www.abesata.org\/br\/#organization\"},\"keywords\":[\"Aeroportos\",\"Anac\",\"Asbrad\",\"Avia\u00e7\u00e3o\",\"inscri\u00e7\u00e3o\",\"treinamento\",\"workshop\"],\"articleSection\":[\"Uncategorized\"],\"inLanguage\":\"pt-BR\"},{\"@type\":\"WebPage\",\"@id\":\"https:\/\/www.abesata.org\/br\/anac-abre-inscricoes-para-o-curso-de-prevencao-ao-trafico-de-pessoas-e-trabalho-escravo\/\",\"url\":\"https:\/\/www.abesata.org\/br\/anac-abre-inscricoes-para-o-curso-de-prevencao-ao-trafico-de-pessoas-e-trabalho-escravo\/\",\"name\":\"ANAC abre inscri\u00e7\u00f5es para o Curso de Preven\u00e7\u00e3o ao Tr\u00e1fico de Pessoas e Trabalho Escravo - Abesata\",\"isPartOf\":{\"@id\":\"https:\/\/www.abesata.org\/br\/#website\"},\"datePublished\":\"2023-03-23T19:39:14+00:00\",\"dateModified\":\"2023-03-23T19:39:16+00:00\",\"breadcrumb\":{\"@id\":\"https:\/\/www.abesata.org\/br\/anac-abre-inscricoes-para-o-curso-de-prevencao-ao-trafico-de-pessoas-e-trabalho-escravo\/#breadcrumb\"},\"inLanguage\":\"pt-BR\",\"potentialAction\":[{\"@type\":\"ReadAction\",\"target\":[\"https:\/\/www.abesata.org\/br\/anac-abre-inscricoes-para-o-curso-de-prevencao-ao-trafico-de-pessoas-e-trabalho-escravo\/\"]}]},{\"@type\":\"BreadcrumbList\",\"@id\":\"https:\/\/www.abesata.org\/br\/anac-abre-inscricoes-para-o-curso-de-prevencao-ao-trafico-de-pessoas-e-trabalho-escravo\/#breadcrumb\",\"itemListElement\":[{\"@type\":\"ListItem\",\"position\":1,\"name\":\"In\u00edcio\",\"item\":\"https:\/\/www.abesata.org\/br\/\"},{\"@type\":\"ListItem\",\"position\":2,\"name\":\"ANAC abre inscri\u00e7\u00f5es para o Curso de Preven\u00e7\u00e3o ao Tr\u00e1fico de Pessoas e Trabalho Escravo\"}]},{\"@type\":\"WebSite\",\"@id\":\"https:\/\/www.abesata.org\/br\/#website\",\"url\":\"https:\/\/www.abesata.org\/br\/\",\"name\":\"Abesata\",\"description\":\"Associa\u00e7\u00e3o Brasileira das Empresas de Servi\u00e7os Auxiliares de Transporte A\u00e9reo\",\"publisher\":{\"@id\":\"https:\/\/www.abesata.org\/br\/#organization\"},\"potentialAction\":[{\"@type\":\"SearchAction\",\"target\":{\"@type\":\"EntryPoint\",\"urlTemplate\":\"https:\/\/www.abesata.org\/br\/?s={search_term_string}\"},\"query-input\":{\"@type\":\"PropertyValueSpecification\",\"valueRequired\":true,\"valueName\":\"search_term_string\"}}],\"inLanguage\":\"pt-BR\"},{\"@type\":\"Organization\",\"@id\":\"https:\/\/www.abesata.org\/br\/#organization\",\"name\":\"Associa\u00e7\u00e3o Brasileira das Empresas de Servi\u00e7os Auxiliares de Transporte A\u00e9reo\",\"alternateName\":\"Abesata\",\"url\":\"https:\/\/www.abesata.org\/br\/\",\"logo\":{\"@type\":\"ImageObject\",\"inLanguage\":\"pt-BR\",\"@id\":\"https:\/\/www.abesata.org\/br\/#\/schema\/logo\/image\/\",\"url\":\"https:\/\/www.abesata.org\/br\/wp-content\/uploads\/2023\/10\/Abesata.png\",\"contentUrl\":\"https:\/\/www.abesata.org\/br\/wp-content\/uploads\/2023\/10\/Abesata.png\",\"width\":1063,\"height\":591,\"caption\":\"Associa\u00e7\u00e3o Brasileira das Empresas de Servi\u00e7os Auxiliares de Transporte A\u00e9reo\"},\"image\":{\"@id\":\"https:\/\/www.abesata.org\/br\/#\/schema\/logo\/image\/\"},\"sameAs\":[\"https:\/\/www.facebook.com\/abesata.org\/\",\"https:\/\/www.instagram.com\/abesata_gh\/\",\"https:\/\/br.linkedin.com\/company\/abesata\"]},{\"@type\":\"Person\",\"@id\":\"https:\/\/www.abesata.org\/br\/#\/schema\/person\/9ea6d4cad1253eb9fd0f7cc28c4306da\",\"name\":\"Henrique Santana\",\"image\":{\"@type\":\"ImageObject\",\"inLanguage\":\"pt-BR\",\"@id\":\"https:\/\/www.abesata.org\/br\/#\/schema\/person\/image\/\",\"url\":\"https:\/\/secure.gravatar.com\/avatar\/d38ee0ca5c04b216d163c4ecd115e6174ba1c9174252c48fc8d30cf2dc7f0b25?s=96&d=mm&r=g\",\"contentUrl\":\"https:\/\/secure.gravatar.com\/avatar\/d38ee0ca5c04b216d163c4ecd115e6174ba1c9174252c48fc8d30cf2dc7f0b25?s=96&d=mm&r=g\",\"caption\":\"Henrique Santana\"},\"url\":\"https:\/\/www.abesata.org\/br\/author\/henrique-santana\/\"}]}<\/script>\n<!-- \/ Yoast SEO plugin. -->","yoast_head_json":{"title":"ANAC abre inscri\u00e7\u00f5es para o Curso de Preven\u00e7\u00e3o ao Tr\u00e1fico de Pessoas e Trabalho Escravo - Abesata","robots":{"index":"index","follow":"follow","max-snippet":"max-snippet:-1","max-image-preview":"max-image-preview:large","max-video-preview":"max-video-preview:-1"},"canonical":"https:\/\/www.abesata.org\/br\/anac-abre-inscricoes-para-o-curso-de-prevencao-ao-trafico-de-pessoas-e-trabalho-escravo\/","og_locale":"pt_BR","og_type":"article","og_title":"ANAC abre inscri\u00e7\u00f5es para o Curso de Preven\u00e7\u00e3o ao Tr\u00e1fico de Pessoas e Trabalho Escravo - Abesata","og_description":"A&nbsp;Ag\u00eancia Nacional de Avia\u00e7\u00e3o Civil&nbsp;(ANAC)&nbsp;abriu, nesta ter\u00e7a-feira, 21 de mar\u00e7o, as inscri\u00e7\u00f5es para&nbsp;o Curso de Preven\u00e7\u00e3o ao Tr\u00e1fico de Pessoas e&nbsp;Trabalho&nbsp;Escravo, que&nbsp;ficar\u00e1 dispon\u00edvel entre os&nbsp;dias&nbsp;27 de mar\u00e7o&nbsp;e&nbsp;25 de maio. O&nbsp;treinamento&nbsp;\u00e9 gratuito, online e autoinstrucional, ou seja,&nbsp;o aluno pode estudar de acordo com planejamento pr\u00f3prio e \u00e9 respons\u00e1vel pela aprendizagem dele, por meio da intera\u00e7\u00e3o com [&hellip;]","og_url":"https:\/\/www.abesata.org\/br\/anac-abre-inscricoes-para-o-curso-de-prevencao-ao-trafico-de-pessoas-e-trabalho-escravo\/","og_site_name":"Abesata","article_publisher":"https:\/\/www.facebook.com\/abesata.org\/","article_published_time":"2023-03-23T19:39:14+00:00","article_modified_time":"2023-03-23T19:39:16+00:00","author":"Henrique Santana","twitter_card":"summary_large_image","twitter_misc":{"Escrito por":"Henrique Santana","Est. tempo de leitura":"2 minutos"},"schema":{"@context":"https:\/\/schema.org","@graph":[{"@type":"Article","@id":"https:\/\/www.abesata.org\/br\/anac-abre-inscricoes-para-o-curso-de-prevencao-ao-trafico-de-pessoas-e-trabalho-escravo\/#article","isPartOf":{"@id":"https:\/\/www.abesata.org\/br\/anac-abre-inscricoes-para-o-curso-de-prevencao-ao-trafico-de-pessoas-e-trabalho-escravo\/"},"author":{"name":"Henrique Santana","@id":"https:\/\/www.abesata.org\/br\/#\/schema\/person\/9ea6d4cad1253eb9fd0f7cc28c4306da"},"headline":"ANAC abre inscri\u00e7\u00f5es para o Curso de Preven\u00e7\u00e3o ao Tr\u00e1fico de Pessoas e Trabalho Escravo","datePublished":"2023-03-23T19:39:14+00:00","dateModified":"2023-03-23T19:39:16+00:00","mainEntityOfPage":{"@id":"https:\/\/www.abesata.org\/br\/anac-abre-inscricoes-para-o-curso-de-prevencao-ao-trafico-de-pessoas-e-trabalho-escravo\/"},"wordCount":470,"publisher":{"@id":"https:\/\/www.abesata.org\/br\/#organization"},"keywords":["Aeroportos","Anac","Asbrad","Avia\u00e7\u00e3o","inscri\u00e7\u00e3o","treinamento","workshop"],"articleSection":["Uncategorized"],"inLanguage":"pt-BR"},{"@type":"WebPage","@id":"https:\/\/www.abesata.org\/br\/anac-abre-inscricoes-para-o-curso-de-prevencao-ao-trafico-de-pessoas-e-trabalho-escravo\/","url":"https:\/\/www.abesata.org\/br\/anac-abre-inscricoes-para-o-curso-de-prevencao-ao-trafico-de-pessoas-e-trabalho-escravo\/","name":"ANAC abre inscri\u00e7\u00f5es para o Curso de Preven\u00e7\u00e3o ao Tr\u00e1fico de Pessoas e Trabalho Escravo - Abesata","isPartOf":{"@id":"https:\/\/www.abesata.org\/br\/#website"},"datePublished":"2023-03-23T19:39:14+00:00","dateModified":"2023-03-23T19:39:16+00:00","breadcrumb":{"@id":"https:\/\/www.abesata.org\/br\/anac-abre-inscricoes-para-o-curso-de-prevencao-ao-trafico-de-pessoas-e-trabalho-escravo\/#breadcrumb"},"inLanguage":"pt-BR","potentialAction":[{"@type":"ReadAction","target":["https:\/\/www.abesata.org\/br\/anac-abre-inscricoes-para-o-curso-de-prevencao-ao-trafico-de-pessoas-e-trabalho-escravo\/"]}]},{"@type":"BreadcrumbList","@id":"https:\/\/www.abesata.org\/br\/anac-abre-inscricoes-para-o-curso-de-prevencao-ao-trafico-de-pessoas-e-trabalho-escravo\/#breadcrumb","itemListElement":[{"@type":"ListItem","position":1,"name":"In\u00edcio","item":"https:\/\/www.abesata.org\/br\/"},{"@type":"ListItem","position":2,"name":"ANAC abre inscri\u00e7\u00f5es para o Curso de Preven\u00e7\u00e3o ao Tr\u00e1fico de Pessoas e Trabalho Escravo"}]},{"@type":"WebSite","@id":"https:\/\/www.abesata.org\/br\/#website","url":"https:\/\/www.abesata.org\/br\/","name":"Abesata","description":"Associa\u00e7\u00e3o Brasileira das Empresas de Servi\u00e7os Auxiliares de Transporte A\u00e9reo","publisher":{"@id":"https:\/\/www.abesata.org\/br\/#organization"},"potentialAction":[{"@type":"SearchAction","target":{"@type":"EntryPoint","urlTemplate":"https:\/\/www.abesata.org\/br\/?s={search_term_string}"},"query-input":{"@type":"PropertyValueSpecification","valueRequired":true,"valueName":"search_term_string"}}],"inLanguage":"pt-BR"},{"@type":"Organization","@id":"https:\/\/www.abesata.org\/br\/#organization","name":"Associa\u00e7\u00e3o Brasileira das Empresas de Servi\u00e7os Auxiliares de Transporte A\u00e9reo","alternateName":"Abesata","url":"https:\/\/www.abesata.org\/br\/","logo":{"@type":"ImageObject","inLanguage":"pt-BR","@id":"https:\/\/www.abesata.org\/br\/#\/schema\/logo\/image\/","url":"https:\/\/www.abesata.org\/br\/wp-content\/uploads\/2023\/10\/Abesata.png","contentUrl":"https:\/\/www.abesata.org\/br\/wp-content\/uploads\/2023\/10\/Abesata.png","width":1063,"height":591,"caption":"Associa\u00e7\u00e3o Brasileira das Empresas de Servi\u00e7os Auxiliares de Transporte A\u00e9reo"},"image":{"@id":"https:\/\/www.abesata.org\/br\/#\/schema\/logo\/image\/"},"sameAs":["https:\/\/www.facebook.com\/abesata.org\/","https:\/\/www.instagram.com\/abesata_gh\/","https:\/\/br.linkedin.com\/company\/abesata"]},{"@type":"Person","@id":"https:\/\/www.abesata.org\/br\/#\/schema\/person\/9ea6d4cad1253eb9fd0f7cc28c4306da","name":"Henrique Santana","image":{"@type":"ImageObject","inLanguage":"pt-BR","@id":"https:\/\/www.abesata.org\/br\/#\/schema\/person\/image\/","url":"https:\/\/secure.gravatar.com\/avatar\/d38ee0ca5c04b216d163c4ecd115e6174ba1c9174252c48fc8d30cf2dc7f0b25?s=96&d=mm&r=g","contentUrl":"https:\/\/secure.gravatar.com\/avatar\/d38ee0ca5c04b216d163c4ecd115e6174ba1c9174252c48fc8d30cf2dc7f0b25?s=96&d=mm&r=g","caption":"Henrique Santana"},"url":"https:\/\/www.abesata.org\/br\/author\/henrique-santana\/"}]}},"_links":{"self":[{"href":"https:\/\/www.abesata.org\/br\/wp-json\/wp\/v2\/posts\/15703","targetHints":{"allow":["GET"]}}],"collection":[{"href":"https:\/\/www.abesata.org\/br\/wp-json\/wp\/v2\/posts"}],"about":[{"href":"https:\/\/www.abesata.org\/br\/wp-json\/wp\/v2\/types\/post"}],"author":[{"embeddable":true,"href":"https:\/\/www.abesata.org\/br\/wp-json\/wp\/v2\/users\/135"}],"replies":[{"embeddable":true,"href":"https:\/\/www.abesata.org\/br\/wp-json\/wp\/v2\/comments?post=15703"}],"version-history":[{"count":0,"href":"https:\/\/www.abesata.org\/br\/wp-json\/wp\/v2\/posts\/15703\/revisions"}],"wp:attachment":[{"href":"https:\/\/www.abesata.org\/br\/wp-json\/wp\/v2\/media?parent=15703"}],"wp:term":[{"taxonomy":"category","embeddable":true,"href":"https:\/\/www.abesata.org\/br\/wp-json\/wp\/v2\/categories?post=15703"},{"taxonomy":"post_tag","embeddable":true,"href":"https:\/\/www.abesata.org\/br\/wp-json\/wp\/v2\/tags?post=15703"}],"curies":[{"name":"wp","href":"https:\/\/api.w.org\/{rel}","templated":true}]}}