{"id":15714,"date":"2023-04-04T21:10:40","date_gmt":"2023-04-04T21:10:40","guid":{"rendered":"http:\/\/www.abesata.org\/br\/?p=15714"},"modified":"2024-06-19T16:03:08","modified_gmt":"2024-06-19T19:03:08","slug":"deputados-federais-vao-criar-a-frente-parlamentar-em-defesa-da-aviacao","status":"publish","type":"post","link":"https:\/\/www.abesata.org\/br\/deputados-federais-vao-criar-a-frente-parlamentar-em-defesa-da-aviacao\/","title":{"rendered":"Deputados federais v\u00e3o criar a Frente Parlamentar em Defesa da Avia\u00e7\u00e3o"},"content":{"rendered":"\n<p>O Congresso Nacional, em Bras\u00edlia, dever\u00e1 ter em abril o lan\u00e7amento da Frente Parlamentar em Defesa da Avia\u00e7\u00e3o. Deputados federais se articulam para atuar em parceria com o Minist\u00e9rio de Portos e Aeroportos com foco em ampliar o n\u00famero de cidades atendidas pela avia\u00e7\u00e3o no Brasil e reduzir o pre\u00e7o das passagens a\u00e9reas. A coordena\u00e7\u00e3o ficar\u00e1 com o deputado federal Felipe Carreras, do PSB de Pernambuco.<\/p>\n\n\n\n<p>Antes mesmo de ser lan\u00e7ada a Frente Parlamentar, v\u00e1rias entidades ligadas \u00e0 avia\u00e7\u00e3o j\u00e1 foram convidadas para encontros com o objetivo de tra\u00e7ar cen\u00e1rios e alinhar objetivos. Associa\u00e7\u00e3o Brasileira das Empresas A\u00e9reas (ABEAR), Sindicato Nacional das Empresas de T\u00e1xi A\u00e9reo (SNETA), Sindicato Nacional das Empresas de Avia\u00e7\u00e3o Agr\u00edcola (SINDAG), Associa\u00e7\u00e3o Internacional de Transporte A\u00e9reo (IATA), Confedera\u00e7\u00e3o Nacional do Transporte (CNT), Associa\u00e7\u00e3o Brasileira da Avia\u00e7\u00e3o Geral (ABAG) e Sindicato Nacional das Empresas Aerovi\u00e1rias (SNEA) j\u00e1 foram participaram das conversa\u00e7\u00f5es.<\/p>\n\n\n\n<p>\u201cEstamos desde o in\u00edcio deste ano com uma intensa agenda com os poderes Legislativo e Executivo. Esta aproxima\u00e7\u00e3o com as frentes e comiss\u00f5es \u00e9 de extrema import\u00e2ncia para demandarmos os temas que ser\u00e3o indispens\u00e1veis para a plena retomada do setor a\u00e9reo daqui em diante\u201d, afirmou a diretora de Rela\u00e7\u00f5es Institucionais da ABEAR, Jurema Monteiro, citando como exemplo a vota\u00e7\u00e3o da Medida Provis\u00f3ria 1.147, que retira o PIS\/COFINS sobre a receita de bilhetes a\u00e9reos, no Congresso.<\/p>\n\n\n\n<p>Fonte: <a href=\"https:\/\/www.edrotacultural.com.br\/deputados-federais-vao-criar-a-frente-parlamentar-em-defesa-da-aviacao\/\">https:\/\/www.edrotacultural.com.br\/deputados-federais-vao-criar-a-frente-parlamentar-em-defesa-da-aviacao\/<\/a><\/p>\n","protected":false},"excerpt":{"rendered":"<p>O Congresso Nacional, em Bras\u00edlia, dever\u00e1 ter em abril o lan\u00e7amento da Frente Parlamentar em Defesa da Avia\u00e7\u00e3o. Deputados federais se articulam para atuar em parceria com o Minist\u00e9rio de Portos e Aeroportos com foco em ampliar o n\u00famero de cidades atendidas pela avia\u00e7\u00e3o no Brasil e reduzir o pre\u00e7o das passagens a\u00e9reas. A coordena\u00e7\u00e3o [&hellip;]<\/p>\n","protected":false},"author":135,"featured_media":0,"comment_status":"closed","ping_status":"open","sticky":false,"template":"","format":"standard","meta":{"footnotes":""},"categories":[294],"tags":[57,56,244,243,98,245,246],"class_list":["post-15714","post","type-post","status-publish","format-standard","hentry","category-noticias","tag-abear","tag-cnt","tag-deputados-federais","tag-frente-parlamentar","tag-iata","tag-ministerio-de-portos-e-aeroportos","tag-sneta"],"yoast_head":"<!-- This site is optimized with the Yoast SEO plugin v26.5 - https:\/\/yoast.com\/wordpress\/plugins\/seo\/ -->\n<title>Deputados federais v\u00e3o criar a Frente Parlamentar em Defesa da Avia\u00e7\u00e3o - Abesata<\/title>\n<meta name=\"robots\" content=\"index, follow, max-snippet:-1, max-image-preview:large, max-video-preview:-1\" \/>\n<link rel=\"canonical\" href=\"https:\/\/www.abesata.org\/br\/deputados-federais-vao-criar-a-frente-parlamentar-em-defesa-da-aviacao\/\" \/>\n<meta property=\"og:locale\" content=\"pt_BR\" \/>\n<meta property=\"og:type\" content=\"article\" \/>\n<meta property=\"og:title\" content=\"Deputados federais v\u00e3o criar a Frente Parlamentar em Defesa da Avia\u00e7\u00e3o - Abesata\" \/>\n<meta property=\"og:description\" content=\"O Congresso Nacional, em Bras\u00edlia, dever\u00e1 ter em abril o lan\u00e7amento da Frente Parlamentar em Defesa da Avia\u00e7\u00e3o. Deputados federais se articulam para atuar em parceria com o Minist\u00e9rio de Portos e Aeroportos com foco em ampliar o n\u00famero de cidades atendidas pela avia\u00e7\u00e3o no Brasil e reduzir o pre\u00e7o das passagens a\u00e9reas. A coordena\u00e7\u00e3o [&hellip;]\" \/>\n<meta property=\"og:url\" content=\"https:\/\/www.abesata.org\/br\/deputados-federais-vao-criar-a-frente-parlamentar-em-defesa-da-aviacao\/\" \/>\n<meta property=\"og:site_name\" content=\"Abesata\" \/>\n<meta property=\"article:publisher\" content=\"https:\/\/www.facebook.com\/abesata.org\/\" \/>\n<meta property=\"article:published_time\" content=\"2023-04-04T21:10:40+00:00\" \/>\n<meta property=\"article:modified_time\" content=\"2024-06-19T19:03:08+00:00\" \/>\n<meta name=\"author\" content=\"Henrique Santana\" \/>\n<meta name=\"twitter:card\" content=\"summary_large_image\" \/>\n<meta name=\"twitter:label1\" content=\"Escrito por\" \/>\n\t<meta name=\"twitter:data1\" content=\"Henrique Santana\" \/>\n\t<meta name=\"twitter:label2\" content=\"Est. tempo de leitura\" \/>\n\t<meta name=\"twitter:data2\" content=\"1 minuto\" \/>\n<script type=\"application\/ld+json\" class=\"yoast-schema-graph\">{\"@context\":\"https:\/\/schema.org\",\"@graph\":[{\"@type\":\"Article\",\"@id\":\"https:\/\/www.abesata.org\/br\/deputados-federais-vao-criar-a-frente-parlamentar-em-defesa-da-aviacao\/#article\",\"isPartOf\":{\"@id\":\"https:\/\/www.abesata.org\/br\/deputados-federais-vao-criar-a-frente-parlamentar-em-defesa-da-aviacao\/\"},\"author\":{\"name\":\"Henrique Santana\",\"@id\":\"https:\/\/www.abesata.org\/br\/#\/schema\/person\/9ea6d4cad1253eb9fd0f7cc28c4306da\"},\"headline\":\"Deputados federais v\u00e3o criar a Frente Parlamentar em Defesa da Avia\u00e7\u00e3o\",\"datePublished\":\"2023-04-04T21:10:40+00:00\",\"dateModified\":\"2024-06-19T19:03:08+00:00\",\"mainEntityOfPage\":{\"@id\":\"https:\/\/www.abesata.org\/br\/deputados-federais-vao-criar-a-frente-parlamentar-em-defesa-da-aviacao\/\"},\"wordCount\":275,\"publisher\":{\"@id\":\"https:\/\/www.abesata.org\/br\/#organization\"},\"keywords\":[\"Abear\",\"CNT\",\"Deputados Federais\",\"Frente Parlamentar\",\"IATA\",\"Minist\u00e9rio de Portos e Aeroportos\",\"SNETA\"],\"articleSection\":[\"Not\u00edcias\"],\"inLanguage\":\"pt-BR\"},{\"@type\":\"WebPage\",\"@id\":\"https:\/\/www.abesata.org\/br\/deputados-federais-vao-criar-a-frente-parlamentar-em-defesa-da-aviacao\/\",\"url\":\"https:\/\/www.abesata.org\/br\/deputados-federais-vao-criar-a-frente-parlamentar-em-defesa-da-aviacao\/\",\"name\":\"Deputados federais v\u00e3o criar a Frente Parlamentar em Defesa da Avia\u00e7\u00e3o - Abesata\",\"isPartOf\":{\"@id\":\"https:\/\/www.abesata.org\/br\/#website\"},\"datePublished\":\"2023-04-04T21:10:40+00:00\",\"dateModified\":\"2024-06-19T19:03:08+00:00\",\"breadcrumb\":{\"@id\":\"https:\/\/www.abesata.org\/br\/deputados-federais-vao-criar-a-frente-parlamentar-em-defesa-da-aviacao\/#breadcrumb\"},\"inLanguage\":\"pt-BR\",\"potentialAction\":[{\"@type\":\"ReadAction\",\"target\":[\"https:\/\/www.abesata.org\/br\/deputados-federais-vao-criar-a-frente-parlamentar-em-defesa-da-aviacao\/\"]}]},{\"@type\":\"BreadcrumbList\",\"@id\":\"https:\/\/www.abesata.org\/br\/deputados-federais-vao-criar-a-frente-parlamentar-em-defesa-da-aviacao\/#breadcrumb\",\"itemListElement\":[{\"@type\":\"ListItem\",\"position\":1,\"name\":\"In\u00edcio\",\"item\":\"https:\/\/www.abesata.org\/br\/\"},{\"@type\":\"ListItem\",\"position\":2,\"name\":\"Deputados federais v\u00e3o criar a Frente Parlamentar em Defesa da Avia\u00e7\u00e3o\"}]},{\"@type\":\"WebSite\",\"@id\":\"https:\/\/www.abesata.org\/br\/#website\",\"url\":\"https:\/\/www.abesata.org\/br\/\",\"name\":\"Abesata\",\"description\":\"Associa\u00e7\u00e3o Brasileira das Empresas de Servi\u00e7os Auxiliares de Transporte A\u00e9reo\",\"publisher\":{\"@id\":\"https:\/\/www.abesata.org\/br\/#organization\"},\"potentialAction\":[{\"@type\":\"SearchAction\",\"target\":{\"@type\":\"EntryPoint\",\"urlTemplate\":\"https:\/\/www.abesata.org\/br\/?s={search_term_string}\"},\"query-input\":{\"@type\":\"PropertyValueSpecification\",\"valueRequired\":true,\"valueName\":\"search_term_string\"}}],\"inLanguage\":\"pt-BR\"},{\"@type\":\"Organization\",\"@id\":\"https:\/\/www.abesata.org\/br\/#organization\",\"name\":\"Associa\u00e7\u00e3o Brasileira das Empresas de Servi\u00e7os Auxiliares de Transporte A\u00e9reo\",\"alternateName\":\"Abesata\",\"url\":\"https:\/\/www.abesata.org\/br\/\",\"logo\":{\"@type\":\"ImageObject\",\"inLanguage\":\"pt-BR\",\"@id\":\"https:\/\/www.abesata.org\/br\/#\/schema\/logo\/image\/\",\"url\":\"https:\/\/www.abesata.org\/br\/wp-content\/uploads\/2023\/10\/Abesata.png\",\"contentUrl\":\"https:\/\/www.abesata.org\/br\/wp-content\/uploads\/2023\/10\/Abesata.png\",\"width\":1063,\"height\":591,\"caption\":\"Associa\u00e7\u00e3o Brasileira das Empresas de Servi\u00e7os Auxiliares de Transporte A\u00e9reo\"},\"image\":{\"@id\":\"https:\/\/www.abesata.org\/br\/#\/schema\/logo\/image\/\"},\"sameAs\":[\"https:\/\/www.facebook.com\/abesata.org\/\",\"https:\/\/www.instagram.com\/abesata_gh\/\",\"https:\/\/br.linkedin.com\/company\/abesata\"]},{\"@type\":\"Person\",\"@id\":\"https:\/\/www.abesata.org\/br\/#\/schema\/person\/9ea6d4cad1253eb9fd0f7cc28c4306da\",\"name\":\"Henrique Santana\",\"image\":{\"@type\":\"ImageObject\",\"inLanguage\":\"pt-BR\",\"@id\":\"https:\/\/www.abesata.org\/br\/#\/schema\/person\/image\/\",\"url\":\"https:\/\/secure.gravatar.com\/avatar\/d38ee0ca5c04b216d163c4ecd115e6174ba1c9174252c48fc8d30cf2dc7f0b25?s=96&d=mm&r=g\",\"contentUrl\":\"https:\/\/secure.gravatar.com\/avatar\/d38ee0ca5c04b216d163c4ecd115e6174ba1c9174252c48fc8d30cf2dc7f0b25?s=96&d=mm&r=g\",\"caption\":\"Henrique Santana\"},\"url\":\"https:\/\/www.abesata.org\/br\/author\/henrique-santana\/\"}]}<\/script>\n<!-- \/ Yoast SEO plugin. -->","yoast_head_json":{"title":"Deputados federais v\u00e3o criar a Frente Parlamentar em Defesa da Avia\u00e7\u00e3o - Abesata","robots":{"index":"index","follow":"follow","max-snippet":"max-snippet:-1","max-image-preview":"max-image-preview:large","max-video-preview":"max-video-preview:-1"},"canonical":"https:\/\/www.abesata.org\/br\/deputados-federais-vao-criar-a-frente-parlamentar-em-defesa-da-aviacao\/","og_locale":"pt_BR","og_type":"article","og_title":"Deputados federais v\u00e3o criar a Frente Parlamentar em Defesa da Avia\u00e7\u00e3o - Abesata","og_description":"O Congresso Nacional, em Bras\u00edlia, dever\u00e1 ter em abril o lan\u00e7amento da Frente Parlamentar em Defesa da Avia\u00e7\u00e3o. Deputados federais se articulam para atuar em parceria com o Minist\u00e9rio de Portos e Aeroportos com foco em ampliar o n\u00famero de cidades atendidas pela avia\u00e7\u00e3o no Brasil e reduzir o pre\u00e7o das passagens a\u00e9reas. A coordena\u00e7\u00e3o [&hellip;]","og_url":"https:\/\/www.abesata.org\/br\/deputados-federais-vao-criar-a-frente-parlamentar-em-defesa-da-aviacao\/","og_site_name":"Abesata","article_publisher":"https:\/\/www.facebook.com\/abesata.org\/","article_published_time":"2023-04-04T21:10:40+00:00","article_modified_time":"2024-06-19T19:03:08+00:00","author":"Henrique Santana","twitter_card":"summary_large_image","twitter_misc":{"Escrito por":"Henrique Santana","Est. tempo de leitura":"1 minuto"},"schema":{"@context":"https:\/\/schema.org","@graph":[{"@type":"Article","@id":"https:\/\/www.abesata.org\/br\/deputados-federais-vao-criar-a-frente-parlamentar-em-defesa-da-aviacao\/#article","isPartOf":{"@id":"https:\/\/www.abesata.org\/br\/deputados-federais-vao-criar-a-frente-parlamentar-em-defesa-da-aviacao\/"},"author":{"name":"Henrique Santana","@id":"https:\/\/www.abesata.org\/br\/#\/schema\/person\/9ea6d4cad1253eb9fd0f7cc28c4306da"},"headline":"Deputados federais v\u00e3o criar a Frente Parlamentar em Defesa da Avia\u00e7\u00e3o","datePublished":"2023-04-04T21:10:40+00:00","dateModified":"2024-06-19T19:03:08+00:00","mainEntityOfPage":{"@id":"https:\/\/www.abesata.org\/br\/deputados-federais-vao-criar-a-frente-parlamentar-em-defesa-da-aviacao\/"},"wordCount":275,"publisher":{"@id":"https:\/\/www.abesata.org\/br\/#organization"},"keywords":["Abear","CNT","Deputados Federais","Frente Parlamentar","IATA","Minist\u00e9rio de Portos e Aeroportos","SNETA"],"articleSection":["Not\u00edcias"],"inLanguage":"pt-BR"},{"@type":"WebPage","@id":"https:\/\/www.abesata.org\/br\/deputados-federais-vao-criar-a-frente-parlamentar-em-defesa-da-aviacao\/","url":"https:\/\/www.abesata.org\/br\/deputados-federais-vao-criar-a-frente-parlamentar-em-defesa-da-aviacao\/","name":"Deputados federais v\u00e3o criar a Frente Parlamentar em Defesa da Avia\u00e7\u00e3o - Abesata","isPartOf":{"@id":"https:\/\/www.abesata.org\/br\/#website"},"datePublished":"2023-04-04T21:10:40+00:00","dateModified":"2024-06-19T19:03:08+00:00","breadcrumb":{"@id":"https:\/\/www.abesata.org\/br\/deputados-federais-vao-criar-a-frente-parlamentar-em-defesa-da-aviacao\/#breadcrumb"},"inLanguage":"pt-BR","potentialAction":[{"@type":"ReadAction","target":["https:\/\/www.abesata.org\/br\/deputados-federais-vao-criar-a-frente-parlamentar-em-defesa-da-aviacao\/"]}]},{"@type":"BreadcrumbList","@id":"https:\/\/www.abesata.org\/br\/deputados-federais-vao-criar-a-frente-parlamentar-em-defesa-da-aviacao\/#breadcrumb","itemListElement":[{"@type":"ListItem","position":1,"name":"In\u00edcio","item":"https:\/\/www.abesata.org\/br\/"},{"@type":"ListItem","position":2,"name":"Deputados federais v\u00e3o criar a Frente Parlamentar em Defesa da Avia\u00e7\u00e3o"}]},{"@type":"WebSite","@id":"https:\/\/www.abesata.org\/br\/#website","url":"https:\/\/www.abesata.org\/br\/","name":"Abesata","description":"Associa\u00e7\u00e3o Brasileira das Empresas de Servi\u00e7os Auxiliares de Transporte A\u00e9reo","publisher":{"@id":"https:\/\/www.abesata.org\/br\/#organization"},"potentialAction":[{"@type":"SearchAction","target":{"@type":"EntryPoint","urlTemplate":"https:\/\/www.abesata.org\/br\/?s={search_term_string}"},"query-input":{"@type":"PropertyValueSpecification","valueRequired":true,"valueName":"search_term_string"}}],"inLanguage":"pt-BR"},{"@type":"Organization","@id":"https:\/\/www.abesata.org\/br\/#organization","name":"Associa\u00e7\u00e3o Brasileira das Empresas de Servi\u00e7os Auxiliares de Transporte A\u00e9reo","alternateName":"Abesata","url":"https:\/\/www.abesata.org\/br\/","logo":{"@type":"ImageObject","inLanguage":"pt-BR","@id":"https:\/\/www.abesata.org\/br\/#\/schema\/logo\/image\/","url":"https:\/\/www.abesata.org\/br\/wp-content\/uploads\/2023\/10\/Abesata.png","contentUrl":"https:\/\/www.abesata.org\/br\/wp-content\/uploads\/2023\/10\/Abesata.png","width":1063,"height":591,"caption":"Associa\u00e7\u00e3o Brasileira das Empresas de Servi\u00e7os Auxiliares de Transporte A\u00e9reo"},"image":{"@id":"https:\/\/www.abesata.org\/br\/#\/schema\/logo\/image\/"},"sameAs":["https:\/\/www.facebook.com\/abesata.org\/","https:\/\/www.instagram.com\/abesata_gh\/","https:\/\/br.linkedin.com\/company\/abesata"]},{"@type":"Person","@id":"https:\/\/www.abesata.org\/br\/#\/schema\/person\/9ea6d4cad1253eb9fd0f7cc28c4306da","name":"Henrique Santana","image":{"@type":"ImageObject","inLanguage":"pt-BR","@id":"https:\/\/www.abesata.org\/br\/#\/schema\/person\/image\/","url":"https:\/\/secure.gravatar.com\/avatar\/d38ee0ca5c04b216d163c4ecd115e6174ba1c9174252c48fc8d30cf2dc7f0b25?s=96&d=mm&r=g","contentUrl":"https:\/\/secure.gravatar.com\/avatar\/d38ee0ca5c04b216d163c4ecd115e6174ba1c9174252c48fc8d30cf2dc7f0b25?s=96&d=mm&r=g","caption":"Henrique Santana"},"url":"https:\/\/www.abesata.org\/br\/author\/henrique-santana\/"}]}},"_links":{"self":[{"href":"https:\/\/www.abesata.org\/br\/wp-json\/wp\/v2\/posts\/15714","targetHints":{"allow":["GET"]}}],"collection":[{"href":"https:\/\/www.abesata.org\/br\/wp-json\/wp\/v2\/posts"}],"about":[{"href":"https:\/\/www.abesata.org\/br\/wp-json\/wp\/v2\/types\/post"}],"author":[{"embeddable":true,"href":"https:\/\/www.abesata.org\/br\/wp-json\/wp\/v2\/users\/135"}],"replies":[{"embeddable":true,"href":"https:\/\/www.abesata.org\/br\/wp-json\/wp\/v2\/comments?post=15714"}],"version-history":[{"count":1,"href":"https:\/\/www.abesata.org\/br\/wp-json\/wp\/v2\/posts\/15714\/revisions"}],"predecessor-version":[{"id":17265,"href":"https:\/\/www.abesata.org\/br\/wp-json\/wp\/v2\/posts\/15714\/revisions\/17265"}],"wp:attachment":[{"href":"https:\/\/www.abesata.org\/br\/wp-json\/wp\/v2\/media?parent=15714"}],"wp:term":[{"taxonomy":"category","embeddable":true,"href":"https:\/\/www.abesata.org\/br\/wp-json\/wp\/v2\/categories?post=15714"},{"taxonomy":"post_tag","embeddable":true,"href":"https:\/\/www.abesata.org\/br\/wp-json\/wp\/v2\/tags?post=15714"}],"curies":[{"name":"wp","href":"https:\/\/api.w.org\/{rel}","templated":true}]}}