{"id":15716,"date":"2023-04-06T18:04:17","date_gmt":"2023-04-06T18:04:17","guid":{"rendered":"http:\/\/www.abesata.org\/br\/?p=15716"},"modified":"2024-06-19T16:02:47","modified_gmt":"2024-06-19T19:02:47","slug":"impacto-do-excesso-de-acoes-judiciais-na-aviacao-e-tema-de-debate-entre-anac-e-abear","status":"publish","type":"post","link":"https:\/\/www.abesata.org\/br\/impacto-do-excesso-de-acoes-judiciais-na-aviacao-e-tema-de-debate-entre-anac-e-abear\/","title":{"rendered":"Impacto do excesso de a\u00e7\u00f5es judiciais na avia\u00e7\u00e3o \u00e9 tema de debate entre ANAC e ABEAR"},"content":{"rendered":"\n<p>A alta concentra\u00e7\u00e3o de judicializa\u00e7\u00e3o contra empresas a\u00e9reas no Brasil foi tema abordado pelo diretor da Ag\u00eancia Nacional de Avia\u00e7\u00e3o Civil (ANAC), Ricardo Catanant, durante encontro com a Associa\u00e7\u00e3o Brasileira das Empresas A\u00e9reas (ABEAR), na \u00faltima sexta-feira, 31 de mar\u00e7o.<\/p>\n\n\n\n<p>Tamb\u00e9m estiveram presentes representantes da GOL, LATAM e VOEPASS, Azul Linhas A\u00e9reas e dirigentes de todas as entidades representativas da avia\u00e7\u00e3o: Associa\u00e7\u00e3o Internacional de Transporte A\u00e9reo (IATA), Associa\u00e7\u00e3o Latino-Americana e do Caribe de Transporte A\u00e9reo (ALTA) e Junta de Representantes das Companhias A\u00e9reas Internacionais do Brasil (JURCAIB).<\/p>\n\n\n\n<p><em>\u201cO excesso de judicializa\u00e7\u00e3o de qualquer setor onera os consumidores, pois os valores despendidos pelas empresas s\u00e3o repassados aos produtos. No caso, as causas judiciais s\u00e3o repassadas aos pre\u00e7os das passagens a\u00e9reas. Assim, a ANAC entende que um esfor\u00e7o coletivo, dos \u00f3rg\u00e3os de defesa do consumidor, da ag\u00eancia reguladora, do Congresso, da pr\u00f3pria ind\u00fastria e demais&nbsp;stakeholders&nbsp;envolvidos na cadeia do transporte a\u00e9reo \u00e9 necess\u00e1rio e relevante para contribuir para a redu\u00e7\u00e3o de custos\u201d<\/em>, afirmou Catanant.<\/p>\n\n\n\n<p>O aprimoramento do relacionamento entre companhias a\u00e9reas e seus consumidores, bem como o est\u00edmulo \u00e0 media\u00e7\u00e3o de conflitos foram apontados como solu\u00e7\u00f5es para redu\u00e7\u00e3o do impacto da judicializa\u00e7\u00e3o.<\/p>\n\n\n\n<p>Em 25 de maio, est\u00e1 prevista assinatura de termo que oficializa uma parceria entre ABEAR e o TJ-SP para iniciar um projeto de media\u00e7\u00e3o de conflitos online entre empresas a\u00e9reas e seus consumidores. Buscando reduzir o estoque de a\u00e7\u00f5es judiciais no Amazonas, h\u00e1 tamb\u00e9m previs\u00e3o de parceria entre a Associa\u00e7\u00e3o e o Tribunal de Justi\u00e7a do Amazonas (TJ-AM) para que o setor fa\u00e7a parte do Programa Empresa Amiga da Justi\u00e7a.<\/p>\n\n\n\n<p>Fonte: <a href=\"https:\/\/aeroin.net\/impacto-do-excesso-de-acoes-judiciais-na-aviacao-e-tema-de-debate-entre-anac-e-abear\/\">https:\/\/aeroin.net\/impacto-do-excesso-de-acoes-judiciais-na-aviacao-e-tema-de-debate-entre-anac-e-abear\/<\/a><\/p>\n","protected":false},"excerpt":{"rendered":"<p>A alta concentra\u00e7\u00e3o de judicializa\u00e7\u00e3o contra empresas a\u00e9reas no Brasil foi tema abordado pelo diretor da Ag\u00eancia Nacional de Avia\u00e7\u00e3o Civil (ANAC), Ricardo Catanant, durante encontro com a Associa\u00e7\u00e3o Brasileira das Empresas A\u00e9reas (ABEAR), na \u00faltima sexta-feira, 31 de mar\u00e7o. Tamb\u00e9m estiveram presentes representantes da GOL, LATAM e VOEPASS, Azul Linhas A\u00e9reas e dirigentes de [&hellip;]<\/p>\n","protected":false},"author":135,"featured_media":0,"comment_status":"closed","ping_status":"open","sticky":false,"template":"","format":"standard","meta":{"footnotes":""},"categories":[294],"tags":[57,42,16,248,247,80],"class_list":["post-15716","post","type-post","status-publish","format-standard","hentry","category-noticias","tag-abear","tag-aeroportos","tag-anac","tag-consumidores","tag-gol-linhas-aereas","tag-latam"],"yoast_head":"<!-- This site is optimized with the Yoast SEO plugin v26.5 - https:\/\/yoast.com\/wordpress\/plugins\/seo\/ -->\n<title>Impacto do excesso de a\u00e7\u00f5es judiciais na avia\u00e7\u00e3o \u00e9 tema de debate entre ANAC e ABEAR - Abesata<\/title>\n<meta name=\"robots\" content=\"index, follow, max-snippet:-1, max-image-preview:large, max-video-preview:-1\" \/>\n<link rel=\"canonical\" href=\"https:\/\/www.abesata.org\/br\/impacto-do-excesso-de-acoes-judiciais-na-aviacao-e-tema-de-debate-entre-anac-e-abear\/\" \/>\n<meta property=\"og:locale\" content=\"pt_BR\" \/>\n<meta property=\"og:type\" content=\"article\" \/>\n<meta property=\"og:title\" content=\"Impacto do excesso de a\u00e7\u00f5es judiciais na avia\u00e7\u00e3o \u00e9 tema de debate entre ANAC e ABEAR - Abesata\" \/>\n<meta property=\"og:description\" content=\"A alta concentra\u00e7\u00e3o de judicializa\u00e7\u00e3o contra empresas a\u00e9reas no Brasil foi tema abordado pelo diretor da Ag\u00eancia Nacional de Avia\u00e7\u00e3o Civil (ANAC), Ricardo Catanant, durante encontro com a Associa\u00e7\u00e3o Brasileira das Empresas A\u00e9reas (ABEAR), na \u00faltima sexta-feira, 31 de mar\u00e7o. Tamb\u00e9m estiveram presentes representantes da GOL, LATAM e VOEPASS, Azul Linhas A\u00e9reas e dirigentes de [&hellip;]\" \/>\n<meta property=\"og:url\" content=\"https:\/\/www.abesata.org\/br\/impacto-do-excesso-de-acoes-judiciais-na-aviacao-e-tema-de-debate-entre-anac-e-abear\/\" \/>\n<meta property=\"og:site_name\" content=\"Abesata\" \/>\n<meta property=\"article:publisher\" content=\"https:\/\/www.facebook.com\/abesata.org\/\" \/>\n<meta property=\"article:published_time\" content=\"2023-04-06T18:04:17+00:00\" \/>\n<meta property=\"article:modified_time\" content=\"2024-06-19T19:02:47+00:00\" \/>\n<meta name=\"author\" content=\"Henrique Santana\" \/>\n<meta name=\"twitter:card\" content=\"summary_large_image\" \/>\n<meta name=\"twitter:label1\" content=\"Escrito por\" \/>\n\t<meta name=\"twitter:data1\" content=\"Henrique Santana\" \/>\n\t<meta name=\"twitter:label2\" content=\"Est. tempo de leitura\" \/>\n\t<meta name=\"twitter:data2\" content=\"2 minutos\" \/>\n<script type=\"application\/ld+json\" class=\"yoast-schema-graph\">{\"@context\":\"https:\/\/schema.org\",\"@graph\":[{\"@type\":\"Article\",\"@id\":\"https:\/\/www.abesata.org\/br\/impacto-do-excesso-de-acoes-judiciais-na-aviacao-e-tema-de-debate-entre-anac-e-abear\/#article\",\"isPartOf\":{\"@id\":\"https:\/\/www.abesata.org\/br\/impacto-do-excesso-de-acoes-judiciais-na-aviacao-e-tema-de-debate-entre-anac-e-abear\/\"},\"author\":{\"name\":\"Henrique Santana\",\"@id\":\"https:\/\/www.abesata.org\/br\/#\/schema\/person\/9ea6d4cad1253eb9fd0f7cc28c4306da\"},\"headline\":\"Impacto do excesso de a\u00e7\u00f5es judiciais na avia\u00e7\u00e3o \u00e9 tema de debate entre ANAC e ABEAR\",\"datePublished\":\"2023-04-06T18:04:17+00:00\",\"dateModified\":\"2024-06-19T19:02:47+00:00\",\"mainEntityOfPage\":{\"@id\":\"https:\/\/www.abesata.org\/br\/impacto-do-excesso-de-acoes-judiciais-na-aviacao-e-tema-de-debate-entre-anac-e-abear\/\"},\"wordCount\":325,\"publisher\":{\"@id\":\"https:\/\/www.abesata.org\/br\/#organization\"},\"keywords\":[\"Abear\",\"Aeroportos\",\"Anac\",\"COnsumidores\",\"Gol Linhas aereas\",\"Latam\"],\"articleSection\":[\"Not\u00edcias\"],\"inLanguage\":\"pt-BR\"},{\"@type\":\"WebPage\",\"@id\":\"https:\/\/www.abesata.org\/br\/impacto-do-excesso-de-acoes-judiciais-na-aviacao-e-tema-de-debate-entre-anac-e-abear\/\",\"url\":\"https:\/\/www.abesata.org\/br\/impacto-do-excesso-de-acoes-judiciais-na-aviacao-e-tema-de-debate-entre-anac-e-abear\/\",\"name\":\"Impacto do excesso de a\u00e7\u00f5es judiciais na avia\u00e7\u00e3o \u00e9 tema de debate entre ANAC e ABEAR - Abesata\",\"isPartOf\":{\"@id\":\"https:\/\/www.abesata.org\/br\/#website\"},\"datePublished\":\"2023-04-06T18:04:17+00:00\",\"dateModified\":\"2024-06-19T19:02:47+00:00\",\"breadcrumb\":{\"@id\":\"https:\/\/www.abesata.org\/br\/impacto-do-excesso-de-acoes-judiciais-na-aviacao-e-tema-de-debate-entre-anac-e-abear\/#breadcrumb\"},\"inLanguage\":\"pt-BR\",\"potentialAction\":[{\"@type\":\"ReadAction\",\"target\":[\"https:\/\/www.abesata.org\/br\/impacto-do-excesso-de-acoes-judiciais-na-aviacao-e-tema-de-debate-entre-anac-e-abear\/\"]}]},{\"@type\":\"BreadcrumbList\",\"@id\":\"https:\/\/www.abesata.org\/br\/impacto-do-excesso-de-acoes-judiciais-na-aviacao-e-tema-de-debate-entre-anac-e-abear\/#breadcrumb\",\"itemListElement\":[{\"@type\":\"ListItem\",\"position\":1,\"name\":\"In\u00edcio\",\"item\":\"https:\/\/www.abesata.org\/br\/\"},{\"@type\":\"ListItem\",\"position\":2,\"name\":\"Impacto do excesso de a\u00e7\u00f5es judiciais na avia\u00e7\u00e3o \u00e9 tema de debate entre ANAC e ABEAR\"}]},{\"@type\":\"WebSite\",\"@id\":\"https:\/\/www.abesata.org\/br\/#website\",\"url\":\"https:\/\/www.abesata.org\/br\/\",\"name\":\"Abesata\",\"description\":\"Associa\u00e7\u00e3o Brasileira das Empresas de Servi\u00e7os Auxiliares de Transporte A\u00e9reo\",\"publisher\":{\"@id\":\"https:\/\/www.abesata.org\/br\/#organization\"},\"potentialAction\":[{\"@type\":\"SearchAction\",\"target\":{\"@type\":\"EntryPoint\",\"urlTemplate\":\"https:\/\/www.abesata.org\/br\/?s={search_term_string}\"},\"query-input\":{\"@type\":\"PropertyValueSpecification\",\"valueRequired\":true,\"valueName\":\"search_term_string\"}}],\"inLanguage\":\"pt-BR\"},{\"@type\":\"Organization\",\"@id\":\"https:\/\/www.abesata.org\/br\/#organization\",\"name\":\"Associa\u00e7\u00e3o Brasileira das Empresas de Servi\u00e7os Auxiliares de Transporte A\u00e9reo\",\"alternateName\":\"Abesata\",\"url\":\"https:\/\/www.abesata.org\/br\/\",\"logo\":{\"@type\":\"ImageObject\",\"inLanguage\":\"pt-BR\",\"@id\":\"https:\/\/www.abesata.org\/br\/#\/schema\/logo\/image\/\",\"url\":\"https:\/\/www.abesata.org\/br\/wp-content\/uploads\/2023\/10\/Abesata.png\",\"contentUrl\":\"https:\/\/www.abesata.org\/br\/wp-content\/uploads\/2023\/10\/Abesata.png\",\"width\":1063,\"height\":591,\"caption\":\"Associa\u00e7\u00e3o Brasileira das Empresas de Servi\u00e7os Auxiliares de Transporte A\u00e9reo\"},\"image\":{\"@id\":\"https:\/\/www.abesata.org\/br\/#\/schema\/logo\/image\/\"},\"sameAs\":[\"https:\/\/www.facebook.com\/abesata.org\/\",\"https:\/\/www.instagram.com\/abesata_gh\/\",\"https:\/\/br.linkedin.com\/company\/abesata\"]},{\"@type\":\"Person\",\"@id\":\"https:\/\/www.abesata.org\/br\/#\/schema\/person\/9ea6d4cad1253eb9fd0f7cc28c4306da\",\"name\":\"Henrique Santana\",\"image\":{\"@type\":\"ImageObject\",\"inLanguage\":\"pt-BR\",\"@id\":\"https:\/\/www.abesata.org\/br\/#\/schema\/person\/image\/\",\"url\":\"https:\/\/secure.gravatar.com\/avatar\/d38ee0ca5c04b216d163c4ecd115e6174ba1c9174252c48fc8d30cf2dc7f0b25?s=96&d=mm&r=g\",\"contentUrl\":\"https:\/\/secure.gravatar.com\/avatar\/d38ee0ca5c04b216d163c4ecd115e6174ba1c9174252c48fc8d30cf2dc7f0b25?s=96&d=mm&r=g\",\"caption\":\"Henrique Santana\"},\"url\":\"https:\/\/www.abesata.org\/br\/author\/henrique-santana\/\"}]}<\/script>\n<!-- \/ Yoast SEO plugin. -->","yoast_head_json":{"title":"Impacto do excesso de a\u00e7\u00f5es judiciais na avia\u00e7\u00e3o \u00e9 tema de debate entre ANAC e ABEAR - Abesata","robots":{"index":"index","follow":"follow","max-snippet":"max-snippet:-1","max-image-preview":"max-image-preview:large","max-video-preview":"max-video-preview:-1"},"canonical":"https:\/\/www.abesata.org\/br\/impacto-do-excesso-de-acoes-judiciais-na-aviacao-e-tema-de-debate-entre-anac-e-abear\/","og_locale":"pt_BR","og_type":"article","og_title":"Impacto do excesso de a\u00e7\u00f5es judiciais na avia\u00e7\u00e3o \u00e9 tema de debate entre ANAC e ABEAR - Abesata","og_description":"A alta concentra\u00e7\u00e3o de judicializa\u00e7\u00e3o contra empresas a\u00e9reas no Brasil foi tema abordado pelo diretor da Ag\u00eancia Nacional de Avia\u00e7\u00e3o Civil (ANAC), Ricardo Catanant, durante encontro com a Associa\u00e7\u00e3o Brasileira das Empresas A\u00e9reas (ABEAR), na \u00faltima sexta-feira, 31 de mar\u00e7o. Tamb\u00e9m estiveram presentes representantes da GOL, LATAM e VOEPASS, Azul Linhas A\u00e9reas e dirigentes de [&hellip;]","og_url":"https:\/\/www.abesata.org\/br\/impacto-do-excesso-de-acoes-judiciais-na-aviacao-e-tema-de-debate-entre-anac-e-abear\/","og_site_name":"Abesata","article_publisher":"https:\/\/www.facebook.com\/abesata.org\/","article_published_time":"2023-04-06T18:04:17+00:00","article_modified_time":"2024-06-19T19:02:47+00:00","author":"Henrique Santana","twitter_card":"summary_large_image","twitter_misc":{"Escrito por":"Henrique Santana","Est. tempo de leitura":"2 minutos"},"schema":{"@context":"https:\/\/schema.org","@graph":[{"@type":"Article","@id":"https:\/\/www.abesata.org\/br\/impacto-do-excesso-de-acoes-judiciais-na-aviacao-e-tema-de-debate-entre-anac-e-abear\/#article","isPartOf":{"@id":"https:\/\/www.abesata.org\/br\/impacto-do-excesso-de-acoes-judiciais-na-aviacao-e-tema-de-debate-entre-anac-e-abear\/"},"author":{"name":"Henrique Santana","@id":"https:\/\/www.abesata.org\/br\/#\/schema\/person\/9ea6d4cad1253eb9fd0f7cc28c4306da"},"headline":"Impacto do excesso de a\u00e7\u00f5es judiciais na avia\u00e7\u00e3o \u00e9 tema de debate entre ANAC e ABEAR","datePublished":"2023-04-06T18:04:17+00:00","dateModified":"2024-06-19T19:02:47+00:00","mainEntityOfPage":{"@id":"https:\/\/www.abesata.org\/br\/impacto-do-excesso-de-acoes-judiciais-na-aviacao-e-tema-de-debate-entre-anac-e-abear\/"},"wordCount":325,"publisher":{"@id":"https:\/\/www.abesata.org\/br\/#organization"},"keywords":["Abear","Aeroportos","Anac","COnsumidores","Gol Linhas aereas","Latam"],"articleSection":["Not\u00edcias"],"inLanguage":"pt-BR"},{"@type":"WebPage","@id":"https:\/\/www.abesata.org\/br\/impacto-do-excesso-de-acoes-judiciais-na-aviacao-e-tema-de-debate-entre-anac-e-abear\/","url":"https:\/\/www.abesata.org\/br\/impacto-do-excesso-de-acoes-judiciais-na-aviacao-e-tema-de-debate-entre-anac-e-abear\/","name":"Impacto do excesso de a\u00e7\u00f5es judiciais na avia\u00e7\u00e3o \u00e9 tema de debate entre ANAC e ABEAR - Abesata","isPartOf":{"@id":"https:\/\/www.abesata.org\/br\/#website"},"datePublished":"2023-04-06T18:04:17+00:00","dateModified":"2024-06-19T19:02:47+00:00","breadcrumb":{"@id":"https:\/\/www.abesata.org\/br\/impacto-do-excesso-de-acoes-judiciais-na-aviacao-e-tema-de-debate-entre-anac-e-abear\/#breadcrumb"},"inLanguage":"pt-BR","potentialAction":[{"@type":"ReadAction","target":["https:\/\/www.abesata.org\/br\/impacto-do-excesso-de-acoes-judiciais-na-aviacao-e-tema-de-debate-entre-anac-e-abear\/"]}]},{"@type":"BreadcrumbList","@id":"https:\/\/www.abesata.org\/br\/impacto-do-excesso-de-acoes-judiciais-na-aviacao-e-tema-de-debate-entre-anac-e-abear\/#breadcrumb","itemListElement":[{"@type":"ListItem","position":1,"name":"In\u00edcio","item":"https:\/\/www.abesata.org\/br\/"},{"@type":"ListItem","position":2,"name":"Impacto do excesso de a\u00e7\u00f5es judiciais na avia\u00e7\u00e3o \u00e9 tema de debate entre ANAC e ABEAR"}]},{"@type":"WebSite","@id":"https:\/\/www.abesata.org\/br\/#website","url":"https:\/\/www.abesata.org\/br\/","name":"Abesata","description":"Associa\u00e7\u00e3o Brasileira das Empresas de Servi\u00e7os Auxiliares de Transporte A\u00e9reo","publisher":{"@id":"https:\/\/www.abesata.org\/br\/#organization"},"potentialAction":[{"@type":"SearchAction","target":{"@type":"EntryPoint","urlTemplate":"https:\/\/www.abesata.org\/br\/?s={search_term_string}"},"query-input":{"@type":"PropertyValueSpecification","valueRequired":true,"valueName":"search_term_string"}}],"inLanguage":"pt-BR"},{"@type":"Organization","@id":"https:\/\/www.abesata.org\/br\/#organization","name":"Associa\u00e7\u00e3o Brasileira das Empresas de Servi\u00e7os Auxiliares de Transporte A\u00e9reo","alternateName":"Abesata","url":"https:\/\/www.abesata.org\/br\/","logo":{"@type":"ImageObject","inLanguage":"pt-BR","@id":"https:\/\/www.abesata.org\/br\/#\/schema\/logo\/image\/","url":"https:\/\/www.abesata.org\/br\/wp-content\/uploads\/2023\/10\/Abesata.png","contentUrl":"https:\/\/www.abesata.org\/br\/wp-content\/uploads\/2023\/10\/Abesata.png","width":1063,"height":591,"caption":"Associa\u00e7\u00e3o Brasileira das Empresas de Servi\u00e7os Auxiliares de Transporte A\u00e9reo"},"image":{"@id":"https:\/\/www.abesata.org\/br\/#\/schema\/logo\/image\/"},"sameAs":["https:\/\/www.facebook.com\/abesata.org\/","https:\/\/www.instagram.com\/abesata_gh\/","https:\/\/br.linkedin.com\/company\/abesata"]},{"@type":"Person","@id":"https:\/\/www.abesata.org\/br\/#\/schema\/person\/9ea6d4cad1253eb9fd0f7cc28c4306da","name":"Henrique Santana","image":{"@type":"ImageObject","inLanguage":"pt-BR","@id":"https:\/\/www.abesata.org\/br\/#\/schema\/person\/image\/","url":"https:\/\/secure.gravatar.com\/avatar\/d38ee0ca5c04b216d163c4ecd115e6174ba1c9174252c48fc8d30cf2dc7f0b25?s=96&d=mm&r=g","contentUrl":"https:\/\/secure.gravatar.com\/avatar\/d38ee0ca5c04b216d163c4ecd115e6174ba1c9174252c48fc8d30cf2dc7f0b25?s=96&d=mm&r=g","caption":"Henrique Santana"},"url":"https:\/\/www.abesata.org\/br\/author\/henrique-santana\/"}]}},"_links":{"self":[{"href":"https:\/\/www.abesata.org\/br\/wp-json\/wp\/v2\/posts\/15716","targetHints":{"allow":["GET"]}}],"collection":[{"href":"https:\/\/www.abesata.org\/br\/wp-json\/wp\/v2\/posts"}],"about":[{"href":"https:\/\/www.abesata.org\/br\/wp-json\/wp\/v2\/types\/post"}],"author":[{"embeddable":true,"href":"https:\/\/www.abesata.org\/br\/wp-json\/wp\/v2\/users\/135"}],"replies":[{"embeddable":true,"href":"https:\/\/www.abesata.org\/br\/wp-json\/wp\/v2\/comments?post=15716"}],"version-history":[{"count":1,"href":"https:\/\/www.abesata.org\/br\/wp-json\/wp\/v2\/posts\/15716\/revisions"}],"predecessor-version":[{"id":17264,"href":"https:\/\/www.abesata.org\/br\/wp-json\/wp\/v2\/posts\/15716\/revisions\/17264"}],"wp:attachment":[{"href":"https:\/\/www.abesata.org\/br\/wp-json\/wp\/v2\/media?parent=15716"}],"wp:term":[{"taxonomy":"category","embeddable":true,"href":"https:\/\/www.abesata.org\/br\/wp-json\/wp\/v2\/categories?post=15716"},{"taxonomy":"post_tag","embeddable":true,"href":"https:\/\/www.abesata.org\/br\/wp-json\/wp\/v2\/tags?post=15716"}],"curies":[{"name":"wp","href":"https:\/\/api.w.org\/{rel}","templated":true}]}}