{"id":15721,"date":"2023-04-13T18:50:22","date_gmt":"2023-04-13T18:50:22","guid":{"rendered":"http:\/\/www.abesata.org\/br\/?p=15721"},"modified":"2024-06-19T16:02:32","modified_gmt":"2024-06-19T19:02:32","slug":"abesata-cria-programa-de-capacitacao-em-parceria-com-a-universidade-anhembi-morumbi","status":"publish","type":"post","link":"https:\/\/www.abesata.org\/br\/abesata-cria-programa-de-capacitacao-em-parceria-com-a-universidade-anhembi-morumbi\/","title":{"rendered":"Abesata cria programa de capacita\u00e7\u00e3o em parceria com a Universidade Anhembi Morumbi"},"content":{"rendered":"\n<p>Com o objetivo de melhorar a qualidade dos servi\u00e7os prestados pelas empresas de servi\u00e7os em solo, a Abesata (Associa\u00e7\u00e3o Brasileira das Empresas de Servi\u00e7os Auxiliares do Transporte A\u00e9reo) criou, em parceria com a Universidade Anhembi Morumbi, um curso cuja grade curricular compreende 40 horas\/aula exclusivamente para Ground Service Providers.<\/p>\n\n\n\n<p>A partir de 1\u00b0 de julho de 2023, todas as empresas certificadas com o CRES (Certifica\u00e7\u00e3o de Regularidade das Empresas em Solo) ser\u00e3o obrigadas a ter nos seus quadros facilitadores com forma\u00e7\u00e3o em CRM \u2013 Ground Operations. Atualmente s\u00e3o 9 empresas que possuem o CRES em todo pa\u00eds e 65 aeroportos com empresas certificadas dispon\u00edveis para contrata\u00e7\u00e3o.&nbsp;<\/p>\n\n\n\n<p>O\u00a0<em>Corporate Resource Management (CRM) \u2013 Ground Operations<\/em>\u00a0come\u00e7a com a primeira turma no dia 3 de maio e ser\u00e1 ministrado com aulas remotas s\u00edncronas, mais apresenta\u00e7\u00e3o de estudos de caso, com exemplos pr\u00e1ticos de servi\u00e7os de\u00a0<em>Ground Handling<\/em>, v\u00eddeos e discuss\u00e3o dos temas relacionados. O objetivo \u00e9 conscientizar os alunos a respeito da utiliza\u00e7\u00e3o eficaz dos recursos, tanto humanos quanto de equipamentos, e ainda dar aos participantes no\u00e7\u00f5es de CRM para as tarefas quotidianas.\u00a0<\/p>\n\n\n\n<p>Na grade do curso est\u00e3o disciplinas como Desempenho Humano, Gerenciamento de Amea\u00e7as e Erros, CRM\/RRM, Processos de&nbsp;<em>Ground Handling<\/em>, Normas e diretrizes de seguran\u00e7a operacional e de servi\u00e7os de natureza de prote\u00e7\u00e3o, Tipos de cultura, Trabalho em equipe, dentre outros assuntos relacionados.&nbsp;&nbsp;<\/p>\n\n\n\n<p><em>\u201cO setor de apoio em solo envolve esfor\u00e7os simult\u00e2neos com m\u00faltiplos agentes, e essa sinergia, em s\u00edntese, \u00e9 o objetivo do CRM \u2013 Ground Operations\u201d<\/em>, disse o presidente da Abesata, Ricardo Miguel. Para ele,&nbsp;<em>\u201c\u00e9 fundamental oferecer para as empresas certificadas, e at\u00e9 para aquelas que precisam avan\u00e7ar mais para conseguirem a certifica\u00e7\u00e3o, programas de qualidade como este montado em parceria com a Universidade Anhembi Morumbi\u201d.<\/em>&nbsp;A universidade e outras entidades de ensino j\u00e1 s\u00e3o parceiras da associa\u00e7\u00e3o, com projetos que aproximam a academia do mercado de trabalho, e oferta de cursos de gradua\u00e7\u00e3o e p\u00f3s-gradua\u00e7\u00e3o com valores diferenciados aos associados.<\/p>\n\n\n\n<p>\u201c<em>Nesse sentido, para a Universidade Anhembi Morumbi este \u00e9 um momento \u00edmpar no qual al\u00e9m de trazer os profissionais do mercado de Ground Handling para dentro da academia, tamb\u00e9m os alunos, por interm\u00e9dio de uma Unidade Curricular Dual, ter\u00e3o a oportunidade de conhecer o processo de certifica\u00e7\u00e3o das empresas da Associa\u00e7\u00e3o, por interm\u00e9dio da realiza\u00e7\u00e3o de visitas t\u00e9cnicas e palestras, propiciando a aproxima\u00e7\u00e3o da academia com o mercado, objetivo maior do Ecossistema \u00c2nima de Educa\u00e7\u00e3o\u201d<\/em>, acrescenta o Prof Alexandre Faro, coordenador do Curso de Avia\u00e7\u00e3o Civil da Universidade Anhembi Morumbi.&nbsp;<\/p>\n\n\n\n<p>Lan\u00e7ado em junho do ano passado, o programa de qualidade j\u00e1 analisou e certificou empresas como Swissport, Dnata, Orbital, ProAir, RP, InSolo, Real Aviation, VIX e Tri-Star. O objetivo do selo de qualidade \u00e9 ajudar operadores de aeroportos e companhias a\u00e9reas na hora de contratar servi\u00e7os auxiliares de naturezas operacional e de prote\u00e7\u00e3o. O certificado CRES est\u00e1 dispon\u00edvel para qualquer empresa.&nbsp;<\/p>\n\n\n\n<p>O programa de certifica\u00e7\u00e3o \u00e9 composto por uma matriz com cinco dimens\u00f5es: Regulat\u00f3ria, Financeira, Operacional, Pessoas e ESG (meio ambiente, social e governan\u00e7a corporativa). A certifica\u00e7\u00e3o \u00e9 realizada por uma empresa independente, a Praxian Research Center, com sede na avenida Paulista, em S\u00e3o Paulo.<\/p>\n\n\n\n<p>O objetivo \u00e9 trazer benef\u00edcios para toda a cadeia aeron\u00e1utica. Hoje, as empresas especializadas de servi\u00e7os em solo no Brasil respondem por 95% das opera\u00e7\u00f5es, desde limpeza de aeronaves, com foco na sua desinfec\u00e7\u00e3o, transporte e atendimento de passageiros e tripulantes, check-in, manuseio de carga e bagagens, canal de inspe\u00e7\u00e3o \u2013&nbsp;<em>security<\/em>&nbsp;\u2013 para embarque de passageiros, entre outras modalidades.<\/p>\n\n\n\n<p>As empresas que desejarem ser certificadas precisar\u00e3o apresentar uma s\u00e9rie de documentos que comprovem condi\u00e7\u00f5es regulares de opera\u00e7\u00e3o e uma estrutura saud\u00e1vel, garantindo a seguran\u00e7a de quem contrata, companhia a\u00e9rea ou administra\u00e7\u00e3o aeroportu\u00e1ria, al\u00e9m de poder servir de refer\u00eancia para a fiscaliza\u00e7\u00e3o por parte dos \u00f3rg\u00e3os governamentais.<\/p>\n\n\n\n<p>Os crit\u00e9rios de an\u00e1lise envolvem aspectos eliminat\u00f3rios e outros classificat\u00f3rios, totalizando uma soma m\u00e1xima de 100 pontos.<\/p>\n\n\n\n<p>Fonte: <a href=\"https:\/\/aeroin.net\/abesata-cria-programa-de-capacitacao-em-parceria-com-a-universidade-anhembi-morumbi\/\">https:\/\/aeroin.net\/abesata-cria-programa-de-capacitacao-em-parceria-com-a-universidade-anhembi-morumbi\/<\/a><\/p>\n\n\n\n<p><\/p>\n","protected":false},"excerpt":{"rendered":"<p>Com o objetivo de melhorar a qualidade dos servi\u00e7os prestados pelas empresas de servi\u00e7os em solo, a Abesata (Associa\u00e7\u00e3o Brasileira das Empresas de Servi\u00e7os Auxiliares do Transporte A\u00e9reo) criou, em parceria com a Universidade Anhembi Morumbi, um curso cuja grade curricular compreende 40 horas\/aula exclusivamente para Ground Service Providers. A partir de 1\u00b0 de julho [&hellip;]<\/p>\n","protected":false},"author":135,"featured_media":0,"comment_status":"closed","ping_status":"open","sticky":false,"template":"","format":"standard","meta":{"footnotes":""},"categories":[294],"tags":[12,63,18,59,226],"class_list":["post-15721","post","type-post","status-publish","format-standard","hentry","category-noticias","tag-abesata","tag-anhembi-morumbi","tag-aviacao","tag-ground-handling","tag-ground-operations"],"yoast_head":"<!-- This site is optimized with the Yoast SEO plugin v26.5 - https:\/\/yoast.com\/wordpress\/plugins\/seo\/ -->\n<title>Abesata cria programa de capacita\u00e7\u00e3o em parceria com a Universidade Anhembi Morumbi - Abesata<\/title>\n<meta name=\"robots\" content=\"index, follow, max-snippet:-1, max-image-preview:large, max-video-preview:-1\" \/>\n<link rel=\"canonical\" href=\"https:\/\/www.abesata.org\/br\/abesata-cria-programa-de-capacitacao-em-parceria-com-a-universidade-anhembi-morumbi\/\" \/>\n<meta property=\"og:locale\" content=\"pt_BR\" \/>\n<meta property=\"og:type\" content=\"article\" \/>\n<meta property=\"og:title\" content=\"Abesata cria programa de capacita\u00e7\u00e3o em parceria com a Universidade Anhembi Morumbi - Abesata\" \/>\n<meta property=\"og:description\" content=\"Com o objetivo de melhorar a qualidade dos servi\u00e7os prestados pelas empresas de servi\u00e7os em solo, a Abesata (Associa\u00e7\u00e3o Brasileira das Empresas de Servi\u00e7os Auxiliares do Transporte A\u00e9reo) criou, em parceria com a Universidade Anhembi Morumbi, um curso cuja grade curricular compreende 40 horas\/aula exclusivamente para Ground Service Providers. A partir de 1\u00b0 de julho [&hellip;]\" \/>\n<meta property=\"og:url\" content=\"https:\/\/www.abesata.org\/br\/abesata-cria-programa-de-capacitacao-em-parceria-com-a-universidade-anhembi-morumbi\/\" \/>\n<meta property=\"og:site_name\" content=\"Abesata\" \/>\n<meta property=\"article:publisher\" content=\"https:\/\/www.facebook.com\/abesata.org\/\" \/>\n<meta property=\"article:published_time\" content=\"2023-04-13T18:50:22+00:00\" \/>\n<meta property=\"article:modified_time\" content=\"2024-06-19T19:02:32+00:00\" \/>\n<meta name=\"author\" content=\"Henrique Santana\" \/>\n<meta name=\"twitter:card\" content=\"summary_large_image\" \/>\n<meta name=\"twitter:label1\" content=\"Escrito por\" \/>\n\t<meta name=\"twitter:data1\" content=\"Henrique Santana\" \/>\n\t<meta name=\"twitter:label2\" content=\"Est. tempo de leitura\" \/>\n\t<meta name=\"twitter:data2\" content=\"4 minutos\" \/>\n<script type=\"application\/ld+json\" class=\"yoast-schema-graph\">{\"@context\":\"https:\/\/schema.org\",\"@graph\":[{\"@type\":\"Article\",\"@id\":\"https:\/\/www.abesata.org\/br\/abesata-cria-programa-de-capacitacao-em-parceria-com-a-universidade-anhembi-morumbi\/#article\",\"isPartOf\":{\"@id\":\"https:\/\/www.abesata.org\/br\/abesata-cria-programa-de-capacitacao-em-parceria-com-a-universidade-anhembi-morumbi\/\"},\"author\":{\"name\":\"Henrique Santana\",\"@id\":\"https:\/\/www.abesata.org\/br\/#\/schema\/person\/9ea6d4cad1253eb9fd0f7cc28c4306da\"},\"headline\":\"Abesata cria programa de capacita\u00e7\u00e3o em parceria com a Universidade Anhembi Morumbi\",\"datePublished\":\"2023-04-13T18:50:22+00:00\",\"dateModified\":\"2024-06-19T19:02:32+00:00\",\"mainEntityOfPage\":{\"@id\":\"https:\/\/www.abesata.org\/br\/abesata-cria-programa-de-capacitacao-em-parceria-com-a-universidade-anhembi-morumbi\/\"},\"wordCount\":736,\"publisher\":{\"@id\":\"https:\/\/www.abesata.org\/br\/#organization\"},\"keywords\":[\"abesata\",\"Anhembi Morumbi\",\"Avia\u00e7\u00e3o\",\"Ground Handling\",\"Ground Operations\"],\"articleSection\":[\"Not\u00edcias\"],\"inLanguage\":\"pt-BR\"},{\"@type\":\"WebPage\",\"@id\":\"https:\/\/www.abesata.org\/br\/abesata-cria-programa-de-capacitacao-em-parceria-com-a-universidade-anhembi-morumbi\/\",\"url\":\"https:\/\/www.abesata.org\/br\/abesata-cria-programa-de-capacitacao-em-parceria-com-a-universidade-anhembi-morumbi\/\",\"name\":\"Abesata cria programa de capacita\u00e7\u00e3o em parceria com a Universidade Anhembi Morumbi - Abesata\",\"isPartOf\":{\"@id\":\"https:\/\/www.abesata.org\/br\/#website\"},\"datePublished\":\"2023-04-13T18:50:22+00:00\",\"dateModified\":\"2024-06-19T19:02:32+00:00\",\"breadcrumb\":{\"@id\":\"https:\/\/www.abesata.org\/br\/abesata-cria-programa-de-capacitacao-em-parceria-com-a-universidade-anhembi-morumbi\/#breadcrumb\"},\"inLanguage\":\"pt-BR\",\"potentialAction\":[{\"@type\":\"ReadAction\",\"target\":[\"https:\/\/www.abesata.org\/br\/abesata-cria-programa-de-capacitacao-em-parceria-com-a-universidade-anhembi-morumbi\/\"]}]},{\"@type\":\"BreadcrumbList\",\"@id\":\"https:\/\/www.abesata.org\/br\/abesata-cria-programa-de-capacitacao-em-parceria-com-a-universidade-anhembi-morumbi\/#breadcrumb\",\"itemListElement\":[{\"@type\":\"ListItem\",\"position\":1,\"name\":\"In\u00edcio\",\"item\":\"https:\/\/www.abesata.org\/br\/\"},{\"@type\":\"ListItem\",\"position\":2,\"name\":\"Abesata cria programa de capacita\u00e7\u00e3o em parceria com a Universidade Anhembi Morumbi\"}]},{\"@type\":\"WebSite\",\"@id\":\"https:\/\/www.abesata.org\/br\/#website\",\"url\":\"https:\/\/www.abesata.org\/br\/\",\"name\":\"Abesata\",\"description\":\"Associa\u00e7\u00e3o Brasileira das Empresas de Servi\u00e7os Auxiliares de Transporte A\u00e9reo\",\"publisher\":{\"@id\":\"https:\/\/www.abesata.org\/br\/#organization\"},\"potentialAction\":[{\"@type\":\"SearchAction\",\"target\":{\"@type\":\"EntryPoint\",\"urlTemplate\":\"https:\/\/www.abesata.org\/br\/?s={search_term_string}\"},\"query-input\":{\"@type\":\"PropertyValueSpecification\",\"valueRequired\":true,\"valueName\":\"search_term_string\"}}],\"inLanguage\":\"pt-BR\"},{\"@type\":\"Organization\",\"@id\":\"https:\/\/www.abesata.org\/br\/#organization\",\"name\":\"Associa\u00e7\u00e3o Brasileira das Empresas de Servi\u00e7os Auxiliares de Transporte A\u00e9reo\",\"alternateName\":\"Abesata\",\"url\":\"https:\/\/www.abesata.org\/br\/\",\"logo\":{\"@type\":\"ImageObject\",\"inLanguage\":\"pt-BR\",\"@id\":\"https:\/\/www.abesata.org\/br\/#\/schema\/logo\/image\/\",\"url\":\"https:\/\/www.abesata.org\/br\/wp-content\/uploads\/2023\/10\/Abesata.png\",\"contentUrl\":\"https:\/\/www.abesata.org\/br\/wp-content\/uploads\/2023\/10\/Abesata.png\",\"width\":1063,\"height\":591,\"caption\":\"Associa\u00e7\u00e3o Brasileira das Empresas de Servi\u00e7os Auxiliares de Transporte A\u00e9reo\"},\"image\":{\"@id\":\"https:\/\/www.abesata.org\/br\/#\/schema\/logo\/image\/\"},\"sameAs\":[\"https:\/\/www.facebook.com\/abesata.org\/\",\"https:\/\/www.instagram.com\/abesata_gh\/\",\"https:\/\/br.linkedin.com\/company\/abesata\"]},{\"@type\":\"Person\",\"@id\":\"https:\/\/www.abesata.org\/br\/#\/schema\/person\/9ea6d4cad1253eb9fd0f7cc28c4306da\",\"name\":\"Henrique Santana\",\"image\":{\"@type\":\"ImageObject\",\"inLanguage\":\"pt-BR\",\"@id\":\"https:\/\/www.abesata.org\/br\/#\/schema\/person\/image\/\",\"url\":\"https:\/\/secure.gravatar.com\/avatar\/d38ee0ca5c04b216d163c4ecd115e6174ba1c9174252c48fc8d30cf2dc7f0b25?s=96&d=mm&r=g\",\"contentUrl\":\"https:\/\/secure.gravatar.com\/avatar\/d38ee0ca5c04b216d163c4ecd115e6174ba1c9174252c48fc8d30cf2dc7f0b25?s=96&d=mm&r=g\",\"caption\":\"Henrique Santana\"},\"url\":\"https:\/\/www.abesata.org\/br\/author\/henrique-santana\/\"}]}<\/script>\n<!-- \/ Yoast SEO plugin. -->","yoast_head_json":{"title":"Abesata cria programa de capacita\u00e7\u00e3o em parceria com a Universidade Anhembi Morumbi - Abesata","robots":{"index":"index","follow":"follow","max-snippet":"max-snippet:-1","max-image-preview":"max-image-preview:large","max-video-preview":"max-video-preview:-1"},"canonical":"https:\/\/www.abesata.org\/br\/abesata-cria-programa-de-capacitacao-em-parceria-com-a-universidade-anhembi-morumbi\/","og_locale":"pt_BR","og_type":"article","og_title":"Abesata cria programa de capacita\u00e7\u00e3o em parceria com a Universidade Anhembi Morumbi - Abesata","og_description":"Com o objetivo de melhorar a qualidade dos servi\u00e7os prestados pelas empresas de servi\u00e7os em solo, a Abesata (Associa\u00e7\u00e3o Brasileira das Empresas de Servi\u00e7os Auxiliares do Transporte A\u00e9reo) criou, em parceria com a Universidade Anhembi Morumbi, um curso cuja grade curricular compreende 40 horas\/aula exclusivamente para Ground Service Providers. A partir de 1\u00b0 de julho [&hellip;]","og_url":"https:\/\/www.abesata.org\/br\/abesata-cria-programa-de-capacitacao-em-parceria-com-a-universidade-anhembi-morumbi\/","og_site_name":"Abesata","article_publisher":"https:\/\/www.facebook.com\/abesata.org\/","article_published_time":"2023-04-13T18:50:22+00:00","article_modified_time":"2024-06-19T19:02:32+00:00","author":"Henrique Santana","twitter_card":"summary_large_image","twitter_misc":{"Escrito por":"Henrique Santana","Est. tempo de leitura":"4 minutos"},"schema":{"@context":"https:\/\/schema.org","@graph":[{"@type":"Article","@id":"https:\/\/www.abesata.org\/br\/abesata-cria-programa-de-capacitacao-em-parceria-com-a-universidade-anhembi-morumbi\/#article","isPartOf":{"@id":"https:\/\/www.abesata.org\/br\/abesata-cria-programa-de-capacitacao-em-parceria-com-a-universidade-anhembi-morumbi\/"},"author":{"name":"Henrique Santana","@id":"https:\/\/www.abesata.org\/br\/#\/schema\/person\/9ea6d4cad1253eb9fd0f7cc28c4306da"},"headline":"Abesata cria programa de capacita\u00e7\u00e3o em parceria com a Universidade Anhembi Morumbi","datePublished":"2023-04-13T18:50:22+00:00","dateModified":"2024-06-19T19:02:32+00:00","mainEntityOfPage":{"@id":"https:\/\/www.abesata.org\/br\/abesata-cria-programa-de-capacitacao-em-parceria-com-a-universidade-anhembi-morumbi\/"},"wordCount":736,"publisher":{"@id":"https:\/\/www.abesata.org\/br\/#organization"},"keywords":["abesata","Anhembi Morumbi","Avia\u00e7\u00e3o","Ground Handling","Ground Operations"],"articleSection":["Not\u00edcias"],"inLanguage":"pt-BR"},{"@type":"WebPage","@id":"https:\/\/www.abesata.org\/br\/abesata-cria-programa-de-capacitacao-em-parceria-com-a-universidade-anhembi-morumbi\/","url":"https:\/\/www.abesata.org\/br\/abesata-cria-programa-de-capacitacao-em-parceria-com-a-universidade-anhembi-morumbi\/","name":"Abesata cria programa de capacita\u00e7\u00e3o em parceria com a Universidade Anhembi Morumbi - Abesata","isPartOf":{"@id":"https:\/\/www.abesata.org\/br\/#website"},"datePublished":"2023-04-13T18:50:22+00:00","dateModified":"2024-06-19T19:02:32+00:00","breadcrumb":{"@id":"https:\/\/www.abesata.org\/br\/abesata-cria-programa-de-capacitacao-em-parceria-com-a-universidade-anhembi-morumbi\/#breadcrumb"},"inLanguage":"pt-BR","potentialAction":[{"@type":"ReadAction","target":["https:\/\/www.abesata.org\/br\/abesata-cria-programa-de-capacitacao-em-parceria-com-a-universidade-anhembi-morumbi\/"]}]},{"@type":"BreadcrumbList","@id":"https:\/\/www.abesata.org\/br\/abesata-cria-programa-de-capacitacao-em-parceria-com-a-universidade-anhembi-morumbi\/#breadcrumb","itemListElement":[{"@type":"ListItem","position":1,"name":"In\u00edcio","item":"https:\/\/www.abesata.org\/br\/"},{"@type":"ListItem","position":2,"name":"Abesata cria programa de capacita\u00e7\u00e3o em parceria com a Universidade Anhembi Morumbi"}]},{"@type":"WebSite","@id":"https:\/\/www.abesata.org\/br\/#website","url":"https:\/\/www.abesata.org\/br\/","name":"Abesata","description":"Associa\u00e7\u00e3o Brasileira das Empresas de Servi\u00e7os Auxiliares de Transporte A\u00e9reo","publisher":{"@id":"https:\/\/www.abesata.org\/br\/#organization"},"potentialAction":[{"@type":"SearchAction","target":{"@type":"EntryPoint","urlTemplate":"https:\/\/www.abesata.org\/br\/?s={search_term_string}"},"query-input":{"@type":"PropertyValueSpecification","valueRequired":true,"valueName":"search_term_string"}}],"inLanguage":"pt-BR"},{"@type":"Organization","@id":"https:\/\/www.abesata.org\/br\/#organization","name":"Associa\u00e7\u00e3o Brasileira das Empresas de Servi\u00e7os Auxiliares de Transporte A\u00e9reo","alternateName":"Abesata","url":"https:\/\/www.abesata.org\/br\/","logo":{"@type":"ImageObject","inLanguage":"pt-BR","@id":"https:\/\/www.abesata.org\/br\/#\/schema\/logo\/image\/","url":"https:\/\/www.abesata.org\/br\/wp-content\/uploads\/2023\/10\/Abesata.png","contentUrl":"https:\/\/www.abesata.org\/br\/wp-content\/uploads\/2023\/10\/Abesata.png","width":1063,"height":591,"caption":"Associa\u00e7\u00e3o Brasileira das Empresas de Servi\u00e7os Auxiliares de Transporte A\u00e9reo"},"image":{"@id":"https:\/\/www.abesata.org\/br\/#\/schema\/logo\/image\/"},"sameAs":["https:\/\/www.facebook.com\/abesata.org\/","https:\/\/www.instagram.com\/abesata_gh\/","https:\/\/br.linkedin.com\/company\/abesata"]},{"@type":"Person","@id":"https:\/\/www.abesata.org\/br\/#\/schema\/person\/9ea6d4cad1253eb9fd0f7cc28c4306da","name":"Henrique Santana","image":{"@type":"ImageObject","inLanguage":"pt-BR","@id":"https:\/\/www.abesata.org\/br\/#\/schema\/person\/image\/","url":"https:\/\/secure.gravatar.com\/avatar\/d38ee0ca5c04b216d163c4ecd115e6174ba1c9174252c48fc8d30cf2dc7f0b25?s=96&d=mm&r=g","contentUrl":"https:\/\/secure.gravatar.com\/avatar\/d38ee0ca5c04b216d163c4ecd115e6174ba1c9174252c48fc8d30cf2dc7f0b25?s=96&d=mm&r=g","caption":"Henrique Santana"},"url":"https:\/\/www.abesata.org\/br\/author\/henrique-santana\/"}]}},"_links":{"self":[{"href":"https:\/\/www.abesata.org\/br\/wp-json\/wp\/v2\/posts\/15721","targetHints":{"allow":["GET"]}}],"collection":[{"href":"https:\/\/www.abesata.org\/br\/wp-json\/wp\/v2\/posts"}],"about":[{"href":"https:\/\/www.abesata.org\/br\/wp-json\/wp\/v2\/types\/post"}],"author":[{"embeddable":true,"href":"https:\/\/www.abesata.org\/br\/wp-json\/wp\/v2\/users\/135"}],"replies":[{"embeddable":true,"href":"https:\/\/www.abesata.org\/br\/wp-json\/wp\/v2\/comments?post=15721"}],"version-history":[{"count":1,"href":"https:\/\/www.abesata.org\/br\/wp-json\/wp\/v2\/posts\/15721\/revisions"}],"predecessor-version":[{"id":17263,"href":"https:\/\/www.abesata.org\/br\/wp-json\/wp\/v2\/posts\/15721\/revisions\/17263"}],"wp:attachment":[{"href":"https:\/\/www.abesata.org\/br\/wp-json\/wp\/v2\/media?parent=15721"}],"wp:term":[{"taxonomy":"category","embeddable":true,"href":"https:\/\/www.abesata.org\/br\/wp-json\/wp\/v2\/categories?post=15721"},{"taxonomy":"post_tag","embeddable":true,"href":"https:\/\/www.abesata.org\/br\/wp-json\/wp\/v2\/tags?post=15721"}],"curies":[{"name":"wp","href":"https:\/\/api.w.org\/{rel}","templated":true}]}}