{"id":15724,"date":"2023-04-18T21:00:58","date_gmt":"2023-04-18T21:00:58","guid":{"rendered":"http:\/\/www.abesata.org\/br\/?p=15724"},"modified":"2024-06-19T16:02:25","modified_gmt":"2024-06-19T19:02:25","slug":"aviacao-brasil-2023-premia-os-melhores-aeroportos-e-companhias-aereas-do-pais","status":"publish","type":"post","link":"https:\/\/www.abesata.org\/br\/aviacao-brasil-2023-premia-os-melhores-aeroportos-e-companhias-aereas-do-pais\/","title":{"rendered":"\u201cAvia\u00e7\u00e3o + Brasil 2023\u201d premia os melhores aeroportos e companhias a\u00e9reas do pa\u00eds"},"content":{"rendered":"\n<p>O Minist\u00e9rio de Portos e Aeroportos, por meio da Secretaria Nacional de Avia\u00e7\u00e3o Civil (SAC), realizou nesta ter\u00e7a-feira (18), em Bras\u00edlia, a cerim\u00f4nia de entrega do pr\u00eamio \u201cAvia\u00e7\u00e3o + Brasil 2023\u201d, que visa estimular a melhoria na presta\u00e7\u00e3o de servi\u00e7os de aeroportos, empresas a\u00e9reas e\u202f\u00f3rg\u00e3os p\u00fablicos atuantes nos aeroportos\u202fbrasileiros. A Abear, juntamente com a Aeroportos do Brasil (ABR), \u00e9 apoiadora do evento que acontece anualmente desde 2015.<\/p>\n\n\n\n<p>Foram avaliados 61 aeroportos brasileiros e tr\u00eas companhias a\u00e9reas (Azul, Gol e Latam) a partir de 90 mil formul\u00e1rios preenchidos por usu\u00e1rios do transporte a\u00e9reo, a fim de medir os \u00edndices de satisfa\u00e7\u00e3o do \u00faltimo ano. A pontualidade das empresas foi aferida a partir de pouco mais de 1 milh\u00e3o de pousos e decolagens realizadas pelas companhias a\u00e9reas. Destaque para a Azul, que ganhou como a \u201cMelhor Companhia A\u00e9rea do Brasil\u201d em 2023.<\/p>\n\n\n\n<p>No caso, o Aeroporto Internacional de Florian\u00f3polis \u2013 Herc\u00edlio Luz foi eleito pela terceira vez consecutiva o melhor aeroporto do pa\u00eds. O terminal da capital catarinense obteve a maior m\u00e9dia de satisfa\u00e7\u00e3o geral dos passageiros, independentemente da categoria, entre os 20 maiores aeroportos pesquisados ao longo de todo o ano de 2022. Florian\u00f3polis alcan\u00e7ou a nota 4,78, em uma escala que vai de 1 a 5. Em segundo lugar, aparece o Aeroporto de Vit\u00f3ria, com a nota 4,67.<\/p>\n\n\n\n<p>J\u00e1 o Aeroporto Internacional de Viracopos, em Campinas (SP) foi eleito o Melhor Aeroporto do Brasil em 2022 na categoria acima de 10 milh\u00f5es de passageiros\/ano. Esta \u00e9 a quarta vez que Viracopos conquista o t\u00edtulo anual, sendo que nas duas primeiras vezes o aeroporto ganhou na categoria geral, superando mais de 20 terminais aeroportu\u00e1rios. No geral, Viracopos obteve a nota 4,60, em uma escala de 1 a 5, sendo que a m\u00e9dia dos 20 principais aeroportos foi 4,43.<\/p>\n\n\n\n<p>\u201cNeste pr\u00eamio, em especial, gostar\u00edamos de homenagear cada um de voc\u00eas, os funcion\u00e1rios do setor a\u00e9reo. Foi um ano muito duro este que sucedeu o fim da pandemia. Muitas pessoas tiveram que abrir m\u00e3o de sal\u00e1rios, de benef\u00edcios, tendo em vista que um fato novo [Covid-19] trouxe perdas enormes para todos os setores. Temos a obriga\u00e7\u00e3o de cumprimentar e saudar todos voc\u00eas\u201d, disse o ministro de Portos e Aeroportos M\u00e1rcio Fran\u00e7a.<\/p>\n\n\n\n<p>\u201cVoc\u00eas [empresas e aeroportos] est\u00e3o conseguindo retomar a opera\u00e7\u00e3o no p\u00f3s-pandemia, mesmo enfrentando alta de custos como no caso do QAV para as empresas a\u00e9reas, e est\u00e3o atendendo milh\u00f5es de passageiros e entregando altos n\u00edveis de satisfa\u00e7\u00e3o. Isto \u00e9 digno de nota e \u00e9 preciso parabenizar voc\u00eas\u201d, afirmou o secret\u00e1rio nacional de Avia\u00e7\u00e3o Civil, Juliano Noman.<\/p>\n\n\n\n<p>J\u00e1 o Porto Alegre Airport foi o vencedor do pr\u00eamio na categoria 5 a 10 milh\u00f5es passageiros\/ano. Sabine Trenk, CCO da Fraport Brasil, recebeu a homenagem em nome da Fraport Brasil e do Porto Alegre Airport. \u201cPara a Fraport Brasil, \u00e9 uma honra receber este reconhecimento da SAC. Isto confirma o empenho e a dedica\u00e7\u00e3o dos nossos colaboradores e parceiros de neg\u00f3cio ao oferecer servi\u00e7os de qualidade e uma opera\u00e7\u00e3o com n\u00edvel de seguran\u00e7a internacional\u201d, disse.<\/p>\n\n\n\n<p>A Abear foi representada no evento pelo presidente da entidade, Eduardo Sanovicz, pela diretora de Rela\u00e7\u00f5es Institucionais, Jurema Monteiro, e pela gerente de Comunica\u00e7\u00e3o, Karen Bonfim. Participaram tamb\u00e9m da cerim\u00f4nia representantes das associadas Gol e Latam, o diretor da Ag\u00eancia Nacional de Avia\u00e7\u00e3o Civil (Anac), Tiago Pereira, o Brigadeiro do Ar, Oficial-General Hoffmann, o presidente da Empresa Brasileira de Infraestrutura Aeroportu\u00e1ria (Infraero), Rog\u00e9rio Barzellay e o deputado federal e presidente da Frente Parlamentar em Defesa da Avia\u00e7\u00e3o Civil, Felipe Carreras (PSB\/PE), al\u00e9m de representantes dos aeroportos agraciados.<\/p>\n\n\n\n<p><strong>Azul \u00e9 eleita a melhor companhia a\u00e9rea do Brasil<\/strong><\/p>\n\n\n\n<p>O presidente da Azul, John Rodgerson, marcou presen\u00e7a na premia\u00e7\u00e3o&nbsp;\u201cAvia\u00e7\u00e3o + Brasil 2023\u201d para receber os pr\u00eamios de&nbsp; \u201cMelhor Companhia A\u00e9rea do Brasil\u201d e \u201cCompanhia A\u00e9rea Mais Pontual do Brasil\u201d.<\/p>\n\n\n\n<p>\u201cEm Bras\u00edlia recebemos o reconhecimento do Governo Federal, por meio do Minist\u00e9rio de Portos e Aeroportos. Agora estamos levando os trof\u00e9us para a Azul Linhas A\u00e9reas Brasileiras, para as m\u00e3os dos nossos Tripulantes, os verdadeiros vencedores. Sem a paix\u00e3o e dedica\u00e7\u00e3o di\u00e1ria deles nada disso seria poss\u00edvel. Obrigado por entregarem o melhor servi\u00e7o poss\u00edvel para os brasileiros, que merecem muito isso\u201d, disse ele, em seu LinkedIN.<\/p>\n\n\n\n<p><strong>Recife \u00e9 o aeroporto mais pontual<\/strong><\/p>\n\n\n\n<p>Administrado pela Aena Brasil, o Aeroporto Internacional do Recife Guararapes \u2013 Gilberto Freyre ganhou pela segunda vez o Pr\u00eamio Avia\u00e7\u00e3o Mais Brasil, do Minist\u00e9rio de Portos e Aeroportos, como o mais pontual do pa\u00eds na categoria entre 5 e 10 milh\u00f5es de passageiros por ano. O pr\u00eamio foi recebido pelo diretor de Rela\u00e7\u00f5es institucionais e Comunica\u00e7\u00e3o da Aena Brasil, Marcelo Bento, e o diretor do Aeroporto do Recife, Diego Moretti.<\/p>\n\n\n\n<p>\u201cEntendemos que a pontualidade dos voos \u00e9 a parte mais percept\u00edvel de uma cadeia de eventos operacionais que precisa funcionar de modo bastante eficiente, com a participa\u00e7\u00e3o de todas as empresas que atuam no aeroporto. Agradecemos a todos os nossos colaboradores, \u00e0s companhias a\u00e9reas e \u00e0s demais empresas que est\u00e3o conosco\u201d, destacou Moretti.<\/p>\n\n\n\n<p>Fonte:<a href=\"https:\/\/www.mercadoeeventos.com.br\/noticias\/aviacao\/aviacao-brasil-2023-premia-os-melhores-aeroportos-e-companhias-aereas-do-brasil\/\">https:\/\/www.mercadoeeventos.com.br\/noticias\/aviacao\/aviacao-brasil-2023-premia-os-melhores-aeroportos-e-companhias-aereas-do-brasil\/<\/a><\/p>\n","protected":false},"excerpt":{"rendered":"<p>O Minist\u00e9rio de Portos e Aeroportos, por meio da Secretaria Nacional de Avia\u00e7\u00e3o Civil (SAC), realizou nesta ter\u00e7a-feira (18), em Bras\u00edlia, a cerim\u00f4nia de entrega do pr\u00eamio \u201cAvia\u00e7\u00e3o + Brasil 2023\u201d, que visa estimular a melhoria na presta\u00e7\u00e3o de servi\u00e7os de aeroportos, empresas a\u00e9reas e\u202f\u00f3rg\u00e3os p\u00fablicos atuantes nos aeroportos\u202fbrasileiros. A Abear, juntamente com a Aeroportos [&hellip;]<\/p>\n","protected":false},"author":135,"featured_media":0,"comment_status":"closed","ping_status":"open","sticky":false,"template":"","format":"standard","meta":{"footnotes":""},"categories":[294],"tags":[215,249,245],"class_list":["post-15724","post","type-post","status-publish","format-standard","hentry","category-noticias","tag-aereas","tag-aviacao-brasil-2023","tag-ministerio-de-portos-e-aeroportos"],"yoast_head":"<!-- This site is optimized with the Yoast SEO plugin v26.5 - https:\/\/yoast.com\/wordpress\/plugins\/seo\/ -->\n<title>\u201cAvia\u00e7\u00e3o + Brasil 2023\u201d premia os melhores aeroportos e companhias a\u00e9reas do pa\u00eds - Abesata<\/title>\n<meta name=\"robots\" content=\"index, follow, max-snippet:-1, max-image-preview:large, max-video-preview:-1\" \/>\n<link rel=\"canonical\" href=\"https:\/\/www.abesata.org\/br\/aviacao-brasil-2023-premia-os-melhores-aeroportos-e-companhias-aereas-do-pais\/\" \/>\n<meta property=\"og:locale\" content=\"pt_BR\" \/>\n<meta property=\"og:type\" content=\"article\" \/>\n<meta property=\"og:title\" content=\"\u201cAvia\u00e7\u00e3o + Brasil 2023\u201d premia os melhores aeroportos e companhias a\u00e9reas do pa\u00eds - Abesata\" \/>\n<meta property=\"og:description\" content=\"O Minist\u00e9rio de Portos e Aeroportos, por meio da Secretaria Nacional de Avia\u00e7\u00e3o Civil (SAC), realizou nesta ter\u00e7a-feira (18), em Bras\u00edlia, a cerim\u00f4nia de entrega do pr\u00eamio \u201cAvia\u00e7\u00e3o + Brasil 2023\u201d, que visa estimular a melhoria na presta\u00e7\u00e3o de servi\u00e7os de aeroportos, empresas a\u00e9reas e\u202f\u00f3rg\u00e3os p\u00fablicos atuantes nos aeroportos\u202fbrasileiros. A Abear, juntamente com a Aeroportos [&hellip;]\" \/>\n<meta property=\"og:url\" content=\"https:\/\/www.abesata.org\/br\/aviacao-brasil-2023-premia-os-melhores-aeroportos-e-companhias-aereas-do-pais\/\" \/>\n<meta property=\"og:site_name\" content=\"Abesata\" \/>\n<meta property=\"article:publisher\" content=\"https:\/\/www.facebook.com\/abesata.org\/\" \/>\n<meta property=\"article:published_time\" content=\"2023-04-18T21:00:58+00:00\" \/>\n<meta property=\"article:modified_time\" content=\"2024-06-19T19:02:25+00:00\" \/>\n<meta name=\"author\" content=\"Henrique Santana\" \/>\n<meta name=\"twitter:card\" content=\"summary_large_image\" \/>\n<meta name=\"twitter:label1\" content=\"Escrito por\" \/>\n\t<meta name=\"twitter:data1\" content=\"Henrique Santana\" \/>\n\t<meta name=\"twitter:label2\" content=\"Est. tempo de leitura\" \/>\n\t<meta name=\"twitter:data2\" content=\"5 minutos\" \/>\n<script type=\"application\/ld+json\" class=\"yoast-schema-graph\">{\"@context\":\"https:\/\/schema.org\",\"@graph\":[{\"@type\":\"Article\",\"@id\":\"https:\/\/www.abesata.org\/br\/aviacao-brasil-2023-premia-os-melhores-aeroportos-e-companhias-aereas-do-pais\/#article\",\"isPartOf\":{\"@id\":\"https:\/\/www.abesata.org\/br\/aviacao-brasil-2023-premia-os-melhores-aeroportos-e-companhias-aereas-do-pais\/\"},\"author\":{\"name\":\"Henrique Santana\",\"@id\":\"https:\/\/www.abesata.org\/br\/#\/schema\/person\/9ea6d4cad1253eb9fd0f7cc28c4306da\"},\"headline\":\"\u201cAvia\u00e7\u00e3o + Brasil 2023\u201d premia os melhores aeroportos e companhias a\u00e9reas do pa\u00eds\",\"datePublished\":\"2023-04-18T21:00:58+00:00\",\"dateModified\":\"2024-06-19T19:02:25+00:00\",\"mainEntityOfPage\":{\"@id\":\"https:\/\/www.abesata.org\/br\/aviacao-brasil-2023-premia-os-melhores-aeroportos-e-companhias-aereas-do-pais\/\"},\"wordCount\":920,\"publisher\":{\"@id\":\"https:\/\/www.abesata.org\/br\/#organization\"},\"keywords\":[\"a\u00e9reas\",\"Avia\u00e7\u00e3o + Brasil 2023\",\"Minist\u00e9rio de Portos e Aeroportos\"],\"articleSection\":[\"Not\u00edcias\"],\"inLanguage\":\"pt-BR\"},{\"@type\":\"WebPage\",\"@id\":\"https:\/\/www.abesata.org\/br\/aviacao-brasil-2023-premia-os-melhores-aeroportos-e-companhias-aereas-do-pais\/\",\"url\":\"https:\/\/www.abesata.org\/br\/aviacao-brasil-2023-premia-os-melhores-aeroportos-e-companhias-aereas-do-pais\/\",\"name\":\"\u201cAvia\u00e7\u00e3o + Brasil 2023\u201d premia os melhores aeroportos e companhias a\u00e9reas do pa\u00eds - Abesata\",\"isPartOf\":{\"@id\":\"https:\/\/www.abesata.org\/br\/#website\"},\"datePublished\":\"2023-04-18T21:00:58+00:00\",\"dateModified\":\"2024-06-19T19:02:25+00:00\",\"breadcrumb\":{\"@id\":\"https:\/\/www.abesata.org\/br\/aviacao-brasil-2023-premia-os-melhores-aeroportos-e-companhias-aereas-do-pais\/#breadcrumb\"},\"inLanguage\":\"pt-BR\",\"potentialAction\":[{\"@type\":\"ReadAction\",\"target\":[\"https:\/\/www.abesata.org\/br\/aviacao-brasil-2023-premia-os-melhores-aeroportos-e-companhias-aereas-do-pais\/\"]}]},{\"@type\":\"BreadcrumbList\",\"@id\":\"https:\/\/www.abesata.org\/br\/aviacao-brasil-2023-premia-os-melhores-aeroportos-e-companhias-aereas-do-pais\/#breadcrumb\",\"itemListElement\":[{\"@type\":\"ListItem\",\"position\":1,\"name\":\"In\u00edcio\",\"item\":\"https:\/\/www.abesata.org\/br\/\"},{\"@type\":\"ListItem\",\"position\":2,\"name\":\"\u201cAvia\u00e7\u00e3o + Brasil 2023\u201d premia os melhores aeroportos e companhias a\u00e9reas do pa\u00eds\"}]},{\"@type\":\"WebSite\",\"@id\":\"https:\/\/www.abesata.org\/br\/#website\",\"url\":\"https:\/\/www.abesata.org\/br\/\",\"name\":\"Abesata\",\"description\":\"Associa\u00e7\u00e3o Brasileira das Empresas de Servi\u00e7os Auxiliares de Transporte A\u00e9reo\",\"publisher\":{\"@id\":\"https:\/\/www.abesata.org\/br\/#organization\"},\"potentialAction\":[{\"@type\":\"SearchAction\",\"target\":{\"@type\":\"EntryPoint\",\"urlTemplate\":\"https:\/\/www.abesata.org\/br\/?s={search_term_string}\"},\"query-input\":{\"@type\":\"PropertyValueSpecification\",\"valueRequired\":true,\"valueName\":\"search_term_string\"}}],\"inLanguage\":\"pt-BR\"},{\"@type\":\"Organization\",\"@id\":\"https:\/\/www.abesata.org\/br\/#organization\",\"name\":\"Associa\u00e7\u00e3o Brasileira das Empresas de Servi\u00e7os Auxiliares de Transporte A\u00e9reo\",\"alternateName\":\"Abesata\",\"url\":\"https:\/\/www.abesata.org\/br\/\",\"logo\":{\"@type\":\"ImageObject\",\"inLanguage\":\"pt-BR\",\"@id\":\"https:\/\/www.abesata.org\/br\/#\/schema\/logo\/image\/\",\"url\":\"https:\/\/www.abesata.org\/br\/wp-content\/uploads\/2023\/10\/Abesata.png\",\"contentUrl\":\"https:\/\/www.abesata.org\/br\/wp-content\/uploads\/2023\/10\/Abesata.png\",\"width\":1063,\"height\":591,\"caption\":\"Associa\u00e7\u00e3o Brasileira das Empresas de Servi\u00e7os Auxiliares de Transporte A\u00e9reo\"},\"image\":{\"@id\":\"https:\/\/www.abesata.org\/br\/#\/schema\/logo\/image\/\"},\"sameAs\":[\"https:\/\/www.facebook.com\/abesata.org\/\",\"https:\/\/www.instagram.com\/abesata_gh\/\",\"https:\/\/br.linkedin.com\/company\/abesata\"]},{\"@type\":\"Person\",\"@id\":\"https:\/\/www.abesata.org\/br\/#\/schema\/person\/9ea6d4cad1253eb9fd0f7cc28c4306da\",\"name\":\"Henrique Santana\",\"image\":{\"@type\":\"ImageObject\",\"inLanguage\":\"pt-BR\",\"@id\":\"https:\/\/www.abesata.org\/br\/#\/schema\/person\/image\/\",\"url\":\"https:\/\/secure.gravatar.com\/avatar\/d38ee0ca5c04b216d163c4ecd115e6174ba1c9174252c48fc8d30cf2dc7f0b25?s=96&d=mm&r=g\",\"contentUrl\":\"https:\/\/secure.gravatar.com\/avatar\/d38ee0ca5c04b216d163c4ecd115e6174ba1c9174252c48fc8d30cf2dc7f0b25?s=96&d=mm&r=g\",\"caption\":\"Henrique Santana\"},\"url\":\"https:\/\/www.abesata.org\/br\/author\/henrique-santana\/\"}]}<\/script>\n<!-- \/ Yoast SEO plugin. -->","yoast_head_json":{"title":"\u201cAvia\u00e7\u00e3o + Brasil 2023\u201d premia os melhores aeroportos e companhias a\u00e9reas do pa\u00eds - Abesata","robots":{"index":"index","follow":"follow","max-snippet":"max-snippet:-1","max-image-preview":"max-image-preview:large","max-video-preview":"max-video-preview:-1"},"canonical":"https:\/\/www.abesata.org\/br\/aviacao-brasil-2023-premia-os-melhores-aeroportos-e-companhias-aereas-do-pais\/","og_locale":"pt_BR","og_type":"article","og_title":"\u201cAvia\u00e7\u00e3o + Brasil 2023\u201d premia os melhores aeroportos e companhias a\u00e9reas do pa\u00eds - Abesata","og_description":"O Minist\u00e9rio de Portos e Aeroportos, por meio da Secretaria Nacional de Avia\u00e7\u00e3o Civil (SAC), realizou nesta ter\u00e7a-feira (18), em Bras\u00edlia, a cerim\u00f4nia de entrega do pr\u00eamio \u201cAvia\u00e7\u00e3o + Brasil 2023\u201d, que visa estimular a melhoria na presta\u00e7\u00e3o de servi\u00e7os de aeroportos, empresas a\u00e9reas e\u202f\u00f3rg\u00e3os p\u00fablicos atuantes nos aeroportos\u202fbrasileiros. A Abear, juntamente com a Aeroportos [&hellip;]","og_url":"https:\/\/www.abesata.org\/br\/aviacao-brasil-2023-premia-os-melhores-aeroportos-e-companhias-aereas-do-pais\/","og_site_name":"Abesata","article_publisher":"https:\/\/www.facebook.com\/abesata.org\/","article_published_time":"2023-04-18T21:00:58+00:00","article_modified_time":"2024-06-19T19:02:25+00:00","author":"Henrique Santana","twitter_card":"summary_large_image","twitter_misc":{"Escrito por":"Henrique Santana","Est. tempo de leitura":"5 minutos"},"schema":{"@context":"https:\/\/schema.org","@graph":[{"@type":"Article","@id":"https:\/\/www.abesata.org\/br\/aviacao-brasil-2023-premia-os-melhores-aeroportos-e-companhias-aereas-do-pais\/#article","isPartOf":{"@id":"https:\/\/www.abesata.org\/br\/aviacao-brasil-2023-premia-os-melhores-aeroportos-e-companhias-aereas-do-pais\/"},"author":{"name":"Henrique Santana","@id":"https:\/\/www.abesata.org\/br\/#\/schema\/person\/9ea6d4cad1253eb9fd0f7cc28c4306da"},"headline":"\u201cAvia\u00e7\u00e3o + Brasil 2023\u201d premia os melhores aeroportos e companhias a\u00e9reas do pa\u00eds","datePublished":"2023-04-18T21:00:58+00:00","dateModified":"2024-06-19T19:02:25+00:00","mainEntityOfPage":{"@id":"https:\/\/www.abesata.org\/br\/aviacao-brasil-2023-premia-os-melhores-aeroportos-e-companhias-aereas-do-pais\/"},"wordCount":920,"publisher":{"@id":"https:\/\/www.abesata.org\/br\/#organization"},"keywords":["a\u00e9reas","Avia\u00e7\u00e3o + Brasil 2023","Minist\u00e9rio de Portos e Aeroportos"],"articleSection":["Not\u00edcias"],"inLanguage":"pt-BR"},{"@type":"WebPage","@id":"https:\/\/www.abesata.org\/br\/aviacao-brasil-2023-premia-os-melhores-aeroportos-e-companhias-aereas-do-pais\/","url":"https:\/\/www.abesata.org\/br\/aviacao-brasil-2023-premia-os-melhores-aeroportos-e-companhias-aereas-do-pais\/","name":"\u201cAvia\u00e7\u00e3o + Brasil 2023\u201d premia os melhores aeroportos e companhias a\u00e9reas do pa\u00eds - Abesata","isPartOf":{"@id":"https:\/\/www.abesata.org\/br\/#website"},"datePublished":"2023-04-18T21:00:58+00:00","dateModified":"2024-06-19T19:02:25+00:00","breadcrumb":{"@id":"https:\/\/www.abesata.org\/br\/aviacao-brasil-2023-premia-os-melhores-aeroportos-e-companhias-aereas-do-pais\/#breadcrumb"},"inLanguage":"pt-BR","potentialAction":[{"@type":"ReadAction","target":["https:\/\/www.abesata.org\/br\/aviacao-brasil-2023-premia-os-melhores-aeroportos-e-companhias-aereas-do-pais\/"]}]},{"@type":"BreadcrumbList","@id":"https:\/\/www.abesata.org\/br\/aviacao-brasil-2023-premia-os-melhores-aeroportos-e-companhias-aereas-do-pais\/#breadcrumb","itemListElement":[{"@type":"ListItem","position":1,"name":"In\u00edcio","item":"https:\/\/www.abesata.org\/br\/"},{"@type":"ListItem","position":2,"name":"\u201cAvia\u00e7\u00e3o + Brasil 2023\u201d premia os melhores aeroportos e companhias a\u00e9reas do pa\u00eds"}]},{"@type":"WebSite","@id":"https:\/\/www.abesata.org\/br\/#website","url":"https:\/\/www.abesata.org\/br\/","name":"Abesata","description":"Associa\u00e7\u00e3o Brasileira das Empresas de Servi\u00e7os Auxiliares de Transporte A\u00e9reo","publisher":{"@id":"https:\/\/www.abesata.org\/br\/#organization"},"potentialAction":[{"@type":"SearchAction","target":{"@type":"EntryPoint","urlTemplate":"https:\/\/www.abesata.org\/br\/?s={search_term_string}"},"query-input":{"@type":"PropertyValueSpecification","valueRequired":true,"valueName":"search_term_string"}}],"inLanguage":"pt-BR"},{"@type":"Organization","@id":"https:\/\/www.abesata.org\/br\/#organization","name":"Associa\u00e7\u00e3o Brasileira das Empresas de Servi\u00e7os Auxiliares de Transporte A\u00e9reo","alternateName":"Abesata","url":"https:\/\/www.abesata.org\/br\/","logo":{"@type":"ImageObject","inLanguage":"pt-BR","@id":"https:\/\/www.abesata.org\/br\/#\/schema\/logo\/image\/","url":"https:\/\/www.abesata.org\/br\/wp-content\/uploads\/2023\/10\/Abesata.png","contentUrl":"https:\/\/www.abesata.org\/br\/wp-content\/uploads\/2023\/10\/Abesata.png","width":1063,"height":591,"caption":"Associa\u00e7\u00e3o Brasileira das Empresas de Servi\u00e7os Auxiliares de Transporte A\u00e9reo"},"image":{"@id":"https:\/\/www.abesata.org\/br\/#\/schema\/logo\/image\/"},"sameAs":["https:\/\/www.facebook.com\/abesata.org\/","https:\/\/www.instagram.com\/abesata_gh\/","https:\/\/br.linkedin.com\/company\/abesata"]},{"@type":"Person","@id":"https:\/\/www.abesata.org\/br\/#\/schema\/person\/9ea6d4cad1253eb9fd0f7cc28c4306da","name":"Henrique Santana","image":{"@type":"ImageObject","inLanguage":"pt-BR","@id":"https:\/\/www.abesata.org\/br\/#\/schema\/person\/image\/","url":"https:\/\/secure.gravatar.com\/avatar\/d38ee0ca5c04b216d163c4ecd115e6174ba1c9174252c48fc8d30cf2dc7f0b25?s=96&d=mm&r=g","contentUrl":"https:\/\/secure.gravatar.com\/avatar\/d38ee0ca5c04b216d163c4ecd115e6174ba1c9174252c48fc8d30cf2dc7f0b25?s=96&d=mm&r=g","caption":"Henrique Santana"},"url":"https:\/\/www.abesata.org\/br\/author\/henrique-santana\/"}]}},"_links":{"self":[{"href":"https:\/\/www.abesata.org\/br\/wp-json\/wp\/v2\/posts\/15724","targetHints":{"allow":["GET"]}}],"collection":[{"href":"https:\/\/www.abesata.org\/br\/wp-json\/wp\/v2\/posts"}],"about":[{"href":"https:\/\/www.abesata.org\/br\/wp-json\/wp\/v2\/types\/post"}],"author":[{"embeddable":true,"href":"https:\/\/www.abesata.org\/br\/wp-json\/wp\/v2\/users\/135"}],"replies":[{"embeddable":true,"href":"https:\/\/www.abesata.org\/br\/wp-json\/wp\/v2\/comments?post=15724"}],"version-history":[{"count":1,"href":"https:\/\/www.abesata.org\/br\/wp-json\/wp\/v2\/posts\/15724\/revisions"}],"predecessor-version":[{"id":17262,"href":"https:\/\/www.abesata.org\/br\/wp-json\/wp\/v2\/posts\/15724\/revisions\/17262"}],"wp:attachment":[{"href":"https:\/\/www.abesata.org\/br\/wp-json\/wp\/v2\/media?parent=15724"}],"wp:term":[{"taxonomy":"category","embeddable":true,"href":"https:\/\/www.abesata.org\/br\/wp-json\/wp\/v2\/categories?post=15724"},{"taxonomy":"post_tag","embeddable":true,"href":"https:\/\/www.abesata.org\/br\/wp-json\/wp\/v2\/tags?post=15724"}],"curies":[{"name":"wp","href":"https:\/\/api.w.org\/{rel}","templated":true}]}}