{"id":15748,"date":"2023-05-05T20:00:20","date_gmt":"2023-05-05T20:00:20","guid":{"rendered":"http:\/\/www.abesata.org\/br\/?p=15748"},"modified":"2024-06-19T16:02:07","modified_gmt":"2024-06-19T19:02:07","slug":"diretor-da-anac-ministra-aula-inaugural-em-curso-criado-pela-abesata-em-parceria-com-universidade","status":"publish","type":"post","link":"https:\/\/www.abesata.org\/br\/diretor-da-anac-ministra-aula-inaugural-em-curso-criado-pela-abesata-em-parceria-com-universidade\/","title":{"rendered":"Diretor da ANAC ministra aula inaugural em curso criado pela Abesata em parceria com universidade"},"content":{"rendered":"\n<p>Aulas do programa Corporate Resource Management (CRM) &#8211; Ground Operations teve como um dos principais assuntos a chamada regula\u00e7\u00e3o responsiva<\/p>\n\n\n\n<p>Come\u00e7ou na \u00faltima quarta-feira (03) o Corporate Resource Management (CRM) &#8211; Ground Operations, um programa criado pela Abesata (Associa\u00e7\u00e3o Brasileira das Empresas de Servi\u00e7os Auxiliares do Transporte A\u00e9reo) em parceria com a Universidade Anhembi Morumbi,&nbsp; com o objetivo de propiciar a melhoria cont\u00ednua da qualidade dos servi\u00e7os prestados pelas empresas de servi\u00e7os em solo.<\/p>\n\n\n\n<p>A aula inaugural contou com a presen\u00e7a do Major Brigadeiro Luiz Ricardo de Souza Nascimento, diretor da ANAC (Ag\u00eancia Nacional de Avia\u00e7\u00e3o Civil). Al\u00e9m de apresentar aos alunos um pouco da estrutura da avia\u00e7\u00e3o no Brasil,&nbsp; o papel da ANAC, Luiz Ricardo tratou da quest\u00e3o da padroniza\u00e7\u00e3o dos servi\u00e7os e entrou no CRES (Certifica\u00e7\u00e3o de Regularidade das Empresas em Solo) para falar de regula\u00e7\u00e3o responsiva. Ele lembrou que a Anac utilizou o CRES na assembleia geral da ICAO, em Montreal, no final do ano passado, como um \u201ccase\u201d de sucesso.<\/p>\n\n\n\n<p>\u201cRegula\u00e7\u00e3o responsiva \u00e9 um projeto priorit\u00e1rio dentro da ANAC, compartilhamento da fun\u00e7\u00e3o regulat\u00f3ria \u00e9 fundamental para que possamos ter uma a\u00e7\u00e3o menos sancionat\u00f3ria, passando a atuar em parceria com as empresas e entidades no sentido de ajustar, educar e transformar o processo\u201d, disse o diretor da ANAC.<\/p>\n\n\n\n<p>O Prof Alexandre Faro, coordenador do Curso de Avia\u00e7\u00e3o Civil da Universidade Anhembi Morumbi, tamb\u00e9m participou da aula inaugural, transmitida direto do audit\u00f3rio da Abesata, juntamente com o presidente da entidade, Ricardo Aparecido Miguel.<\/p>\n\n\n\n<p>O curso possui uma grade curricular que compreende 40 horas\/aula exclusivamente para Ground Service Providers. A partir de 1\u00b0 de julho de 2023, todas as empresas certificadas com o CRES (Certifica\u00e7\u00e3o de Regularidade das Empresas em Solo) ser\u00e3o obrigadas a ter nos seus quadros facilitadores com forma\u00e7\u00e3o em CRM \u2013 Ground Operations. Atualmente s\u00e3o 9 empresas que possuem o CRES em todo pa\u00eds e 65 aeroportos com empresas certificadas dispon\u00edveis para contrata\u00e7\u00e3o.<\/p>\n\n\n\n<p>O Corporate Resource Management (CRM) &#8211; Ground Operations&nbsp; ser\u00e1 ministrado com aulas remotas s\u00edncronas, mais apresenta\u00e7\u00e3o de estudos de caso, com exemplos pr\u00e1ticos de servi\u00e7os de Ground Handling, v\u00eddeos e discuss\u00e3o dos temas relacionados. O objetivo \u00e9 conscientizar os alunos a respeito da utiliza\u00e7\u00e3o eficaz dos recursos, tanto humanos quanto de equipamentos, e ainda dar aos participantes no\u00e7\u00f5es de CRM para as tarefas quotidianas.<\/p>\n\n\n\n<p>Na grade do curso est\u00e3o disciplinas como Desempenho Humano, Gerenciamento de Amea\u00e7as e Erros, Processos de Ground Handling, Normas e diretrizes de seguran\u00e7a operacional e de servi\u00e7os de natureza de prote\u00e7\u00e3o, Tipos de cultura, Trabalho em equipe, dentre outros assuntos relacionados.&nbsp;<\/p>\n\n\n\n<p>Saiba mais sobre o CRES<\/p>\n\n\n\n<p>Lan\u00e7ado em junho do ano passado, o programa de qualidade j\u00e1 analisou e certificou empresas como Swissport, Dnata, Orbital, ProAir, RP, InSolo, Real Aviation, VIX e Tri-Star. O objetivo do selo de qualidade \u00e9 ajudar operadores de aeroportos e companhias a\u00e9reas na hora de contratar servi\u00e7os auxiliares de naturezas operacional e de prote\u00e7\u00e3o. O certificado CRES est\u00e1 dispon\u00edvel para qualquer empresa.<\/p>\n\n\n\n<p>O programa de certifica\u00e7\u00e3o \u00e9 composto por uma matriz com cinco dimens\u00f5es: Regulat\u00f3ria, Financeira, Operacional, Pessoas e ESG (meio ambiente, social e governan\u00e7a corporativa). A certifica\u00e7\u00e3o \u00e9 realizada por uma empresa independente, a Praxian Research Center, com sede na avenida Paulista, em S\u00e3o Paulo.<\/p>\n\n\n\n<p>O objetivo \u00e9 trazer benef\u00edcios para toda a cadeia aeron\u00e1utica. Hoje, as empresas especializadas de servi\u00e7os em solo no Brasil respondem por 95% das opera\u00e7\u00f5es, desde limpeza de aeronaves, com foco na sua desinfec\u00e7\u00e3o, transporte e atendimento de passageiros e tripulantes, check-in, manuseio de carga e bagagens, canal de inspe\u00e7\u00e3o \u2013 security \u2013 para embarque de passageiros, entre outras modalidades.<\/p>\n\n\n\n<p>As empresas que desejarem ser certificadas precisar\u00e3o apresentar uma s\u00e9rie de documentos que comprovem condi\u00e7\u00f5es regulares de opera\u00e7\u00e3o e uma estrutura saud\u00e1vel, garantindo a seguran\u00e7a de quem contrata, companhia a\u00e9rea ou administra\u00e7\u00e3o aeroportu\u00e1ria, al\u00e9m de poder servir de refer\u00eancia para a fiscaliza\u00e7\u00e3o por parte dos \u00f3rg\u00e3os governamentais.<\/p>\n\n\n\n<p>Os crit\u00e9rios de an\u00e1lise envolvem aspectos eliminat\u00f3rios e outros classificat\u00f3rios, totalizando uma soma m\u00e1xima de 100 pontos.<\/p>\n\n\n\n<p><\/p>\n\n\n\n<p>Fonte: <a href=\"https:\/\/noticias.r7.com\/prisma\/luiz-fara-monteiro\/diretor-da-anac-ministra-aula-inaugural-em-curso-criado-pela-abesata-em-parceria-com-universidade-05052023\">https:\/\/noticias.r7.com\/prisma\/luiz-fara-monteiro\/diretor-da-anac-ministra-aula-inaugural-em-curso-criado-pela-abesata-em-parceria-com-universidade-05052023<\/a><\/p>\n","protected":false},"excerpt":{"rendered":"<p>Aulas do programa Corporate Resource Management (CRM) &#8211; Ground Operations teve como um dos principais assuntos a chamada regula\u00e7\u00e3o responsiva Come\u00e7ou na \u00faltima quarta-feira (03) o Corporate Resource Management (CRM) &#8211; Ground Operations, um programa criado pela Abesata (Associa\u00e7\u00e3o Brasileira das Empresas de Servi\u00e7os Auxiliares do Transporte A\u00e9reo) em parceria com a Universidade Anhembi Morumbi,&nbsp; [&hellip;]<\/p>\n","protected":false},"author":135,"featured_media":0,"comment_status":"closed","ping_status":"open","sticky":false,"template":"","format":"standard","meta":{"footnotes":""},"categories":[294],"tags":[42,16,63,18,254,82,226,255],"class_list":["post-15748","post","type-post","status-publish","format-standard","hentry","category-noticias","tag-aeroportos","tag-anac","tag-anhembi-morumbi","tag-aviacao","tag-corporate-resource-management-crm","tag-cursos-universitarios","tag-ground-operations","tag-transporte-aereo"],"yoast_head":"<!-- This site is optimized with the Yoast SEO plugin v26.5 - https:\/\/yoast.com\/wordpress\/plugins\/seo\/ -->\n<title>Diretor da ANAC ministra aula inaugural em curso criado pela Abesata em parceria com universidade - Abesata<\/title>\n<meta name=\"robots\" content=\"index, follow, max-snippet:-1, max-image-preview:large, max-video-preview:-1\" \/>\n<link rel=\"canonical\" href=\"https:\/\/www.abesata.org\/br\/diretor-da-anac-ministra-aula-inaugural-em-curso-criado-pela-abesata-em-parceria-com-universidade\/\" \/>\n<meta property=\"og:locale\" content=\"pt_BR\" \/>\n<meta property=\"og:type\" content=\"article\" \/>\n<meta property=\"og:title\" content=\"Diretor da ANAC ministra aula inaugural em curso criado pela Abesata em parceria com universidade - Abesata\" \/>\n<meta property=\"og:description\" content=\"Aulas do programa Corporate Resource Management (CRM) &#8211; Ground Operations teve como um dos principais assuntos a chamada regula\u00e7\u00e3o responsiva Come\u00e7ou na \u00faltima quarta-feira (03) o Corporate Resource Management (CRM) &#8211; Ground Operations, um programa criado pela Abesata (Associa\u00e7\u00e3o Brasileira das Empresas de Servi\u00e7os Auxiliares do Transporte A\u00e9reo) em parceria com a Universidade Anhembi Morumbi,&nbsp; [&hellip;]\" \/>\n<meta property=\"og:url\" content=\"https:\/\/www.abesata.org\/br\/diretor-da-anac-ministra-aula-inaugural-em-curso-criado-pela-abesata-em-parceria-com-universidade\/\" \/>\n<meta property=\"og:site_name\" content=\"Abesata\" \/>\n<meta property=\"article:publisher\" content=\"https:\/\/www.facebook.com\/abesata.org\/\" \/>\n<meta property=\"article:published_time\" content=\"2023-05-05T20:00:20+00:00\" \/>\n<meta property=\"article:modified_time\" content=\"2024-06-19T19:02:07+00:00\" \/>\n<meta name=\"author\" content=\"Henrique Santana\" \/>\n<meta name=\"twitter:card\" content=\"summary_large_image\" \/>\n<meta name=\"twitter:label1\" content=\"Escrito por\" \/>\n\t<meta name=\"twitter:data1\" content=\"Henrique Santana\" \/>\n\t<meta name=\"twitter:label2\" content=\"Est. tempo de leitura\" \/>\n\t<meta name=\"twitter:data2\" content=\"4 minutos\" \/>\n<script type=\"application\/ld+json\" class=\"yoast-schema-graph\">{\"@context\":\"https:\/\/schema.org\",\"@graph\":[{\"@type\":\"Article\",\"@id\":\"https:\/\/www.abesata.org\/br\/diretor-da-anac-ministra-aula-inaugural-em-curso-criado-pela-abesata-em-parceria-com-universidade\/#article\",\"isPartOf\":{\"@id\":\"https:\/\/www.abesata.org\/br\/diretor-da-anac-ministra-aula-inaugural-em-curso-criado-pela-abesata-em-parceria-com-universidade\/\"},\"author\":{\"name\":\"Henrique Santana\",\"@id\":\"https:\/\/www.abesata.org\/br\/#\/schema\/person\/9ea6d4cad1253eb9fd0f7cc28c4306da\"},\"headline\":\"Diretor da ANAC ministra aula inaugural em curso criado pela Abesata em parceria com universidade\",\"datePublished\":\"2023-05-05T20:00:20+00:00\",\"dateModified\":\"2024-06-19T19:02:07+00:00\",\"mainEntityOfPage\":{\"@id\":\"https:\/\/www.abesata.org\/br\/diretor-da-anac-ministra-aula-inaugural-em-curso-criado-pela-abesata-em-parceria-com-universidade\/\"},\"wordCount\":748,\"publisher\":{\"@id\":\"https:\/\/www.abesata.org\/br\/#organization\"},\"keywords\":[\"Aeroportos\",\"Anac\",\"Anhembi Morumbi\",\"Avia\u00e7\u00e3o\",\"Corporate Resource Management (CRM)\",\"Cursos universit\u00e1rios\",\"Ground Operations\",\"Transporte A\u00e9reo\"],\"articleSection\":[\"Not\u00edcias\"],\"inLanguage\":\"pt-BR\"},{\"@type\":\"WebPage\",\"@id\":\"https:\/\/www.abesata.org\/br\/diretor-da-anac-ministra-aula-inaugural-em-curso-criado-pela-abesata-em-parceria-com-universidade\/\",\"url\":\"https:\/\/www.abesata.org\/br\/diretor-da-anac-ministra-aula-inaugural-em-curso-criado-pela-abesata-em-parceria-com-universidade\/\",\"name\":\"Diretor da ANAC ministra aula inaugural em curso criado pela Abesata em parceria com universidade - Abesata\",\"isPartOf\":{\"@id\":\"https:\/\/www.abesata.org\/br\/#website\"},\"datePublished\":\"2023-05-05T20:00:20+00:00\",\"dateModified\":\"2024-06-19T19:02:07+00:00\",\"breadcrumb\":{\"@id\":\"https:\/\/www.abesata.org\/br\/diretor-da-anac-ministra-aula-inaugural-em-curso-criado-pela-abesata-em-parceria-com-universidade\/#breadcrumb\"},\"inLanguage\":\"pt-BR\",\"potentialAction\":[{\"@type\":\"ReadAction\",\"target\":[\"https:\/\/www.abesata.org\/br\/diretor-da-anac-ministra-aula-inaugural-em-curso-criado-pela-abesata-em-parceria-com-universidade\/\"]}]},{\"@type\":\"BreadcrumbList\",\"@id\":\"https:\/\/www.abesata.org\/br\/diretor-da-anac-ministra-aula-inaugural-em-curso-criado-pela-abesata-em-parceria-com-universidade\/#breadcrumb\",\"itemListElement\":[{\"@type\":\"ListItem\",\"position\":1,\"name\":\"In\u00edcio\",\"item\":\"https:\/\/www.abesata.org\/br\/\"},{\"@type\":\"ListItem\",\"position\":2,\"name\":\"Diretor da ANAC ministra aula inaugural em curso criado pela Abesata em parceria com universidade\"}]},{\"@type\":\"WebSite\",\"@id\":\"https:\/\/www.abesata.org\/br\/#website\",\"url\":\"https:\/\/www.abesata.org\/br\/\",\"name\":\"Abesata\",\"description\":\"Associa\u00e7\u00e3o Brasileira das Empresas de Servi\u00e7os Auxiliares de Transporte A\u00e9reo\",\"publisher\":{\"@id\":\"https:\/\/www.abesata.org\/br\/#organization\"},\"potentialAction\":[{\"@type\":\"SearchAction\",\"target\":{\"@type\":\"EntryPoint\",\"urlTemplate\":\"https:\/\/www.abesata.org\/br\/?s={search_term_string}\"},\"query-input\":{\"@type\":\"PropertyValueSpecification\",\"valueRequired\":true,\"valueName\":\"search_term_string\"}}],\"inLanguage\":\"pt-BR\"},{\"@type\":\"Organization\",\"@id\":\"https:\/\/www.abesata.org\/br\/#organization\",\"name\":\"Associa\u00e7\u00e3o Brasileira das Empresas de Servi\u00e7os Auxiliares de Transporte A\u00e9reo\",\"alternateName\":\"Abesata\",\"url\":\"https:\/\/www.abesata.org\/br\/\",\"logo\":{\"@type\":\"ImageObject\",\"inLanguage\":\"pt-BR\",\"@id\":\"https:\/\/www.abesata.org\/br\/#\/schema\/logo\/image\/\",\"url\":\"https:\/\/www.abesata.org\/br\/wp-content\/uploads\/2023\/10\/Abesata.png\",\"contentUrl\":\"https:\/\/www.abesata.org\/br\/wp-content\/uploads\/2023\/10\/Abesata.png\",\"width\":1063,\"height\":591,\"caption\":\"Associa\u00e7\u00e3o Brasileira das Empresas de Servi\u00e7os Auxiliares de Transporte A\u00e9reo\"},\"image\":{\"@id\":\"https:\/\/www.abesata.org\/br\/#\/schema\/logo\/image\/\"},\"sameAs\":[\"https:\/\/www.facebook.com\/abesata.org\/\",\"https:\/\/www.instagram.com\/abesata_gh\/\",\"https:\/\/br.linkedin.com\/company\/abesata\"]},{\"@type\":\"Person\",\"@id\":\"https:\/\/www.abesata.org\/br\/#\/schema\/person\/9ea6d4cad1253eb9fd0f7cc28c4306da\",\"name\":\"Henrique Santana\",\"image\":{\"@type\":\"ImageObject\",\"inLanguage\":\"pt-BR\",\"@id\":\"https:\/\/www.abesata.org\/br\/#\/schema\/person\/image\/\",\"url\":\"https:\/\/secure.gravatar.com\/avatar\/d38ee0ca5c04b216d163c4ecd115e6174ba1c9174252c48fc8d30cf2dc7f0b25?s=96&d=mm&r=g\",\"contentUrl\":\"https:\/\/secure.gravatar.com\/avatar\/d38ee0ca5c04b216d163c4ecd115e6174ba1c9174252c48fc8d30cf2dc7f0b25?s=96&d=mm&r=g\",\"caption\":\"Henrique Santana\"},\"url\":\"https:\/\/www.abesata.org\/br\/author\/henrique-santana\/\"}]}<\/script>\n<!-- \/ Yoast SEO plugin. -->","yoast_head_json":{"title":"Diretor da ANAC ministra aula inaugural em curso criado pela Abesata em parceria com universidade - Abesata","robots":{"index":"index","follow":"follow","max-snippet":"max-snippet:-1","max-image-preview":"max-image-preview:large","max-video-preview":"max-video-preview:-1"},"canonical":"https:\/\/www.abesata.org\/br\/diretor-da-anac-ministra-aula-inaugural-em-curso-criado-pela-abesata-em-parceria-com-universidade\/","og_locale":"pt_BR","og_type":"article","og_title":"Diretor da ANAC ministra aula inaugural em curso criado pela Abesata em parceria com universidade - Abesata","og_description":"Aulas do programa Corporate Resource Management (CRM) &#8211; Ground Operations teve como um dos principais assuntos a chamada regula\u00e7\u00e3o responsiva Come\u00e7ou na \u00faltima quarta-feira (03) o Corporate Resource Management (CRM) &#8211; Ground Operations, um programa criado pela Abesata (Associa\u00e7\u00e3o Brasileira das Empresas de Servi\u00e7os Auxiliares do Transporte A\u00e9reo) em parceria com a Universidade Anhembi Morumbi,&nbsp; [&hellip;]","og_url":"https:\/\/www.abesata.org\/br\/diretor-da-anac-ministra-aula-inaugural-em-curso-criado-pela-abesata-em-parceria-com-universidade\/","og_site_name":"Abesata","article_publisher":"https:\/\/www.facebook.com\/abesata.org\/","article_published_time":"2023-05-05T20:00:20+00:00","article_modified_time":"2024-06-19T19:02:07+00:00","author":"Henrique Santana","twitter_card":"summary_large_image","twitter_misc":{"Escrito por":"Henrique Santana","Est. tempo de leitura":"4 minutos"},"schema":{"@context":"https:\/\/schema.org","@graph":[{"@type":"Article","@id":"https:\/\/www.abesata.org\/br\/diretor-da-anac-ministra-aula-inaugural-em-curso-criado-pela-abesata-em-parceria-com-universidade\/#article","isPartOf":{"@id":"https:\/\/www.abesata.org\/br\/diretor-da-anac-ministra-aula-inaugural-em-curso-criado-pela-abesata-em-parceria-com-universidade\/"},"author":{"name":"Henrique Santana","@id":"https:\/\/www.abesata.org\/br\/#\/schema\/person\/9ea6d4cad1253eb9fd0f7cc28c4306da"},"headline":"Diretor da ANAC ministra aula inaugural em curso criado pela Abesata em parceria com universidade","datePublished":"2023-05-05T20:00:20+00:00","dateModified":"2024-06-19T19:02:07+00:00","mainEntityOfPage":{"@id":"https:\/\/www.abesata.org\/br\/diretor-da-anac-ministra-aula-inaugural-em-curso-criado-pela-abesata-em-parceria-com-universidade\/"},"wordCount":748,"publisher":{"@id":"https:\/\/www.abesata.org\/br\/#organization"},"keywords":["Aeroportos","Anac","Anhembi Morumbi","Avia\u00e7\u00e3o","Corporate Resource Management (CRM)","Cursos universit\u00e1rios","Ground Operations","Transporte A\u00e9reo"],"articleSection":["Not\u00edcias"],"inLanguage":"pt-BR"},{"@type":"WebPage","@id":"https:\/\/www.abesata.org\/br\/diretor-da-anac-ministra-aula-inaugural-em-curso-criado-pela-abesata-em-parceria-com-universidade\/","url":"https:\/\/www.abesata.org\/br\/diretor-da-anac-ministra-aula-inaugural-em-curso-criado-pela-abesata-em-parceria-com-universidade\/","name":"Diretor da ANAC ministra aula inaugural em curso criado pela Abesata em parceria com universidade - Abesata","isPartOf":{"@id":"https:\/\/www.abesata.org\/br\/#website"},"datePublished":"2023-05-05T20:00:20+00:00","dateModified":"2024-06-19T19:02:07+00:00","breadcrumb":{"@id":"https:\/\/www.abesata.org\/br\/diretor-da-anac-ministra-aula-inaugural-em-curso-criado-pela-abesata-em-parceria-com-universidade\/#breadcrumb"},"inLanguage":"pt-BR","potentialAction":[{"@type":"ReadAction","target":["https:\/\/www.abesata.org\/br\/diretor-da-anac-ministra-aula-inaugural-em-curso-criado-pela-abesata-em-parceria-com-universidade\/"]}]},{"@type":"BreadcrumbList","@id":"https:\/\/www.abesata.org\/br\/diretor-da-anac-ministra-aula-inaugural-em-curso-criado-pela-abesata-em-parceria-com-universidade\/#breadcrumb","itemListElement":[{"@type":"ListItem","position":1,"name":"In\u00edcio","item":"https:\/\/www.abesata.org\/br\/"},{"@type":"ListItem","position":2,"name":"Diretor da ANAC ministra aula inaugural em curso criado pela Abesata em parceria com universidade"}]},{"@type":"WebSite","@id":"https:\/\/www.abesata.org\/br\/#website","url":"https:\/\/www.abesata.org\/br\/","name":"Abesata","description":"Associa\u00e7\u00e3o Brasileira das Empresas de Servi\u00e7os Auxiliares de Transporte A\u00e9reo","publisher":{"@id":"https:\/\/www.abesata.org\/br\/#organization"},"potentialAction":[{"@type":"SearchAction","target":{"@type":"EntryPoint","urlTemplate":"https:\/\/www.abesata.org\/br\/?s={search_term_string}"},"query-input":{"@type":"PropertyValueSpecification","valueRequired":true,"valueName":"search_term_string"}}],"inLanguage":"pt-BR"},{"@type":"Organization","@id":"https:\/\/www.abesata.org\/br\/#organization","name":"Associa\u00e7\u00e3o Brasileira das Empresas de Servi\u00e7os Auxiliares de Transporte A\u00e9reo","alternateName":"Abesata","url":"https:\/\/www.abesata.org\/br\/","logo":{"@type":"ImageObject","inLanguage":"pt-BR","@id":"https:\/\/www.abesata.org\/br\/#\/schema\/logo\/image\/","url":"https:\/\/www.abesata.org\/br\/wp-content\/uploads\/2023\/10\/Abesata.png","contentUrl":"https:\/\/www.abesata.org\/br\/wp-content\/uploads\/2023\/10\/Abesata.png","width":1063,"height":591,"caption":"Associa\u00e7\u00e3o Brasileira das Empresas de Servi\u00e7os Auxiliares de Transporte A\u00e9reo"},"image":{"@id":"https:\/\/www.abesata.org\/br\/#\/schema\/logo\/image\/"},"sameAs":["https:\/\/www.facebook.com\/abesata.org\/","https:\/\/www.instagram.com\/abesata_gh\/","https:\/\/br.linkedin.com\/company\/abesata"]},{"@type":"Person","@id":"https:\/\/www.abesata.org\/br\/#\/schema\/person\/9ea6d4cad1253eb9fd0f7cc28c4306da","name":"Henrique Santana","image":{"@type":"ImageObject","inLanguage":"pt-BR","@id":"https:\/\/www.abesata.org\/br\/#\/schema\/person\/image\/","url":"https:\/\/secure.gravatar.com\/avatar\/d38ee0ca5c04b216d163c4ecd115e6174ba1c9174252c48fc8d30cf2dc7f0b25?s=96&d=mm&r=g","contentUrl":"https:\/\/secure.gravatar.com\/avatar\/d38ee0ca5c04b216d163c4ecd115e6174ba1c9174252c48fc8d30cf2dc7f0b25?s=96&d=mm&r=g","caption":"Henrique Santana"},"url":"https:\/\/www.abesata.org\/br\/author\/henrique-santana\/"}]}},"_links":{"self":[{"href":"https:\/\/www.abesata.org\/br\/wp-json\/wp\/v2\/posts\/15748","targetHints":{"allow":["GET"]}}],"collection":[{"href":"https:\/\/www.abesata.org\/br\/wp-json\/wp\/v2\/posts"}],"about":[{"href":"https:\/\/www.abesata.org\/br\/wp-json\/wp\/v2\/types\/post"}],"author":[{"embeddable":true,"href":"https:\/\/www.abesata.org\/br\/wp-json\/wp\/v2\/users\/135"}],"replies":[{"embeddable":true,"href":"https:\/\/www.abesata.org\/br\/wp-json\/wp\/v2\/comments?post=15748"}],"version-history":[{"count":1,"href":"https:\/\/www.abesata.org\/br\/wp-json\/wp\/v2\/posts\/15748\/revisions"}],"predecessor-version":[{"id":17260,"href":"https:\/\/www.abesata.org\/br\/wp-json\/wp\/v2\/posts\/15748\/revisions\/17260"}],"wp:attachment":[{"href":"https:\/\/www.abesata.org\/br\/wp-json\/wp\/v2\/media?parent=15748"}],"wp:term":[{"taxonomy":"category","embeddable":true,"href":"https:\/\/www.abesata.org\/br\/wp-json\/wp\/v2\/categories?post=15748"},{"taxonomy":"post_tag","embeddable":true,"href":"https:\/\/www.abesata.org\/br\/wp-json\/wp\/v2\/tags?post=15748"}],"curies":[{"name":"wp","href":"https:\/\/api.w.org\/{rel}","templated":true}]}}