{"id":15759,"date":"2023-05-17T16:52:55","date_gmt":"2023-05-17T16:52:55","guid":{"rendered":"http:\/\/www.abesata.org\/br\/?p=15759"},"modified":"2024-06-19T16:01:49","modified_gmt":"2024-06-19T19:01:49","slug":"aeroporto-catarina-constroi-nova-pista-e-vai-de-2-para-12-hangares-em-4-anos","status":"publish","type":"post","link":"https:\/\/www.abesata.org\/br\/aeroporto-catarina-constroi-nova-pista-e-vai-de-2-para-12-hangares-em-4-anos\/","title":{"rendered":"Aeroporto Catarina constr\u00f3i nova pista e vai de 2 para 12 hangares em 4 anos"},"content":{"rendered":"\n<p>Uma sa\u00edda discreta da rodovia Castelo Branco, na regi\u00e3o de S\u00e3o Roque, d\u00e1 acesso a muitas partes do mundo. \u00c9 por l\u00e1 que empres\u00e1rios, artistas e outros usu\u00e1rios da avia\u00e7\u00e3o executiva chegam e saem de S\u00e3o Paulo, a bordo de seus avi\u00f5es pr\u00f3prios.<\/p>\n\n\n\n<p>Ali fica o Catarina, o primeiro aeroporto privado internacional do Brasil,&nbsp;<a href=\"https:\/\/www1.folha.uol.com.br\/mercado\/2019\/12\/sp-inaugura-primeiro-aeroporto-privado-do-pais-voltado-a-aviacao-executiva.shtml\">inaugurado em dezembro&nbsp;<\/a><a href=\"https:\/\/www1.folha.uol.com.br\/mercado\/2019\/12\/sp-inaugura-primeiro-aeroporto-privado-do-pais-voltado-a-aviacao-executiva.shtml\">de 2019<\/a>. Come\u00e7ou com dois hangares. Menos de quatro anos depois, j\u00e1 est\u00e1 com o 12\u00ba galp\u00e3o sendo erguido. Uma pista auxiliar tamb\u00e9m est\u00e1 sendo constru\u00edda, para facilitar os pousos e decolagens.<\/p>\n\n\n\n<p>&#8220;Ainda estamos passando da metade do tamanho que o aeroporto deve ter quando ficar mais maduro&#8221;, diz Thiago Alonso CEO da JHSF, empresa que administra o Catarina.<\/p>\n\n\n\n<p>O aeroporto fica a 74 km do centro de S\u00e3o Paulo, no munic\u00edpio de S\u00e3o Roque. Tem uma pista de pouso de 2.470 metros, maior que a de aeroportos como Congonhas e Campo de Marte. Com isso, consegue receber avi\u00f5es com capacidade para fazer voos diretos at\u00e9 destinos como Estados Unidos e Europa.<\/p>\n\n\n\n<p>A capacidade de opera\u00e7\u00e3o pode chegar a 200 mil voos por ano. Atualmente, recebe em torno de 800 por m\u00eas, sendo em torno de 15% internacionais. O local busca oferecer todos os servi\u00e7os que um dono de avi\u00e3o precisa, como combust\u00edvel, manuten\u00e7\u00e3o e hangares para estacionamento.<\/p>\n\n\n\n<p>No entanto, o principal atrativo \u00e9 a rapidez: o aeroporto foi pensado para que os viajantes consigam entrar e sair facilmente, sem perder tempo em filas ou burocracias. Em vez de ter de ir ao aeroporto uma ou duas horas antes do voo, pode-se chegar minutos antes da decolagem.<\/p>\n\n\n\n<p>&#8220;O usu\u00e1rio da avia\u00e7\u00e3o executiva quer muita agilidade para chegar no aeroporto e decolar, e para pousar, sair do avi\u00e3o e entrar no carro ou helic\u00f3ptero e ir para casa&#8221;, diz Alonso.<\/p>\n\n\n\n<p>Os clientes tamb\u00e9m querem discri\u00e7\u00e3o. Os funcion\u00e1rios s\u00e3o orientados a n\u00e3o fazer fotos dos frequentadores e de seus avi\u00f5es, alguns deles reconhec\u00edveis por terem pinturas externas um tanto chamativas.<\/p>\n\n\n\n<p>O local tem um posto de controle de passaportes e de entrada e sa\u00edda do pa\u00eds, e segue os procedimentos dos outros terminais internacionais do Brasil.<\/p>\n\n\n\n<p>A geografia ajuda a afastar curiosos. O aeroporto fica em uma \u00e1rea elevada, acima da rodovia Castelo Branco. Assim, quem passa pela estrada praticamente n\u00e3o v\u00ea os avi\u00f5es que chegam.<\/p>\n\n\n\n<p>O&nbsp;<a href=\"https:\/\/www1.folha.uol.com.br\/folha-topicos\/silvio-santos\/\">apresentador Silvio Santos<\/a>, o empres\u00e1rio&nbsp;<a href=\"https:\/\/www1.folha.uol.com.br\/folha-topicos\/luciano-hang\/\">Luciano Hang<\/a>&nbsp;e o cantor Roberto Carlos costumam passar por l\u00e1. Em 2022,&nbsp;<a href=\"https:\/\/www1.folha.uol.com.br\/mercado\/2022\/05\/bolsonaro-chama-elon-musk-de-mito-da-liberdade.shtml\">Elon Musk pousou seu jato ali quando veio ao Brasil<\/a>. Segundo o site Aeroin, o bilion\u00e1rio voou em um Gulfstream G650ER,&nbsp;<a href=\"https:\/\/www1.folha.uol.com.br\/mercado\/2022\/05\/visita-relampago-de-elon-musk-ao-brasil-custou-r-300-mil-so-de-combustivel-do-jatinho.shtml\">avaliado em US$ 66 milh\u00f5es<\/a>.<\/p>\n\n\n\n<p>Nos hangares, ficam aeronaves de v\u00e1rios tamanhos, \u00e0 espera dos donos. Se o cliente quiser, pode alugar espa\u00e7os extras dos galp\u00f5es para montar espa\u00e7os como su\u00edtes e escrit\u00f3rios ali.<\/p>\n\n\n\n<p>O terminal do aeroporto em si \u00e9 pequeno, j\u00e1 que a ideia \u00e9 que os viajantes fiquem pouco tempo. Apesar disso, a entrada lembra a de um hotel de luxo. O espa\u00e7o tem luz indireta, poltronas de couro bege, estantes bem decoradas e uma pequena adega com vinhos. Um QR Code d\u00e1 acesso a um menu do restaurante Fasano, que envia refei\u00e7\u00f5es, direto de S\u00e3o Paulo, para serem servidas a bordo dos voos \u2014o pedido precisa ser feito com anteced\u00eancia.<\/p>\n\n\n\n<p>Os funcion\u00e1rios s\u00e3o treinados para receber bem n\u00e3o s\u00f3 os viajantes, mas tamb\u00e9m seus animais de estima\u00e7\u00e3o, que podem ganhar um biscoito ou mimo antes do embarque.<\/p>\n\n\n\n<p>Alonso diz que uma das raz\u00f5es para o aumento do uso de jatinhos nos \u00faltimos anos \u00e9 o maior compartilhamento das aeronaves: em vez de ter apenas um dono, um pequeno grupo se une para comprar e manter um avi\u00e3o, com cada s\u00f3cio tendo direito a voar determinada quantidade de horas. Assim, os custos de manuten\u00e7\u00e3o acabam dilu\u00eddos.<\/p>\n\n\n\n<p>&#8220;Estes sistemas funcionam desde que se tenha um respeito por n\u00e3o exagerar a quantidade de pessoas, sob pena de comprometer a disponibilidade do avi\u00e3o&#8221;, aconselha o CEO do aeroporto.<\/p>\n\n\n\n<p>Para atrair mais voos, o Catarina busca ainda oferecer combust\u00edvel a pre\u00e7o mais competitivo do que outros aeroportos na regi\u00e3o da Grande S\u00e3o Paulo. O&nbsp;<a href=\"https:\/\/www1.folha.uol.com.br\/mercado\/2023\/03\/petrobras-reduz-preco-do-querosene-de-aviacao-em-quase-14-nas-principais-pracas.shtml\">querosene de avia\u00e7\u00e3o<\/a>&nbsp;\u00e9 um dos principais gastos para voar.<\/p>\n\n\n\n<p>O grupo JHSF tamb\u00e9m \u00e9 dono do Catarina Fashion Outlet, que fica do outro lado da rodovia e tamb\u00e9m est\u00e1 em expans\u00e3o, que ampliar\u00e1 as op\u00e7\u00f5es de gastronomia e entretenimento. O lugar foi aberto em 2014, com 15 mil m\u00b2. Atualmente, tem 30 mil m\u00b2, e este ano deve chegar a 55 mil m\u00b2. Toda a nova \u00e1rea j\u00e1 est\u00e1 comercializada.<\/p>\n\n\n\n<p>&#8220;A regi\u00e3o a Oeste da Grande S\u00e3o Paulo vem em um processo de adensamento, e n\u00e3o existe um shopping como o Catarina nas cidades vizinhas. Apesar de ser um outlet, ele acaba sendo visto como o shopping da cidade&#8221;, diz Alonso.<\/p>\n\n\n\n<p><\/p>\n\n\n\n<p>Fonte: <a href=\"https:\/\/www1.folha.uol.com.br\/mercado\/2023\/05\/aeroporto-catarina-constroi-nova-pista-e-vai-de-2-para-12-hangares-em-4-anos.shtml\">https:\/\/www1.folha.uol.com.br\/mercado\/2023\/05\/aeroporto-catarina-constroi-nova-pista-e-vai-de-2-para-12-hangares-em-4-anos.shtml<\/a><\/p>\n","protected":false},"excerpt":{"rendered":"<p>Uma sa\u00edda discreta da rodovia Castelo Branco, na regi\u00e3o de S\u00e3o Roque, d\u00e1 acesso a muitas partes do mundo. \u00c9 por l\u00e1 que empres\u00e1rios, artistas e outros usu\u00e1rios da avia\u00e7\u00e3o executiva chegam e saem de S\u00e3o Paulo, a bordo de seus avi\u00f5es pr\u00f3prios. Ali fica o Catarina, o primeiro aeroporto privado internacional do Brasil,&nbsp;inaugurado em [&hellip;]<\/p>\n","protected":false},"author":135,"featured_media":0,"comment_status":"closed","ping_status":"open","sticky":false,"template":"","format":"standard","meta":{"footnotes":""},"categories":[294],"tags":[257,42,18,66],"class_list":["post-15759","post","type-post","status-publish","format-standard","hentry","category-noticias","tag-aeroporto-catarina","tag-aeroportos","tag-aviacao","tag-aviacao-brasil"],"yoast_head":"<!-- This site is optimized with the Yoast SEO plugin v26.5 - https:\/\/yoast.com\/wordpress\/plugins\/seo\/ -->\n<title>Aeroporto Catarina constr\u00f3i nova pista e vai de 2 para 12 hangares em 4 anos - Abesata<\/title>\n<meta name=\"robots\" content=\"index, follow, max-snippet:-1, max-image-preview:large, max-video-preview:-1\" \/>\n<link rel=\"canonical\" href=\"https:\/\/www.abesata.org\/br\/aeroporto-catarina-constroi-nova-pista-e-vai-de-2-para-12-hangares-em-4-anos\/\" \/>\n<meta property=\"og:locale\" content=\"pt_BR\" \/>\n<meta property=\"og:type\" content=\"article\" \/>\n<meta property=\"og:title\" content=\"Aeroporto Catarina constr\u00f3i nova pista e vai de 2 para 12 hangares em 4 anos - Abesata\" \/>\n<meta property=\"og:description\" content=\"Uma sa\u00edda discreta da rodovia Castelo Branco, na regi\u00e3o de S\u00e3o Roque, d\u00e1 acesso a muitas partes do mundo. \u00c9 por l\u00e1 que empres\u00e1rios, artistas e outros usu\u00e1rios da avia\u00e7\u00e3o executiva chegam e saem de S\u00e3o Paulo, a bordo de seus avi\u00f5es pr\u00f3prios. Ali fica o Catarina, o primeiro aeroporto privado internacional do Brasil,&nbsp;inaugurado em [&hellip;]\" \/>\n<meta property=\"og:url\" content=\"https:\/\/www.abesata.org\/br\/aeroporto-catarina-constroi-nova-pista-e-vai-de-2-para-12-hangares-em-4-anos\/\" \/>\n<meta property=\"og:site_name\" content=\"Abesata\" \/>\n<meta property=\"article:publisher\" content=\"https:\/\/www.facebook.com\/abesata.org\/\" \/>\n<meta property=\"article:published_time\" content=\"2023-05-17T16:52:55+00:00\" \/>\n<meta property=\"article:modified_time\" content=\"2024-06-19T19:01:49+00:00\" \/>\n<meta name=\"author\" content=\"Henrique Santana\" \/>\n<meta name=\"twitter:card\" content=\"summary_large_image\" \/>\n<meta name=\"twitter:label1\" content=\"Escrito por\" \/>\n\t<meta name=\"twitter:data1\" content=\"Henrique Santana\" \/>\n\t<meta name=\"twitter:label2\" content=\"Est. tempo de leitura\" \/>\n\t<meta name=\"twitter:data2\" content=\"4 minutos\" \/>\n<script type=\"application\/ld+json\" class=\"yoast-schema-graph\">{\"@context\":\"https:\/\/schema.org\",\"@graph\":[{\"@type\":\"Article\",\"@id\":\"https:\/\/www.abesata.org\/br\/aeroporto-catarina-constroi-nova-pista-e-vai-de-2-para-12-hangares-em-4-anos\/#article\",\"isPartOf\":{\"@id\":\"https:\/\/www.abesata.org\/br\/aeroporto-catarina-constroi-nova-pista-e-vai-de-2-para-12-hangares-em-4-anos\/\"},\"author\":{\"name\":\"Henrique Santana\",\"@id\":\"https:\/\/www.abesata.org\/br\/#\/schema\/person\/9ea6d4cad1253eb9fd0f7cc28c4306da\"},\"headline\":\"Aeroporto Catarina constr\u00f3i nova pista e vai de 2 para 12 hangares em 4 anos\",\"datePublished\":\"2023-05-17T16:52:55+00:00\",\"dateModified\":\"2024-06-19T19:01:49+00:00\",\"mainEntityOfPage\":{\"@id\":\"https:\/\/www.abesata.org\/br\/aeroporto-catarina-constroi-nova-pista-e-vai-de-2-para-12-hangares-em-4-anos\/\"},\"wordCount\":876,\"publisher\":{\"@id\":\"https:\/\/www.abesata.org\/br\/#organization\"},\"keywords\":[\"Aeroporto catarina\",\"Aeroportos\",\"Avia\u00e7\u00e3o\",\"Avia\u00e7\u00e3o Brasil\"],\"articleSection\":[\"Not\u00edcias\"],\"inLanguage\":\"pt-BR\"},{\"@type\":\"WebPage\",\"@id\":\"https:\/\/www.abesata.org\/br\/aeroporto-catarina-constroi-nova-pista-e-vai-de-2-para-12-hangares-em-4-anos\/\",\"url\":\"https:\/\/www.abesata.org\/br\/aeroporto-catarina-constroi-nova-pista-e-vai-de-2-para-12-hangares-em-4-anos\/\",\"name\":\"Aeroporto Catarina constr\u00f3i nova pista e vai de 2 para 12 hangares em 4 anos - Abesata\",\"isPartOf\":{\"@id\":\"https:\/\/www.abesata.org\/br\/#website\"},\"datePublished\":\"2023-05-17T16:52:55+00:00\",\"dateModified\":\"2024-06-19T19:01:49+00:00\",\"breadcrumb\":{\"@id\":\"https:\/\/www.abesata.org\/br\/aeroporto-catarina-constroi-nova-pista-e-vai-de-2-para-12-hangares-em-4-anos\/#breadcrumb\"},\"inLanguage\":\"pt-BR\",\"potentialAction\":[{\"@type\":\"ReadAction\",\"target\":[\"https:\/\/www.abesata.org\/br\/aeroporto-catarina-constroi-nova-pista-e-vai-de-2-para-12-hangares-em-4-anos\/\"]}]},{\"@type\":\"BreadcrumbList\",\"@id\":\"https:\/\/www.abesata.org\/br\/aeroporto-catarina-constroi-nova-pista-e-vai-de-2-para-12-hangares-em-4-anos\/#breadcrumb\",\"itemListElement\":[{\"@type\":\"ListItem\",\"position\":1,\"name\":\"In\u00edcio\",\"item\":\"https:\/\/www.abesata.org\/br\/\"},{\"@type\":\"ListItem\",\"position\":2,\"name\":\"Aeroporto Catarina constr\u00f3i nova pista e vai de 2 para 12 hangares em 4 anos\"}]},{\"@type\":\"WebSite\",\"@id\":\"https:\/\/www.abesata.org\/br\/#website\",\"url\":\"https:\/\/www.abesata.org\/br\/\",\"name\":\"Abesata\",\"description\":\"Associa\u00e7\u00e3o Brasileira das Empresas de Servi\u00e7os Auxiliares de Transporte A\u00e9reo\",\"publisher\":{\"@id\":\"https:\/\/www.abesata.org\/br\/#organization\"},\"potentialAction\":[{\"@type\":\"SearchAction\",\"target\":{\"@type\":\"EntryPoint\",\"urlTemplate\":\"https:\/\/www.abesata.org\/br\/?s={search_term_string}\"},\"query-input\":{\"@type\":\"PropertyValueSpecification\",\"valueRequired\":true,\"valueName\":\"search_term_string\"}}],\"inLanguage\":\"pt-BR\"},{\"@type\":\"Organization\",\"@id\":\"https:\/\/www.abesata.org\/br\/#organization\",\"name\":\"Associa\u00e7\u00e3o Brasileira das Empresas de Servi\u00e7os Auxiliares de Transporte A\u00e9reo\",\"alternateName\":\"Abesata\",\"url\":\"https:\/\/www.abesata.org\/br\/\",\"logo\":{\"@type\":\"ImageObject\",\"inLanguage\":\"pt-BR\",\"@id\":\"https:\/\/www.abesata.org\/br\/#\/schema\/logo\/image\/\",\"url\":\"https:\/\/www.abesata.org\/br\/wp-content\/uploads\/2023\/10\/Abesata.png\",\"contentUrl\":\"https:\/\/www.abesata.org\/br\/wp-content\/uploads\/2023\/10\/Abesata.png\",\"width\":1063,\"height\":591,\"caption\":\"Associa\u00e7\u00e3o Brasileira das Empresas de Servi\u00e7os Auxiliares de Transporte A\u00e9reo\"},\"image\":{\"@id\":\"https:\/\/www.abesata.org\/br\/#\/schema\/logo\/image\/\"},\"sameAs\":[\"https:\/\/www.facebook.com\/abesata.org\/\",\"https:\/\/www.instagram.com\/abesata_gh\/\",\"https:\/\/br.linkedin.com\/company\/abesata\"]},{\"@type\":\"Person\",\"@id\":\"https:\/\/www.abesata.org\/br\/#\/schema\/person\/9ea6d4cad1253eb9fd0f7cc28c4306da\",\"name\":\"Henrique Santana\",\"image\":{\"@type\":\"ImageObject\",\"inLanguage\":\"pt-BR\",\"@id\":\"https:\/\/www.abesata.org\/br\/#\/schema\/person\/image\/\",\"url\":\"https:\/\/secure.gravatar.com\/avatar\/d38ee0ca5c04b216d163c4ecd115e6174ba1c9174252c48fc8d30cf2dc7f0b25?s=96&d=mm&r=g\",\"contentUrl\":\"https:\/\/secure.gravatar.com\/avatar\/d38ee0ca5c04b216d163c4ecd115e6174ba1c9174252c48fc8d30cf2dc7f0b25?s=96&d=mm&r=g\",\"caption\":\"Henrique Santana\"},\"url\":\"https:\/\/www.abesata.org\/br\/author\/henrique-santana\/\"}]}<\/script>\n<!-- \/ Yoast SEO plugin. -->","yoast_head_json":{"title":"Aeroporto Catarina constr\u00f3i nova pista e vai de 2 para 12 hangares em 4 anos - Abesata","robots":{"index":"index","follow":"follow","max-snippet":"max-snippet:-1","max-image-preview":"max-image-preview:large","max-video-preview":"max-video-preview:-1"},"canonical":"https:\/\/www.abesata.org\/br\/aeroporto-catarina-constroi-nova-pista-e-vai-de-2-para-12-hangares-em-4-anos\/","og_locale":"pt_BR","og_type":"article","og_title":"Aeroporto Catarina constr\u00f3i nova pista e vai de 2 para 12 hangares em 4 anos - Abesata","og_description":"Uma sa\u00edda discreta da rodovia Castelo Branco, na regi\u00e3o de S\u00e3o Roque, d\u00e1 acesso a muitas partes do mundo. \u00c9 por l\u00e1 que empres\u00e1rios, artistas e outros usu\u00e1rios da avia\u00e7\u00e3o executiva chegam e saem de S\u00e3o Paulo, a bordo de seus avi\u00f5es pr\u00f3prios. Ali fica o Catarina, o primeiro aeroporto privado internacional do Brasil,&nbsp;inaugurado em [&hellip;]","og_url":"https:\/\/www.abesata.org\/br\/aeroporto-catarina-constroi-nova-pista-e-vai-de-2-para-12-hangares-em-4-anos\/","og_site_name":"Abesata","article_publisher":"https:\/\/www.facebook.com\/abesata.org\/","article_published_time":"2023-05-17T16:52:55+00:00","article_modified_time":"2024-06-19T19:01:49+00:00","author":"Henrique Santana","twitter_card":"summary_large_image","twitter_misc":{"Escrito por":"Henrique Santana","Est. tempo de leitura":"4 minutos"},"schema":{"@context":"https:\/\/schema.org","@graph":[{"@type":"Article","@id":"https:\/\/www.abesata.org\/br\/aeroporto-catarina-constroi-nova-pista-e-vai-de-2-para-12-hangares-em-4-anos\/#article","isPartOf":{"@id":"https:\/\/www.abesata.org\/br\/aeroporto-catarina-constroi-nova-pista-e-vai-de-2-para-12-hangares-em-4-anos\/"},"author":{"name":"Henrique Santana","@id":"https:\/\/www.abesata.org\/br\/#\/schema\/person\/9ea6d4cad1253eb9fd0f7cc28c4306da"},"headline":"Aeroporto Catarina constr\u00f3i nova pista e vai de 2 para 12 hangares em 4 anos","datePublished":"2023-05-17T16:52:55+00:00","dateModified":"2024-06-19T19:01:49+00:00","mainEntityOfPage":{"@id":"https:\/\/www.abesata.org\/br\/aeroporto-catarina-constroi-nova-pista-e-vai-de-2-para-12-hangares-em-4-anos\/"},"wordCount":876,"publisher":{"@id":"https:\/\/www.abesata.org\/br\/#organization"},"keywords":["Aeroporto catarina","Aeroportos","Avia\u00e7\u00e3o","Avia\u00e7\u00e3o Brasil"],"articleSection":["Not\u00edcias"],"inLanguage":"pt-BR"},{"@type":"WebPage","@id":"https:\/\/www.abesata.org\/br\/aeroporto-catarina-constroi-nova-pista-e-vai-de-2-para-12-hangares-em-4-anos\/","url":"https:\/\/www.abesata.org\/br\/aeroporto-catarina-constroi-nova-pista-e-vai-de-2-para-12-hangares-em-4-anos\/","name":"Aeroporto Catarina constr\u00f3i nova pista e vai de 2 para 12 hangares em 4 anos - Abesata","isPartOf":{"@id":"https:\/\/www.abesata.org\/br\/#website"},"datePublished":"2023-05-17T16:52:55+00:00","dateModified":"2024-06-19T19:01:49+00:00","breadcrumb":{"@id":"https:\/\/www.abesata.org\/br\/aeroporto-catarina-constroi-nova-pista-e-vai-de-2-para-12-hangares-em-4-anos\/#breadcrumb"},"inLanguage":"pt-BR","potentialAction":[{"@type":"ReadAction","target":["https:\/\/www.abesata.org\/br\/aeroporto-catarina-constroi-nova-pista-e-vai-de-2-para-12-hangares-em-4-anos\/"]}]},{"@type":"BreadcrumbList","@id":"https:\/\/www.abesata.org\/br\/aeroporto-catarina-constroi-nova-pista-e-vai-de-2-para-12-hangares-em-4-anos\/#breadcrumb","itemListElement":[{"@type":"ListItem","position":1,"name":"In\u00edcio","item":"https:\/\/www.abesata.org\/br\/"},{"@type":"ListItem","position":2,"name":"Aeroporto Catarina constr\u00f3i nova pista e vai de 2 para 12 hangares em 4 anos"}]},{"@type":"WebSite","@id":"https:\/\/www.abesata.org\/br\/#website","url":"https:\/\/www.abesata.org\/br\/","name":"Abesata","description":"Associa\u00e7\u00e3o Brasileira das Empresas de Servi\u00e7os Auxiliares de Transporte A\u00e9reo","publisher":{"@id":"https:\/\/www.abesata.org\/br\/#organization"},"potentialAction":[{"@type":"SearchAction","target":{"@type":"EntryPoint","urlTemplate":"https:\/\/www.abesata.org\/br\/?s={search_term_string}"},"query-input":{"@type":"PropertyValueSpecification","valueRequired":true,"valueName":"search_term_string"}}],"inLanguage":"pt-BR"},{"@type":"Organization","@id":"https:\/\/www.abesata.org\/br\/#organization","name":"Associa\u00e7\u00e3o Brasileira das Empresas de Servi\u00e7os Auxiliares de Transporte A\u00e9reo","alternateName":"Abesata","url":"https:\/\/www.abesata.org\/br\/","logo":{"@type":"ImageObject","inLanguage":"pt-BR","@id":"https:\/\/www.abesata.org\/br\/#\/schema\/logo\/image\/","url":"https:\/\/www.abesata.org\/br\/wp-content\/uploads\/2023\/10\/Abesata.png","contentUrl":"https:\/\/www.abesata.org\/br\/wp-content\/uploads\/2023\/10\/Abesata.png","width":1063,"height":591,"caption":"Associa\u00e7\u00e3o Brasileira das Empresas de Servi\u00e7os Auxiliares de Transporte A\u00e9reo"},"image":{"@id":"https:\/\/www.abesata.org\/br\/#\/schema\/logo\/image\/"},"sameAs":["https:\/\/www.facebook.com\/abesata.org\/","https:\/\/www.instagram.com\/abesata_gh\/","https:\/\/br.linkedin.com\/company\/abesata"]},{"@type":"Person","@id":"https:\/\/www.abesata.org\/br\/#\/schema\/person\/9ea6d4cad1253eb9fd0f7cc28c4306da","name":"Henrique Santana","image":{"@type":"ImageObject","inLanguage":"pt-BR","@id":"https:\/\/www.abesata.org\/br\/#\/schema\/person\/image\/","url":"https:\/\/secure.gravatar.com\/avatar\/d38ee0ca5c04b216d163c4ecd115e6174ba1c9174252c48fc8d30cf2dc7f0b25?s=96&d=mm&r=g","contentUrl":"https:\/\/secure.gravatar.com\/avatar\/d38ee0ca5c04b216d163c4ecd115e6174ba1c9174252c48fc8d30cf2dc7f0b25?s=96&d=mm&r=g","caption":"Henrique Santana"},"url":"https:\/\/www.abesata.org\/br\/author\/henrique-santana\/"}]}},"_links":{"self":[{"href":"https:\/\/www.abesata.org\/br\/wp-json\/wp\/v2\/posts\/15759","targetHints":{"allow":["GET"]}}],"collection":[{"href":"https:\/\/www.abesata.org\/br\/wp-json\/wp\/v2\/posts"}],"about":[{"href":"https:\/\/www.abesata.org\/br\/wp-json\/wp\/v2\/types\/post"}],"author":[{"embeddable":true,"href":"https:\/\/www.abesata.org\/br\/wp-json\/wp\/v2\/users\/135"}],"replies":[{"embeddable":true,"href":"https:\/\/www.abesata.org\/br\/wp-json\/wp\/v2\/comments?post=15759"}],"version-history":[{"count":1,"href":"https:\/\/www.abesata.org\/br\/wp-json\/wp\/v2\/posts\/15759\/revisions"}],"predecessor-version":[{"id":17258,"href":"https:\/\/www.abesata.org\/br\/wp-json\/wp\/v2\/posts\/15759\/revisions\/17258"}],"wp:attachment":[{"href":"https:\/\/www.abesata.org\/br\/wp-json\/wp\/v2\/media?parent=15759"}],"wp:term":[{"taxonomy":"category","embeddable":true,"href":"https:\/\/www.abesata.org\/br\/wp-json\/wp\/v2\/categories?post=15759"},{"taxonomy":"post_tag","embeddable":true,"href":"https:\/\/www.abesata.org\/br\/wp-json\/wp\/v2\/tags?post=15759"}],"curies":[{"name":"wp","href":"https:\/\/api.w.org\/{rel}","templated":true}]}}