{"id":1576,"date":"2014-09-29T13:39:20","date_gmt":"2014-09-29T16:39:20","guid":{"rendered":"http:\/\/www.abesata.org\/?p=1576"},"modified":"2014-09-29T13:39:20","modified_gmt":"2014-09-29T16:39:20","slug":"seminario-discute-gestao-de-aeroportos-regionais","status":"publish","type":"post","link":"https:\/\/www.abesata.org\/br\/seminario-discute-gestao-de-aeroportos-regionais\/","title":{"rendered":"Semin\u00e1rio discute gest\u00e3o de aeroportos regionais"},"content":{"rendered":"<p>Para conhecer a experi\u00eancia espanhola na gest\u00e3o de aeroportos regionais e os desafios que o Brasil enfrentar\u00e1 nessa \u00e1rea, a Secretaria de Avia\u00e7\u00e3o Civil vai promover, nos dias 29 e 30 de setembro, o semin\u00e1rio: \u201cGest\u00e3o de Aeroportos Regionais: experi\u00eancia Aena\u201d.<\/p>\n<p>O ministro da Avia\u00e7\u00e3o Civil, Moreira Franco, e o embaixador da Espanha no Brasil, Manuel de La C\u00e1mara Hermoso, abrem o semin\u00e1rio.<\/p>\n<p>Veja a programa\u00e7\u00e3o completa do evento <a href=\"http:\/\/www.aviacaocivil.gov.br\/noticias\/2014\/09\/aviso-de-pauta-seminario-discute-gestao-de-aeroportos-regionais-1\/programacao-seminario-aena.pdf\">aqui<\/a>.<\/p>\n<p>Servi\u00e7o:<\/p>\n<p>Semin\u00e1rio: \u201cGest\u00e3o de Aeroportos Regionais: experi\u00eancia Aena\u201d.<br \/>\nData: 29 e 30 de setembro<br \/>\nHor\u00e1rio: 9h<br \/>\nLocal: Ag\u00eancia Nacional de Avia\u00e7\u00e3o Civil \u2013 ANAC. Setor Comercial Sul \u2013 Quadra 9 \u2013 Lote C \u2013 Ed Parque Cidade \u2013 Torre A \u2013 Audit\u00f3rio 1\u00ba andar<\/p>\n<p style=\"text-align: right;\">Fonte: SAC\/PR<br \/>\n26\/09\/2014<\/p>\n","protected":false},"excerpt":{"rendered":"<p>Para conhecer a experi\u00eancia espanhola na gest\u00e3o de aeroportos regionais e os desafios que o Brasil enfrentar\u00e1 nessa \u00e1rea, a Secretaria de Avia\u00e7\u00e3o Civil vai promover, nos dias 29 e 30 de setembro, o semin\u00e1rio: \u201cGest\u00e3o de Aeroportos Regionais: experi\u00eancia Aena\u201d. O ministro da Avia\u00e7\u00e3o Civil, Moreira Franco, e o embaixador da Espanha no Brasil, [&hellip;]<\/p>\n","protected":false},"author":18,"featured_media":0,"comment_status":"closed","ping_status":"closed","sticky":false,"template":"","format":"standard","meta":{"footnotes":""},"categories":[],"tags":[],"class_list":["post-1576","post","type-post","status-publish","format-standard","hentry"],"yoast_head":"<!-- This site is optimized with the Yoast SEO plugin v26.5 - https:\/\/yoast.com\/wordpress\/plugins\/seo\/ -->\n<title>Semin\u00e1rio discute gest\u00e3o de aeroportos regionais - Abesata<\/title>\n<meta name=\"robots\" content=\"index, follow, max-snippet:-1, max-image-preview:large, max-video-preview:-1\" \/>\n<link rel=\"canonical\" href=\"https:\/\/www.abesata.org\/br\/seminario-discute-gestao-de-aeroportos-regionais\/\" \/>\n<meta property=\"og:locale\" content=\"pt_BR\" \/>\n<meta property=\"og:type\" content=\"article\" \/>\n<meta property=\"og:title\" content=\"Semin\u00e1rio discute gest\u00e3o de aeroportos regionais - Abesata\" \/>\n<meta property=\"og:description\" content=\"Para conhecer a experi\u00eancia espanhola na gest\u00e3o de aeroportos regionais e os desafios que o Brasil enfrentar\u00e1 nessa \u00e1rea, a Secretaria de Avia\u00e7\u00e3o Civil vai promover, nos dias 29 e 30 de setembro, o semin\u00e1rio: \u201cGest\u00e3o de Aeroportos Regionais: experi\u00eancia Aena\u201d. O ministro da Avia\u00e7\u00e3o Civil, Moreira Franco, e o embaixador da Espanha no Brasil, [&hellip;]\" \/>\n<meta property=\"og:url\" content=\"https:\/\/www.abesata.org\/br\/seminario-discute-gestao-de-aeroportos-regionais\/\" \/>\n<meta property=\"og:site_name\" content=\"Abesata\" \/>\n<meta property=\"article:publisher\" content=\"https:\/\/www.facebook.com\/abesata.org\/\" \/>\n<meta property=\"article:published_time\" content=\"2014-09-29T16:39:20+00:00\" \/>\n<meta name=\"author\" content=\"Ricardo\" \/>\n<meta name=\"twitter:card\" content=\"summary_large_image\" \/>\n<meta name=\"twitter:label1\" content=\"Escrito por\" \/>\n\t<meta name=\"twitter:data1\" content=\"Ricardo\" \/>\n\t<meta name=\"twitter:label2\" content=\"Est. tempo de leitura\" \/>\n\t<meta name=\"twitter:data2\" content=\"1 minuto\" \/>\n<script type=\"application\/ld+json\" class=\"yoast-schema-graph\">{\"@context\":\"https:\/\/schema.org\",\"@graph\":[{\"@type\":\"Article\",\"@id\":\"https:\/\/www.abesata.org\/br\/seminario-discute-gestao-de-aeroportos-regionais\/#article\",\"isPartOf\":{\"@id\":\"https:\/\/www.abesata.org\/br\/seminario-discute-gestao-de-aeroportos-regionais\/\"},\"author\":{\"name\":\"Ricardo\",\"@id\":\"https:\/\/www.abesata.org\/br\/#\/schema\/person\/1f1295145bee68e42ffe39157320456b\"},\"headline\":\"Semin\u00e1rio discute gest\u00e3o de aeroportos regionais\",\"datePublished\":\"2014-09-29T16:39:20+00:00\",\"mainEntityOfPage\":{\"@id\":\"https:\/\/www.abesata.org\/br\/seminario-discute-gestao-de-aeroportos-regionais\/\"},\"wordCount\":131,\"publisher\":{\"@id\":\"https:\/\/www.abesata.org\/br\/#organization\"},\"inLanguage\":\"pt-BR\"},{\"@type\":\"WebPage\",\"@id\":\"https:\/\/www.abesata.org\/br\/seminario-discute-gestao-de-aeroportos-regionais\/\",\"url\":\"https:\/\/www.abesata.org\/br\/seminario-discute-gestao-de-aeroportos-regionais\/\",\"name\":\"Semin\u00e1rio discute gest\u00e3o de aeroportos regionais - Abesata\",\"isPartOf\":{\"@id\":\"https:\/\/www.abesata.org\/br\/#website\"},\"datePublished\":\"2014-09-29T16:39:20+00:00\",\"breadcrumb\":{\"@id\":\"https:\/\/www.abesata.org\/br\/seminario-discute-gestao-de-aeroportos-regionais\/#breadcrumb\"},\"inLanguage\":\"pt-BR\",\"potentialAction\":[{\"@type\":\"ReadAction\",\"target\":[\"https:\/\/www.abesata.org\/br\/seminario-discute-gestao-de-aeroportos-regionais\/\"]}]},{\"@type\":\"BreadcrumbList\",\"@id\":\"https:\/\/www.abesata.org\/br\/seminario-discute-gestao-de-aeroportos-regionais\/#breadcrumb\",\"itemListElement\":[{\"@type\":\"ListItem\",\"position\":1,\"name\":\"In\u00edcio\",\"item\":\"https:\/\/www.abesata.org\/br\/\"},{\"@type\":\"ListItem\",\"position\":2,\"name\":\"Semin\u00e1rio discute gest\u00e3o de aeroportos regionais\"}]},{\"@type\":\"WebSite\",\"@id\":\"https:\/\/www.abesata.org\/br\/#website\",\"url\":\"https:\/\/www.abesata.org\/br\/\",\"name\":\"Abesata\",\"description\":\"Associa\u00e7\u00e3o Brasileira das Empresas de Servi\u00e7os Auxiliares de Transporte A\u00e9reo\",\"publisher\":{\"@id\":\"https:\/\/www.abesata.org\/br\/#organization\"},\"potentialAction\":[{\"@type\":\"SearchAction\",\"target\":{\"@type\":\"EntryPoint\",\"urlTemplate\":\"https:\/\/www.abesata.org\/br\/?s={search_term_string}\"},\"query-input\":{\"@type\":\"PropertyValueSpecification\",\"valueRequired\":true,\"valueName\":\"search_term_string\"}}],\"inLanguage\":\"pt-BR\"},{\"@type\":\"Organization\",\"@id\":\"https:\/\/www.abesata.org\/br\/#organization\",\"name\":\"Associa\u00e7\u00e3o Brasileira das Empresas de Servi\u00e7os Auxiliares de Transporte A\u00e9reo\",\"alternateName\":\"Abesata\",\"url\":\"https:\/\/www.abesata.org\/br\/\",\"logo\":{\"@type\":\"ImageObject\",\"inLanguage\":\"pt-BR\",\"@id\":\"https:\/\/www.abesata.org\/br\/#\/schema\/logo\/image\/\",\"url\":\"https:\/\/www.abesata.org\/br\/wp-content\/uploads\/2023\/10\/Abesata.png\",\"contentUrl\":\"https:\/\/www.abesata.org\/br\/wp-content\/uploads\/2023\/10\/Abesata.png\",\"width\":1063,\"height\":591,\"caption\":\"Associa\u00e7\u00e3o Brasileira das Empresas de Servi\u00e7os Auxiliares de Transporte A\u00e9reo\"},\"image\":{\"@id\":\"https:\/\/www.abesata.org\/br\/#\/schema\/logo\/image\/\"},\"sameAs\":[\"https:\/\/www.facebook.com\/abesata.org\/\",\"https:\/\/www.instagram.com\/abesata_gh\/\",\"https:\/\/br.linkedin.com\/company\/abesata\"]},{\"@type\":\"Person\",\"@id\":\"https:\/\/www.abesata.org\/br\/#\/schema\/person\/1f1295145bee68e42ffe39157320456b\",\"name\":\"Ricardo\",\"image\":{\"@type\":\"ImageObject\",\"inLanguage\":\"pt-BR\",\"@id\":\"https:\/\/www.abesata.org\/br\/#\/schema\/person\/image\/\",\"url\":\"https:\/\/secure.gravatar.com\/avatar\/1d856797eb89513dee321f840c1a6bbcec15beb178c003e50adcf59323b3a8a9?s=96&d=mm&r=g\",\"contentUrl\":\"https:\/\/secure.gravatar.com\/avatar\/1d856797eb89513dee321f840c1a6bbcec15beb178c003e50adcf59323b3a8a9?s=96&d=mm&r=g\",\"caption\":\"Ricardo\"},\"url\":\"https:\/\/www.abesata.org\/br\/author\/ricardo-baroni\/\"}]}<\/script>\n<!-- \/ Yoast SEO plugin. -->","yoast_head_json":{"title":"Semin\u00e1rio discute gest\u00e3o de aeroportos regionais - Abesata","robots":{"index":"index","follow":"follow","max-snippet":"max-snippet:-1","max-image-preview":"max-image-preview:large","max-video-preview":"max-video-preview:-1"},"canonical":"https:\/\/www.abesata.org\/br\/seminario-discute-gestao-de-aeroportos-regionais\/","og_locale":"pt_BR","og_type":"article","og_title":"Semin\u00e1rio discute gest\u00e3o de aeroportos regionais - Abesata","og_description":"Para conhecer a experi\u00eancia espanhola na gest\u00e3o de aeroportos regionais e os desafios que o Brasil enfrentar\u00e1 nessa \u00e1rea, a Secretaria de Avia\u00e7\u00e3o Civil vai promover, nos dias 29 e 30 de setembro, o semin\u00e1rio: \u201cGest\u00e3o de Aeroportos Regionais: experi\u00eancia Aena\u201d. O ministro da Avia\u00e7\u00e3o Civil, Moreira Franco, e o embaixador da Espanha no Brasil, [&hellip;]","og_url":"https:\/\/www.abesata.org\/br\/seminario-discute-gestao-de-aeroportos-regionais\/","og_site_name":"Abesata","article_publisher":"https:\/\/www.facebook.com\/abesata.org\/","article_published_time":"2014-09-29T16:39:20+00:00","author":"Ricardo","twitter_card":"summary_large_image","twitter_misc":{"Escrito por":"Ricardo","Est. tempo de leitura":"1 minuto"},"schema":{"@context":"https:\/\/schema.org","@graph":[{"@type":"Article","@id":"https:\/\/www.abesata.org\/br\/seminario-discute-gestao-de-aeroportos-regionais\/#article","isPartOf":{"@id":"https:\/\/www.abesata.org\/br\/seminario-discute-gestao-de-aeroportos-regionais\/"},"author":{"name":"Ricardo","@id":"https:\/\/www.abesata.org\/br\/#\/schema\/person\/1f1295145bee68e42ffe39157320456b"},"headline":"Semin\u00e1rio discute gest\u00e3o de aeroportos regionais","datePublished":"2014-09-29T16:39:20+00:00","mainEntityOfPage":{"@id":"https:\/\/www.abesata.org\/br\/seminario-discute-gestao-de-aeroportos-regionais\/"},"wordCount":131,"publisher":{"@id":"https:\/\/www.abesata.org\/br\/#organization"},"inLanguage":"pt-BR"},{"@type":"WebPage","@id":"https:\/\/www.abesata.org\/br\/seminario-discute-gestao-de-aeroportos-regionais\/","url":"https:\/\/www.abesata.org\/br\/seminario-discute-gestao-de-aeroportos-regionais\/","name":"Semin\u00e1rio discute gest\u00e3o de aeroportos regionais - Abesata","isPartOf":{"@id":"https:\/\/www.abesata.org\/br\/#website"},"datePublished":"2014-09-29T16:39:20+00:00","breadcrumb":{"@id":"https:\/\/www.abesata.org\/br\/seminario-discute-gestao-de-aeroportos-regionais\/#breadcrumb"},"inLanguage":"pt-BR","potentialAction":[{"@type":"ReadAction","target":["https:\/\/www.abesata.org\/br\/seminario-discute-gestao-de-aeroportos-regionais\/"]}]},{"@type":"BreadcrumbList","@id":"https:\/\/www.abesata.org\/br\/seminario-discute-gestao-de-aeroportos-regionais\/#breadcrumb","itemListElement":[{"@type":"ListItem","position":1,"name":"In\u00edcio","item":"https:\/\/www.abesata.org\/br\/"},{"@type":"ListItem","position":2,"name":"Semin\u00e1rio discute gest\u00e3o de aeroportos regionais"}]},{"@type":"WebSite","@id":"https:\/\/www.abesata.org\/br\/#website","url":"https:\/\/www.abesata.org\/br\/","name":"Abesata","description":"Associa\u00e7\u00e3o Brasileira das Empresas de Servi\u00e7os Auxiliares de Transporte A\u00e9reo","publisher":{"@id":"https:\/\/www.abesata.org\/br\/#organization"},"potentialAction":[{"@type":"SearchAction","target":{"@type":"EntryPoint","urlTemplate":"https:\/\/www.abesata.org\/br\/?s={search_term_string}"},"query-input":{"@type":"PropertyValueSpecification","valueRequired":true,"valueName":"search_term_string"}}],"inLanguage":"pt-BR"},{"@type":"Organization","@id":"https:\/\/www.abesata.org\/br\/#organization","name":"Associa\u00e7\u00e3o Brasileira das Empresas de Servi\u00e7os Auxiliares de Transporte A\u00e9reo","alternateName":"Abesata","url":"https:\/\/www.abesata.org\/br\/","logo":{"@type":"ImageObject","inLanguage":"pt-BR","@id":"https:\/\/www.abesata.org\/br\/#\/schema\/logo\/image\/","url":"https:\/\/www.abesata.org\/br\/wp-content\/uploads\/2023\/10\/Abesata.png","contentUrl":"https:\/\/www.abesata.org\/br\/wp-content\/uploads\/2023\/10\/Abesata.png","width":1063,"height":591,"caption":"Associa\u00e7\u00e3o Brasileira das Empresas de Servi\u00e7os Auxiliares de Transporte A\u00e9reo"},"image":{"@id":"https:\/\/www.abesata.org\/br\/#\/schema\/logo\/image\/"},"sameAs":["https:\/\/www.facebook.com\/abesata.org\/","https:\/\/www.instagram.com\/abesata_gh\/","https:\/\/br.linkedin.com\/company\/abesata"]},{"@type":"Person","@id":"https:\/\/www.abesata.org\/br\/#\/schema\/person\/1f1295145bee68e42ffe39157320456b","name":"Ricardo","image":{"@type":"ImageObject","inLanguage":"pt-BR","@id":"https:\/\/www.abesata.org\/br\/#\/schema\/person\/image\/","url":"https:\/\/secure.gravatar.com\/avatar\/1d856797eb89513dee321f840c1a6bbcec15beb178c003e50adcf59323b3a8a9?s=96&d=mm&r=g","contentUrl":"https:\/\/secure.gravatar.com\/avatar\/1d856797eb89513dee321f840c1a6bbcec15beb178c003e50adcf59323b3a8a9?s=96&d=mm&r=g","caption":"Ricardo"},"url":"https:\/\/www.abesata.org\/br\/author\/ricardo-baroni\/"}]}},"_links":{"self":[{"href":"https:\/\/www.abesata.org\/br\/wp-json\/wp\/v2\/posts\/1576","targetHints":{"allow":["GET"]}}],"collection":[{"href":"https:\/\/www.abesata.org\/br\/wp-json\/wp\/v2\/posts"}],"about":[{"href":"https:\/\/www.abesata.org\/br\/wp-json\/wp\/v2\/types\/post"}],"author":[{"embeddable":true,"href":"https:\/\/www.abesata.org\/br\/wp-json\/wp\/v2\/users\/18"}],"replies":[{"embeddable":true,"href":"https:\/\/www.abesata.org\/br\/wp-json\/wp\/v2\/comments?post=1576"}],"version-history":[{"count":0,"href":"https:\/\/www.abesata.org\/br\/wp-json\/wp\/v2\/posts\/1576\/revisions"}],"wp:attachment":[{"href":"https:\/\/www.abesata.org\/br\/wp-json\/wp\/v2\/media?parent=1576"}],"wp:term":[{"taxonomy":"category","embeddable":true,"href":"https:\/\/www.abesata.org\/br\/wp-json\/wp\/v2\/categories?post=1576"},{"taxonomy":"post_tag","embeddable":true,"href":"https:\/\/www.abesata.org\/br\/wp-json\/wp\/v2\/tags?post=1576"}],"curies":[{"name":"wp","href":"https:\/\/api.w.org\/{rel}","templated":true}]}}