{"id":1590,"date":"2014-09-30T18:20:32","date_gmt":"2014-09-30T21:20:32","guid":{"rendered":"http:\/\/www.abesata.org\/?p=1590"},"modified":"2014-10-01T11:43:21","modified_gmt":"2014-10-01T14:43:21","slug":"espanha-e-referencia-para-o-brasil-na-gestao-de-aeroportos-regionais","status":"publish","type":"post","link":"https:\/\/www.abesata.org\/br\/espanha-e-referencia-para-o-brasil-na-gestao-de-aeroportos-regionais\/","title":{"rendered":"Espanha \u00e9 refer\u00eancia para o Brasil na gest\u00e3o de aeroportos regionais"},"content":{"rendered":"<p>A Secretaria de Avia\u00e7\u00e3o Civil (SAC) realiza nos dias 29 e 30\/09, o semin\u00e1rio para conhecer a experi\u00eancia espanhola em gest\u00e3o de aeroportos regionais e para antecipar desafios que o pa\u00eds enfrentar\u00e1 nessa \u00e1rea. Segundo o ministro da SAC, Moreira Franco, a Espanha tem grande experi\u00eancia em avia\u00e7\u00e3o regional. \u201cEles conseguiram, por exemplo, montar uma estrutura que compatibiliza aeroportos de maior e menor rentabilidade e um esquema de subs\u00eddios permitindo que todos os espanh\u00f3is possam utilizar o modal\u201d, disse.<\/p>\n<p>O semin\u00e1rio Gest\u00e3o de Aeroportos Regionais: Experi\u00eancia Aena contar\u00e1 com apresenta\u00e7\u00e3o de especialistas da entidade Aeropuertos Espa\u00f1oles y Navegaci\u00f3n A\u00e9rea (Aena) e da empresa espanhola Ineco, que oferece servi\u00e7os de infraestrutura de transportes em mais de 45 pa\u00edses.<\/p>\n<p>Embaixador da Espanha no Brasil, Manuel de La C\u00e1mara Hermoso disse que o pa\u00eds europeu enfrentou desafios semelhantes ao Brasil no desenvolvimento da infraestrutura. Hoje, temos a maior rede de rodovias duplicadas da Europa, a segunda maior rede de trem de alta velocidade do mundo e desenvolvemos projeto piloto de comercializa\u00e7\u00e3o conjunta de trem e avi\u00e3o&#8221;, ressaltou o embaixador.<\/p>\n<p>Para Hermoso, a gest\u00e3o aeroportu\u00e1ria \u00e9 fundamental para um pa\u00eds continental como o Brasil, que precisa de um sistema eficiente. &#8220;Acreditamos na lideran\u00e7a que o Brasil tem na \u00e1rea. Por isso, estamos aqui para mostrar nossa experi\u00eancia e colaborar com a forma\u00e7\u00e3o das pessoas. Acreditamos no desenvolvimento dessa pol\u00edtica, que \u00e9 necess\u00e1ria para o pa\u00eds\u201d, salientou.<\/p>\n<p>Conforme o embaixador, 65% dos voos comerciais no mundo utilizam sistema de controle espanhol. Observou que a Aena \u00e9 a maior operadora aeroportu\u00e1ria do mundo, gerenciando 46 aeroportos e dois heliportos na Espanha. Tamb\u00e9m participa, direta e indiretamente, da ger\u00eancia de outros 15 aeroportos no mundo. O mais importante \u00e9 o Aeroporto de Luton, em Londres. Acrescentou que outras gerenciadoras espanholas operam grandes aeroportos em todo mundo, destacando os de Heathrow, de Glasgow e de Aberdeen, no Reino Unido.<\/p>\n<p>Para Moreira Franco, a pol\u00edtica de fortalecimento dos terminais regionais \u00e9 consequ\u00eancia natural das concess\u00f5es feitas em grandes aeroportos. \u201cO objetivo \u00e9 permitir que 96% dos brasileiros tenham um aeroporto a menos de 100 quil\u00f4metros de onde esteja. \u00c9 claro que alguns s\u00e3o mais estrat\u00e9gicos que outros, como os localizados na Amaz\u00f4nia, onde, pela configura\u00e7\u00e3o da regi\u00e3o, jamais teremos rodovias e ferrovias\u201d, finalizou.<\/p>\n<p style=\"text-align: right;\">Fonte: Ag\u00eancia Brasil<br \/>\n29\/09\/2014<\/p>\n","protected":false},"excerpt":{"rendered":"<p>A Secretaria de Avia\u00e7\u00e3o Civil (SAC) realiza nos dias 29 e 30\/09, o semin\u00e1rio para conhecer a experi\u00eancia espanhola em gest\u00e3o de aeroportos regionais e para antecipar desafios que o pa\u00eds enfrentar\u00e1 nessa \u00e1rea. Segundo o ministro da SAC, Moreira Franco, a Espanha tem grande experi\u00eancia em avia\u00e7\u00e3o regional. \u201cEles conseguiram, por exemplo, montar uma [&hellip;]<\/p>\n","protected":false},"author":18,"featured_media":0,"comment_status":"closed","ping_status":"closed","sticky":false,"template":"","format":"standard","meta":{"footnotes":""},"categories":[],"tags":[],"class_list":["post-1590","post","type-post","status-publish","format-standard","hentry"],"yoast_head":"<!-- This site is optimized with the Yoast SEO plugin v26.5 - https:\/\/yoast.com\/wordpress\/plugins\/seo\/ -->\n<title>Espanha \u00e9 refer\u00eancia para o Brasil na gest\u00e3o de aeroportos regionais - Abesata<\/title>\n<meta name=\"robots\" content=\"index, follow, max-snippet:-1, max-image-preview:large, max-video-preview:-1\" \/>\n<link rel=\"canonical\" href=\"https:\/\/www.abesata.org\/br\/espanha-e-referencia-para-o-brasil-na-gestao-de-aeroportos-regionais\/\" \/>\n<meta property=\"og:locale\" content=\"pt_BR\" \/>\n<meta property=\"og:type\" content=\"article\" \/>\n<meta property=\"og:title\" content=\"Espanha \u00e9 refer\u00eancia para o Brasil na gest\u00e3o de aeroportos regionais - Abesata\" \/>\n<meta property=\"og:description\" content=\"A Secretaria de Avia\u00e7\u00e3o Civil (SAC) realiza nos dias 29 e 30\/09, o semin\u00e1rio para conhecer a experi\u00eancia espanhola em gest\u00e3o de aeroportos regionais e para antecipar desafios que o pa\u00eds enfrentar\u00e1 nessa \u00e1rea. Segundo o ministro da SAC, Moreira Franco, a Espanha tem grande experi\u00eancia em avia\u00e7\u00e3o regional. \u201cEles conseguiram, por exemplo, montar uma [&hellip;]\" \/>\n<meta property=\"og:url\" content=\"https:\/\/www.abesata.org\/br\/espanha-e-referencia-para-o-brasil-na-gestao-de-aeroportos-regionais\/\" \/>\n<meta property=\"og:site_name\" content=\"Abesata\" \/>\n<meta property=\"article:publisher\" content=\"https:\/\/www.facebook.com\/abesata.org\/\" \/>\n<meta property=\"article:published_time\" content=\"2014-09-30T21:20:32+00:00\" \/>\n<meta property=\"article:modified_time\" content=\"2014-10-01T14:43:21+00:00\" \/>\n<meta name=\"author\" content=\"Ricardo\" \/>\n<meta name=\"twitter:card\" content=\"summary_large_image\" \/>\n<meta name=\"twitter:label1\" content=\"Escrito por\" \/>\n\t<meta name=\"twitter:data1\" content=\"Ricardo\" \/>\n\t<meta name=\"twitter:label2\" content=\"Est. tempo de leitura\" \/>\n\t<meta name=\"twitter:data2\" content=\"2 minutos\" \/>\n<script type=\"application\/ld+json\" class=\"yoast-schema-graph\">{\"@context\":\"https:\/\/schema.org\",\"@graph\":[{\"@type\":\"Article\",\"@id\":\"https:\/\/www.abesata.org\/br\/espanha-e-referencia-para-o-brasil-na-gestao-de-aeroportos-regionais\/#article\",\"isPartOf\":{\"@id\":\"https:\/\/www.abesata.org\/br\/espanha-e-referencia-para-o-brasil-na-gestao-de-aeroportos-regionais\/\"},\"author\":{\"name\":\"Ricardo\",\"@id\":\"https:\/\/www.abesata.org\/br\/#\/schema\/person\/1f1295145bee68e42ffe39157320456b\"},\"headline\":\"Espanha \u00e9 refer\u00eancia para o Brasil na gest\u00e3o de aeroportos regionais\",\"datePublished\":\"2014-09-30T21:20:32+00:00\",\"dateModified\":\"2014-10-01T14:43:21+00:00\",\"mainEntityOfPage\":{\"@id\":\"https:\/\/www.abesata.org\/br\/espanha-e-referencia-para-o-brasil-na-gestao-de-aeroportos-regionais\/\"},\"wordCount\":418,\"publisher\":{\"@id\":\"https:\/\/www.abesata.org\/br\/#organization\"},\"inLanguage\":\"pt-BR\"},{\"@type\":\"WebPage\",\"@id\":\"https:\/\/www.abesata.org\/br\/espanha-e-referencia-para-o-brasil-na-gestao-de-aeroportos-regionais\/\",\"url\":\"https:\/\/www.abesata.org\/br\/espanha-e-referencia-para-o-brasil-na-gestao-de-aeroportos-regionais\/\",\"name\":\"Espanha \u00e9 refer\u00eancia para o Brasil na gest\u00e3o de aeroportos regionais - Abesata\",\"isPartOf\":{\"@id\":\"https:\/\/www.abesata.org\/br\/#website\"},\"datePublished\":\"2014-09-30T21:20:32+00:00\",\"dateModified\":\"2014-10-01T14:43:21+00:00\",\"breadcrumb\":{\"@id\":\"https:\/\/www.abesata.org\/br\/espanha-e-referencia-para-o-brasil-na-gestao-de-aeroportos-regionais\/#breadcrumb\"},\"inLanguage\":\"pt-BR\",\"potentialAction\":[{\"@type\":\"ReadAction\",\"target\":[\"https:\/\/www.abesata.org\/br\/espanha-e-referencia-para-o-brasil-na-gestao-de-aeroportos-regionais\/\"]}]},{\"@type\":\"BreadcrumbList\",\"@id\":\"https:\/\/www.abesata.org\/br\/espanha-e-referencia-para-o-brasil-na-gestao-de-aeroportos-regionais\/#breadcrumb\",\"itemListElement\":[{\"@type\":\"ListItem\",\"position\":1,\"name\":\"In\u00edcio\",\"item\":\"https:\/\/www.abesata.org\/br\/\"},{\"@type\":\"ListItem\",\"position\":2,\"name\":\"Espanha \u00e9 refer\u00eancia para o Brasil na gest\u00e3o de aeroportos regionais\"}]},{\"@type\":\"WebSite\",\"@id\":\"https:\/\/www.abesata.org\/br\/#website\",\"url\":\"https:\/\/www.abesata.org\/br\/\",\"name\":\"Abesata\",\"description\":\"Associa\u00e7\u00e3o Brasileira das Empresas de Servi\u00e7os Auxiliares de Transporte A\u00e9reo\",\"publisher\":{\"@id\":\"https:\/\/www.abesata.org\/br\/#organization\"},\"potentialAction\":[{\"@type\":\"SearchAction\",\"target\":{\"@type\":\"EntryPoint\",\"urlTemplate\":\"https:\/\/www.abesata.org\/br\/?s={search_term_string}\"},\"query-input\":{\"@type\":\"PropertyValueSpecification\",\"valueRequired\":true,\"valueName\":\"search_term_string\"}}],\"inLanguage\":\"pt-BR\"},{\"@type\":\"Organization\",\"@id\":\"https:\/\/www.abesata.org\/br\/#organization\",\"name\":\"Associa\u00e7\u00e3o Brasileira das Empresas de Servi\u00e7os Auxiliares de Transporte A\u00e9reo\",\"alternateName\":\"Abesata\",\"url\":\"https:\/\/www.abesata.org\/br\/\",\"logo\":{\"@type\":\"ImageObject\",\"inLanguage\":\"pt-BR\",\"@id\":\"https:\/\/www.abesata.org\/br\/#\/schema\/logo\/image\/\",\"url\":\"https:\/\/www.abesata.org\/br\/wp-content\/uploads\/2023\/10\/Abesata.png\",\"contentUrl\":\"https:\/\/www.abesata.org\/br\/wp-content\/uploads\/2023\/10\/Abesata.png\",\"width\":1063,\"height\":591,\"caption\":\"Associa\u00e7\u00e3o Brasileira das Empresas de Servi\u00e7os Auxiliares de Transporte A\u00e9reo\"},\"image\":{\"@id\":\"https:\/\/www.abesata.org\/br\/#\/schema\/logo\/image\/\"},\"sameAs\":[\"https:\/\/www.facebook.com\/abesata.org\/\",\"https:\/\/www.instagram.com\/abesata_gh\/\",\"https:\/\/br.linkedin.com\/company\/abesata\"]},{\"@type\":\"Person\",\"@id\":\"https:\/\/www.abesata.org\/br\/#\/schema\/person\/1f1295145bee68e42ffe39157320456b\",\"name\":\"Ricardo\",\"image\":{\"@type\":\"ImageObject\",\"inLanguage\":\"pt-BR\",\"@id\":\"https:\/\/www.abesata.org\/br\/#\/schema\/person\/image\/\",\"url\":\"https:\/\/secure.gravatar.com\/avatar\/1d856797eb89513dee321f840c1a6bbcec15beb178c003e50adcf59323b3a8a9?s=96&d=mm&r=g\",\"contentUrl\":\"https:\/\/secure.gravatar.com\/avatar\/1d856797eb89513dee321f840c1a6bbcec15beb178c003e50adcf59323b3a8a9?s=96&d=mm&r=g\",\"caption\":\"Ricardo\"},\"url\":\"https:\/\/www.abesata.org\/br\/author\/ricardo-baroni\/\"}]}<\/script>\n<!-- \/ Yoast SEO plugin. -->","yoast_head_json":{"title":"Espanha \u00e9 refer\u00eancia para o Brasil na gest\u00e3o de aeroportos regionais - Abesata","robots":{"index":"index","follow":"follow","max-snippet":"max-snippet:-1","max-image-preview":"max-image-preview:large","max-video-preview":"max-video-preview:-1"},"canonical":"https:\/\/www.abesata.org\/br\/espanha-e-referencia-para-o-brasil-na-gestao-de-aeroportos-regionais\/","og_locale":"pt_BR","og_type":"article","og_title":"Espanha \u00e9 refer\u00eancia para o Brasil na gest\u00e3o de aeroportos regionais - Abesata","og_description":"A Secretaria de Avia\u00e7\u00e3o Civil (SAC) realiza nos dias 29 e 30\/09, o semin\u00e1rio para conhecer a experi\u00eancia espanhola em gest\u00e3o de aeroportos regionais e para antecipar desafios que o pa\u00eds enfrentar\u00e1 nessa \u00e1rea. Segundo o ministro da SAC, Moreira Franco, a Espanha tem grande experi\u00eancia em avia\u00e7\u00e3o regional. \u201cEles conseguiram, por exemplo, montar uma [&hellip;]","og_url":"https:\/\/www.abesata.org\/br\/espanha-e-referencia-para-o-brasil-na-gestao-de-aeroportos-regionais\/","og_site_name":"Abesata","article_publisher":"https:\/\/www.facebook.com\/abesata.org\/","article_published_time":"2014-09-30T21:20:32+00:00","article_modified_time":"2014-10-01T14:43:21+00:00","author":"Ricardo","twitter_card":"summary_large_image","twitter_misc":{"Escrito por":"Ricardo","Est. tempo de leitura":"2 minutos"},"schema":{"@context":"https:\/\/schema.org","@graph":[{"@type":"Article","@id":"https:\/\/www.abesata.org\/br\/espanha-e-referencia-para-o-brasil-na-gestao-de-aeroportos-regionais\/#article","isPartOf":{"@id":"https:\/\/www.abesata.org\/br\/espanha-e-referencia-para-o-brasil-na-gestao-de-aeroportos-regionais\/"},"author":{"name":"Ricardo","@id":"https:\/\/www.abesata.org\/br\/#\/schema\/person\/1f1295145bee68e42ffe39157320456b"},"headline":"Espanha \u00e9 refer\u00eancia para o Brasil na gest\u00e3o de aeroportos regionais","datePublished":"2014-09-30T21:20:32+00:00","dateModified":"2014-10-01T14:43:21+00:00","mainEntityOfPage":{"@id":"https:\/\/www.abesata.org\/br\/espanha-e-referencia-para-o-brasil-na-gestao-de-aeroportos-regionais\/"},"wordCount":418,"publisher":{"@id":"https:\/\/www.abesata.org\/br\/#organization"},"inLanguage":"pt-BR"},{"@type":"WebPage","@id":"https:\/\/www.abesata.org\/br\/espanha-e-referencia-para-o-brasil-na-gestao-de-aeroportos-regionais\/","url":"https:\/\/www.abesata.org\/br\/espanha-e-referencia-para-o-brasil-na-gestao-de-aeroportos-regionais\/","name":"Espanha \u00e9 refer\u00eancia para o Brasil na gest\u00e3o de aeroportos regionais - Abesata","isPartOf":{"@id":"https:\/\/www.abesata.org\/br\/#website"},"datePublished":"2014-09-30T21:20:32+00:00","dateModified":"2014-10-01T14:43:21+00:00","breadcrumb":{"@id":"https:\/\/www.abesata.org\/br\/espanha-e-referencia-para-o-brasil-na-gestao-de-aeroportos-regionais\/#breadcrumb"},"inLanguage":"pt-BR","potentialAction":[{"@type":"ReadAction","target":["https:\/\/www.abesata.org\/br\/espanha-e-referencia-para-o-brasil-na-gestao-de-aeroportos-regionais\/"]}]},{"@type":"BreadcrumbList","@id":"https:\/\/www.abesata.org\/br\/espanha-e-referencia-para-o-brasil-na-gestao-de-aeroportos-regionais\/#breadcrumb","itemListElement":[{"@type":"ListItem","position":1,"name":"In\u00edcio","item":"https:\/\/www.abesata.org\/br\/"},{"@type":"ListItem","position":2,"name":"Espanha \u00e9 refer\u00eancia para o Brasil na gest\u00e3o de aeroportos regionais"}]},{"@type":"WebSite","@id":"https:\/\/www.abesata.org\/br\/#website","url":"https:\/\/www.abesata.org\/br\/","name":"Abesata","description":"Associa\u00e7\u00e3o Brasileira das Empresas de Servi\u00e7os Auxiliares de Transporte A\u00e9reo","publisher":{"@id":"https:\/\/www.abesata.org\/br\/#organization"},"potentialAction":[{"@type":"SearchAction","target":{"@type":"EntryPoint","urlTemplate":"https:\/\/www.abesata.org\/br\/?s={search_term_string}"},"query-input":{"@type":"PropertyValueSpecification","valueRequired":true,"valueName":"search_term_string"}}],"inLanguage":"pt-BR"},{"@type":"Organization","@id":"https:\/\/www.abesata.org\/br\/#organization","name":"Associa\u00e7\u00e3o Brasileira das Empresas de Servi\u00e7os Auxiliares de Transporte A\u00e9reo","alternateName":"Abesata","url":"https:\/\/www.abesata.org\/br\/","logo":{"@type":"ImageObject","inLanguage":"pt-BR","@id":"https:\/\/www.abesata.org\/br\/#\/schema\/logo\/image\/","url":"https:\/\/www.abesata.org\/br\/wp-content\/uploads\/2023\/10\/Abesata.png","contentUrl":"https:\/\/www.abesata.org\/br\/wp-content\/uploads\/2023\/10\/Abesata.png","width":1063,"height":591,"caption":"Associa\u00e7\u00e3o Brasileira das Empresas de Servi\u00e7os Auxiliares de Transporte A\u00e9reo"},"image":{"@id":"https:\/\/www.abesata.org\/br\/#\/schema\/logo\/image\/"},"sameAs":["https:\/\/www.facebook.com\/abesata.org\/","https:\/\/www.instagram.com\/abesata_gh\/","https:\/\/br.linkedin.com\/company\/abesata"]},{"@type":"Person","@id":"https:\/\/www.abesata.org\/br\/#\/schema\/person\/1f1295145bee68e42ffe39157320456b","name":"Ricardo","image":{"@type":"ImageObject","inLanguage":"pt-BR","@id":"https:\/\/www.abesata.org\/br\/#\/schema\/person\/image\/","url":"https:\/\/secure.gravatar.com\/avatar\/1d856797eb89513dee321f840c1a6bbcec15beb178c003e50adcf59323b3a8a9?s=96&d=mm&r=g","contentUrl":"https:\/\/secure.gravatar.com\/avatar\/1d856797eb89513dee321f840c1a6bbcec15beb178c003e50adcf59323b3a8a9?s=96&d=mm&r=g","caption":"Ricardo"},"url":"https:\/\/www.abesata.org\/br\/author\/ricardo-baroni\/"}]}},"_links":{"self":[{"href":"https:\/\/www.abesata.org\/br\/wp-json\/wp\/v2\/posts\/1590","targetHints":{"allow":["GET"]}}],"collection":[{"href":"https:\/\/www.abesata.org\/br\/wp-json\/wp\/v2\/posts"}],"about":[{"href":"https:\/\/www.abesata.org\/br\/wp-json\/wp\/v2\/types\/post"}],"author":[{"embeddable":true,"href":"https:\/\/www.abesata.org\/br\/wp-json\/wp\/v2\/users\/18"}],"replies":[{"embeddable":true,"href":"https:\/\/www.abesata.org\/br\/wp-json\/wp\/v2\/comments?post=1590"}],"version-history":[{"count":0,"href":"https:\/\/www.abesata.org\/br\/wp-json\/wp\/v2\/posts\/1590\/revisions"}],"wp:attachment":[{"href":"https:\/\/www.abesata.org\/br\/wp-json\/wp\/v2\/media?parent=1590"}],"wp:term":[{"taxonomy":"category","embeddable":true,"href":"https:\/\/www.abesata.org\/br\/wp-json\/wp\/v2\/categories?post=1590"},{"taxonomy":"post_tag","embeddable":true,"href":"https:\/\/www.abesata.org\/br\/wp-json\/wp\/v2\/tags?post=1590"}],"curies":[{"name":"wp","href":"https:\/\/api.w.org\/{rel}","templated":true}]}}