{"id":15973,"date":"2023-07-07T17:39:41","date_gmt":"2023-07-07T17:39:41","guid":{"rendered":"http:\/\/www.abesata.org\/br\/?p=15973"},"modified":"2023-07-07T17:39:43","modified_gmt":"2023-07-07T17:39:43","slug":"reforma-tributaria-o-povo-brasileiro-nao-pode-ser-excluido-do-transporte-aereo","status":"publish","type":"post","link":"https:\/\/www.abesata.org\/br\/reforma-tributaria-o-povo-brasileiro-nao-pode-ser-excluido-do-transporte-aereo\/","title":{"rendered":"Reforma tribut\u00e1ria: O povo brasileiro n\u00e3o pode ser exclu\u00eddo do transporte a\u00e9reo"},"content":{"rendered":"\n<p>A import\u00e2ncia da neutralidade de tributos para o setor a\u00e9reo \u00e9 algo que o segmento tem destacado desde as primeiras discuss\u00f5es sobre a reforma tribut\u00e1ria. Agora, com a aprova\u00e7\u00e3o na C\u00e2mara dos Deputados nessa quinta-feira (6), a ABEAR &#8211; Associa\u00e7\u00e3o Brasileira das Empresas A\u00e9reas, a Abesata e as demais associa\u00e7\u00f5es advertem sobre a import\u00e2ncia de um texto ison\u00f4mico, que garanta a inclus\u00e3o do transporte a\u00e9reo no rol de transportes.<\/p>\n\n\n\n<p>De acordo com o parecer publicado ontem (06\/07) pela C\u00e2mara, a avia\u00e7\u00e3o \u00e9 considerada, no texto-base da reforma tribut\u00e1ria, como estando dentro da chamada &#8220;al\u00edquota cheia&#8221;. Isso representa um imposto \u00fanico, com carga estimada de 25%. O peso desses impostos \u00e9 insustent\u00e1vel para as empresas, pois assim elas ver\u00e3o um incremento m\u00e9dio de impostos a serem pagos de R$3 bilh\u00f5es para R$3,7 bilh\u00f5es.<\/p>\n\n\n\n<p>O Brasil \u00e9 um pa\u00eds que quer democratizar a avia\u00e7\u00e3o. Isso significa que o setor a\u00e9reo n\u00e3o pode receber um tratamento tribut\u00e1rio diferente das demais formas de transporte. A oportunidade de promover um modelo tribut\u00e1rio equilibrado entre os setores de transportes n\u00e3o \u00e9 algo que se possa deixar passar.<\/p>\n\n\n\n<p>Fonte: ABEAR<\/p>\n","protected":false},"excerpt":{"rendered":"<p>A import\u00e2ncia da neutralidade de tributos para o setor a\u00e9reo \u00e9 algo que o segmento tem destacado desde as primeiras discuss\u00f5es sobre a reforma tribut\u00e1ria. Agora, com a aprova\u00e7\u00e3o na C\u00e2mara dos Deputados nessa quinta-feira (6), a ABEAR &#8211; Associa\u00e7\u00e3o Brasileira das Empresas A\u00e9reas, a Abesata e as demais associa\u00e7\u00f5es advertem sobre a import\u00e2ncia de [&hellip;]<\/p>\n","protected":false},"author":135,"featured_media":0,"comment_status":"closed","ping_status":"open","sticky":false,"template":"","format":"standard","meta":{"footnotes":""},"categories":[1],"tags":[],"class_list":["post-15973","post","type-post","status-publish","format-standard","hentry","category-uncategorized"],"yoast_head":"<!-- This site is optimized with the Yoast SEO plugin v26.5 - https:\/\/yoast.com\/wordpress\/plugins\/seo\/ -->\n<title>Reforma tribut\u00e1ria: O povo brasileiro n\u00e3o pode ser exclu\u00eddo do transporte a\u00e9reo - Abesata<\/title>\n<meta name=\"robots\" content=\"index, follow, max-snippet:-1, max-image-preview:large, max-video-preview:-1\" \/>\n<link rel=\"canonical\" href=\"https:\/\/www.abesata.org\/br\/reforma-tributaria-o-povo-brasileiro-nao-pode-ser-excluido-do-transporte-aereo\/\" \/>\n<meta property=\"og:locale\" content=\"pt_BR\" \/>\n<meta property=\"og:type\" content=\"article\" \/>\n<meta property=\"og:title\" content=\"Reforma tribut\u00e1ria: O povo brasileiro n\u00e3o pode ser exclu\u00eddo do transporte a\u00e9reo - Abesata\" \/>\n<meta property=\"og:description\" content=\"A import\u00e2ncia da neutralidade de tributos para o setor a\u00e9reo \u00e9 algo que o segmento tem destacado desde as primeiras discuss\u00f5es sobre a reforma tribut\u00e1ria. Agora, com a aprova\u00e7\u00e3o na C\u00e2mara dos Deputados nessa quinta-feira (6), a ABEAR &#8211; Associa\u00e7\u00e3o Brasileira das Empresas A\u00e9reas, a Abesata e as demais associa\u00e7\u00f5es advertem sobre a import\u00e2ncia de [&hellip;]\" \/>\n<meta property=\"og:url\" content=\"https:\/\/www.abesata.org\/br\/reforma-tributaria-o-povo-brasileiro-nao-pode-ser-excluido-do-transporte-aereo\/\" \/>\n<meta property=\"og:site_name\" content=\"Abesata\" \/>\n<meta property=\"article:publisher\" content=\"https:\/\/www.facebook.com\/abesata.org\/\" \/>\n<meta property=\"article:published_time\" content=\"2023-07-07T17:39:41+00:00\" \/>\n<meta property=\"article:modified_time\" content=\"2023-07-07T17:39:43+00:00\" \/>\n<meta name=\"author\" content=\"Henrique Santana\" \/>\n<meta name=\"twitter:card\" content=\"summary_large_image\" \/>\n<meta name=\"twitter:label1\" content=\"Escrito por\" \/>\n\t<meta name=\"twitter:data1\" content=\"Henrique Santana\" \/>\n\t<meta name=\"twitter:label2\" content=\"Est. tempo de leitura\" \/>\n\t<meta name=\"twitter:data2\" content=\"1 minuto\" \/>\n<script type=\"application\/ld+json\" class=\"yoast-schema-graph\">{\"@context\":\"https:\/\/schema.org\",\"@graph\":[{\"@type\":\"Article\",\"@id\":\"https:\/\/www.abesata.org\/br\/reforma-tributaria-o-povo-brasileiro-nao-pode-ser-excluido-do-transporte-aereo\/#article\",\"isPartOf\":{\"@id\":\"https:\/\/www.abesata.org\/br\/reforma-tributaria-o-povo-brasileiro-nao-pode-ser-excluido-do-transporte-aereo\/\"},\"author\":{\"name\":\"Henrique Santana\",\"@id\":\"https:\/\/www.abesata.org\/br\/#\/schema\/person\/9ea6d4cad1253eb9fd0f7cc28c4306da\"},\"headline\":\"Reforma tribut\u00e1ria: O povo brasileiro n\u00e3o pode ser exclu\u00eddo do transporte a\u00e9reo\",\"datePublished\":\"2023-07-07T17:39:41+00:00\",\"dateModified\":\"2023-07-07T17:39:43+00:00\",\"mainEntityOfPage\":{\"@id\":\"https:\/\/www.abesata.org\/br\/reforma-tributaria-o-povo-brasileiro-nao-pode-ser-excluido-do-transporte-aereo\/\"},\"wordCount\":220,\"publisher\":{\"@id\":\"https:\/\/www.abesata.org\/br\/#organization\"},\"articleSection\":[\"Uncategorized\"],\"inLanguage\":\"pt-BR\"},{\"@type\":\"WebPage\",\"@id\":\"https:\/\/www.abesata.org\/br\/reforma-tributaria-o-povo-brasileiro-nao-pode-ser-excluido-do-transporte-aereo\/\",\"url\":\"https:\/\/www.abesata.org\/br\/reforma-tributaria-o-povo-brasileiro-nao-pode-ser-excluido-do-transporte-aereo\/\",\"name\":\"Reforma tribut\u00e1ria: O povo brasileiro n\u00e3o pode ser exclu\u00eddo do transporte a\u00e9reo - Abesata\",\"isPartOf\":{\"@id\":\"https:\/\/www.abesata.org\/br\/#website\"},\"datePublished\":\"2023-07-07T17:39:41+00:00\",\"dateModified\":\"2023-07-07T17:39:43+00:00\",\"breadcrumb\":{\"@id\":\"https:\/\/www.abesata.org\/br\/reforma-tributaria-o-povo-brasileiro-nao-pode-ser-excluido-do-transporte-aereo\/#breadcrumb\"},\"inLanguage\":\"pt-BR\",\"potentialAction\":[{\"@type\":\"ReadAction\",\"target\":[\"https:\/\/www.abesata.org\/br\/reforma-tributaria-o-povo-brasileiro-nao-pode-ser-excluido-do-transporte-aereo\/\"]}]},{\"@type\":\"BreadcrumbList\",\"@id\":\"https:\/\/www.abesata.org\/br\/reforma-tributaria-o-povo-brasileiro-nao-pode-ser-excluido-do-transporte-aereo\/#breadcrumb\",\"itemListElement\":[{\"@type\":\"ListItem\",\"position\":1,\"name\":\"In\u00edcio\",\"item\":\"https:\/\/www.abesata.org\/br\/\"},{\"@type\":\"ListItem\",\"position\":2,\"name\":\"Reforma tribut\u00e1ria: O povo brasileiro n\u00e3o pode ser exclu\u00eddo do transporte a\u00e9reo\"}]},{\"@type\":\"WebSite\",\"@id\":\"https:\/\/www.abesata.org\/br\/#website\",\"url\":\"https:\/\/www.abesata.org\/br\/\",\"name\":\"Abesata\",\"description\":\"Associa\u00e7\u00e3o Brasileira das Empresas de Servi\u00e7os Auxiliares de Transporte A\u00e9reo\",\"publisher\":{\"@id\":\"https:\/\/www.abesata.org\/br\/#organization\"},\"potentialAction\":[{\"@type\":\"SearchAction\",\"target\":{\"@type\":\"EntryPoint\",\"urlTemplate\":\"https:\/\/www.abesata.org\/br\/?s={search_term_string}\"},\"query-input\":{\"@type\":\"PropertyValueSpecification\",\"valueRequired\":true,\"valueName\":\"search_term_string\"}}],\"inLanguage\":\"pt-BR\"},{\"@type\":\"Organization\",\"@id\":\"https:\/\/www.abesata.org\/br\/#organization\",\"name\":\"Associa\u00e7\u00e3o Brasileira das Empresas de Servi\u00e7os Auxiliares de Transporte A\u00e9reo\",\"alternateName\":\"Abesata\",\"url\":\"https:\/\/www.abesata.org\/br\/\",\"logo\":{\"@type\":\"ImageObject\",\"inLanguage\":\"pt-BR\",\"@id\":\"https:\/\/www.abesata.org\/br\/#\/schema\/logo\/image\/\",\"url\":\"https:\/\/www.abesata.org\/br\/wp-content\/uploads\/2023\/10\/Abesata.png\",\"contentUrl\":\"https:\/\/www.abesata.org\/br\/wp-content\/uploads\/2023\/10\/Abesata.png\",\"width\":1063,\"height\":591,\"caption\":\"Associa\u00e7\u00e3o Brasileira das Empresas de Servi\u00e7os Auxiliares de Transporte A\u00e9reo\"},\"image\":{\"@id\":\"https:\/\/www.abesata.org\/br\/#\/schema\/logo\/image\/\"},\"sameAs\":[\"https:\/\/www.facebook.com\/abesata.org\/\",\"https:\/\/www.instagram.com\/abesata_gh\/\",\"https:\/\/br.linkedin.com\/company\/abesata\"]},{\"@type\":\"Person\",\"@id\":\"https:\/\/www.abesata.org\/br\/#\/schema\/person\/9ea6d4cad1253eb9fd0f7cc28c4306da\",\"name\":\"Henrique Santana\",\"image\":{\"@type\":\"ImageObject\",\"inLanguage\":\"pt-BR\",\"@id\":\"https:\/\/www.abesata.org\/br\/#\/schema\/person\/image\/\",\"url\":\"https:\/\/secure.gravatar.com\/avatar\/d38ee0ca5c04b216d163c4ecd115e6174ba1c9174252c48fc8d30cf2dc7f0b25?s=96&d=mm&r=g\",\"contentUrl\":\"https:\/\/secure.gravatar.com\/avatar\/d38ee0ca5c04b216d163c4ecd115e6174ba1c9174252c48fc8d30cf2dc7f0b25?s=96&d=mm&r=g\",\"caption\":\"Henrique Santana\"},\"url\":\"https:\/\/www.abesata.org\/br\/author\/henrique-santana\/\"}]}<\/script>\n<!-- \/ Yoast SEO plugin. -->","yoast_head_json":{"title":"Reforma tribut\u00e1ria: O povo brasileiro n\u00e3o pode ser exclu\u00eddo do transporte a\u00e9reo - Abesata","robots":{"index":"index","follow":"follow","max-snippet":"max-snippet:-1","max-image-preview":"max-image-preview:large","max-video-preview":"max-video-preview:-1"},"canonical":"https:\/\/www.abesata.org\/br\/reforma-tributaria-o-povo-brasileiro-nao-pode-ser-excluido-do-transporte-aereo\/","og_locale":"pt_BR","og_type":"article","og_title":"Reforma tribut\u00e1ria: O povo brasileiro n\u00e3o pode ser exclu\u00eddo do transporte a\u00e9reo - Abesata","og_description":"A import\u00e2ncia da neutralidade de tributos para o setor a\u00e9reo \u00e9 algo que o segmento tem destacado desde as primeiras discuss\u00f5es sobre a reforma tribut\u00e1ria. Agora, com a aprova\u00e7\u00e3o na C\u00e2mara dos Deputados nessa quinta-feira (6), a ABEAR &#8211; Associa\u00e7\u00e3o Brasileira das Empresas A\u00e9reas, a Abesata e as demais associa\u00e7\u00f5es advertem sobre a import\u00e2ncia de [&hellip;]","og_url":"https:\/\/www.abesata.org\/br\/reforma-tributaria-o-povo-brasileiro-nao-pode-ser-excluido-do-transporte-aereo\/","og_site_name":"Abesata","article_publisher":"https:\/\/www.facebook.com\/abesata.org\/","article_published_time":"2023-07-07T17:39:41+00:00","article_modified_time":"2023-07-07T17:39:43+00:00","author":"Henrique Santana","twitter_card":"summary_large_image","twitter_misc":{"Escrito por":"Henrique Santana","Est. tempo de leitura":"1 minuto"},"schema":{"@context":"https:\/\/schema.org","@graph":[{"@type":"Article","@id":"https:\/\/www.abesata.org\/br\/reforma-tributaria-o-povo-brasileiro-nao-pode-ser-excluido-do-transporte-aereo\/#article","isPartOf":{"@id":"https:\/\/www.abesata.org\/br\/reforma-tributaria-o-povo-brasileiro-nao-pode-ser-excluido-do-transporte-aereo\/"},"author":{"name":"Henrique Santana","@id":"https:\/\/www.abesata.org\/br\/#\/schema\/person\/9ea6d4cad1253eb9fd0f7cc28c4306da"},"headline":"Reforma tribut\u00e1ria: O povo brasileiro n\u00e3o pode ser exclu\u00eddo do transporte a\u00e9reo","datePublished":"2023-07-07T17:39:41+00:00","dateModified":"2023-07-07T17:39:43+00:00","mainEntityOfPage":{"@id":"https:\/\/www.abesata.org\/br\/reforma-tributaria-o-povo-brasileiro-nao-pode-ser-excluido-do-transporte-aereo\/"},"wordCount":220,"publisher":{"@id":"https:\/\/www.abesata.org\/br\/#organization"},"articleSection":["Uncategorized"],"inLanguage":"pt-BR"},{"@type":"WebPage","@id":"https:\/\/www.abesata.org\/br\/reforma-tributaria-o-povo-brasileiro-nao-pode-ser-excluido-do-transporte-aereo\/","url":"https:\/\/www.abesata.org\/br\/reforma-tributaria-o-povo-brasileiro-nao-pode-ser-excluido-do-transporte-aereo\/","name":"Reforma tribut\u00e1ria: O povo brasileiro n\u00e3o pode ser exclu\u00eddo do transporte a\u00e9reo - Abesata","isPartOf":{"@id":"https:\/\/www.abesata.org\/br\/#website"},"datePublished":"2023-07-07T17:39:41+00:00","dateModified":"2023-07-07T17:39:43+00:00","breadcrumb":{"@id":"https:\/\/www.abesata.org\/br\/reforma-tributaria-o-povo-brasileiro-nao-pode-ser-excluido-do-transporte-aereo\/#breadcrumb"},"inLanguage":"pt-BR","potentialAction":[{"@type":"ReadAction","target":["https:\/\/www.abesata.org\/br\/reforma-tributaria-o-povo-brasileiro-nao-pode-ser-excluido-do-transporte-aereo\/"]}]},{"@type":"BreadcrumbList","@id":"https:\/\/www.abesata.org\/br\/reforma-tributaria-o-povo-brasileiro-nao-pode-ser-excluido-do-transporte-aereo\/#breadcrumb","itemListElement":[{"@type":"ListItem","position":1,"name":"In\u00edcio","item":"https:\/\/www.abesata.org\/br\/"},{"@type":"ListItem","position":2,"name":"Reforma tribut\u00e1ria: O povo brasileiro n\u00e3o pode ser exclu\u00eddo do transporte a\u00e9reo"}]},{"@type":"WebSite","@id":"https:\/\/www.abesata.org\/br\/#website","url":"https:\/\/www.abesata.org\/br\/","name":"Abesata","description":"Associa\u00e7\u00e3o Brasileira das Empresas de Servi\u00e7os Auxiliares de Transporte A\u00e9reo","publisher":{"@id":"https:\/\/www.abesata.org\/br\/#organization"},"potentialAction":[{"@type":"SearchAction","target":{"@type":"EntryPoint","urlTemplate":"https:\/\/www.abesata.org\/br\/?s={search_term_string}"},"query-input":{"@type":"PropertyValueSpecification","valueRequired":true,"valueName":"search_term_string"}}],"inLanguage":"pt-BR"},{"@type":"Organization","@id":"https:\/\/www.abesata.org\/br\/#organization","name":"Associa\u00e7\u00e3o Brasileira das Empresas de Servi\u00e7os Auxiliares de Transporte A\u00e9reo","alternateName":"Abesata","url":"https:\/\/www.abesata.org\/br\/","logo":{"@type":"ImageObject","inLanguage":"pt-BR","@id":"https:\/\/www.abesata.org\/br\/#\/schema\/logo\/image\/","url":"https:\/\/www.abesata.org\/br\/wp-content\/uploads\/2023\/10\/Abesata.png","contentUrl":"https:\/\/www.abesata.org\/br\/wp-content\/uploads\/2023\/10\/Abesata.png","width":1063,"height":591,"caption":"Associa\u00e7\u00e3o Brasileira das Empresas de Servi\u00e7os Auxiliares de Transporte A\u00e9reo"},"image":{"@id":"https:\/\/www.abesata.org\/br\/#\/schema\/logo\/image\/"},"sameAs":["https:\/\/www.facebook.com\/abesata.org\/","https:\/\/www.instagram.com\/abesata_gh\/","https:\/\/br.linkedin.com\/company\/abesata"]},{"@type":"Person","@id":"https:\/\/www.abesata.org\/br\/#\/schema\/person\/9ea6d4cad1253eb9fd0f7cc28c4306da","name":"Henrique Santana","image":{"@type":"ImageObject","inLanguage":"pt-BR","@id":"https:\/\/www.abesata.org\/br\/#\/schema\/person\/image\/","url":"https:\/\/secure.gravatar.com\/avatar\/d38ee0ca5c04b216d163c4ecd115e6174ba1c9174252c48fc8d30cf2dc7f0b25?s=96&d=mm&r=g","contentUrl":"https:\/\/secure.gravatar.com\/avatar\/d38ee0ca5c04b216d163c4ecd115e6174ba1c9174252c48fc8d30cf2dc7f0b25?s=96&d=mm&r=g","caption":"Henrique Santana"},"url":"https:\/\/www.abesata.org\/br\/author\/henrique-santana\/"}]}},"_links":{"self":[{"href":"https:\/\/www.abesata.org\/br\/wp-json\/wp\/v2\/posts\/15973","targetHints":{"allow":["GET"]}}],"collection":[{"href":"https:\/\/www.abesata.org\/br\/wp-json\/wp\/v2\/posts"}],"about":[{"href":"https:\/\/www.abesata.org\/br\/wp-json\/wp\/v2\/types\/post"}],"author":[{"embeddable":true,"href":"https:\/\/www.abesata.org\/br\/wp-json\/wp\/v2\/users\/135"}],"replies":[{"embeddable":true,"href":"https:\/\/www.abesata.org\/br\/wp-json\/wp\/v2\/comments?post=15973"}],"version-history":[{"count":0,"href":"https:\/\/www.abesata.org\/br\/wp-json\/wp\/v2\/posts\/15973\/revisions"}],"wp:attachment":[{"href":"https:\/\/www.abesata.org\/br\/wp-json\/wp\/v2\/media?parent=15973"}],"wp:term":[{"taxonomy":"category","embeddable":true,"href":"https:\/\/www.abesata.org\/br\/wp-json\/wp\/v2\/categories?post=15973"},{"taxonomy":"post_tag","embeddable":true,"href":"https:\/\/www.abesata.org\/br\/wp-json\/wp\/v2\/tags?post=15973"}],"curies":[{"name":"wp","href":"https:\/\/api.w.org\/{rel}","templated":true}]}}