{"id":1598,"date":"2014-10-01T13:32:24","date_gmt":"2014-10-01T16:32:24","guid":{"rendered":"http:\/\/www.abesata.org\/?p=1598"},"modified":"2014-10-01T13:32:24","modified_gmt":"2014-10-01T16:32:24","slug":"governo-tem-140-anteprojetos-em-andamento-para-aeroportos-regionais","status":"publish","type":"post","link":"https:\/\/www.abesata.org\/br\/governo-tem-140-anteprojetos-em-andamento-para-aeroportos-regionais\/","title":{"rendered":"Governo tem 140 anteprojetos em andamento para aeroportos regionais"},"content":{"rendered":"<p>O governo j\u00e1 tem 230 estudos de viabilidade prontos e 140 anteprojetos de engenharia em execu\u00e7\u00e3o para iniciar o bilion\u00e1rio programa de investimentos em aeroportos regionais lan\u00e7ado pela presidente Dilma Rousseff no fim de 2012. Dos 140 anteprojetos, 28 est\u00e3o praticamente conclu\u00eddos e podem dar in\u00edcio \u00e0s licita\u00e7\u00f5es para a contrata\u00e7\u00e3o efetiva de obras. Essa lista inclui aeroportos como Araraquara (SP), Maring\u00e1 (PR), Tr\u00eas Lagoas (MS), Aragua\u00edna (TO), Catal\u00e3o (GO), Ji-Paran\u00e1 (RO) e Barreiras (BA). Nove dos 28 est\u00e3o no Estado de S\u00e3o Paulo.<\/p>\n<p>De acordo com a Secretaria de Avia\u00e7\u00e3o Civil (SAC), respons\u00e1vel pelo programa de aeroportos regionais, o in\u00edcio das obras depende da supera\u00e7\u00e3o de obst\u00e1culos como licen\u00e7as ambientais e desapropria\u00e7\u00f5es. A inten\u00e7\u00e3o da SAC \u00e9 lan\u00e7ar pelo menos alguns editais de licita\u00e7\u00e3o at\u00e9 o fim de 2014, mas isso ainda depende de aval do Tribunal de Contas da Uni\u00e3o (TCU). O plano do governo \u00e9 usar o regime diferenciado de contrata\u00e7\u00f5es p\u00fablicas (RDC), na modalidade contrata\u00e7\u00e3o integrada, que engloba n\u00e3o s\u00f3 as obras em si, mas a finaliza\u00e7\u00e3o dos projetos (b\u00e1sico e executivo) de engenharia.<\/p>\n<p>O programa de avia\u00e7\u00e3o regional prev\u00ea investimentos de R$ 7,2 bilh\u00f5es em 270 munic\u00edpios do interior. Al\u00e9m disso, o governo pretende oferecer subs\u00eddios \u00e0s rotas que interligam esses aeroportos e \u00e0quelas que os conectam com capitais. Tamb\u00e9m est\u00e1 prevista a isen\u00e7\u00e3o de cobran\u00e7as de tarifas aeroportu\u00e1rias para passageiros e companhias a\u00e9reas em aeroportos pequenos.<\/p>\n<p>A isen\u00e7\u00e3o e os subs\u00eddios s\u00e3o objeto de uma medida provis\u00f3ria que tramita no Congresso Nacional e ainda n\u00e3o foi aprovada.<\/p>\n<p style=\"text-align: right;\">Fonte: Valor Econ\u00f4mico<br \/>\n30\/09\/2014<\/p>\n","protected":false},"excerpt":{"rendered":"<p>O governo j\u00e1 tem 230 estudos de viabilidade prontos e 140 anteprojetos de engenharia em execu\u00e7\u00e3o para iniciar o bilion\u00e1rio programa de investimentos em aeroportos regionais lan\u00e7ado pela presidente Dilma Rousseff no fim de 2012. Dos 140 anteprojetos, 28 est\u00e3o praticamente conclu\u00eddos e podem dar in\u00edcio \u00e0s licita\u00e7\u00f5es para a contrata\u00e7\u00e3o efetiva de obras. Essa [&hellip;]<\/p>\n","protected":false},"author":18,"featured_media":735,"comment_status":"closed","ping_status":"closed","sticky":false,"template":"","format":"standard","meta":{"footnotes":""},"categories":[],"tags":[],"class_list":["post-1598","post","type-post","status-publish","format-standard","has-post-thumbnail","hentry"],"yoast_head":"<!-- This site is optimized with the Yoast SEO plugin v26.5 - https:\/\/yoast.com\/wordpress\/plugins\/seo\/ -->\n<title>Governo tem 140 anteprojetos em andamento para aeroportos regionais - Abesata<\/title>\n<meta name=\"robots\" content=\"index, follow, max-snippet:-1, max-image-preview:large, max-video-preview:-1\" \/>\n<link rel=\"canonical\" href=\"https:\/\/www.abesata.org\/br\/governo-tem-140-anteprojetos-em-andamento-para-aeroportos-regionais\/\" \/>\n<meta property=\"og:locale\" content=\"pt_BR\" \/>\n<meta property=\"og:type\" content=\"article\" \/>\n<meta property=\"og:title\" content=\"Governo tem 140 anteprojetos em andamento para aeroportos regionais - Abesata\" \/>\n<meta property=\"og:description\" content=\"O governo j\u00e1 tem 230 estudos de viabilidade prontos e 140 anteprojetos de engenharia em execu\u00e7\u00e3o para iniciar o bilion\u00e1rio programa de investimentos em aeroportos regionais lan\u00e7ado pela presidente Dilma Rousseff no fim de 2012. Dos 140 anteprojetos, 28 est\u00e3o praticamente conclu\u00eddos e podem dar in\u00edcio \u00e0s licita\u00e7\u00f5es para a contrata\u00e7\u00e3o efetiva de obras. Essa [&hellip;]\" \/>\n<meta property=\"og:url\" content=\"https:\/\/www.abesata.org\/br\/governo-tem-140-anteprojetos-em-andamento-para-aeroportos-regionais\/\" \/>\n<meta property=\"og:site_name\" content=\"Abesata\" \/>\n<meta property=\"article:publisher\" content=\"https:\/\/www.facebook.com\/abesata.org\/\" \/>\n<meta property=\"article:published_time\" content=\"2014-10-01T16:32:24+00:00\" \/>\n<meta property=\"og:image\" content=\"https:\/\/www.abesata.org\/br\/wp-content\/uploads\/2014\/05\/30.png\" \/>\n\t<meta property=\"og:image:width\" content=\"1024\" \/>\n\t<meta property=\"og:image:height\" content=\"336\" \/>\n\t<meta property=\"og:image:type\" content=\"image\/png\" \/>\n<meta name=\"author\" content=\"Ricardo\" \/>\n<meta name=\"twitter:card\" content=\"summary_large_image\" \/>\n<meta name=\"twitter:label1\" content=\"Escrito por\" \/>\n\t<meta name=\"twitter:data1\" content=\"Ricardo\" \/>\n\t<meta name=\"twitter:label2\" content=\"Est. tempo de leitura\" \/>\n\t<meta name=\"twitter:data2\" content=\"1 minuto\" \/>\n<script type=\"application\/ld+json\" class=\"yoast-schema-graph\">{\"@context\":\"https:\/\/schema.org\",\"@graph\":[{\"@type\":\"Article\",\"@id\":\"https:\/\/www.abesata.org\/br\/governo-tem-140-anteprojetos-em-andamento-para-aeroportos-regionais\/#article\",\"isPartOf\":{\"@id\":\"https:\/\/www.abesata.org\/br\/governo-tem-140-anteprojetos-em-andamento-para-aeroportos-regionais\/\"},\"author\":{\"name\":\"Ricardo\",\"@id\":\"https:\/\/www.abesata.org\/br\/#\/schema\/person\/1f1295145bee68e42ffe39157320456b\"},\"headline\":\"Governo tem 140 anteprojetos em andamento para aeroportos regionais\",\"datePublished\":\"2014-10-01T16:32:24+00:00\",\"mainEntityOfPage\":{\"@id\":\"https:\/\/www.abesata.org\/br\/governo-tem-140-anteprojetos-em-andamento-para-aeroportos-regionais\/\"},\"wordCount\":299,\"publisher\":{\"@id\":\"https:\/\/www.abesata.org\/br\/#organization\"},\"image\":{\"@id\":\"https:\/\/www.abesata.org\/br\/governo-tem-140-anteprojetos-em-andamento-para-aeroportos-regionais\/#primaryimage\"},\"thumbnailUrl\":\"https:\/\/www.abesata.org\/br\/wp-content\/uploads\/2014\/05\/30.png\",\"inLanguage\":\"pt-BR\"},{\"@type\":\"WebPage\",\"@id\":\"https:\/\/www.abesata.org\/br\/governo-tem-140-anteprojetos-em-andamento-para-aeroportos-regionais\/\",\"url\":\"https:\/\/www.abesata.org\/br\/governo-tem-140-anteprojetos-em-andamento-para-aeroportos-regionais\/\",\"name\":\"Governo tem 140 anteprojetos em andamento para aeroportos regionais - Abesata\",\"isPartOf\":{\"@id\":\"https:\/\/www.abesata.org\/br\/#website\"},\"primaryImageOfPage\":{\"@id\":\"https:\/\/www.abesata.org\/br\/governo-tem-140-anteprojetos-em-andamento-para-aeroportos-regionais\/#primaryimage\"},\"image\":{\"@id\":\"https:\/\/www.abesata.org\/br\/governo-tem-140-anteprojetos-em-andamento-para-aeroportos-regionais\/#primaryimage\"},\"thumbnailUrl\":\"https:\/\/www.abesata.org\/br\/wp-content\/uploads\/2014\/05\/30.png\",\"datePublished\":\"2014-10-01T16:32:24+00:00\",\"breadcrumb\":{\"@id\":\"https:\/\/www.abesata.org\/br\/governo-tem-140-anteprojetos-em-andamento-para-aeroportos-regionais\/#breadcrumb\"},\"inLanguage\":\"pt-BR\",\"potentialAction\":[{\"@type\":\"ReadAction\",\"target\":[\"https:\/\/www.abesata.org\/br\/governo-tem-140-anteprojetos-em-andamento-para-aeroportos-regionais\/\"]}]},{\"@type\":\"ImageObject\",\"inLanguage\":\"pt-BR\",\"@id\":\"https:\/\/www.abesata.org\/br\/governo-tem-140-anteprojetos-em-andamento-para-aeroportos-regionais\/#primaryimage\",\"url\":\"https:\/\/www.abesata.org\/br\/wp-content\/uploads\/2014\/05\/30.png\",\"contentUrl\":\"https:\/\/www.abesata.org\/br\/wp-content\/uploads\/2014\/05\/30.png\",\"width\":1024,\"height\":336},{\"@type\":\"BreadcrumbList\",\"@id\":\"https:\/\/www.abesata.org\/br\/governo-tem-140-anteprojetos-em-andamento-para-aeroportos-regionais\/#breadcrumb\",\"itemListElement\":[{\"@type\":\"ListItem\",\"position\":1,\"name\":\"In\u00edcio\",\"item\":\"https:\/\/www.abesata.org\/br\/\"},{\"@type\":\"ListItem\",\"position\":2,\"name\":\"Governo tem 140 anteprojetos em andamento para aeroportos regionais\"}]},{\"@type\":\"WebSite\",\"@id\":\"https:\/\/www.abesata.org\/br\/#website\",\"url\":\"https:\/\/www.abesata.org\/br\/\",\"name\":\"Abesata\",\"description\":\"Associa\u00e7\u00e3o Brasileira das Empresas de Servi\u00e7os Auxiliares de Transporte A\u00e9reo\",\"publisher\":{\"@id\":\"https:\/\/www.abesata.org\/br\/#organization\"},\"potentialAction\":[{\"@type\":\"SearchAction\",\"target\":{\"@type\":\"EntryPoint\",\"urlTemplate\":\"https:\/\/www.abesata.org\/br\/?s={search_term_string}\"},\"query-input\":{\"@type\":\"PropertyValueSpecification\",\"valueRequired\":true,\"valueName\":\"search_term_string\"}}],\"inLanguage\":\"pt-BR\"},{\"@type\":\"Organization\",\"@id\":\"https:\/\/www.abesata.org\/br\/#organization\",\"name\":\"Associa\u00e7\u00e3o Brasileira das Empresas de Servi\u00e7os Auxiliares de Transporte A\u00e9reo\",\"alternateName\":\"Abesata\",\"url\":\"https:\/\/www.abesata.org\/br\/\",\"logo\":{\"@type\":\"ImageObject\",\"inLanguage\":\"pt-BR\",\"@id\":\"https:\/\/www.abesata.org\/br\/#\/schema\/logo\/image\/\",\"url\":\"https:\/\/www.abesata.org\/br\/wp-content\/uploads\/2023\/10\/Abesata.png\",\"contentUrl\":\"https:\/\/www.abesata.org\/br\/wp-content\/uploads\/2023\/10\/Abesata.png\",\"width\":1063,\"height\":591,\"caption\":\"Associa\u00e7\u00e3o Brasileira das Empresas de Servi\u00e7os Auxiliares de Transporte A\u00e9reo\"},\"image\":{\"@id\":\"https:\/\/www.abesata.org\/br\/#\/schema\/logo\/image\/\"},\"sameAs\":[\"https:\/\/www.facebook.com\/abesata.org\/\",\"https:\/\/www.instagram.com\/abesata_gh\/\",\"https:\/\/br.linkedin.com\/company\/abesata\"]},{\"@type\":\"Person\",\"@id\":\"https:\/\/www.abesata.org\/br\/#\/schema\/person\/1f1295145bee68e42ffe39157320456b\",\"name\":\"Ricardo\",\"image\":{\"@type\":\"ImageObject\",\"inLanguage\":\"pt-BR\",\"@id\":\"https:\/\/www.abesata.org\/br\/#\/schema\/person\/image\/\",\"url\":\"https:\/\/secure.gravatar.com\/avatar\/1d856797eb89513dee321f840c1a6bbcec15beb178c003e50adcf59323b3a8a9?s=96&d=mm&r=g\",\"contentUrl\":\"https:\/\/secure.gravatar.com\/avatar\/1d856797eb89513dee321f840c1a6bbcec15beb178c003e50adcf59323b3a8a9?s=96&d=mm&r=g\",\"caption\":\"Ricardo\"},\"url\":\"https:\/\/www.abesata.org\/br\/author\/ricardo-baroni\/\"}]}<\/script>\n<!-- \/ Yoast SEO plugin. -->","yoast_head_json":{"title":"Governo tem 140 anteprojetos em andamento para aeroportos regionais - Abesata","robots":{"index":"index","follow":"follow","max-snippet":"max-snippet:-1","max-image-preview":"max-image-preview:large","max-video-preview":"max-video-preview:-1"},"canonical":"https:\/\/www.abesata.org\/br\/governo-tem-140-anteprojetos-em-andamento-para-aeroportos-regionais\/","og_locale":"pt_BR","og_type":"article","og_title":"Governo tem 140 anteprojetos em andamento para aeroportos regionais - Abesata","og_description":"O governo j\u00e1 tem 230 estudos de viabilidade prontos e 140 anteprojetos de engenharia em execu\u00e7\u00e3o para iniciar o bilion\u00e1rio programa de investimentos em aeroportos regionais lan\u00e7ado pela presidente Dilma Rousseff no fim de 2012. Dos 140 anteprojetos, 28 est\u00e3o praticamente conclu\u00eddos e podem dar in\u00edcio \u00e0s licita\u00e7\u00f5es para a contrata\u00e7\u00e3o efetiva de obras. Essa [&hellip;]","og_url":"https:\/\/www.abesata.org\/br\/governo-tem-140-anteprojetos-em-andamento-para-aeroportos-regionais\/","og_site_name":"Abesata","article_publisher":"https:\/\/www.facebook.com\/abesata.org\/","article_published_time":"2014-10-01T16:32:24+00:00","og_image":[{"width":1024,"height":336,"url":"https:\/\/www.abesata.org\/br\/wp-content\/uploads\/2014\/05\/30.png","type":"image\/png"}],"author":"Ricardo","twitter_card":"summary_large_image","twitter_misc":{"Escrito por":"Ricardo","Est. tempo de leitura":"1 minuto"},"schema":{"@context":"https:\/\/schema.org","@graph":[{"@type":"Article","@id":"https:\/\/www.abesata.org\/br\/governo-tem-140-anteprojetos-em-andamento-para-aeroportos-regionais\/#article","isPartOf":{"@id":"https:\/\/www.abesata.org\/br\/governo-tem-140-anteprojetos-em-andamento-para-aeroportos-regionais\/"},"author":{"name":"Ricardo","@id":"https:\/\/www.abesata.org\/br\/#\/schema\/person\/1f1295145bee68e42ffe39157320456b"},"headline":"Governo tem 140 anteprojetos em andamento para aeroportos regionais","datePublished":"2014-10-01T16:32:24+00:00","mainEntityOfPage":{"@id":"https:\/\/www.abesata.org\/br\/governo-tem-140-anteprojetos-em-andamento-para-aeroportos-regionais\/"},"wordCount":299,"publisher":{"@id":"https:\/\/www.abesata.org\/br\/#organization"},"image":{"@id":"https:\/\/www.abesata.org\/br\/governo-tem-140-anteprojetos-em-andamento-para-aeroportos-regionais\/#primaryimage"},"thumbnailUrl":"https:\/\/www.abesata.org\/br\/wp-content\/uploads\/2014\/05\/30.png","inLanguage":"pt-BR"},{"@type":"WebPage","@id":"https:\/\/www.abesata.org\/br\/governo-tem-140-anteprojetos-em-andamento-para-aeroportos-regionais\/","url":"https:\/\/www.abesata.org\/br\/governo-tem-140-anteprojetos-em-andamento-para-aeroportos-regionais\/","name":"Governo tem 140 anteprojetos em andamento para aeroportos regionais - Abesata","isPartOf":{"@id":"https:\/\/www.abesata.org\/br\/#website"},"primaryImageOfPage":{"@id":"https:\/\/www.abesata.org\/br\/governo-tem-140-anteprojetos-em-andamento-para-aeroportos-regionais\/#primaryimage"},"image":{"@id":"https:\/\/www.abesata.org\/br\/governo-tem-140-anteprojetos-em-andamento-para-aeroportos-regionais\/#primaryimage"},"thumbnailUrl":"https:\/\/www.abesata.org\/br\/wp-content\/uploads\/2014\/05\/30.png","datePublished":"2014-10-01T16:32:24+00:00","breadcrumb":{"@id":"https:\/\/www.abesata.org\/br\/governo-tem-140-anteprojetos-em-andamento-para-aeroportos-regionais\/#breadcrumb"},"inLanguage":"pt-BR","potentialAction":[{"@type":"ReadAction","target":["https:\/\/www.abesata.org\/br\/governo-tem-140-anteprojetos-em-andamento-para-aeroportos-regionais\/"]}]},{"@type":"ImageObject","inLanguage":"pt-BR","@id":"https:\/\/www.abesata.org\/br\/governo-tem-140-anteprojetos-em-andamento-para-aeroportos-regionais\/#primaryimage","url":"https:\/\/www.abesata.org\/br\/wp-content\/uploads\/2014\/05\/30.png","contentUrl":"https:\/\/www.abesata.org\/br\/wp-content\/uploads\/2014\/05\/30.png","width":1024,"height":336},{"@type":"BreadcrumbList","@id":"https:\/\/www.abesata.org\/br\/governo-tem-140-anteprojetos-em-andamento-para-aeroportos-regionais\/#breadcrumb","itemListElement":[{"@type":"ListItem","position":1,"name":"In\u00edcio","item":"https:\/\/www.abesata.org\/br\/"},{"@type":"ListItem","position":2,"name":"Governo tem 140 anteprojetos em andamento para aeroportos regionais"}]},{"@type":"WebSite","@id":"https:\/\/www.abesata.org\/br\/#website","url":"https:\/\/www.abesata.org\/br\/","name":"Abesata","description":"Associa\u00e7\u00e3o Brasileira das Empresas de Servi\u00e7os Auxiliares de Transporte A\u00e9reo","publisher":{"@id":"https:\/\/www.abesata.org\/br\/#organization"},"potentialAction":[{"@type":"SearchAction","target":{"@type":"EntryPoint","urlTemplate":"https:\/\/www.abesata.org\/br\/?s={search_term_string}"},"query-input":{"@type":"PropertyValueSpecification","valueRequired":true,"valueName":"search_term_string"}}],"inLanguage":"pt-BR"},{"@type":"Organization","@id":"https:\/\/www.abesata.org\/br\/#organization","name":"Associa\u00e7\u00e3o Brasileira das Empresas de Servi\u00e7os Auxiliares de Transporte A\u00e9reo","alternateName":"Abesata","url":"https:\/\/www.abesata.org\/br\/","logo":{"@type":"ImageObject","inLanguage":"pt-BR","@id":"https:\/\/www.abesata.org\/br\/#\/schema\/logo\/image\/","url":"https:\/\/www.abesata.org\/br\/wp-content\/uploads\/2023\/10\/Abesata.png","contentUrl":"https:\/\/www.abesata.org\/br\/wp-content\/uploads\/2023\/10\/Abesata.png","width":1063,"height":591,"caption":"Associa\u00e7\u00e3o Brasileira das Empresas de Servi\u00e7os Auxiliares de Transporte A\u00e9reo"},"image":{"@id":"https:\/\/www.abesata.org\/br\/#\/schema\/logo\/image\/"},"sameAs":["https:\/\/www.facebook.com\/abesata.org\/","https:\/\/www.instagram.com\/abesata_gh\/","https:\/\/br.linkedin.com\/company\/abesata"]},{"@type":"Person","@id":"https:\/\/www.abesata.org\/br\/#\/schema\/person\/1f1295145bee68e42ffe39157320456b","name":"Ricardo","image":{"@type":"ImageObject","inLanguage":"pt-BR","@id":"https:\/\/www.abesata.org\/br\/#\/schema\/person\/image\/","url":"https:\/\/secure.gravatar.com\/avatar\/1d856797eb89513dee321f840c1a6bbcec15beb178c003e50adcf59323b3a8a9?s=96&d=mm&r=g","contentUrl":"https:\/\/secure.gravatar.com\/avatar\/1d856797eb89513dee321f840c1a6bbcec15beb178c003e50adcf59323b3a8a9?s=96&d=mm&r=g","caption":"Ricardo"},"url":"https:\/\/www.abesata.org\/br\/author\/ricardo-baroni\/"}]}},"_links":{"self":[{"href":"https:\/\/www.abesata.org\/br\/wp-json\/wp\/v2\/posts\/1598","targetHints":{"allow":["GET"]}}],"collection":[{"href":"https:\/\/www.abesata.org\/br\/wp-json\/wp\/v2\/posts"}],"about":[{"href":"https:\/\/www.abesata.org\/br\/wp-json\/wp\/v2\/types\/post"}],"author":[{"embeddable":true,"href":"https:\/\/www.abesata.org\/br\/wp-json\/wp\/v2\/users\/18"}],"replies":[{"embeddable":true,"href":"https:\/\/www.abesata.org\/br\/wp-json\/wp\/v2\/comments?post=1598"}],"version-history":[{"count":0,"href":"https:\/\/www.abesata.org\/br\/wp-json\/wp\/v2\/posts\/1598\/revisions"}],"wp:featuredmedia":[{"embeddable":true,"href":"https:\/\/www.abesata.org\/br\/wp-json\/wp\/v2\/media\/735"}],"wp:attachment":[{"href":"https:\/\/www.abesata.org\/br\/wp-json\/wp\/v2\/media?parent=1598"}],"wp:term":[{"taxonomy":"category","embeddable":true,"href":"https:\/\/www.abesata.org\/br\/wp-json\/wp\/v2\/categories?post=1598"},{"taxonomy":"post_tag","embeddable":true,"href":"https:\/\/www.abesata.org\/br\/wp-json\/wp\/v2\/tags?post=1598"}],"curies":[{"name":"wp","href":"https:\/\/api.w.org\/{rel}","templated":true}]}}