{"id":15982,"date":"2023-07-19T19:46:09","date_gmt":"2023-07-19T19:46:09","guid":{"rendered":"http:\/\/www.abesata.org\/br\/?p=15982"},"modified":"2024-06-19T16:01:20","modified_gmt":"2024-06-19T19:01:20","slug":"reforma-tributaria-preocupa-segmento","status":"publish","type":"post","link":"https:\/\/www.abesata.org\/br\/reforma-tributaria-preocupa-segmento\/","title":{"rendered":"Reforma Tribut\u00e1ria preocupa segmento"},"content":{"rendered":"\n<p>A Abesata promove nessa quinta-feira (20\/07) um debate que ir\u00e1 discutir os principais impactos que a nova Reforma Tribut\u00e1ria, aprovada em dois turnos na C\u00e2mara dos Deputados no \u00faltimo m\u00eas, ter\u00e1 no setor de servi\u00e7os em solo e outros servi\u00e7os auxiliares.<\/p>\n\n\n\n<p>Intitulado &#8220;A Reforma Tribut\u00e1ria e a Interface com as Empresas de Servi\u00e7os Auxiliares de Transporte A\u00e9reo&#8221;, o encontro contar\u00e1 com dois participantes e um mediador. Jules Queiroz e Silva ir\u00e1 analisar o texto-base da PEC 45\/19 da Reforma Tribut\u00e1ria; Vladimir Ara\u00fajo ser\u00e1 respons\u00e1vel por explicar o atual est\u00e1gio da discuss\u00e3o da emenda. Nivaldo Ferreira ser\u00e1 o mediador.<\/p>\n\n\n\n<p>O presidente da Abesata, Ricardo Miguel, destacou: \u201cTemos que entender as regras propostas para acompanharmos os desdobramentos com aten\u00e7\u00e3o, uma vez que estamos falando de um segmento essencial e parte integrante do transporte a\u00e9reo p\u00fablico coletivo de passageiros e cargas\u201d.<\/p>\n\n\n\n<p>O debate ser\u00e1 realizado atrav\u00e9s da plataforma Zoom, a partir das 16h do dia 20\/07, e ser\u00e1 gratuito para associados da Abesata. Os links e demais instru\u00e7\u00f5es para a participa\u00e7\u00e3o ser\u00e3o enviados para os e-mails dos associados.<\/p>\n\n\n\n<p>Fonte: <a href=\"https:\/\/noticias.r7.com\/prisma\/luiz-fara-monteiro\/abesata-promove-debate-sobre-os-impactos-da-nova-reforma-tributaria-no-setor-de-ground-handling-18072023\" target=\"_blank\" rel=\"noreferrer noopener\">Not\u00edcia R7<\/a><\/p>\n","protected":false},"excerpt":{"rendered":"<p>A Abesata promove nessa quinta-feira (20\/07) um debate que ir\u00e1 discutir os principais impactos que a nova Reforma Tribut\u00e1ria, aprovada em dois turnos na C\u00e2mara dos Deputados no \u00faltimo m\u00eas, ter\u00e1 no setor de servi\u00e7os em solo e outros servi\u00e7os auxiliares. Intitulado &#8220;A Reforma Tribut\u00e1ria e a Interface com as Empresas de Servi\u00e7os Auxiliares de [&hellip;]<\/p>\n","protected":false},"author":1,"featured_media":15983,"comment_status":"closed","ping_status":"open","sticky":false,"template":"","format":"standard","meta":{"footnotes":""},"categories":[294],"tags":[12,84,59,233,65],"class_list":["post-15982","post","type-post","status-publish","format-standard","has-post-thumbnail","hentry","category-noticias","tag-abesata","tag-camara-dos-deputados","tag-ground-handling","tag-reforma-tributaria","tag-servicos-em-solo"],"yoast_head":"<!-- This site is optimized with the Yoast SEO plugin v26.5 - https:\/\/yoast.com\/wordpress\/plugins\/seo\/ -->\n<title>Reforma Tribut\u00e1ria preocupa segmento - Abesata<\/title>\n<meta name=\"robots\" content=\"index, follow, max-snippet:-1, max-image-preview:large, max-video-preview:-1\" \/>\n<link rel=\"canonical\" href=\"https:\/\/www.abesata.org\/br\/reforma-tributaria-preocupa-segmento\/\" \/>\n<meta property=\"og:locale\" content=\"pt_BR\" \/>\n<meta property=\"og:type\" content=\"article\" \/>\n<meta property=\"og:title\" content=\"Reforma Tribut\u00e1ria preocupa segmento - Abesata\" \/>\n<meta property=\"og:description\" content=\"A Abesata promove nessa quinta-feira (20\/07) um debate que ir\u00e1 discutir os principais impactos que a nova Reforma Tribut\u00e1ria, aprovada em dois turnos na C\u00e2mara dos Deputados no \u00faltimo m\u00eas, ter\u00e1 no setor de servi\u00e7os em solo e outros servi\u00e7os auxiliares. Intitulado &#8220;A Reforma Tribut\u00e1ria e a Interface com as Empresas de Servi\u00e7os Auxiliares de [&hellip;]\" \/>\n<meta property=\"og:url\" content=\"https:\/\/www.abesata.org\/br\/reforma-tributaria-preocupa-segmento\/\" \/>\n<meta property=\"og:site_name\" content=\"Abesata\" \/>\n<meta property=\"article:publisher\" content=\"https:\/\/www.facebook.com\/abesata.org\/\" \/>\n<meta property=\"article:published_time\" content=\"2023-07-19T19:46:09+00:00\" \/>\n<meta property=\"article:modified_time\" content=\"2024-06-19T19:01:20+00:00\" \/>\n<meta property=\"og:image\" content=\"https:\/\/www.abesata.org\/br\/wp-content\/uploads\/2023\/07\/close-up-em-moedas-economizadas-para-despesas-de-crise-de-energia.jpg\" \/>\n\t<meta property=\"og:image:width\" content=\"2000\" \/>\n\t<meta property=\"og:image:height\" content=\"1336\" \/>\n\t<meta property=\"og:image:type\" content=\"image\/jpeg\" \/>\n<meta name=\"author\" content=\"admin\" \/>\n<meta name=\"twitter:card\" content=\"summary_large_image\" \/>\n<meta name=\"twitter:label1\" content=\"Escrito por\" \/>\n\t<meta name=\"twitter:data1\" content=\"admin\" \/>\n\t<meta name=\"twitter:label2\" content=\"Est. tempo de leitura\" \/>\n\t<meta name=\"twitter:data2\" content=\"1 minuto\" \/>\n<script type=\"application\/ld+json\" class=\"yoast-schema-graph\">{\"@context\":\"https:\/\/schema.org\",\"@graph\":[{\"@type\":\"Article\",\"@id\":\"https:\/\/www.abesata.org\/br\/reforma-tributaria-preocupa-segmento\/#article\",\"isPartOf\":{\"@id\":\"https:\/\/www.abesata.org\/br\/reforma-tributaria-preocupa-segmento\/\"},\"author\":{\"name\":\"admin\",\"@id\":\"https:\/\/www.abesata.org\/br\/#\/schema\/person\/bd9e7c86150fe625bb50aebd7be624d1\"},\"headline\":\"Reforma Tribut\u00e1ria preocupa segmento\",\"datePublished\":\"2023-07-19T19:46:09+00:00\",\"dateModified\":\"2024-06-19T19:01:20+00:00\",\"mainEntityOfPage\":{\"@id\":\"https:\/\/www.abesata.org\/br\/reforma-tributaria-preocupa-segmento\/\"},\"wordCount\":201,\"publisher\":{\"@id\":\"https:\/\/www.abesata.org\/br\/#organization\"},\"image\":{\"@id\":\"https:\/\/www.abesata.org\/br\/reforma-tributaria-preocupa-segmento\/#primaryimage\"},\"thumbnailUrl\":\"https:\/\/www.abesata.org\/br\/wp-content\/uploads\/2023\/07\/close-up-em-moedas-economizadas-para-despesas-de-crise-de-energia.jpg\",\"keywords\":[\"abesata\",\"C\u00e2mara dos Deputados\",\"Ground Handling\",\"Reforma tribut\u00e1ria\",\"Servi\u00e7os em solo\"],\"articleSection\":[\"Not\u00edcias\"],\"inLanguage\":\"pt-BR\"},{\"@type\":\"WebPage\",\"@id\":\"https:\/\/www.abesata.org\/br\/reforma-tributaria-preocupa-segmento\/\",\"url\":\"https:\/\/www.abesata.org\/br\/reforma-tributaria-preocupa-segmento\/\",\"name\":\"Reforma Tribut\u00e1ria preocupa segmento - Abesata\",\"isPartOf\":{\"@id\":\"https:\/\/www.abesata.org\/br\/#website\"},\"primaryImageOfPage\":{\"@id\":\"https:\/\/www.abesata.org\/br\/reforma-tributaria-preocupa-segmento\/#primaryimage\"},\"image\":{\"@id\":\"https:\/\/www.abesata.org\/br\/reforma-tributaria-preocupa-segmento\/#primaryimage\"},\"thumbnailUrl\":\"https:\/\/www.abesata.org\/br\/wp-content\/uploads\/2023\/07\/close-up-em-moedas-economizadas-para-despesas-de-crise-de-energia.jpg\",\"datePublished\":\"2023-07-19T19:46:09+00:00\",\"dateModified\":\"2024-06-19T19:01:20+00:00\",\"breadcrumb\":{\"@id\":\"https:\/\/www.abesata.org\/br\/reforma-tributaria-preocupa-segmento\/#breadcrumb\"},\"inLanguage\":\"pt-BR\",\"potentialAction\":[{\"@type\":\"ReadAction\",\"target\":[\"https:\/\/www.abesata.org\/br\/reforma-tributaria-preocupa-segmento\/\"]}]},{\"@type\":\"ImageObject\",\"inLanguage\":\"pt-BR\",\"@id\":\"https:\/\/www.abesata.org\/br\/reforma-tributaria-preocupa-segmento\/#primaryimage\",\"url\":\"https:\/\/www.abesata.org\/br\/wp-content\/uploads\/2023\/07\/close-up-em-moedas-economizadas-para-despesas-de-crise-de-energia.jpg\",\"contentUrl\":\"https:\/\/www.abesata.org\/br\/wp-content\/uploads\/2023\/07\/close-up-em-moedas-economizadas-para-despesas-de-crise-de-energia.jpg\",\"width\":2000,\"height\":1336},{\"@type\":\"BreadcrumbList\",\"@id\":\"https:\/\/www.abesata.org\/br\/reforma-tributaria-preocupa-segmento\/#breadcrumb\",\"itemListElement\":[{\"@type\":\"ListItem\",\"position\":1,\"name\":\"In\u00edcio\",\"item\":\"https:\/\/www.abesata.org\/br\/\"},{\"@type\":\"ListItem\",\"position\":2,\"name\":\"Reforma Tribut\u00e1ria preocupa segmento\"}]},{\"@type\":\"WebSite\",\"@id\":\"https:\/\/www.abesata.org\/br\/#website\",\"url\":\"https:\/\/www.abesata.org\/br\/\",\"name\":\"Abesata\",\"description\":\"Associa\u00e7\u00e3o Brasileira das Empresas de Servi\u00e7os Auxiliares de Transporte A\u00e9reo\",\"publisher\":{\"@id\":\"https:\/\/www.abesata.org\/br\/#organization\"},\"potentialAction\":[{\"@type\":\"SearchAction\",\"target\":{\"@type\":\"EntryPoint\",\"urlTemplate\":\"https:\/\/www.abesata.org\/br\/?s={search_term_string}\"},\"query-input\":{\"@type\":\"PropertyValueSpecification\",\"valueRequired\":true,\"valueName\":\"search_term_string\"}}],\"inLanguage\":\"pt-BR\"},{\"@type\":\"Organization\",\"@id\":\"https:\/\/www.abesata.org\/br\/#organization\",\"name\":\"Associa\u00e7\u00e3o Brasileira das Empresas de Servi\u00e7os Auxiliares de Transporte A\u00e9reo\",\"alternateName\":\"Abesata\",\"url\":\"https:\/\/www.abesata.org\/br\/\",\"logo\":{\"@type\":\"ImageObject\",\"inLanguage\":\"pt-BR\",\"@id\":\"https:\/\/www.abesata.org\/br\/#\/schema\/logo\/image\/\",\"url\":\"https:\/\/www.abesata.org\/br\/wp-content\/uploads\/2023\/10\/Abesata.png\",\"contentUrl\":\"https:\/\/www.abesata.org\/br\/wp-content\/uploads\/2023\/10\/Abesata.png\",\"width\":1063,\"height\":591,\"caption\":\"Associa\u00e7\u00e3o Brasileira das Empresas de Servi\u00e7os Auxiliares de Transporte A\u00e9reo\"},\"image\":{\"@id\":\"https:\/\/www.abesata.org\/br\/#\/schema\/logo\/image\/\"},\"sameAs\":[\"https:\/\/www.facebook.com\/abesata.org\/\",\"https:\/\/www.instagram.com\/abesata_gh\/\",\"https:\/\/br.linkedin.com\/company\/abesata\"]},{\"@type\":\"Person\",\"@id\":\"https:\/\/www.abesata.org\/br\/#\/schema\/person\/bd9e7c86150fe625bb50aebd7be624d1\",\"name\":\"admin\",\"image\":{\"@type\":\"ImageObject\",\"inLanguage\":\"pt-BR\",\"@id\":\"https:\/\/www.abesata.org\/br\/#\/schema\/person\/image\/\",\"url\":\"https:\/\/secure.gravatar.com\/avatar\/b8e742a0c332125760459b2e04eaccc35255ab53dd66c239a029f484ccb009d7?s=96&d=mm&r=g\",\"contentUrl\":\"https:\/\/secure.gravatar.com\/avatar\/b8e742a0c332125760459b2e04eaccc35255ab53dd66c239a029f484ccb009d7?s=96&d=mm&r=g\",\"caption\":\"admin\"},\"url\":\"https:\/\/www.abesata.org\/br\/author\/admin\/\"}]}<\/script>\n<!-- \/ Yoast SEO plugin. -->","yoast_head_json":{"title":"Reforma Tribut\u00e1ria preocupa segmento - Abesata","robots":{"index":"index","follow":"follow","max-snippet":"max-snippet:-1","max-image-preview":"max-image-preview:large","max-video-preview":"max-video-preview:-1"},"canonical":"https:\/\/www.abesata.org\/br\/reforma-tributaria-preocupa-segmento\/","og_locale":"pt_BR","og_type":"article","og_title":"Reforma Tribut\u00e1ria preocupa segmento - Abesata","og_description":"A Abesata promove nessa quinta-feira (20\/07) um debate que ir\u00e1 discutir os principais impactos que a nova Reforma Tribut\u00e1ria, aprovada em dois turnos na C\u00e2mara dos Deputados no \u00faltimo m\u00eas, ter\u00e1 no setor de servi\u00e7os em solo e outros servi\u00e7os auxiliares. Intitulado &#8220;A Reforma Tribut\u00e1ria e a Interface com as Empresas de Servi\u00e7os Auxiliares de [&hellip;]","og_url":"https:\/\/www.abesata.org\/br\/reforma-tributaria-preocupa-segmento\/","og_site_name":"Abesata","article_publisher":"https:\/\/www.facebook.com\/abesata.org\/","article_published_time":"2023-07-19T19:46:09+00:00","article_modified_time":"2024-06-19T19:01:20+00:00","og_image":[{"width":2000,"height":1336,"url":"https:\/\/www.abesata.org\/br\/wp-content\/uploads\/2023\/07\/close-up-em-moedas-economizadas-para-despesas-de-crise-de-energia.jpg","type":"image\/jpeg"}],"author":"admin","twitter_card":"summary_large_image","twitter_misc":{"Escrito por":"admin","Est. tempo de leitura":"1 minuto"},"schema":{"@context":"https:\/\/schema.org","@graph":[{"@type":"Article","@id":"https:\/\/www.abesata.org\/br\/reforma-tributaria-preocupa-segmento\/#article","isPartOf":{"@id":"https:\/\/www.abesata.org\/br\/reforma-tributaria-preocupa-segmento\/"},"author":{"name":"admin","@id":"https:\/\/www.abesata.org\/br\/#\/schema\/person\/bd9e7c86150fe625bb50aebd7be624d1"},"headline":"Reforma Tribut\u00e1ria preocupa segmento","datePublished":"2023-07-19T19:46:09+00:00","dateModified":"2024-06-19T19:01:20+00:00","mainEntityOfPage":{"@id":"https:\/\/www.abesata.org\/br\/reforma-tributaria-preocupa-segmento\/"},"wordCount":201,"publisher":{"@id":"https:\/\/www.abesata.org\/br\/#organization"},"image":{"@id":"https:\/\/www.abesata.org\/br\/reforma-tributaria-preocupa-segmento\/#primaryimage"},"thumbnailUrl":"https:\/\/www.abesata.org\/br\/wp-content\/uploads\/2023\/07\/close-up-em-moedas-economizadas-para-despesas-de-crise-de-energia.jpg","keywords":["abesata","C\u00e2mara dos Deputados","Ground Handling","Reforma tribut\u00e1ria","Servi\u00e7os em solo"],"articleSection":["Not\u00edcias"],"inLanguage":"pt-BR"},{"@type":"WebPage","@id":"https:\/\/www.abesata.org\/br\/reforma-tributaria-preocupa-segmento\/","url":"https:\/\/www.abesata.org\/br\/reforma-tributaria-preocupa-segmento\/","name":"Reforma Tribut\u00e1ria preocupa segmento - Abesata","isPartOf":{"@id":"https:\/\/www.abesata.org\/br\/#website"},"primaryImageOfPage":{"@id":"https:\/\/www.abesata.org\/br\/reforma-tributaria-preocupa-segmento\/#primaryimage"},"image":{"@id":"https:\/\/www.abesata.org\/br\/reforma-tributaria-preocupa-segmento\/#primaryimage"},"thumbnailUrl":"https:\/\/www.abesata.org\/br\/wp-content\/uploads\/2023\/07\/close-up-em-moedas-economizadas-para-despesas-de-crise-de-energia.jpg","datePublished":"2023-07-19T19:46:09+00:00","dateModified":"2024-06-19T19:01:20+00:00","breadcrumb":{"@id":"https:\/\/www.abesata.org\/br\/reforma-tributaria-preocupa-segmento\/#breadcrumb"},"inLanguage":"pt-BR","potentialAction":[{"@type":"ReadAction","target":["https:\/\/www.abesata.org\/br\/reforma-tributaria-preocupa-segmento\/"]}]},{"@type":"ImageObject","inLanguage":"pt-BR","@id":"https:\/\/www.abesata.org\/br\/reforma-tributaria-preocupa-segmento\/#primaryimage","url":"https:\/\/www.abesata.org\/br\/wp-content\/uploads\/2023\/07\/close-up-em-moedas-economizadas-para-despesas-de-crise-de-energia.jpg","contentUrl":"https:\/\/www.abesata.org\/br\/wp-content\/uploads\/2023\/07\/close-up-em-moedas-economizadas-para-despesas-de-crise-de-energia.jpg","width":2000,"height":1336},{"@type":"BreadcrumbList","@id":"https:\/\/www.abesata.org\/br\/reforma-tributaria-preocupa-segmento\/#breadcrumb","itemListElement":[{"@type":"ListItem","position":1,"name":"In\u00edcio","item":"https:\/\/www.abesata.org\/br\/"},{"@type":"ListItem","position":2,"name":"Reforma Tribut\u00e1ria preocupa segmento"}]},{"@type":"WebSite","@id":"https:\/\/www.abesata.org\/br\/#website","url":"https:\/\/www.abesata.org\/br\/","name":"Abesata","description":"Associa\u00e7\u00e3o Brasileira das Empresas de Servi\u00e7os Auxiliares de Transporte A\u00e9reo","publisher":{"@id":"https:\/\/www.abesata.org\/br\/#organization"},"potentialAction":[{"@type":"SearchAction","target":{"@type":"EntryPoint","urlTemplate":"https:\/\/www.abesata.org\/br\/?s={search_term_string}"},"query-input":{"@type":"PropertyValueSpecification","valueRequired":true,"valueName":"search_term_string"}}],"inLanguage":"pt-BR"},{"@type":"Organization","@id":"https:\/\/www.abesata.org\/br\/#organization","name":"Associa\u00e7\u00e3o Brasileira das Empresas de Servi\u00e7os Auxiliares de Transporte A\u00e9reo","alternateName":"Abesata","url":"https:\/\/www.abesata.org\/br\/","logo":{"@type":"ImageObject","inLanguage":"pt-BR","@id":"https:\/\/www.abesata.org\/br\/#\/schema\/logo\/image\/","url":"https:\/\/www.abesata.org\/br\/wp-content\/uploads\/2023\/10\/Abesata.png","contentUrl":"https:\/\/www.abesata.org\/br\/wp-content\/uploads\/2023\/10\/Abesata.png","width":1063,"height":591,"caption":"Associa\u00e7\u00e3o Brasileira das Empresas de Servi\u00e7os Auxiliares de Transporte A\u00e9reo"},"image":{"@id":"https:\/\/www.abesata.org\/br\/#\/schema\/logo\/image\/"},"sameAs":["https:\/\/www.facebook.com\/abesata.org\/","https:\/\/www.instagram.com\/abesata_gh\/","https:\/\/br.linkedin.com\/company\/abesata"]},{"@type":"Person","@id":"https:\/\/www.abesata.org\/br\/#\/schema\/person\/bd9e7c86150fe625bb50aebd7be624d1","name":"admin","image":{"@type":"ImageObject","inLanguage":"pt-BR","@id":"https:\/\/www.abesata.org\/br\/#\/schema\/person\/image\/","url":"https:\/\/secure.gravatar.com\/avatar\/b8e742a0c332125760459b2e04eaccc35255ab53dd66c239a029f484ccb009d7?s=96&d=mm&r=g","contentUrl":"https:\/\/secure.gravatar.com\/avatar\/b8e742a0c332125760459b2e04eaccc35255ab53dd66c239a029f484ccb009d7?s=96&d=mm&r=g","caption":"admin"},"url":"https:\/\/www.abesata.org\/br\/author\/admin\/"}]}},"_links":{"self":[{"href":"https:\/\/www.abesata.org\/br\/wp-json\/wp\/v2\/posts\/15982","targetHints":{"allow":["GET"]}}],"collection":[{"href":"https:\/\/www.abesata.org\/br\/wp-json\/wp\/v2\/posts"}],"about":[{"href":"https:\/\/www.abesata.org\/br\/wp-json\/wp\/v2\/types\/post"}],"author":[{"embeddable":true,"href":"https:\/\/www.abesata.org\/br\/wp-json\/wp\/v2\/users\/1"}],"replies":[{"embeddable":true,"href":"https:\/\/www.abesata.org\/br\/wp-json\/wp\/v2\/comments?post=15982"}],"version-history":[{"count":1,"href":"https:\/\/www.abesata.org\/br\/wp-json\/wp\/v2\/posts\/15982\/revisions"}],"predecessor-version":[{"id":17255,"href":"https:\/\/www.abesata.org\/br\/wp-json\/wp\/v2\/posts\/15982\/revisions\/17255"}],"wp:featuredmedia":[{"embeddable":true,"href":"https:\/\/www.abesata.org\/br\/wp-json\/wp\/v2\/media\/15983"}],"wp:attachment":[{"href":"https:\/\/www.abesata.org\/br\/wp-json\/wp\/v2\/media?parent=15982"}],"wp:term":[{"taxonomy":"category","embeddable":true,"href":"https:\/\/www.abesata.org\/br\/wp-json\/wp\/v2\/categories?post=15982"},{"taxonomy":"post_tag","embeddable":true,"href":"https:\/\/www.abesata.org\/br\/wp-json\/wp\/v2\/tags?post=15982"}],"curies":[{"name":"wp","href":"https:\/\/api.w.org\/{rel}","templated":true}]}}