{"id":15986,"date":"2023-07-24T15:57:37","date_gmt":"2023-07-24T15:57:37","guid":{"rendered":"http:\/\/www.abesata.org\/br\/?p=15986"},"modified":"2023-07-24T15:57:38","modified_gmt":"2023-07-24T15:57:38","slug":"150-anos-de-santos-dumont-confira-outras-criacoes-do-inventor","status":"publish","type":"post","link":"https:\/\/www.abesata.org\/br\/150-anos-de-santos-dumont-confira-outras-criacoes-do-inventor\/","title":{"rendered":"150 anos de Santos Dumont; confira outras cria\u00e7\u00f5es do inventor"},"content":{"rendered":"\n<p>Em julho de 2023, completam-se 150 anos desde o nascimento do &#8220;pai da avia\u00e7\u00e3o&#8221;: Alberto Santos Dumont. Mas apesar de ter sido a primeira pessoa a realizar um voo prolongado, as inven\u00e7\u00f5es de Santos Dumont n\u00e3o acabaram com o 14-bis.<\/p>\n\n\n\n<p>Inventor \u00e1rduo, Santos Dumont ficou conhecido por nunca patentear suas cria\u00e7\u00f5es, sempre divulgando publicamente seus projetos. Muitas dessas inven\u00e7\u00f5es, na verdade, tamb\u00e9m tinham a ver com os c\u00e9us que o inventor sempre buscou alcan\u00e7ar.<\/p>\n\n\n\n<p>Aos 25 anos, Santos Dumont fez sua estreia com o <strong>menor bal\u00e3o do mundo<\/strong>, nomeado &#8220;Brasil&#8221;, com o qual realizava voos individuais. Ele tamb\u00e9m foi o criador do <strong>primeiro hangar do mundo<\/strong>, em junho de 1900, e popularizou o uso da &#8220;garagem a\u00e9rea&#8221;. Entre as outras cria\u00e7\u00f5es que tinham o c\u00e9u como destino estavam o <strong>\u00f4nibus voador<\/strong> (o maior dos dirig\u00edveis criados por Dumont), em 1903, e o &#8220;av\u00f4&#8221; do <strong>hidroavi\u00e3o.<\/strong><\/p>\n\n\n\n<p>Al\u00e9m disso, Santos Dumont tamb\u00e9m foi pioneiro de algumas cria\u00e7\u00f5es inusitadas, como o<strong> chuveiro de \u00e1gua quente<\/strong>, uma esp\u00e9cie de<strong> esqui mec\u00e2nico <\/strong>que auxiliava esquiadores na escalada de montanhas, e o <strong>rel\u00f3gio de pulso.<\/strong><\/p>\n\n\n\n<p>Fonte: Nossa UOL<\/p>\n","protected":false},"excerpt":{"rendered":"<p>Em julho de 2023, completam-se 150 anos desde o nascimento do &#8220;pai da avia\u00e7\u00e3o&#8221;: Alberto Santos Dumont. Mas apesar de ter sido a primeira pessoa a realizar um voo prolongado, as inven\u00e7\u00f5es de Santos Dumont n\u00e3o acabaram com o 14-bis. Inventor \u00e1rduo, Santos Dumont ficou conhecido por nunca patentear suas cria\u00e7\u00f5es, sempre divulgando publicamente seus [&hellip;]<\/p>\n","protected":false},"author":135,"featured_media":0,"comment_status":"closed","ping_status":"open","sticky":false,"template":"","format":"standard","meta":{"footnotes":""},"categories":[1],"tags":[],"class_list":["post-15986","post","type-post","status-publish","format-standard","hentry","category-uncategorized"],"yoast_head":"<!-- This site is optimized with the Yoast SEO plugin v26.5 - https:\/\/yoast.com\/wordpress\/plugins\/seo\/ -->\n<title>150 anos de Santos Dumont; confira outras cria\u00e7\u00f5es do inventor - Abesata<\/title>\n<meta name=\"robots\" content=\"index, follow, max-snippet:-1, max-image-preview:large, max-video-preview:-1\" \/>\n<link rel=\"canonical\" href=\"https:\/\/www.abesata.org\/br\/150-anos-de-santos-dumont-confira-outras-criacoes-do-inventor\/\" \/>\n<meta property=\"og:locale\" content=\"pt_BR\" \/>\n<meta property=\"og:type\" content=\"article\" \/>\n<meta property=\"og:title\" content=\"150 anos de Santos Dumont; confira outras cria\u00e7\u00f5es do inventor - Abesata\" \/>\n<meta property=\"og:description\" content=\"Em julho de 2023, completam-se 150 anos desde o nascimento do &#8220;pai da avia\u00e7\u00e3o&#8221;: Alberto Santos Dumont. Mas apesar de ter sido a primeira pessoa a realizar um voo prolongado, as inven\u00e7\u00f5es de Santos Dumont n\u00e3o acabaram com o 14-bis. Inventor \u00e1rduo, Santos Dumont ficou conhecido por nunca patentear suas cria\u00e7\u00f5es, sempre divulgando publicamente seus [&hellip;]\" \/>\n<meta property=\"og:url\" content=\"https:\/\/www.abesata.org\/br\/150-anos-de-santos-dumont-confira-outras-criacoes-do-inventor\/\" \/>\n<meta property=\"og:site_name\" content=\"Abesata\" \/>\n<meta property=\"article:publisher\" content=\"https:\/\/www.facebook.com\/abesata.org\/\" \/>\n<meta property=\"article:published_time\" content=\"2023-07-24T15:57:37+00:00\" \/>\n<meta property=\"article:modified_time\" content=\"2023-07-24T15:57:38+00:00\" \/>\n<meta name=\"author\" content=\"Henrique Santana\" \/>\n<meta name=\"twitter:card\" content=\"summary_large_image\" \/>\n<meta name=\"twitter:label1\" content=\"Escrito por\" \/>\n\t<meta name=\"twitter:data1\" content=\"Henrique Santana\" \/>\n\t<meta name=\"twitter:label2\" content=\"Est. tempo de leitura\" \/>\n\t<meta name=\"twitter:data2\" content=\"1 minuto\" \/>\n<script type=\"application\/ld+json\" class=\"yoast-schema-graph\">{\"@context\":\"https:\/\/schema.org\",\"@graph\":[{\"@type\":\"Article\",\"@id\":\"https:\/\/www.abesata.org\/br\/150-anos-de-santos-dumont-confira-outras-criacoes-do-inventor\/#article\",\"isPartOf\":{\"@id\":\"https:\/\/www.abesata.org\/br\/150-anos-de-santos-dumont-confira-outras-criacoes-do-inventor\/\"},\"author\":{\"name\":\"Henrique Santana\",\"@id\":\"https:\/\/www.abesata.org\/br\/#\/schema\/person\/9ea6d4cad1253eb9fd0f7cc28c4306da\"},\"headline\":\"150 anos de Santos Dumont; confira outras cria\u00e7\u00f5es do inventor\",\"datePublished\":\"2023-07-24T15:57:37+00:00\",\"dateModified\":\"2023-07-24T15:57:38+00:00\",\"mainEntityOfPage\":{\"@id\":\"https:\/\/www.abesata.org\/br\/150-anos-de-santos-dumont-confira-outras-criacoes-do-inventor\/\"},\"wordCount\":208,\"publisher\":{\"@id\":\"https:\/\/www.abesata.org\/br\/#organization\"},\"articleSection\":[\"Uncategorized\"],\"inLanguage\":\"pt-BR\"},{\"@type\":\"WebPage\",\"@id\":\"https:\/\/www.abesata.org\/br\/150-anos-de-santos-dumont-confira-outras-criacoes-do-inventor\/\",\"url\":\"https:\/\/www.abesata.org\/br\/150-anos-de-santos-dumont-confira-outras-criacoes-do-inventor\/\",\"name\":\"150 anos de Santos Dumont; confira outras cria\u00e7\u00f5es do inventor - Abesata\",\"isPartOf\":{\"@id\":\"https:\/\/www.abesata.org\/br\/#website\"},\"datePublished\":\"2023-07-24T15:57:37+00:00\",\"dateModified\":\"2023-07-24T15:57:38+00:00\",\"breadcrumb\":{\"@id\":\"https:\/\/www.abesata.org\/br\/150-anos-de-santos-dumont-confira-outras-criacoes-do-inventor\/#breadcrumb\"},\"inLanguage\":\"pt-BR\",\"potentialAction\":[{\"@type\":\"ReadAction\",\"target\":[\"https:\/\/www.abesata.org\/br\/150-anos-de-santos-dumont-confira-outras-criacoes-do-inventor\/\"]}]},{\"@type\":\"BreadcrumbList\",\"@id\":\"https:\/\/www.abesata.org\/br\/150-anos-de-santos-dumont-confira-outras-criacoes-do-inventor\/#breadcrumb\",\"itemListElement\":[{\"@type\":\"ListItem\",\"position\":1,\"name\":\"In\u00edcio\",\"item\":\"https:\/\/www.abesata.org\/br\/\"},{\"@type\":\"ListItem\",\"position\":2,\"name\":\"150 anos de Santos Dumont; confira outras cria\u00e7\u00f5es do inventor\"}]},{\"@type\":\"WebSite\",\"@id\":\"https:\/\/www.abesata.org\/br\/#website\",\"url\":\"https:\/\/www.abesata.org\/br\/\",\"name\":\"Abesata\",\"description\":\"Associa\u00e7\u00e3o Brasileira das Empresas de Servi\u00e7os Auxiliares de Transporte A\u00e9reo\",\"publisher\":{\"@id\":\"https:\/\/www.abesata.org\/br\/#organization\"},\"potentialAction\":[{\"@type\":\"SearchAction\",\"target\":{\"@type\":\"EntryPoint\",\"urlTemplate\":\"https:\/\/www.abesata.org\/br\/?s={search_term_string}\"},\"query-input\":{\"@type\":\"PropertyValueSpecification\",\"valueRequired\":true,\"valueName\":\"search_term_string\"}}],\"inLanguage\":\"pt-BR\"},{\"@type\":\"Organization\",\"@id\":\"https:\/\/www.abesata.org\/br\/#organization\",\"name\":\"Associa\u00e7\u00e3o Brasileira das Empresas de Servi\u00e7os Auxiliares de Transporte A\u00e9reo\",\"alternateName\":\"Abesata\",\"url\":\"https:\/\/www.abesata.org\/br\/\",\"logo\":{\"@type\":\"ImageObject\",\"inLanguage\":\"pt-BR\",\"@id\":\"https:\/\/www.abesata.org\/br\/#\/schema\/logo\/image\/\",\"url\":\"https:\/\/www.abesata.org\/br\/wp-content\/uploads\/2023\/10\/Abesata.png\",\"contentUrl\":\"https:\/\/www.abesata.org\/br\/wp-content\/uploads\/2023\/10\/Abesata.png\",\"width\":1063,\"height\":591,\"caption\":\"Associa\u00e7\u00e3o Brasileira das Empresas de Servi\u00e7os Auxiliares de Transporte A\u00e9reo\"},\"image\":{\"@id\":\"https:\/\/www.abesata.org\/br\/#\/schema\/logo\/image\/\"},\"sameAs\":[\"https:\/\/www.facebook.com\/abesata.org\/\",\"https:\/\/www.instagram.com\/abesata_gh\/\",\"https:\/\/br.linkedin.com\/company\/abesata\"]},{\"@type\":\"Person\",\"@id\":\"https:\/\/www.abesata.org\/br\/#\/schema\/person\/9ea6d4cad1253eb9fd0f7cc28c4306da\",\"name\":\"Henrique Santana\",\"image\":{\"@type\":\"ImageObject\",\"inLanguage\":\"pt-BR\",\"@id\":\"https:\/\/www.abesata.org\/br\/#\/schema\/person\/image\/\",\"url\":\"https:\/\/secure.gravatar.com\/avatar\/d38ee0ca5c04b216d163c4ecd115e6174ba1c9174252c48fc8d30cf2dc7f0b25?s=96&d=mm&r=g\",\"contentUrl\":\"https:\/\/secure.gravatar.com\/avatar\/d38ee0ca5c04b216d163c4ecd115e6174ba1c9174252c48fc8d30cf2dc7f0b25?s=96&d=mm&r=g\",\"caption\":\"Henrique Santana\"},\"url\":\"https:\/\/www.abesata.org\/br\/author\/henrique-santana\/\"}]}<\/script>\n<!-- \/ Yoast SEO plugin. -->","yoast_head_json":{"title":"150 anos de Santos Dumont; confira outras cria\u00e7\u00f5es do inventor - Abesata","robots":{"index":"index","follow":"follow","max-snippet":"max-snippet:-1","max-image-preview":"max-image-preview:large","max-video-preview":"max-video-preview:-1"},"canonical":"https:\/\/www.abesata.org\/br\/150-anos-de-santos-dumont-confira-outras-criacoes-do-inventor\/","og_locale":"pt_BR","og_type":"article","og_title":"150 anos de Santos Dumont; confira outras cria\u00e7\u00f5es do inventor - Abesata","og_description":"Em julho de 2023, completam-se 150 anos desde o nascimento do &#8220;pai da avia\u00e7\u00e3o&#8221;: Alberto Santos Dumont. Mas apesar de ter sido a primeira pessoa a realizar um voo prolongado, as inven\u00e7\u00f5es de Santos Dumont n\u00e3o acabaram com o 14-bis. Inventor \u00e1rduo, Santos Dumont ficou conhecido por nunca patentear suas cria\u00e7\u00f5es, sempre divulgando publicamente seus [&hellip;]","og_url":"https:\/\/www.abesata.org\/br\/150-anos-de-santos-dumont-confira-outras-criacoes-do-inventor\/","og_site_name":"Abesata","article_publisher":"https:\/\/www.facebook.com\/abesata.org\/","article_published_time":"2023-07-24T15:57:37+00:00","article_modified_time":"2023-07-24T15:57:38+00:00","author":"Henrique Santana","twitter_card":"summary_large_image","twitter_misc":{"Escrito por":"Henrique Santana","Est. tempo de leitura":"1 minuto"},"schema":{"@context":"https:\/\/schema.org","@graph":[{"@type":"Article","@id":"https:\/\/www.abesata.org\/br\/150-anos-de-santos-dumont-confira-outras-criacoes-do-inventor\/#article","isPartOf":{"@id":"https:\/\/www.abesata.org\/br\/150-anos-de-santos-dumont-confira-outras-criacoes-do-inventor\/"},"author":{"name":"Henrique Santana","@id":"https:\/\/www.abesata.org\/br\/#\/schema\/person\/9ea6d4cad1253eb9fd0f7cc28c4306da"},"headline":"150 anos de Santos Dumont; confira outras cria\u00e7\u00f5es do inventor","datePublished":"2023-07-24T15:57:37+00:00","dateModified":"2023-07-24T15:57:38+00:00","mainEntityOfPage":{"@id":"https:\/\/www.abesata.org\/br\/150-anos-de-santos-dumont-confira-outras-criacoes-do-inventor\/"},"wordCount":208,"publisher":{"@id":"https:\/\/www.abesata.org\/br\/#organization"},"articleSection":["Uncategorized"],"inLanguage":"pt-BR"},{"@type":"WebPage","@id":"https:\/\/www.abesata.org\/br\/150-anos-de-santos-dumont-confira-outras-criacoes-do-inventor\/","url":"https:\/\/www.abesata.org\/br\/150-anos-de-santos-dumont-confira-outras-criacoes-do-inventor\/","name":"150 anos de Santos Dumont; confira outras cria\u00e7\u00f5es do inventor - Abesata","isPartOf":{"@id":"https:\/\/www.abesata.org\/br\/#website"},"datePublished":"2023-07-24T15:57:37+00:00","dateModified":"2023-07-24T15:57:38+00:00","breadcrumb":{"@id":"https:\/\/www.abesata.org\/br\/150-anos-de-santos-dumont-confira-outras-criacoes-do-inventor\/#breadcrumb"},"inLanguage":"pt-BR","potentialAction":[{"@type":"ReadAction","target":["https:\/\/www.abesata.org\/br\/150-anos-de-santos-dumont-confira-outras-criacoes-do-inventor\/"]}]},{"@type":"BreadcrumbList","@id":"https:\/\/www.abesata.org\/br\/150-anos-de-santos-dumont-confira-outras-criacoes-do-inventor\/#breadcrumb","itemListElement":[{"@type":"ListItem","position":1,"name":"In\u00edcio","item":"https:\/\/www.abesata.org\/br\/"},{"@type":"ListItem","position":2,"name":"150 anos de Santos Dumont; confira outras cria\u00e7\u00f5es do inventor"}]},{"@type":"WebSite","@id":"https:\/\/www.abesata.org\/br\/#website","url":"https:\/\/www.abesata.org\/br\/","name":"Abesata","description":"Associa\u00e7\u00e3o Brasileira das Empresas de Servi\u00e7os Auxiliares de Transporte A\u00e9reo","publisher":{"@id":"https:\/\/www.abesata.org\/br\/#organization"},"potentialAction":[{"@type":"SearchAction","target":{"@type":"EntryPoint","urlTemplate":"https:\/\/www.abesata.org\/br\/?s={search_term_string}"},"query-input":{"@type":"PropertyValueSpecification","valueRequired":true,"valueName":"search_term_string"}}],"inLanguage":"pt-BR"},{"@type":"Organization","@id":"https:\/\/www.abesata.org\/br\/#organization","name":"Associa\u00e7\u00e3o Brasileira das Empresas de Servi\u00e7os Auxiliares de Transporte A\u00e9reo","alternateName":"Abesata","url":"https:\/\/www.abesata.org\/br\/","logo":{"@type":"ImageObject","inLanguage":"pt-BR","@id":"https:\/\/www.abesata.org\/br\/#\/schema\/logo\/image\/","url":"https:\/\/www.abesata.org\/br\/wp-content\/uploads\/2023\/10\/Abesata.png","contentUrl":"https:\/\/www.abesata.org\/br\/wp-content\/uploads\/2023\/10\/Abesata.png","width":1063,"height":591,"caption":"Associa\u00e7\u00e3o Brasileira das Empresas de Servi\u00e7os Auxiliares de Transporte A\u00e9reo"},"image":{"@id":"https:\/\/www.abesata.org\/br\/#\/schema\/logo\/image\/"},"sameAs":["https:\/\/www.facebook.com\/abesata.org\/","https:\/\/www.instagram.com\/abesata_gh\/","https:\/\/br.linkedin.com\/company\/abesata"]},{"@type":"Person","@id":"https:\/\/www.abesata.org\/br\/#\/schema\/person\/9ea6d4cad1253eb9fd0f7cc28c4306da","name":"Henrique Santana","image":{"@type":"ImageObject","inLanguage":"pt-BR","@id":"https:\/\/www.abesata.org\/br\/#\/schema\/person\/image\/","url":"https:\/\/secure.gravatar.com\/avatar\/d38ee0ca5c04b216d163c4ecd115e6174ba1c9174252c48fc8d30cf2dc7f0b25?s=96&d=mm&r=g","contentUrl":"https:\/\/secure.gravatar.com\/avatar\/d38ee0ca5c04b216d163c4ecd115e6174ba1c9174252c48fc8d30cf2dc7f0b25?s=96&d=mm&r=g","caption":"Henrique Santana"},"url":"https:\/\/www.abesata.org\/br\/author\/henrique-santana\/"}]}},"_links":{"self":[{"href":"https:\/\/www.abesata.org\/br\/wp-json\/wp\/v2\/posts\/15986","targetHints":{"allow":["GET"]}}],"collection":[{"href":"https:\/\/www.abesata.org\/br\/wp-json\/wp\/v2\/posts"}],"about":[{"href":"https:\/\/www.abesata.org\/br\/wp-json\/wp\/v2\/types\/post"}],"author":[{"embeddable":true,"href":"https:\/\/www.abesata.org\/br\/wp-json\/wp\/v2\/users\/135"}],"replies":[{"embeddable":true,"href":"https:\/\/www.abesata.org\/br\/wp-json\/wp\/v2\/comments?post=15986"}],"version-history":[{"count":0,"href":"https:\/\/www.abesata.org\/br\/wp-json\/wp\/v2\/posts\/15986\/revisions"}],"wp:attachment":[{"href":"https:\/\/www.abesata.org\/br\/wp-json\/wp\/v2\/media?parent=15986"}],"wp:term":[{"taxonomy":"category","embeddable":true,"href":"https:\/\/www.abesata.org\/br\/wp-json\/wp\/v2\/categories?post=15986"},{"taxonomy":"post_tag","embeddable":true,"href":"https:\/\/www.abesata.org\/br\/wp-json\/wp\/v2\/tags?post=15986"}],"curies":[{"name":"wp","href":"https:\/\/api.w.org\/{rel}","templated":true}]}}