{"id":1601,"date":"2014-10-01T14:03:19","date_gmt":"2014-10-01T17:03:19","guid":{"rendered":"http:\/\/www.abesata.org\/?p=1601"},"modified":"2014-10-01T14:05:22","modified_gmt":"2014-10-01T17:05:22","slug":"aeroporto-de-jaguaruna-voos-de-passageiros-e-cargas-a-partir-de-janeiro","status":"publish","type":"post","link":"https:\/\/www.abesata.org\/br\/aeroporto-de-jaguaruna-voos-de-passageiros-e-cargas-a-partir-de-janeiro\/","title":{"rendered":"Aeroporto de Jaguaruna: voos de passageiros e cargas a partir de janeiro"},"content":{"rendered":"<p>Foi assinado na tarde desta ter\u00e7a-feira, dia 30, no Aeroporto Regional Sul &#8211; Humberto Ghizzo Bortoluzzi um protocolo de inten\u00e7\u00f5es entre o Governo de Santa Catarina e a empresa TAM Linhas A\u00e9reas para a implanta\u00e7\u00e3o do voo di\u00e1rio de passageiros e cargas no empreendimento. O documento permite a expans\u00e3o das atividades da empresa TAM no Estado, especificamente no Aeroporto de Jaguaruna, com voos regulares com destino a Guarulhos, em S\u00e3o Paulo, tanto de carga como de passageiros, com in\u00edcio a partir de janeiro de 2015.<\/p>\n<p>Segundo o governador em exerc\u00edcio, Nelson Schaefer Martins, foi possibilitado a vontade, o interesse e a conveni\u00eancia de viabilizar uma linha a\u00e9rea regular, unindo o Sul do Estado aos grandes centros do pa\u00eds. \u201cIsso representa beneficiar uma popula\u00e7\u00e3o de aproximadamente um milh\u00e3o de pessoas, que agora poder\u00e3o se deslocar com mais facilidade para outros lugares\u201d, disse.<\/p>\n<p>Segundo o diretor de assuntos regulat\u00f3rios da TAM, Janor Alfredo Bas\u00edlio Dias, ser\u00e1 um voo por dia, pela manh\u00e3, a partir de Jaguaruna, com a aeronave Airbus A 320 para 150 pessoas. \u201cAcreditamos no potencial da regi\u00e3o e por isso vamos instalar nossa empresa nesse aeroporto com mais esse itiner\u00e1rio. Ser\u00e1 um investimento grande, desde o espa\u00e7o para check-in, at\u00e9 equipe de apoio para manuten\u00e7\u00e3o e limpeza das aeronaves que ficar\u00e3o permanentes na cidade\u201d, destacou.<\/p>\n<p>O ato de assinatura contou tamb\u00e9m com a presen\u00e7a do secret\u00e1rio de Estado da Fazenda, Antonio Marcos Gavazzoni, do secret\u00e1rio de Estado da Infraestrutura, Jo\u00e3o Carlos Ecker, representantes da RDL Aeroportos, empresa que administra o empreendimento, al\u00e9m do prefeito de Jaguaruna, Luiz Napoli.<\/p>\n<p>Colabora\u00e7\u00e3o Goverdo no Estado de Santa Catarina<\/p>\n<p style=\"text-align: right;\">Fonte: Engeplus<br \/>\n30\/09\/2014<br \/>\nFoto: Engeplus<\/p>\n","protected":false},"excerpt":{"rendered":"<p>Foi assinado na tarde desta ter\u00e7a-feira, dia 30, no Aeroporto Regional Sul &#8211; Humberto Ghizzo Bortoluzzi um protocolo de inten\u00e7\u00f5es entre o Governo de Santa Catarina e a empresa TAM Linhas A\u00e9reas para a implanta\u00e7\u00e3o do voo di\u00e1rio de passageiros e cargas no empreendimento. O documento permite a expans\u00e3o das atividades da empresa TAM no [&hellip;]<\/p>\n","protected":false},"author":18,"featured_media":1602,"comment_status":"closed","ping_status":"closed","sticky":false,"template":"","format":"standard","meta":{"footnotes":""},"categories":[],"tags":[],"class_list":["post-1601","post","type-post","status-publish","format-standard","has-post-thumbnail","hentry"],"yoast_head":"<!-- This site is optimized with the Yoast SEO plugin v26.5 - https:\/\/yoast.com\/wordpress\/plugins\/seo\/ -->\n<title>Aeroporto de Jaguaruna: voos de passageiros e cargas a partir de janeiro - Abesata<\/title>\n<meta name=\"robots\" content=\"index, follow, max-snippet:-1, max-image-preview:large, max-video-preview:-1\" \/>\n<link rel=\"canonical\" href=\"https:\/\/www.abesata.org\/br\/aeroporto-de-jaguaruna-voos-de-passageiros-e-cargas-a-partir-de-janeiro\/\" \/>\n<meta property=\"og:locale\" content=\"pt_BR\" \/>\n<meta property=\"og:type\" content=\"article\" \/>\n<meta property=\"og:title\" content=\"Aeroporto de Jaguaruna: voos de passageiros e cargas a partir de janeiro - Abesata\" \/>\n<meta property=\"og:description\" content=\"Foi assinado na tarde desta ter\u00e7a-feira, dia 30, no Aeroporto Regional Sul &#8211; Humberto Ghizzo Bortoluzzi um protocolo de inten\u00e7\u00f5es entre o Governo de Santa Catarina e a empresa TAM Linhas A\u00e9reas para a implanta\u00e7\u00e3o do voo di\u00e1rio de passageiros e cargas no empreendimento. O documento permite a expans\u00e3o das atividades da empresa TAM no [&hellip;]\" \/>\n<meta property=\"og:url\" content=\"https:\/\/www.abesata.org\/br\/aeroporto-de-jaguaruna-voos-de-passageiros-e-cargas-a-partir-de-janeiro\/\" \/>\n<meta property=\"og:site_name\" content=\"Abesata\" \/>\n<meta property=\"article:publisher\" content=\"https:\/\/www.facebook.com\/abesata.org\/\" \/>\n<meta property=\"article:published_time\" content=\"2014-10-01T17:03:19+00:00\" \/>\n<meta property=\"article:modified_time\" content=\"2014-10-01T17:05:22+00:00\" \/>\n<meta property=\"og:image\" content=\"https:\/\/www.abesata.org\/br\/wp-content\/uploads\/2014\/10\/21.png\" \/>\n\t<meta property=\"og:image:width\" content=\"1707\" \/>\n\t<meta property=\"og:image:height\" content=\"560\" \/>\n\t<meta property=\"og:image:type\" content=\"image\/png\" \/>\n<meta name=\"author\" content=\"Ricardo\" \/>\n<meta name=\"twitter:card\" content=\"summary_large_image\" \/>\n<meta name=\"twitter:label1\" content=\"Escrito por\" \/>\n\t<meta name=\"twitter:data1\" content=\"Ricardo\" \/>\n\t<meta name=\"twitter:label2\" content=\"Est. tempo de leitura\" \/>\n\t<meta name=\"twitter:data2\" content=\"1 minuto\" \/>\n<script type=\"application\/ld+json\" class=\"yoast-schema-graph\">{\"@context\":\"https:\/\/schema.org\",\"@graph\":[{\"@type\":\"Article\",\"@id\":\"https:\/\/www.abesata.org\/br\/aeroporto-de-jaguaruna-voos-de-passageiros-e-cargas-a-partir-de-janeiro\/#article\",\"isPartOf\":{\"@id\":\"https:\/\/www.abesata.org\/br\/aeroporto-de-jaguaruna-voos-de-passageiros-e-cargas-a-partir-de-janeiro\/\"},\"author\":{\"name\":\"Ricardo\",\"@id\":\"https:\/\/www.abesata.org\/br\/#\/schema\/person\/1f1295145bee68e42ffe39157320456b\"},\"headline\":\"Aeroporto de Jaguaruna: voos de passageiros e cargas a partir de janeiro\",\"datePublished\":\"2014-10-01T17:03:19+00:00\",\"dateModified\":\"2014-10-01T17:05:22+00:00\",\"mainEntityOfPage\":{\"@id\":\"https:\/\/www.abesata.org\/br\/aeroporto-de-jaguaruna-voos-de-passageiros-e-cargas-a-partir-de-janeiro\/\"},\"wordCount\":307,\"publisher\":{\"@id\":\"https:\/\/www.abesata.org\/br\/#organization\"},\"image\":{\"@id\":\"https:\/\/www.abesata.org\/br\/aeroporto-de-jaguaruna-voos-de-passageiros-e-cargas-a-partir-de-janeiro\/#primaryimage\"},\"thumbnailUrl\":\"https:\/\/www.abesata.org\/br\/wp-content\/uploads\/2014\/10\/21.png\",\"inLanguage\":\"pt-BR\"},{\"@type\":\"WebPage\",\"@id\":\"https:\/\/www.abesata.org\/br\/aeroporto-de-jaguaruna-voos-de-passageiros-e-cargas-a-partir-de-janeiro\/\",\"url\":\"https:\/\/www.abesata.org\/br\/aeroporto-de-jaguaruna-voos-de-passageiros-e-cargas-a-partir-de-janeiro\/\",\"name\":\"Aeroporto de Jaguaruna: voos de passageiros e cargas a partir de janeiro - Abesata\",\"isPartOf\":{\"@id\":\"https:\/\/www.abesata.org\/br\/#website\"},\"primaryImageOfPage\":{\"@id\":\"https:\/\/www.abesata.org\/br\/aeroporto-de-jaguaruna-voos-de-passageiros-e-cargas-a-partir-de-janeiro\/#primaryimage\"},\"image\":{\"@id\":\"https:\/\/www.abesata.org\/br\/aeroporto-de-jaguaruna-voos-de-passageiros-e-cargas-a-partir-de-janeiro\/#primaryimage\"},\"thumbnailUrl\":\"https:\/\/www.abesata.org\/br\/wp-content\/uploads\/2014\/10\/21.png\",\"datePublished\":\"2014-10-01T17:03:19+00:00\",\"dateModified\":\"2014-10-01T17:05:22+00:00\",\"breadcrumb\":{\"@id\":\"https:\/\/www.abesata.org\/br\/aeroporto-de-jaguaruna-voos-de-passageiros-e-cargas-a-partir-de-janeiro\/#breadcrumb\"},\"inLanguage\":\"pt-BR\",\"potentialAction\":[{\"@type\":\"ReadAction\",\"target\":[\"https:\/\/www.abesata.org\/br\/aeroporto-de-jaguaruna-voos-de-passageiros-e-cargas-a-partir-de-janeiro\/\"]}]},{\"@type\":\"ImageObject\",\"inLanguage\":\"pt-BR\",\"@id\":\"https:\/\/www.abesata.org\/br\/aeroporto-de-jaguaruna-voos-de-passageiros-e-cargas-a-partir-de-janeiro\/#primaryimage\",\"url\":\"https:\/\/www.abesata.org\/br\/wp-content\/uploads\/2014\/10\/21.png\",\"contentUrl\":\"https:\/\/www.abesata.org\/br\/wp-content\/uploads\/2014\/10\/21.png\",\"width\":1707,\"height\":560},{\"@type\":\"BreadcrumbList\",\"@id\":\"https:\/\/www.abesata.org\/br\/aeroporto-de-jaguaruna-voos-de-passageiros-e-cargas-a-partir-de-janeiro\/#breadcrumb\",\"itemListElement\":[{\"@type\":\"ListItem\",\"position\":1,\"name\":\"In\u00edcio\",\"item\":\"https:\/\/www.abesata.org\/br\/\"},{\"@type\":\"ListItem\",\"position\":2,\"name\":\"Aeroporto de Jaguaruna: voos de passageiros e cargas a partir de janeiro\"}]},{\"@type\":\"WebSite\",\"@id\":\"https:\/\/www.abesata.org\/br\/#website\",\"url\":\"https:\/\/www.abesata.org\/br\/\",\"name\":\"Abesata\",\"description\":\"Associa\u00e7\u00e3o Brasileira das Empresas de Servi\u00e7os Auxiliares de Transporte A\u00e9reo\",\"publisher\":{\"@id\":\"https:\/\/www.abesata.org\/br\/#organization\"},\"potentialAction\":[{\"@type\":\"SearchAction\",\"target\":{\"@type\":\"EntryPoint\",\"urlTemplate\":\"https:\/\/www.abesata.org\/br\/?s={search_term_string}\"},\"query-input\":{\"@type\":\"PropertyValueSpecification\",\"valueRequired\":true,\"valueName\":\"search_term_string\"}}],\"inLanguage\":\"pt-BR\"},{\"@type\":\"Organization\",\"@id\":\"https:\/\/www.abesata.org\/br\/#organization\",\"name\":\"Associa\u00e7\u00e3o Brasileira das Empresas de Servi\u00e7os Auxiliares de Transporte A\u00e9reo\",\"alternateName\":\"Abesata\",\"url\":\"https:\/\/www.abesata.org\/br\/\",\"logo\":{\"@type\":\"ImageObject\",\"inLanguage\":\"pt-BR\",\"@id\":\"https:\/\/www.abesata.org\/br\/#\/schema\/logo\/image\/\",\"url\":\"https:\/\/www.abesata.org\/br\/wp-content\/uploads\/2023\/10\/Abesata.png\",\"contentUrl\":\"https:\/\/www.abesata.org\/br\/wp-content\/uploads\/2023\/10\/Abesata.png\",\"width\":1063,\"height\":591,\"caption\":\"Associa\u00e7\u00e3o Brasileira das Empresas de Servi\u00e7os Auxiliares de Transporte A\u00e9reo\"},\"image\":{\"@id\":\"https:\/\/www.abesata.org\/br\/#\/schema\/logo\/image\/\"},\"sameAs\":[\"https:\/\/www.facebook.com\/abesata.org\/\",\"https:\/\/www.instagram.com\/abesata_gh\/\",\"https:\/\/br.linkedin.com\/company\/abesata\"]},{\"@type\":\"Person\",\"@id\":\"https:\/\/www.abesata.org\/br\/#\/schema\/person\/1f1295145bee68e42ffe39157320456b\",\"name\":\"Ricardo\",\"image\":{\"@type\":\"ImageObject\",\"inLanguage\":\"pt-BR\",\"@id\":\"https:\/\/www.abesata.org\/br\/#\/schema\/person\/image\/\",\"url\":\"https:\/\/secure.gravatar.com\/avatar\/1d856797eb89513dee321f840c1a6bbcec15beb178c003e50adcf59323b3a8a9?s=96&d=mm&r=g\",\"contentUrl\":\"https:\/\/secure.gravatar.com\/avatar\/1d856797eb89513dee321f840c1a6bbcec15beb178c003e50adcf59323b3a8a9?s=96&d=mm&r=g\",\"caption\":\"Ricardo\"},\"url\":\"https:\/\/www.abesata.org\/br\/author\/ricardo-baroni\/\"}]}<\/script>\n<!-- \/ Yoast SEO plugin. -->","yoast_head_json":{"title":"Aeroporto de Jaguaruna: voos de passageiros e cargas a partir de janeiro - Abesata","robots":{"index":"index","follow":"follow","max-snippet":"max-snippet:-1","max-image-preview":"max-image-preview:large","max-video-preview":"max-video-preview:-1"},"canonical":"https:\/\/www.abesata.org\/br\/aeroporto-de-jaguaruna-voos-de-passageiros-e-cargas-a-partir-de-janeiro\/","og_locale":"pt_BR","og_type":"article","og_title":"Aeroporto de Jaguaruna: voos de passageiros e cargas a partir de janeiro - Abesata","og_description":"Foi assinado na tarde desta ter\u00e7a-feira, dia 30, no Aeroporto Regional Sul &#8211; Humberto Ghizzo Bortoluzzi um protocolo de inten\u00e7\u00f5es entre o Governo de Santa Catarina e a empresa TAM Linhas A\u00e9reas para a implanta\u00e7\u00e3o do voo di\u00e1rio de passageiros e cargas no empreendimento. O documento permite a expans\u00e3o das atividades da empresa TAM no [&hellip;]","og_url":"https:\/\/www.abesata.org\/br\/aeroporto-de-jaguaruna-voos-de-passageiros-e-cargas-a-partir-de-janeiro\/","og_site_name":"Abesata","article_publisher":"https:\/\/www.facebook.com\/abesata.org\/","article_published_time":"2014-10-01T17:03:19+00:00","article_modified_time":"2014-10-01T17:05:22+00:00","og_image":[{"width":1707,"height":560,"url":"https:\/\/www.abesata.org\/br\/wp-content\/uploads\/2014\/10\/21.png","type":"image\/png"}],"author":"Ricardo","twitter_card":"summary_large_image","twitter_misc":{"Escrito por":"Ricardo","Est. tempo de leitura":"1 minuto"},"schema":{"@context":"https:\/\/schema.org","@graph":[{"@type":"Article","@id":"https:\/\/www.abesata.org\/br\/aeroporto-de-jaguaruna-voos-de-passageiros-e-cargas-a-partir-de-janeiro\/#article","isPartOf":{"@id":"https:\/\/www.abesata.org\/br\/aeroporto-de-jaguaruna-voos-de-passageiros-e-cargas-a-partir-de-janeiro\/"},"author":{"name":"Ricardo","@id":"https:\/\/www.abesata.org\/br\/#\/schema\/person\/1f1295145bee68e42ffe39157320456b"},"headline":"Aeroporto de Jaguaruna: voos de passageiros e cargas a partir de janeiro","datePublished":"2014-10-01T17:03:19+00:00","dateModified":"2014-10-01T17:05:22+00:00","mainEntityOfPage":{"@id":"https:\/\/www.abesata.org\/br\/aeroporto-de-jaguaruna-voos-de-passageiros-e-cargas-a-partir-de-janeiro\/"},"wordCount":307,"publisher":{"@id":"https:\/\/www.abesata.org\/br\/#organization"},"image":{"@id":"https:\/\/www.abesata.org\/br\/aeroporto-de-jaguaruna-voos-de-passageiros-e-cargas-a-partir-de-janeiro\/#primaryimage"},"thumbnailUrl":"https:\/\/www.abesata.org\/br\/wp-content\/uploads\/2014\/10\/21.png","inLanguage":"pt-BR"},{"@type":"WebPage","@id":"https:\/\/www.abesata.org\/br\/aeroporto-de-jaguaruna-voos-de-passageiros-e-cargas-a-partir-de-janeiro\/","url":"https:\/\/www.abesata.org\/br\/aeroporto-de-jaguaruna-voos-de-passageiros-e-cargas-a-partir-de-janeiro\/","name":"Aeroporto de Jaguaruna: voos de passageiros e cargas a partir de janeiro - Abesata","isPartOf":{"@id":"https:\/\/www.abesata.org\/br\/#website"},"primaryImageOfPage":{"@id":"https:\/\/www.abesata.org\/br\/aeroporto-de-jaguaruna-voos-de-passageiros-e-cargas-a-partir-de-janeiro\/#primaryimage"},"image":{"@id":"https:\/\/www.abesata.org\/br\/aeroporto-de-jaguaruna-voos-de-passageiros-e-cargas-a-partir-de-janeiro\/#primaryimage"},"thumbnailUrl":"https:\/\/www.abesata.org\/br\/wp-content\/uploads\/2014\/10\/21.png","datePublished":"2014-10-01T17:03:19+00:00","dateModified":"2014-10-01T17:05:22+00:00","breadcrumb":{"@id":"https:\/\/www.abesata.org\/br\/aeroporto-de-jaguaruna-voos-de-passageiros-e-cargas-a-partir-de-janeiro\/#breadcrumb"},"inLanguage":"pt-BR","potentialAction":[{"@type":"ReadAction","target":["https:\/\/www.abesata.org\/br\/aeroporto-de-jaguaruna-voos-de-passageiros-e-cargas-a-partir-de-janeiro\/"]}]},{"@type":"ImageObject","inLanguage":"pt-BR","@id":"https:\/\/www.abesata.org\/br\/aeroporto-de-jaguaruna-voos-de-passageiros-e-cargas-a-partir-de-janeiro\/#primaryimage","url":"https:\/\/www.abesata.org\/br\/wp-content\/uploads\/2014\/10\/21.png","contentUrl":"https:\/\/www.abesata.org\/br\/wp-content\/uploads\/2014\/10\/21.png","width":1707,"height":560},{"@type":"BreadcrumbList","@id":"https:\/\/www.abesata.org\/br\/aeroporto-de-jaguaruna-voos-de-passageiros-e-cargas-a-partir-de-janeiro\/#breadcrumb","itemListElement":[{"@type":"ListItem","position":1,"name":"In\u00edcio","item":"https:\/\/www.abesata.org\/br\/"},{"@type":"ListItem","position":2,"name":"Aeroporto de Jaguaruna: voos de passageiros e cargas a partir de janeiro"}]},{"@type":"WebSite","@id":"https:\/\/www.abesata.org\/br\/#website","url":"https:\/\/www.abesata.org\/br\/","name":"Abesata","description":"Associa\u00e7\u00e3o Brasileira das Empresas de Servi\u00e7os Auxiliares de Transporte A\u00e9reo","publisher":{"@id":"https:\/\/www.abesata.org\/br\/#organization"},"potentialAction":[{"@type":"SearchAction","target":{"@type":"EntryPoint","urlTemplate":"https:\/\/www.abesata.org\/br\/?s={search_term_string}"},"query-input":{"@type":"PropertyValueSpecification","valueRequired":true,"valueName":"search_term_string"}}],"inLanguage":"pt-BR"},{"@type":"Organization","@id":"https:\/\/www.abesata.org\/br\/#organization","name":"Associa\u00e7\u00e3o Brasileira das Empresas de Servi\u00e7os Auxiliares de Transporte A\u00e9reo","alternateName":"Abesata","url":"https:\/\/www.abesata.org\/br\/","logo":{"@type":"ImageObject","inLanguage":"pt-BR","@id":"https:\/\/www.abesata.org\/br\/#\/schema\/logo\/image\/","url":"https:\/\/www.abesata.org\/br\/wp-content\/uploads\/2023\/10\/Abesata.png","contentUrl":"https:\/\/www.abesata.org\/br\/wp-content\/uploads\/2023\/10\/Abesata.png","width":1063,"height":591,"caption":"Associa\u00e7\u00e3o Brasileira das Empresas de Servi\u00e7os Auxiliares de Transporte A\u00e9reo"},"image":{"@id":"https:\/\/www.abesata.org\/br\/#\/schema\/logo\/image\/"},"sameAs":["https:\/\/www.facebook.com\/abesata.org\/","https:\/\/www.instagram.com\/abesata_gh\/","https:\/\/br.linkedin.com\/company\/abesata"]},{"@type":"Person","@id":"https:\/\/www.abesata.org\/br\/#\/schema\/person\/1f1295145bee68e42ffe39157320456b","name":"Ricardo","image":{"@type":"ImageObject","inLanguage":"pt-BR","@id":"https:\/\/www.abesata.org\/br\/#\/schema\/person\/image\/","url":"https:\/\/secure.gravatar.com\/avatar\/1d856797eb89513dee321f840c1a6bbcec15beb178c003e50adcf59323b3a8a9?s=96&d=mm&r=g","contentUrl":"https:\/\/secure.gravatar.com\/avatar\/1d856797eb89513dee321f840c1a6bbcec15beb178c003e50adcf59323b3a8a9?s=96&d=mm&r=g","caption":"Ricardo"},"url":"https:\/\/www.abesata.org\/br\/author\/ricardo-baroni\/"}]}},"_links":{"self":[{"href":"https:\/\/www.abesata.org\/br\/wp-json\/wp\/v2\/posts\/1601","targetHints":{"allow":["GET"]}}],"collection":[{"href":"https:\/\/www.abesata.org\/br\/wp-json\/wp\/v2\/posts"}],"about":[{"href":"https:\/\/www.abesata.org\/br\/wp-json\/wp\/v2\/types\/post"}],"author":[{"embeddable":true,"href":"https:\/\/www.abesata.org\/br\/wp-json\/wp\/v2\/users\/18"}],"replies":[{"embeddable":true,"href":"https:\/\/www.abesata.org\/br\/wp-json\/wp\/v2\/comments?post=1601"}],"version-history":[{"count":0,"href":"https:\/\/www.abesata.org\/br\/wp-json\/wp\/v2\/posts\/1601\/revisions"}],"wp:featuredmedia":[{"embeddable":true,"href":"https:\/\/www.abesata.org\/br\/wp-json\/wp\/v2\/media\/1602"}],"wp:attachment":[{"href":"https:\/\/www.abesata.org\/br\/wp-json\/wp\/v2\/media?parent=1601"}],"wp:term":[{"taxonomy":"category","embeddable":true,"href":"https:\/\/www.abesata.org\/br\/wp-json\/wp\/v2\/categories?post=1601"},{"taxonomy":"post_tag","embeddable":true,"href":"https:\/\/www.abesata.org\/br\/wp-json\/wp\/v2\/tags?post=1601"}],"curies":[{"name":"wp","href":"https:\/\/api.w.org\/{rel}","templated":true}]}}