{"id":16014,"date":"2023-08-15T19:48:34","date_gmt":"2023-08-15T19:48:34","guid":{"rendered":"http:\/\/www.abesata.org\/br\/?p=16014"},"modified":"2024-06-19T16:00:32","modified_gmt":"2024-06-19T19:00:32","slug":"sest-senat-summit-promove-debates-sobre-o-futuro-do-transporte","status":"publish","type":"post","link":"https:\/\/www.abesata.org\/br\/sest-senat-summit-promove-debates-sobre-o-futuro-do-transporte\/","title":{"rendered":"SEST SENAT Summit promove debates sobre o futuro do transporte"},"content":{"rendered":"\n<p>Acompanhamos, nesta ter\u00e7a (15), a abertura da primeira edi\u00e7\u00e3o do SEST SENAT Summit \u201cTransporte-se para o Futuro\u201d, no Teatro Santander, em S\u00e3o Paulo. O evento promove um debate sobre o \u201cFuturo das Tecnologias\u201d, que destaca a interconectividade, e o \u201cFuturo do Mercado\u201d, que traz as tend\u00eancias do mercado.<\/p>\n\n\n\n<p>Nosso analista operacional, Tiago Gusm\u00e3o, teve o prazer de assistir \u00e0 palestra do diretor-gerente do Eindhoven AI System Institute (EAISI), Carlos Van de Weijer. Estaremos presentes tamb\u00e9m no segundo dia de evento.<\/p>\n","protected":false},"excerpt":{"rendered":"<p>Acompanhamos, nesta ter\u00e7a (15), a abertura da primeira edi\u00e7\u00e3o do SEST SENAT Summit \u201cTransporte-se para o Futuro\u201d, no Teatro Santander, em S\u00e3o Paulo. O evento promove um debate sobre o \u201cFuturo das Tecnologias\u201d, que destaca a interconectividade, e o \u201cFuturo do Mercado\u201d, que traz as tend\u00eancias do mercado. Nosso analista operacional, Tiago Gusm\u00e3o, teve o [&hellip;]<\/p>\n","protected":false},"author":1,"featured_media":16015,"comment_status":"closed","ping_status":"open","sticky":false,"template":"","format":"standard","meta":{"footnotes":""},"categories":[294],"tags":[12,77,31],"class_list":["post-16014","post","type-post","status-publish","format-standard","has-post-thumbnail","hentry","category-noticias","tag-abesata","tag-sest-senat","tag-transporte"],"yoast_head":"<!-- This site is optimized with the Yoast SEO plugin v26.5 - https:\/\/yoast.com\/wordpress\/plugins\/seo\/ -->\n<title>SEST SENAT Summit promove debates sobre o futuro do transporte - Abesata<\/title>\n<meta name=\"robots\" content=\"index, follow, max-snippet:-1, max-image-preview:large, max-video-preview:-1\" \/>\n<link rel=\"canonical\" href=\"https:\/\/www.abesata.org\/br\/sest-senat-summit-promove-debates-sobre-o-futuro-do-transporte\/\" \/>\n<meta property=\"og:locale\" content=\"pt_BR\" \/>\n<meta property=\"og:type\" content=\"article\" \/>\n<meta property=\"og:title\" content=\"SEST SENAT Summit promove debates sobre o futuro do transporte - Abesata\" \/>\n<meta property=\"og:description\" content=\"Acompanhamos, nesta ter\u00e7a (15), a abertura da primeira edi\u00e7\u00e3o do SEST SENAT Summit \u201cTransporte-se para o Futuro\u201d, no Teatro Santander, em S\u00e3o Paulo. O evento promove um debate sobre o \u201cFuturo das Tecnologias\u201d, que destaca a interconectividade, e o \u201cFuturo do Mercado\u201d, que traz as tend\u00eancias do mercado. Nosso analista operacional, Tiago Gusm\u00e3o, teve o [&hellip;]\" \/>\n<meta property=\"og:url\" content=\"https:\/\/www.abesata.org\/br\/sest-senat-summit-promove-debates-sobre-o-futuro-do-transporte\/\" \/>\n<meta property=\"og:site_name\" content=\"Abesata\" \/>\n<meta property=\"article:publisher\" content=\"https:\/\/www.facebook.com\/abesata.org\/\" \/>\n<meta property=\"article:published_time\" content=\"2023-08-15T19:48:34+00:00\" \/>\n<meta property=\"article:modified_time\" content=\"2024-06-19T19:00:32+00:00\" \/>\n<meta property=\"og:image\" content=\"https:\/\/www.abesata.org\/br\/wp-content\/uploads\/2023\/08\/SEST-SENAT-Summit.jpeg\" \/>\n\t<meta property=\"og:image:width\" content=\"1600\" \/>\n\t<meta property=\"og:image:height\" content=\"1200\" \/>\n\t<meta property=\"og:image:type\" content=\"image\/jpeg\" \/>\n<meta name=\"author\" content=\"admin\" \/>\n<meta name=\"twitter:card\" content=\"summary_large_image\" \/>\n<meta name=\"twitter:label1\" content=\"Escrito por\" \/>\n\t<meta name=\"twitter:data1\" content=\"admin\" \/>\n<script type=\"application\/ld+json\" class=\"yoast-schema-graph\">{\"@context\":\"https:\/\/schema.org\",\"@graph\":[{\"@type\":\"Article\",\"@id\":\"https:\/\/www.abesata.org\/br\/sest-senat-summit-promove-debates-sobre-o-futuro-do-transporte\/#article\",\"isPartOf\":{\"@id\":\"https:\/\/www.abesata.org\/br\/sest-senat-summit-promove-debates-sobre-o-futuro-do-transporte\/\"},\"author\":{\"name\":\"admin\",\"@id\":\"https:\/\/www.abesata.org\/br\/#\/schema\/person\/bd9e7c86150fe625bb50aebd7be624d1\"},\"headline\":\"SEST SENAT Summit promove debates sobre o futuro do transporte\",\"datePublished\":\"2023-08-15T19:48:34+00:00\",\"dateModified\":\"2024-06-19T19:00:32+00:00\",\"mainEntityOfPage\":{\"@id\":\"https:\/\/www.abesata.org\/br\/sest-senat-summit-promove-debates-sobre-o-futuro-do-transporte\/\"},\"wordCount\":94,\"publisher\":{\"@id\":\"https:\/\/www.abesata.org\/br\/#organization\"},\"image\":{\"@id\":\"https:\/\/www.abesata.org\/br\/sest-senat-summit-promove-debates-sobre-o-futuro-do-transporte\/#primaryimage\"},\"thumbnailUrl\":\"https:\/\/www.abesata.org\/br\/wp-content\/uploads\/2023\/08\/SEST-SENAT-Summit.jpeg\",\"keywords\":[\"abesata\",\"SEST SENAT\",\"transporte\"],\"articleSection\":[\"Not\u00edcias\"],\"inLanguage\":\"pt-BR\"},{\"@type\":\"WebPage\",\"@id\":\"https:\/\/www.abesata.org\/br\/sest-senat-summit-promove-debates-sobre-o-futuro-do-transporte\/\",\"url\":\"https:\/\/www.abesata.org\/br\/sest-senat-summit-promove-debates-sobre-o-futuro-do-transporte\/\",\"name\":\"SEST SENAT Summit promove debates sobre o futuro do transporte - Abesata\",\"isPartOf\":{\"@id\":\"https:\/\/www.abesata.org\/br\/#website\"},\"primaryImageOfPage\":{\"@id\":\"https:\/\/www.abesata.org\/br\/sest-senat-summit-promove-debates-sobre-o-futuro-do-transporte\/#primaryimage\"},\"image\":{\"@id\":\"https:\/\/www.abesata.org\/br\/sest-senat-summit-promove-debates-sobre-o-futuro-do-transporte\/#primaryimage\"},\"thumbnailUrl\":\"https:\/\/www.abesata.org\/br\/wp-content\/uploads\/2023\/08\/SEST-SENAT-Summit.jpeg\",\"datePublished\":\"2023-08-15T19:48:34+00:00\",\"dateModified\":\"2024-06-19T19:00:32+00:00\",\"breadcrumb\":{\"@id\":\"https:\/\/www.abesata.org\/br\/sest-senat-summit-promove-debates-sobre-o-futuro-do-transporte\/#breadcrumb\"},\"inLanguage\":\"pt-BR\",\"potentialAction\":[{\"@type\":\"ReadAction\",\"target\":[\"https:\/\/www.abesata.org\/br\/sest-senat-summit-promove-debates-sobre-o-futuro-do-transporte\/\"]}]},{\"@type\":\"ImageObject\",\"inLanguage\":\"pt-BR\",\"@id\":\"https:\/\/www.abesata.org\/br\/sest-senat-summit-promove-debates-sobre-o-futuro-do-transporte\/#primaryimage\",\"url\":\"https:\/\/www.abesata.org\/br\/wp-content\/uploads\/2023\/08\/SEST-SENAT-Summit.jpeg\",\"contentUrl\":\"https:\/\/www.abesata.org\/br\/wp-content\/uploads\/2023\/08\/SEST-SENAT-Summit.jpeg\",\"width\":1600,\"height\":1200},{\"@type\":\"BreadcrumbList\",\"@id\":\"https:\/\/www.abesata.org\/br\/sest-senat-summit-promove-debates-sobre-o-futuro-do-transporte\/#breadcrumb\",\"itemListElement\":[{\"@type\":\"ListItem\",\"position\":1,\"name\":\"In\u00edcio\",\"item\":\"https:\/\/www.abesata.org\/br\/\"},{\"@type\":\"ListItem\",\"position\":2,\"name\":\"SEST SENAT Summit promove debates sobre o futuro do transporte\"}]},{\"@type\":\"WebSite\",\"@id\":\"https:\/\/www.abesata.org\/br\/#website\",\"url\":\"https:\/\/www.abesata.org\/br\/\",\"name\":\"Abesata\",\"description\":\"Associa\u00e7\u00e3o Brasileira das Empresas de Servi\u00e7os Auxiliares de Transporte A\u00e9reo\",\"publisher\":{\"@id\":\"https:\/\/www.abesata.org\/br\/#organization\"},\"potentialAction\":[{\"@type\":\"SearchAction\",\"target\":{\"@type\":\"EntryPoint\",\"urlTemplate\":\"https:\/\/www.abesata.org\/br\/?s={search_term_string}\"},\"query-input\":{\"@type\":\"PropertyValueSpecification\",\"valueRequired\":true,\"valueName\":\"search_term_string\"}}],\"inLanguage\":\"pt-BR\"},{\"@type\":\"Organization\",\"@id\":\"https:\/\/www.abesata.org\/br\/#organization\",\"name\":\"Associa\u00e7\u00e3o Brasileira das Empresas de Servi\u00e7os Auxiliares de Transporte A\u00e9reo\",\"alternateName\":\"Abesata\",\"url\":\"https:\/\/www.abesata.org\/br\/\",\"logo\":{\"@type\":\"ImageObject\",\"inLanguage\":\"pt-BR\",\"@id\":\"https:\/\/www.abesata.org\/br\/#\/schema\/logo\/image\/\",\"url\":\"https:\/\/www.abesata.org\/br\/wp-content\/uploads\/2023\/10\/Abesata.png\",\"contentUrl\":\"https:\/\/www.abesata.org\/br\/wp-content\/uploads\/2023\/10\/Abesata.png\",\"width\":1063,\"height\":591,\"caption\":\"Associa\u00e7\u00e3o Brasileira das Empresas de Servi\u00e7os Auxiliares de Transporte A\u00e9reo\"},\"image\":{\"@id\":\"https:\/\/www.abesata.org\/br\/#\/schema\/logo\/image\/\"},\"sameAs\":[\"https:\/\/www.facebook.com\/abesata.org\/\",\"https:\/\/www.instagram.com\/abesata_gh\/\",\"https:\/\/br.linkedin.com\/company\/abesata\"]},{\"@type\":\"Person\",\"@id\":\"https:\/\/www.abesata.org\/br\/#\/schema\/person\/bd9e7c86150fe625bb50aebd7be624d1\",\"name\":\"admin\",\"image\":{\"@type\":\"ImageObject\",\"inLanguage\":\"pt-BR\",\"@id\":\"https:\/\/www.abesata.org\/br\/#\/schema\/person\/image\/\",\"url\":\"https:\/\/secure.gravatar.com\/avatar\/b8e742a0c332125760459b2e04eaccc35255ab53dd66c239a029f484ccb009d7?s=96&d=mm&r=g\",\"contentUrl\":\"https:\/\/secure.gravatar.com\/avatar\/b8e742a0c332125760459b2e04eaccc35255ab53dd66c239a029f484ccb009d7?s=96&d=mm&r=g\",\"caption\":\"admin\"},\"url\":\"https:\/\/www.abesata.org\/br\/author\/admin\/\"}]}<\/script>\n<!-- \/ Yoast SEO plugin. -->","yoast_head_json":{"title":"SEST SENAT Summit promove debates sobre o futuro do transporte - Abesata","robots":{"index":"index","follow":"follow","max-snippet":"max-snippet:-1","max-image-preview":"max-image-preview:large","max-video-preview":"max-video-preview:-1"},"canonical":"https:\/\/www.abesata.org\/br\/sest-senat-summit-promove-debates-sobre-o-futuro-do-transporte\/","og_locale":"pt_BR","og_type":"article","og_title":"SEST SENAT Summit promove debates sobre o futuro do transporte - Abesata","og_description":"Acompanhamos, nesta ter\u00e7a (15), a abertura da primeira edi\u00e7\u00e3o do SEST SENAT Summit \u201cTransporte-se para o Futuro\u201d, no Teatro Santander, em S\u00e3o Paulo. O evento promove um debate sobre o \u201cFuturo das Tecnologias\u201d, que destaca a interconectividade, e o \u201cFuturo do Mercado\u201d, que traz as tend\u00eancias do mercado. Nosso analista operacional, Tiago Gusm\u00e3o, teve o [&hellip;]","og_url":"https:\/\/www.abesata.org\/br\/sest-senat-summit-promove-debates-sobre-o-futuro-do-transporte\/","og_site_name":"Abesata","article_publisher":"https:\/\/www.facebook.com\/abesata.org\/","article_published_time":"2023-08-15T19:48:34+00:00","article_modified_time":"2024-06-19T19:00:32+00:00","og_image":[{"width":1600,"height":1200,"url":"https:\/\/www.abesata.org\/br\/wp-content\/uploads\/2023\/08\/SEST-SENAT-Summit.jpeg","type":"image\/jpeg"}],"author":"admin","twitter_card":"summary_large_image","twitter_misc":{"Escrito por":"admin"},"schema":{"@context":"https:\/\/schema.org","@graph":[{"@type":"Article","@id":"https:\/\/www.abesata.org\/br\/sest-senat-summit-promove-debates-sobre-o-futuro-do-transporte\/#article","isPartOf":{"@id":"https:\/\/www.abesata.org\/br\/sest-senat-summit-promove-debates-sobre-o-futuro-do-transporte\/"},"author":{"name":"admin","@id":"https:\/\/www.abesata.org\/br\/#\/schema\/person\/bd9e7c86150fe625bb50aebd7be624d1"},"headline":"SEST SENAT Summit promove debates sobre o futuro do transporte","datePublished":"2023-08-15T19:48:34+00:00","dateModified":"2024-06-19T19:00:32+00:00","mainEntityOfPage":{"@id":"https:\/\/www.abesata.org\/br\/sest-senat-summit-promove-debates-sobre-o-futuro-do-transporte\/"},"wordCount":94,"publisher":{"@id":"https:\/\/www.abesata.org\/br\/#organization"},"image":{"@id":"https:\/\/www.abesata.org\/br\/sest-senat-summit-promove-debates-sobre-o-futuro-do-transporte\/#primaryimage"},"thumbnailUrl":"https:\/\/www.abesata.org\/br\/wp-content\/uploads\/2023\/08\/SEST-SENAT-Summit.jpeg","keywords":["abesata","SEST SENAT","transporte"],"articleSection":["Not\u00edcias"],"inLanguage":"pt-BR"},{"@type":"WebPage","@id":"https:\/\/www.abesata.org\/br\/sest-senat-summit-promove-debates-sobre-o-futuro-do-transporte\/","url":"https:\/\/www.abesata.org\/br\/sest-senat-summit-promove-debates-sobre-o-futuro-do-transporte\/","name":"SEST SENAT Summit promove debates sobre o futuro do transporte - Abesata","isPartOf":{"@id":"https:\/\/www.abesata.org\/br\/#website"},"primaryImageOfPage":{"@id":"https:\/\/www.abesata.org\/br\/sest-senat-summit-promove-debates-sobre-o-futuro-do-transporte\/#primaryimage"},"image":{"@id":"https:\/\/www.abesata.org\/br\/sest-senat-summit-promove-debates-sobre-o-futuro-do-transporte\/#primaryimage"},"thumbnailUrl":"https:\/\/www.abesata.org\/br\/wp-content\/uploads\/2023\/08\/SEST-SENAT-Summit.jpeg","datePublished":"2023-08-15T19:48:34+00:00","dateModified":"2024-06-19T19:00:32+00:00","breadcrumb":{"@id":"https:\/\/www.abesata.org\/br\/sest-senat-summit-promove-debates-sobre-o-futuro-do-transporte\/#breadcrumb"},"inLanguage":"pt-BR","potentialAction":[{"@type":"ReadAction","target":["https:\/\/www.abesata.org\/br\/sest-senat-summit-promove-debates-sobre-o-futuro-do-transporte\/"]}]},{"@type":"ImageObject","inLanguage":"pt-BR","@id":"https:\/\/www.abesata.org\/br\/sest-senat-summit-promove-debates-sobre-o-futuro-do-transporte\/#primaryimage","url":"https:\/\/www.abesata.org\/br\/wp-content\/uploads\/2023\/08\/SEST-SENAT-Summit.jpeg","contentUrl":"https:\/\/www.abesata.org\/br\/wp-content\/uploads\/2023\/08\/SEST-SENAT-Summit.jpeg","width":1600,"height":1200},{"@type":"BreadcrumbList","@id":"https:\/\/www.abesata.org\/br\/sest-senat-summit-promove-debates-sobre-o-futuro-do-transporte\/#breadcrumb","itemListElement":[{"@type":"ListItem","position":1,"name":"In\u00edcio","item":"https:\/\/www.abesata.org\/br\/"},{"@type":"ListItem","position":2,"name":"SEST SENAT Summit promove debates sobre o futuro do transporte"}]},{"@type":"WebSite","@id":"https:\/\/www.abesata.org\/br\/#website","url":"https:\/\/www.abesata.org\/br\/","name":"Abesata","description":"Associa\u00e7\u00e3o Brasileira das Empresas de Servi\u00e7os Auxiliares de Transporte A\u00e9reo","publisher":{"@id":"https:\/\/www.abesata.org\/br\/#organization"},"potentialAction":[{"@type":"SearchAction","target":{"@type":"EntryPoint","urlTemplate":"https:\/\/www.abesata.org\/br\/?s={search_term_string}"},"query-input":{"@type":"PropertyValueSpecification","valueRequired":true,"valueName":"search_term_string"}}],"inLanguage":"pt-BR"},{"@type":"Organization","@id":"https:\/\/www.abesata.org\/br\/#organization","name":"Associa\u00e7\u00e3o Brasileira das Empresas de Servi\u00e7os Auxiliares de Transporte A\u00e9reo","alternateName":"Abesata","url":"https:\/\/www.abesata.org\/br\/","logo":{"@type":"ImageObject","inLanguage":"pt-BR","@id":"https:\/\/www.abesata.org\/br\/#\/schema\/logo\/image\/","url":"https:\/\/www.abesata.org\/br\/wp-content\/uploads\/2023\/10\/Abesata.png","contentUrl":"https:\/\/www.abesata.org\/br\/wp-content\/uploads\/2023\/10\/Abesata.png","width":1063,"height":591,"caption":"Associa\u00e7\u00e3o Brasileira das Empresas de Servi\u00e7os Auxiliares de Transporte A\u00e9reo"},"image":{"@id":"https:\/\/www.abesata.org\/br\/#\/schema\/logo\/image\/"},"sameAs":["https:\/\/www.facebook.com\/abesata.org\/","https:\/\/www.instagram.com\/abesata_gh\/","https:\/\/br.linkedin.com\/company\/abesata"]},{"@type":"Person","@id":"https:\/\/www.abesata.org\/br\/#\/schema\/person\/bd9e7c86150fe625bb50aebd7be624d1","name":"admin","image":{"@type":"ImageObject","inLanguage":"pt-BR","@id":"https:\/\/www.abesata.org\/br\/#\/schema\/person\/image\/","url":"https:\/\/secure.gravatar.com\/avatar\/b8e742a0c332125760459b2e04eaccc35255ab53dd66c239a029f484ccb009d7?s=96&d=mm&r=g","contentUrl":"https:\/\/secure.gravatar.com\/avatar\/b8e742a0c332125760459b2e04eaccc35255ab53dd66c239a029f484ccb009d7?s=96&d=mm&r=g","caption":"admin"},"url":"https:\/\/www.abesata.org\/br\/author\/admin\/"}]}},"_links":{"self":[{"href":"https:\/\/www.abesata.org\/br\/wp-json\/wp\/v2\/posts\/16014","targetHints":{"allow":["GET"]}}],"collection":[{"href":"https:\/\/www.abesata.org\/br\/wp-json\/wp\/v2\/posts"}],"about":[{"href":"https:\/\/www.abesata.org\/br\/wp-json\/wp\/v2\/types\/post"}],"author":[{"embeddable":true,"href":"https:\/\/www.abesata.org\/br\/wp-json\/wp\/v2\/users\/1"}],"replies":[{"embeddable":true,"href":"https:\/\/www.abesata.org\/br\/wp-json\/wp\/v2\/comments?post=16014"}],"version-history":[{"count":1,"href":"https:\/\/www.abesata.org\/br\/wp-json\/wp\/v2\/posts\/16014\/revisions"}],"predecessor-version":[{"id":17252,"href":"https:\/\/www.abesata.org\/br\/wp-json\/wp\/v2\/posts\/16014\/revisions\/17252"}],"wp:featuredmedia":[{"embeddable":true,"href":"https:\/\/www.abesata.org\/br\/wp-json\/wp\/v2\/media\/16015"}],"wp:attachment":[{"href":"https:\/\/www.abesata.org\/br\/wp-json\/wp\/v2\/media?parent=16014"}],"wp:term":[{"taxonomy":"category","embeddable":true,"href":"https:\/\/www.abesata.org\/br\/wp-json\/wp\/v2\/categories?post=16014"},{"taxonomy":"post_tag","embeddable":true,"href":"https:\/\/www.abesata.org\/br\/wp-json\/wp\/v2\/tags?post=16014"}],"curies":[{"name":"wp","href":"https:\/\/api.w.org\/{rel}","templated":true}]}}