{"id":1608,"date":"2014-10-02T14:08:33","date_gmt":"2014-10-02T17:08:33","guid":{"rendered":"http:\/\/www.abesata.org\/?p=1608"},"modified":"2014-10-02T14:08:33","modified_gmt":"2014-10-02T17:08:33","slug":"carga-aerea-no-brasil-representa-10-do-total-transportado-nos-eua","status":"publish","type":"post","link":"https:\/\/www.abesata.org\/br\/carga-aerea-no-brasil-representa-10-do-total-transportado-nos-eua\/","title":{"rendered":"Carga a\u00e9rea no Brasil representa 10% do total transportado nos EUA"},"content":{"rendered":"<p>O Brasil transportou 393 mil toneladas em cargas a\u00e9reas no mercado dom\u00e9stico durante o ano de 2013, distribu\u00eddas tanto em avi\u00f5es cargueiros, quanto nos por\u00f5es das aeronaves com passageiros. Esse volume representa 10% do total transportado nos Estados Unidos, de acordo com o diretor t\u00e9cnico da TAM Cargo, Dario Matsuguma, em encontro com jornalistas na sede ABEAR, em S\u00e3o Paulo.<\/p>\n<p>O executivo afirma que essa diferen\u00e7a entre os pa\u00edses pode ser explicada pelo alta tributa\u00e7\u00e3o e gargalos de infraestrutura aeroportu\u00e1ria do Brasil. \u201cUm dos grandes problemas no transporte a\u00e9reo \u00e9 o pre\u00e7o do combust\u00edvel de avi\u00e3o (QAV), que chega a compor at\u00e9 50% do custo das opera\u00e7\u00f5es, o imposto sobre ele \u00e9 muito alto. Em rela\u00e7\u00e3o \u00e0 infraestrutura, acredito que teremos avan\u00e7os que ser\u00e3o percebidos daqui dois anos, por conta das concess\u00f5es, mas hoje em dia ainda \u00e9 deficiente\u201d, explica.<\/p>\n<p>Matsuguma comenta ainda que o modal a\u00e9reo representa apenas 0,05% de todo transporte de carga dom\u00e9stica. No entanto, s\u00e3o produtos que fazem parte de uma cadeia log\u00edstica que requer o m\u00e1ximo de agilidade e por isso possuem alto valor agregado, como componentes eletr\u00f4nicos, medicamentos, produtos perec\u00edveis (alimentos e flores), entre outros.<\/p>\n<p>Apesar da evolu\u00e7\u00e3o de 2,6% em 2013, quando atingiu 393 mil toneladas transportadas, em compara\u00e7\u00e3o ao ano anterior, Matsuguma acredita que a expectativa do setor para este ano seja bem abaixo. \u201cPor conta da situa\u00e7\u00e3o econ\u00f4mica do pa\u00eds, com a queda de consumo da popula\u00e7\u00e3o, a tend\u00eancia \u00e9 que o n\u00famero de cargas transportadas pelos avi\u00f5es caia em torno de 10%\u201d.<\/p>\n<p style=\"text-align: right;\">Fonte: ABEAR<br \/>\n01\/10\/2014<\/p>\n","protected":false},"excerpt":{"rendered":"<p>O Brasil transportou 393 mil toneladas em cargas a\u00e9reas no mercado dom\u00e9stico durante o ano de 2013, distribu\u00eddas tanto em avi\u00f5es cargueiros, quanto nos por\u00f5es das aeronaves com passageiros. Esse volume representa 10% do total transportado nos Estados Unidos, de acordo com o diretor t\u00e9cnico da TAM Cargo, Dario Matsuguma, em encontro com jornalistas na [&hellip;]<\/p>\n","protected":false},"author":18,"featured_media":351,"comment_status":"closed","ping_status":"closed","sticky":false,"template":"","format":"standard","meta":{"footnotes":""},"categories":[],"tags":[],"class_list":["post-1608","post","type-post","status-publish","format-standard","has-post-thumbnail","hentry"],"yoast_head":"<!-- This site is optimized with the Yoast SEO plugin v26.5 - https:\/\/yoast.com\/wordpress\/plugins\/seo\/ -->\n<title>Carga a\u00e9rea no Brasil representa 10% do total transportado nos EUA - Abesata<\/title>\n<meta name=\"robots\" content=\"index, follow, max-snippet:-1, max-image-preview:large, max-video-preview:-1\" \/>\n<link rel=\"canonical\" href=\"https:\/\/www.abesata.org\/br\/carga-aerea-no-brasil-representa-10-do-total-transportado-nos-eua\/\" \/>\n<meta property=\"og:locale\" content=\"pt_BR\" \/>\n<meta property=\"og:type\" content=\"article\" \/>\n<meta property=\"og:title\" content=\"Carga a\u00e9rea no Brasil representa 10% do total transportado nos EUA - Abesata\" \/>\n<meta property=\"og:description\" content=\"O Brasil transportou 393 mil toneladas em cargas a\u00e9reas no mercado dom\u00e9stico durante o ano de 2013, distribu\u00eddas tanto em avi\u00f5es cargueiros, quanto nos por\u00f5es das aeronaves com passageiros. Esse volume representa 10% do total transportado nos Estados Unidos, de acordo com o diretor t\u00e9cnico da TAM Cargo, Dario Matsuguma, em encontro com jornalistas na [&hellip;]\" \/>\n<meta property=\"og:url\" content=\"https:\/\/www.abesata.org\/br\/carga-aerea-no-brasil-representa-10-do-total-transportado-nos-eua\/\" \/>\n<meta property=\"og:site_name\" content=\"Abesata\" \/>\n<meta property=\"article:publisher\" content=\"https:\/\/www.facebook.com\/abesata.org\/\" \/>\n<meta property=\"article:published_time\" content=\"2014-10-02T17:08:33+00:00\" \/>\n<meta property=\"og:image\" content=\"https:\/\/www.abesata.org\/br\/wp-content\/uploads\/2014\/03\/5.png\" \/>\n\t<meta property=\"og:image:width\" content=\"1703\" \/>\n\t<meta property=\"og:image:height\" content=\"559\" \/>\n\t<meta property=\"og:image:type\" content=\"image\/png\" \/>\n<meta name=\"author\" content=\"Ricardo\" \/>\n<meta name=\"twitter:card\" content=\"summary_large_image\" \/>\n<meta name=\"twitter:label1\" content=\"Escrito por\" \/>\n\t<meta name=\"twitter:data1\" content=\"Ricardo\" \/>\n\t<meta name=\"twitter:label2\" content=\"Est. tempo de leitura\" \/>\n\t<meta name=\"twitter:data2\" content=\"1 minuto\" \/>\n<script type=\"application\/ld+json\" class=\"yoast-schema-graph\">{\"@context\":\"https:\/\/schema.org\",\"@graph\":[{\"@type\":\"Article\",\"@id\":\"https:\/\/www.abesata.org\/br\/carga-aerea-no-brasil-representa-10-do-total-transportado-nos-eua\/#article\",\"isPartOf\":{\"@id\":\"https:\/\/www.abesata.org\/br\/carga-aerea-no-brasil-representa-10-do-total-transportado-nos-eua\/\"},\"author\":{\"name\":\"Ricardo\",\"@id\":\"https:\/\/www.abesata.org\/br\/#\/schema\/person\/1f1295145bee68e42ffe39157320456b\"},\"headline\":\"Carga a\u00e9rea no Brasil representa 10% do total transportado nos EUA\",\"datePublished\":\"2014-10-02T17:08:33+00:00\",\"mainEntityOfPage\":{\"@id\":\"https:\/\/www.abesata.org\/br\/carga-aerea-no-brasil-representa-10-do-total-transportado-nos-eua\/\"},\"wordCount\":287,\"publisher\":{\"@id\":\"https:\/\/www.abesata.org\/br\/#organization\"},\"image\":{\"@id\":\"https:\/\/www.abesata.org\/br\/carga-aerea-no-brasil-representa-10-do-total-transportado-nos-eua\/#primaryimage\"},\"thumbnailUrl\":\"https:\/\/www.abesata.org\/br\/wp-content\/uploads\/2014\/03\/5.png\",\"inLanguage\":\"pt-BR\"},{\"@type\":\"WebPage\",\"@id\":\"https:\/\/www.abesata.org\/br\/carga-aerea-no-brasil-representa-10-do-total-transportado-nos-eua\/\",\"url\":\"https:\/\/www.abesata.org\/br\/carga-aerea-no-brasil-representa-10-do-total-transportado-nos-eua\/\",\"name\":\"Carga a\u00e9rea no Brasil representa 10% do total transportado nos EUA - Abesata\",\"isPartOf\":{\"@id\":\"https:\/\/www.abesata.org\/br\/#website\"},\"primaryImageOfPage\":{\"@id\":\"https:\/\/www.abesata.org\/br\/carga-aerea-no-brasil-representa-10-do-total-transportado-nos-eua\/#primaryimage\"},\"image\":{\"@id\":\"https:\/\/www.abesata.org\/br\/carga-aerea-no-brasil-representa-10-do-total-transportado-nos-eua\/#primaryimage\"},\"thumbnailUrl\":\"https:\/\/www.abesata.org\/br\/wp-content\/uploads\/2014\/03\/5.png\",\"datePublished\":\"2014-10-02T17:08:33+00:00\",\"breadcrumb\":{\"@id\":\"https:\/\/www.abesata.org\/br\/carga-aerea-no-brasil-representa-10-do-total-transportado-nos-eua\/#breadcrumb\"},\"inLanguage\":\"pt-BR\",\"potentialAction\":[{\"@type\":\"ReadAction\",\"target\":[\"https:\/\/www.abesata.org\/br\/carga-aerea-no-brasil-representa-10-do-total-transportado-nos-eua\/\"]}]},{\"@type\":\"ImageObject\",\"inLanguage\":\"pt-BR\",\"@id\":\"https:\/\/www.abesata.org\/br\/carga-aerea-no-brasil-representa-10-do-total-transportado-nos-eua\/#primaryimage\",\"url\":\"https:\/\/www.abesata.org\/br\/wp-content\/uploads\/2014\/03\/5.png\",\"contentUrl\":\"https:\/\/www.abesata.org\/br\/wp-content\/uploads\/2014\/03\/5.png\",\"width\":1703,\"height\":559},{\"@type\":\"BreadcrumbList\",\"@id\":\"https:\/\/www.abesata.org\/br\/carga-aerea-no-brasil-representa-10-do-total-transportado-nos-eua\/#breadcrumb\",\"itemListElement\":[{\"@type\":\"ListItem\",\"position\":1,\"name\":\"In\u00edcio\",\"item\":\"https:\/\/www.abesata.org\/br\/\"},{\"@type\":\"ListItem\",\"position\":2,\"name\":\"Carga a\u00e9rea no Brasil representa 10% do total transportado nos EUA\"}]},{\"@type\":\"WebSite\",\"@id\":\"https:\/\/www.abesata.org\/br\/#website\",\"url\":\"https:\/\/www.abesata.org\/br\/\",\"name\":\"Abesata\",\"description\":\"Associa\u00e7\u00e3o Brasileira das Empresas de Servi\u00e7os Auxiliares de Transporte A\u00e9reo\",\"publisher\":{\"@id\":\"https:\/\/www.abesata.org\/br\/#organization\"},\"potentialAction\":[{\"@type\":\"SearchAction\",\"target\":{\"@type\":\"EntryPoint\",\"urlTemplate\":\"https:\/\/www.abesata.org\/br\/?s={search_term_string}\"},\"query-input\":{\"@type\":\"PropertyValueSpecification\",\"valueRequired\":true,\"valueName\":\"search_term_string\"}}],\"inLanguage\":\"pt-BR\"},{\"@type\":\"Organization\",\"@id\":\"https:\/\/www.abesata.org\/br\/#organization\",\"name\":\"Associa\u00e7\u00e3o Brasileira das Empresas de Servi\u00e7os Auxiliares de Transporte A\u00e9reo\",\"alternateName\":\"Abesata\",\"url\":\"https:\/\/www.abesata.org\/br\/\",\"logo\":{\"@type\":\"ImageObject\",\"inLanguage\":\"pt-BR\",\"@id\":\"https:\/\/www.abesata.org\/br\/#\/schema\/logo\/image\/\",\"url\":\"https:\/\/www.abesata.org\/br\/wp-content\/uploads\/2023\/10\/Abesata.png\",\"contentUrl\":\"https:\/\/www.abesata.org\/br\/wp-content\/uploads\/2023\/10\/Abesata.png\",\"width\":1063,\"height\":591,\"caption\":\"Associa\u00e7\u00e3o Brasileira das Empresas de Servi\u00e7os Auxiliares de Transporte A\u00e9reo\"},\"image\":{\"@id\":\"https:\/\/www.abesata.org\/br\/#\/schema\/logo\/image\/\"},\"sameAs\":[\"https:\/\/www.facebook.com\/abesata.org\/\",\"https:\/\/www.instagram.com\/abesata_gh\/\",\"https:\/\/br.linkedin.com\/company\/abesata\"]},{\"@type\":\"Person\",\"@id\":\"https:\/\/www.abesata.org\/br\/#\/schema\/person\/1f1295145bee68e42ffe39157320456b\",\"name\":\"Ricardo\",\"image\":{\"@type\":\"ImageObject\",\"inLanguage\":\"pt-BR\",\"@id\":\"https:\/\/www.abesata.org\/br\/#\/schema\/person\/image\/\",\"url\":\"https:\/\/secure.gravatar.com\/avatar\/1d856797eb89513dee321f840c1a6bbcec15beb178c003e50adcf59323b3a8a9?s=96&d=mm&r=g\",\"contentUrl\":\"https:\/\/secure.gravatar.com\/avatar\/1d856797eb89513dee321f840c1a6bbcec15beb178c003e50adcf59323b3a8a9?s=96&d=mm&r=g\",\"caption\":\"Ricardo\"},\"url\":\"https:\/\/www.abesata.org\/br\/author\/ricardo-baroni\/\"}]}<\/script>\n<!-- \/ Yoast SEO plugin. -->","yoast_head_json":{"title":"Carga a\u00e9rea no Brasil representa 10% do total transportado nos EUA - Abesata","robots":{"index":"index","follow":"follow","max-snippet":"max-snippet:-1","max-image-preview":"max-image-preview:large","max-video-preview":"max-video-preview:-1"},"canonical":"https:\/\/www.abesata.org\/br\/carga-aerea-no-brasil-representa-10-do-total-transportado-nos-eua\/","og_locale":"pt_BR","og_type":"article","og_title":"Carga a\u00e9rea no Brasil representa 10% do total transportado nos EUA - Abesata","og_description":"O Brasil transportou 393 mil toneladas em cargas a\u00e9reas no mercado dom\u00e9stico durante o ano de 2013, distribu\u00eddas tanto em avi\u00f5es cargueiros, quanto nos por\u00f5es das aeronaves com passageiros. Esse volume representa 10% do total transportado nos Estados Unidos, de acordo com o diretor t\u00e9cnico da TAM Cargo, Dario Matsuguma, em encontro com jornalistas na [&hellip;]","og_url":"https:\/\/www.abesata.org\/br\/carga-aerea-no-brasil-representa-10-do-total-transportado-nos-eua\/","og_site_name":"Abesata","article_publisher":"https:\/\/www.facebook.com\/abesata.org\/","article_published_time":"2014-10-02T17:08:33+00:00","og_image":[{"width":1703,"height":559,"url":"https:\/\/www.abesata.org\/br\/wp-content\/uploads\/2014\/03\/5.png","type":"image\/png"}],"author":"Ricardo","twitter_card":"summary_large_image","twitter_misc":{"Escrito por":"Ricardo","Est. tempo de leitura":"1 minuto"},"schema":{"@context":"https:\/\/schema.org","@graph":[{"@type":"Article","@id":"https:\/\/www.abesata.org\/br\/carga-aerea-no-brasil-representa-10-do-total-transportado-nos-eua\/#article","isPartOf":{"@id":"https:\/\/www.abesata.org\/br\/carga-aerea-no-brasil-representa-10-do-total-transportado-nos-eua\/"},"author":{"name":"Ricardo","@id":"https:\/\/www.abesata.org\/br\/#\/schema\/person\/1f1295145bee68e42ffe39157320456b"},"headline":"Carga a\u00e9rea no Brasil representa 10% do total transportado nos EUA","datePublished":"2014-10-02T17:08:33+00:00","mainEntityOfPage":{"@id":"https:\/\/www.abesata.org\/br\/carga-aerea-no-brasil-representa-10-do-total-transportado-nos-eua\/"},"wordCount":287,"publisher":{"@id":"https:\/\/www.abesata.org\/br\/#organization"},"image":{"@id":"https:\/\/www.abesata.org\/br\/carga-aerea-no-brasil-representa-10-do-total-transportado-nos-eua\/#primaryimage"},"thumbnailUrl":"https:\/\/www.abesata.org\/br\/wp-content\/uploads\/2014\/03\/5.png","inLanguage":"pt-BR"},{"@type":"WebPage","@id":"https:\/\/www.abesata.org\/br\/carga-aerea-no-brasil-representa-10-do-total-transportado-nos-eua\/","url":"https:\/\/www.abesata.org\/br\/carga-aerea-no-brasil-representa-10-do-total-transportado-nos-eua\/","name":"Carga a\u00e9rea no Brasil representa 10% do total transportado nos EUA - Abesata","isPartOf":{"@id":"https:\/\/www.abesata.org\/br\/#website"},"primaryImageOfPage":{"@id":"https:\/\/www.abesata.org\/br\/carga-aerea-no-brasil-representa-10-do-total-transportado-nos-eua\/#primaryimage"},"image":{"@id":"https:\/\/www.abesata.org\/br\/carga-aerea-no-brasil-representa-10-do-total-transportado-nos-eua\/#primaryimage"},"thumbnailUrl":"https:\/\/www.abesata.org\/br\/wp-content\/uploads\/2014\/03\/5.png","datePublished":"2014-10-02T17:08:33+00:00","breadcrumb":{"@id":"https:\/\/www.abesata.org\/br\/carga-aerea-no-brasil-representa-10-do-total-transportado-nos-eua\/#breadcrumb"},"inLanguage":"pt-BR","potentialAction":[{"@type":"ReadAction","target":["https:\/\/www.abesata.org\/br\/carga-aerea-no-brasil-representa-10-do-total-transportado-nos-eua\/"]}]},{"@type":"ImageObject","inLanguage":"pt-BR","@id":"https:\/\/www.abesata.org\/br\/carga-aerea-no-brasil-representa-10-do-total-transportado-nos-eua\/#primaryimage","url":"https:\/\/www.abesata.org\/br\/wp-content\/uploads\/2014\/03\/5.png","contentUrl":"https:\/\/www.abesata.org\/br\/wp-content\/uploads\/2014\/03\/5.png","width":1703,"height":559},{"@type":"BreadcrumbList","@id":"https:\/\/www.abesata.org\/br\/carga-aerea-no-brasil-representa-10-do-total-transportado-nos-eua\/#breadcrumb","itemListElement":[{"@type":"ListItem","position":1,"name":"In\u00edcio","item":"https:\/\/www.abesata.org\/br\/"},{"@type":"ListItem","position":2,"name":"Carga a\u00e9rea no Brasil representa 10% do total transportado nos EUA"}]},{"@type":"WebSite","@id":"https:\/\/www.abesata.org\/br\/#website","url":"https:\/\/www.abesata.org\/br\/","name":"Abesata","description":"Associa\u00e7\u00e3o Brasileira das Empresas de Servi\u00e7os Auxiliares de Transporte A\u00e9reo","publisher":{"@id":"https:\/\/www.abesata.org\/br\/#organization"},"potentialAction":[{"@type":"SearchAction","target":{"@type":"EntryPoint","urlTemplate":"https:\/\/www.abesata.org\/br\/?s={search_term_string}"},"query-input":{"@type":"PropertyValueSpecification","valueRequired":true,"valueName":"search_term_string"}}],"inLanguage":"pt-BR"},{"@type":"Organization","@id":"https:\/\/www.abesata.org\/br\/#organization","name":"Associa\u00e7\u00e3o Brasileira das Empresas de Servi\u00e7os Auxiliares de Transporte A\u00e9reo","alternateName":"Abesata","url":"https:\/\/www.abesata.org\/br\/","logo":{"@type":"ImageObject","inLanguage":"pt-BR","@id":"https:\/\/www.abesata.org\/br\/#\/schema\/logo\/image\/","url":"https:\/\/www.abesata.org\/br\/wp-content\/uploads\/2023\/10\/Abesata.png","contentUrl":"https:\/\/www.abesata.org\/br\/wp-content\/uploads\/2023\/10\/Abesata.png","width":1063,"height":591,"caption":"Associa\u00e7\u00e3o Brasileira das Empresas de Servi\u00e7os Auxiliares de Transporte A\u00e9reo"},"image":{"@id":"https:\/\/www.abesata.org\/br\/#\/schema\/logo\/image\/"},"sameAs":["https:\/\/www.facebook.com\/abesata.org\/","https:\/\/www.instagram.com\/abesata_gh\/","https:\/\/br.linkedin.com\/company\/abesata"]},{"@type":"Person","@id":"https:\/\/www.abesata.org\/br\/#\/schema\/person\/1f1295145bee68e42ffe39157320456b","name":"Ricardo","image":{"@type":"ImageObject","inLanguage":"pt-BR","@id":"https:\/\/www.abesata.org\/br\/#\/schema\/person\/image\/","url":"https:\/\/secure.gravatar.com\/avatar\/1d856797eb89513dee321f840c1a6bbcec15beb178c003e50adcf59323b3a8a9?s=96&d=mm&r=g","contentUrl":"https:\/\/secure.gravatar.com\/avatar\/1d856797eb89513dee321f840c1a6bbcec15beb178c003e50adcf59323b3a8a9?s=96&d=mm&r=g","caption":"Ricardo"},"url":"https:\/\/www.abesata.org\/br\/author\/ricardo-baroni\/"}]}},"_links":{"self":[{"href":"https:\/\/www.abesata.org\/br\/wp-json\/wp\/v2\/posts\/1608","targetHints":{"allow":["GET"]}}],"collection":[{"href":"https:\/\/www.abesata.org\/br\/wp-json\/wp\/v2\/posts"}],"about":[{"href":"https:\/\/www.abesata.org\/br\/wp-json\/wp\/v2\/types\/post"}],"author":[{"embeddable":true,"href":"https:\/\/www.abesata.org\/br\/wp-json\/wp\/v2\/users\/18"}],"replies":[{"embeddable":true,"href":"https:\/\/www.abesata.org\/br\/wp-json\/wp\/v2\/comments?post=1608"}],"version-history":[{"count":0,"href":"https:\/\/www.abesata.org\/br\/wp-json\/wp\/v2\/posts\/1608\/revisions"}],"wp:featuredmedia":[{"embeddable":true,"href":"https:\/\/www.abesata.org\/br\/wp-json\/wp\/v2\/media\/351"}],"wp:attachment":[{"href":"https:\/\/www.abesata.org\/br\/wp-json\/wp\/v2\/media?parent=1608"}],"wp:term":[{"taxonomy":"category","embeddable":true,"href":"https:\/\/www.abesata.org\/br\/wp-json\/wp\/v2\/categories?post=1608"},{"taxonomy":"post_tag","embeddable":true,"href":"https:\/\/www.abesata.org\/br\/wp-json\/wp\/v2\/tags?post=1608"}],"curies":[{"name":"wp","href":"https:\/\/api.w.org\/{rel}","templated":true}]}}