{"id":1614,"date":"2014-10-03T17:44:21","date_gmt":"2014-10-03T20:44:21","guid":{"rendered":"http:\/\/www.abesata.org\/?p=1614"},"modified":"2014-10-03T17:44:21","modified_gmt":"2014-10-03T20:44:21","slug":"tarifas-de-embarque-vao-subir-793-ate-o-fim-do-ano","status":"publish","type":"post","link":"https:\/\/www.abesata.org\/br\/tarifas-de-embarque-vao-subir-793-ate-o-fim-do-ano\/","title":{"rendered":"Tarifas de embarque v\u00e3o subir 7,93% at\u00e9 o fim do ano"},"content":{"rendered":"<p>As tarifas de embarque na rede de aeroportos administrados pela Infraero v\u00e3o subir 7,93% at\u00e9 o fim deste ano e dever\u00e3o ser remarcadas novamente em janeiro de 2015. Atualmente, os passageiros pagam R$ 21,57 nos embarques dom\u00e9sticos e R$ 74,72 nos voos internacionais, nos aeroportos listados na categoria 1 operados pela empresa, como Santos Dumont, Congonhas, Salvador, Recife, Fortaleza, Manaus, Curitiba e Porto Alegre. Com o reajuste deste ano, o voo dom\u00e9stico ter\u00e1 taxa de R$ 23,28 e o internacional, de R$ 80,64.<\/p>\n<p>O aumento consta de uma proposta de resolu\u00e7\u00e3o prestes a ser aprovada pela diretoria da Ag\u00eancia Nacional de Avia\u00e7\u00e3o Civil (Anac). A resolu\u00e7\u00e3o criar\u00e1 um novo modelo de revis\u00e3o tarif\u00e1ria nos aeroportos p\u00fablicos, que est\u00e3o fora dos regimes de concess\u00e3o ou autoriza\u00e7\u00e3o. As tarifas nos aeroportos operados pela Infraero est\u00e3o congeladas desde 2012, no aguardo da aprova\u00e7\u00e3o da nova regra.<\/p>\n<p>De acordo com o texto da resolu\u00e7\u00e3o, que foi submetido \u00e0 consulta p\u00fablica, o reajuste das tarifas ser\u00e1 autorizado uma vez por ano (em janeiro), com base na infla\u00e7\u00e3o medida pelo \u00cdndice de Pre\u00e7os ao Consumidor Amplo (IPCA), \u00edndice oficial de infla\u00e7\u00e3o, descontados os ganhos de produtividade, medidos pelo chamado fator \u201cX\u201d. A cada cinco anos, haver\u00e1 a revis\u00e3o desse par\u00e2metro para valer nos cinco anos seguintes. Um dos objetivos da nova resolu\u00e7\u00e3o \u00e9 criar um modelo de regula\u00e7\u00e3o das tarifas aeroportu\u00e1rias mais adequado \u00e0 nova estrutura do mercado, diante do processo de concess\u00f5es no setor, iniciado em 2012.<\/p>\n<p>Estatal administra 60 terminais &#8211; Entretanto, ao contr\u00e1rio dos operadores privados, a nova metodologia n\u00e3o exige da Infraero o atendimento de requisitos de qualidade do servi\u00e7o prestado aos usu\u00e1rios, para fins de defini\u00e7\u00e3o dos pre\u00e7os das taxas aeroportu\u00e1rias, o fator \u201cQ\u201d. S\u00e3o exemplos de requisitos de qualidade: bom funcionamento de elevadores, de escadas rolantes, esteiras e processamento de bagagens; limpeza; informa\u00e7\u00e3o aos usu\u00e1rios; conforto t\u00e9rmico e ac\u00fastico; disponibilidade de carrinhos de bagagem, de vagas para estacionamento para ve\u00edculos; e variedade de lojas e pra\u00e7as de alimenta\u00e7\u00e3o, entre outros.<\/p>\n<p>Na justificativa da resolu\u00e7\u00e3o, a Anac alega que falta uma regulamenta\u00e7\u00e3o espec\u00edfica que permita medir a qualidade do servi\u00e7o nos aeroportos administrados pela Infraero. No caso dos aeroportos privatizados, os requisitos de qualidade est\u00e3o listados nos contratos de concess\u00e3o. O n\u00e3o cumprimento dos itens pode levar \u00e0 penaliza\u00e7\u00e3o dos operadores.<\/p>\n<p>Procurada, a assessoria de imprensa da Anac informou que estuda uma regra espec\u00edfica para fixar requisitos de qualidade para os aeroportos da Infraero, a serem exigidos futuramente. O tema dever\u00e1 ser submetido \u00e0 audi\u00eancia p\u00fablica.<\/p>\n<p>Nos seis aeroportos concedidos ao setor privado \u2014 Bras\u00edlia, Viracopos, Guarulhos, Gale\u00e3o, Confins e Natal \u2014 os aumentos j\u00e1 ocorreram, conforme a data de assinatura dos contratos, considerando a infla\u00e7\u00e3o. Os fatores de produtividade e de qualidade ser\u00e3o levados em conta nos pr\u00f3ximos reajustes, de acordo com as regras contratuais.<\/p>\n<p>Nos 60 aeroportos geridos pela Infraero, o primeiro aumento dever\u00e1 ser autorizado pela Anac neste m\u00eas, com previs\u00e3o para vigorar em novembro, com base na infla\u00e7\u00e3o de 2012 e 2013. O segundo vai depender do \u00edndice de pre\u00e7os acumulado neste ano. A Infraero defendia um aumento imediato de 12,09%, (apenas a reposi\u00e7\u00e3o da infla\u00e7\u00e3o), sem descontar a produtividade, sob o argumento de que a empresa perdeu receitas com a entrega dos principais aeroportos ao setor privado e passou a dar preju\u00edzo, mas n\u00e3o deve ser atendida.<\/p>\n<p>Al\u00e9m das taxas de embarque, os servi\u00e7os de armazenamento e capatazia ser\u00e3o reajustados em 12% nos aeroportos administrados pela Infraero. As tarifas de pouso e perman\u00eancia das aeronaves, pagas pelas companhias a\u00e9reas, tamb\u00e9m ser\u00e3o elevadas em 7,93%.<\/p>\n<p>Pelas regras vigentes, a Anac fixa um teto para as tarifas aeroportu\u00e1rias e os operadores t\u00eam liberdade para calibrar os valores de acordo com os hor\u00e1rios de maior e menor demanda. No caso dos aeroportos p\u00fablicos, o modelo que est\u00e1 sendo revisado se baseia na exist\u00eancia de subs\u00eddios cruzados entre os terminais, de modo a evitar um aumento maior nos aeroportos deficit\u00e1rios. Com a concess\u00e3o dos aeroportos mais rent\u00e1veis da Infraero, esse modelo ficou prejudicado. De acordo com a justificativa da nova resolu\u00e7\u00e3o, a receita da Infraero caiu de R$ 2,1 bilh\u00e3o para R$ 1,8 bilh\u00e3o e o custo subiu de R$ 1,9 bilh\u00e3o para R$ 2 bilh\u00f5es, depois da privatiza\u00e7\u00e3o no setor.<\/p>\n<p>O Fundo Nacional de Avia\u00e7\u00e3o Civil (Fnac), abastecido com os recursos das outorgas das concess\u00f5es, j\u00e1 tem, entre suas fun\u00e7\u00f5es, investir nos terminais regionais \u2014 boa parte nas m\u00e3os da Infraero. De acordo com a justificativa da proposta, caber\u00e1 \u00e0 empresa adotar medidas para reduzir o custo nos aeroportos menores, de forma a assegurar a sustentabilidade financeira.<\/p>\n<p>O governo desistiu, por hora, de criar um regime de contrata\u00e7\u00e3o simplificado para \u00e0 Infraero, semelhante ao adotado pela Petrobras, que dispensa o processo de licita\u00e7\u00e3o tradicional. A ideia era estabelecer a nova modalidade por decreto, para facilitar a contrata\u00e7\u00e3o de fornecedores de pe\u00e7as de manuten\u00e7\u00e3o, por exemplo, com objetivo de dar mais flexibilidade e agilidade \u00e0 empresa, em um ambiente mais competitivo. As obras continuar\u00e3o sendo realizadas via Regime Diferenciado de Contrata\u00e7\u00f5es (RDC), que j\u00e1 \u00e9 simplificado.\u200b<\/p>\n<p style=\"text-align: right;\">Fonte: Mercado &amp; Eventos<br \/>\n02\/10\/2014<\/p>\n","protected":false},"excerpt":{"rendered":"<p>As tarifas de embarque na rede de aeroportos administrados pela Infraero v\u00e3o subir 7,93% at\u00e9 o fim deste ano e dever\u00e3o ser remarcadas novamente em janeiro de 2015. Atualmente, os passageiros pagam R$ 21,57 nos embarques dom\u00e9sticos e R$ 74,72 nos voos internacionais, nos aeroportos listados na categoria 1 operados pela empresa, como Santos Dumont, [&hellip;]<\/p>\n","protected":false},"author":18,"featured_media":1321,"comment_status":"closed","ping_status":"closed","sticky":false,"template":"","format":"standard","meta":{"footnotes":""},"categories":[],"tags":[],"class_list":["post-1614","post","type-post","status-publish","format-standard","has-post-thumbnail","hentry"],"yoast_head":"<!-- This site is optimized with the Yoast SEO plugin v26.5 - https:\/\/yoast.com\/wordpress\/plugins\/seo\/ -->\n<title>Tarifas de embarque v\u00e3o subir 7,93% at\u00e9 o fim do ano - Abesata<\/title>\n<meta name=\"robots\" content=\"index, follow, max-snippet:-1, max-image-preview:large, max-video-preview:-1\" \/>\n<link rel=\"canonical\" href=\"https:\/\/www.abesata.org\/br\/tarifas-de-embarque-vao-subir-793-ate-o-fim-do-ano\/\" \/>\n<meta property=\"og:locale\" content=\"pt_BR\" \/>\n<meta property=\"og:type\" content=\"article\" \/>\n<meta property=\"og:title\" content=\"Tarifas de embarque v\u00e3o subir 7,93% at\u00e9 o fim do ano - Abesata\" \/>\n<meta property=\"og:description\" content=\"As tarifas de embarque na rede de aeroportos administrados pela Infraero v\u00e3o subir 7,93% at\u00e9 o fim deste ano e dever\u00e3o ser remarcadas novamente em janeiro de 2015. Atualmente, os passageiros pagam R$ 21,57 nos embarques dom\u00e9sticos e R$ 74,72 nos voos internacionais, nos aeroportos listados na categoria 1 operados pela empresa, como Santos Dumont, [&hellip;]\" \/>\n<meta property=\"og:url\" content=\"https:\/\/www.abesata.org\/br\/tarifas-de-embarque-vao-subir-793-ate-o-fim-do-ano\/\" \/>\n<meta property=\"og:site_name\" content=\"Abesata\" \/>\n<meta property=\"article:publisher\" content=\"https:\/\/www.facebook.com\/abesata.org\/\" \/>\n<meta property=\"article:published_time\" content=\"2014-10-03T20:44:21+00:00\" \/>\n<meta property=\"og:image\" content=\"https:\/\/www.abesata.org\/br\/wp-content\/uploads\/2014\/08\/4.png\" \/>\n\t<meta property=\"og:image:width\" content=\"1026\" \/>\n\t<meta property=\"og:image:height\" content=\"336\" \/>\n\t<meta property=\"og:image:type\" content=\"image\/png\" \/>\n<meta name=\"author\" content=\"Ricardo\" \/>\n<meta name=\"twitter:card\" content=\"summary_large_image\" \/>\n<meta name=\"twitter:label1\" content=\"Escrito por\" \/>\n\t<meta name=\"twitter:data1\" content=\"Ricardo\" \/>\n\t<meta name=\"twitter:label2\" content=\"Est. tempo de leitura\" \/>\n\t<meta name=\"twitter:data2\" content=\"5 minutos\" \/>\n<script type=\"application\/ld+json\" class=\"yoast-schema-graph\">{\"@context\":\"https:\/\/schema.org\",\"@graph\":[{\"@type\":\"Article\",\"@id\":\"https:\/\/www.abesata.org\/br\/tarifas-de-embarque-vao-subir-793-ate-o-fim-do-ano\/#article\",\"isPartOf\":{\"@id\":\"https:\/\/www.abesata.org\/br\/tarifas-de-embarque-vao-subir-793-ate-o-fim-do-ano\/\"},\"author\":{\"name\":\"Ricardo\",\"@id\":\"https:\/\/www.abesata.org\/br\/#\/schema\/person\/1f1295145bee68e42ffe39157320456b\"},\"headline\":\"Tarifas de embarque v\u00e3o subir 7,93% at\u00e9 o fim do ano\",\"datePublished\":\"2014-10-03T20:44:21+00:00\",\"mainEntityOfPage\":{\"@id\":\"https:\/\/www.abesata.org\/br\/tarifas-de-embarque-vao-subir-793-ate-o-fim-do-ano\/\"},\"wordCount\":918,\"publisher\":{\"@id\":\"https:\/\/www.abesata.org\/br\/#organization\"},\"image\":{\"@id\":\"https:\/\/www.abesata.org\/br\/tarifas-de-embarque-vao-subir-793-ate-o-fim-do-ano\/#primaryimage\"},\"thumbnailUrl\":\"https:\/\/www.abesata.org\/br\/wp-content\/uploads\/2014\/08\/4.png\",\"inLanguage\":\"pt-BR\"},{\"@type\":\"WebPage\",\"@id\":\"https:\/\/www.abesata.org\/br\/tarifas-de-embarque-vao-subir-793-ate-o-fim-do-ano\/\",\"url\":\"https:\/\/www.abesata.org\/br\/tarifas-de-embarque-vao-subir-793-ate-o-fim-do-ano\/\",\"name\":\"Tarifas de embarque v\u00e3o subir 7,93% at\u00e9 o fim do ano - Abesata\",\"isPartOf\":{\"@id\":\"https:\/\/www.abesata.org\/br\/#website\"},\"primaryImageOfPage\":{\"@id\":\"https:\/\/www.abesata.org\/br\/tarifas-de-embarque-vao-subir-793-ate-o-fim-do-ano\/#primaryimage\"},\"image\":{\"@id\":\"https:\/\/www.abesata.org\/br\/tarifas-de-embarque-vao-subir-793-ate-o-fim-do-ano\/#primaryimage\"},\"thumbnailUrl\":\"https:\/\/www.abesata.org\/br\/wp-content\/uploads\/2014\/08\/4.png\",\"datePublished\":\"2014-10-03T20:44:21+00:00\",\"breadcrumb\":{\"@id\":\"https:\/\/www.abesata.org\/br\/tarifas-de-embarque-vao-subir-793-ate-o-fim-do-ano\/#breadcrumb\"},\"inLanguage\":\"pt-BR\",\"potentialAction\":[{\"@type\":\"ReadAction\",\"target\":[\"https:\/\/www.abesata.org\/br\/tarifas-de-embarque-vao-subir-793-ate-o-fim-do-ano\/\"]}]},{\"@type\":\"ImageObject\",\"inLanguage\":\"pt-BR\",\"@id\":\"https:\/\/www.abesata.org\/br\/tarifas-de-embarque-vao-subir-793-ate-o-fim-do-ano\/#primaryimage\",\"url\":\"https:\/\/www.abesata.org\/br\/wp-content\/uploads\/2014\/08\/4.png\",\"contentUrl\":\"https:\/\/www.abesata.org\/br\/wp-content\/uploads\/2014\/08\/4.png\",\"width\":1026,\"height\":336},{\"@type\":\"BreadcrumbList\",\"@id\":\"https:\/\/www.abesata.org\/br\/tarifas-de-embarque-vao-subir-793-ate-o-fim-do-ano\/#breadcrumb\",\"itemListElement\":[{\"@type\":\"ListItem\",\"position\":1,\"name\":\"In\u00edcio\",\"item\":\"https:\/\/www.abesata.org\/br\/\"},{\"@type\":\"ListItem\",\"position\":2,\"name\":\"Tarifas de embarque v\u00e3o subir 7,93% at\u00e9 o fim do ano\"}]},{\"@type\":\"WebSite\",\"@id\":\"https:\/\/www.abesata.org\/br\/#website\",\"url\":\"https:\/\/www.abesata.org\/br\/\",\"name\":\"Abesata\",\"description\":\"Associa\u00e7\u00e3o Brasileira das Empresas de Servi\u00e7os Auxiliares de Transporte A\u00e9reo\",\"publisher\":{\"@id\":\"https:\/\/www.abesata.org\/br\/#organization\"},\"potentialAction\":[{\"@type\":\"SearchAction\",\"target\":{\"@type\":\"EntryPoint\",\"urlTemplate\":\"https:\/\/www.abesata.org\/br\/?s={search_term_string}\"},\"query-input\":{\"@type\":\"PropertyValueSpecification\",\"valueRequired\":true,\"valueName\":\"search_term_string\"}}],\"inLanguage\":\"pt-BR\"},{\"@type\":\"Organization\",\"@id\":\"https:\/\/www.abesata.org\/br\/#organization\",\"name\":\"Associa\u00e7\u00e3o Brasileira das Empresas de Servi\u00e7os Auxiliares de Transporte A\u00e9reo\",\"alternateName\":\"Abesata\",\"url\":\"https:\/\/www.abesata.org\/br\/\",\"logo\":{\"@type\":\"ImageObject\",\"inLanguage\":\"pt-BR\",\"@id\":\"https:\/\/www.abesata.org\/br\/#\/schema\/logo\/image\/\",\"url\":\"https:\/\/www.abesata.org\/br\/wp-content\/uploads\/2023\/10\/Abesata.png\",\"contentUrl\":\"https:\/\/www.abesata.org\/br\/wp-content\/uploads\/2023\/10\/Abesata.png\",\"width\":1063,\"height\":591,\"caption\":\"Associa\u00e7\u00e3o Brasileira das Empresas de Servi\u00e7os Auxiliares de Transporte A\u00e9reo\"},\"image\":{\"@id\":\"https:\/\/www.abesata.org\/br\/#\/schema\/logo\/image\/\"},\"sameAs\":[\"https:\/\/www.facebook.com\/abesata.org\/\",\"https:\/\/www.instagram.com\/abesata_gh\/\",\"https:\/\/br.linkedin.com\/company\/abesata\"]},{\"@type\":\"Person\",\"@id\":\"https:\/\/www.abesata.org\/br\/#\/schema\/person\/1f1295145bee68e42ffe39157320456b\",\"name\":\"Ricardo\",\"image\":{\"@type\":\"ImageObject\",\"inLanguage\":\"pt-BR\",\"@id\":\"https:\/\/www.abesata.org\/br\/#\/schema\/person\/image\/\",\"url\":\"https:\/\/secure.gravatar.com\/avatar\/1d856797eb89513dee321f840c1a6bbcec15beb178c003e50adcf59323b3a8a9?s=96&d=mm&r=g\",\"contentUrl\":\"https:\/\/secure.gravatar.com\/avatar\/1d856797eb89513dee321f840c1a6bbcec15beb178c003e50adcf59323b3a8a9?s=96&d=mm&r=g\",\"caption\":\"Ricardo\"},\"url\":\"https:\/\/www.abesata.org\/br\/author\/ricardo-baroni\/\"}]}<\/script>\n<!-- \/ Yoast SEO plugin. -->","yoast_head_json":{"title":"Tarifas de embarque v\u00e3o subir 7,93% at\u00e9 o fim do ano - Abesata","robots":{"index":"index","follow":"follow","max-snippet":"max-snippet:-1","max-image-preview":"max-image-preview:large","max-video-preview":"max-video-preview:-1"},"canonical":"https:\/\/www.abesata.org\/br\/tarifas-de-embarque-vao-subir-793-ate-o-fim-do-ano\/","og_locale":"pt_BR","og_type":"article","og_title":"Tarifas de embarque v\u00e3o subir 7,93% at\u00e9 o fim do ano - Abesata","og_description":"As tarifas de embarque na rede de aeroportos administrados pela Infraero v\u00e3o subir 7,93% at\u00e9 o fim deste ano e dever\u00e3o ser remarcadas novamente em janeiro de 2015. Atualmente, os passageiros pagam R$ 21,57 nos embarques dom\u00e9sticos e R$ 74,72 nos voos internacionais, nos aeroportos listados na categoria 1 operados pela empresa, como Santos Dumont, [&hellip;]","og_url":"https:\/\/www.abesata.org\/br\/tarifas-de-embarque-vao-subir-793-ate-o-fim-do-ano\/","og_site_name":"Abesata","article_publisher":"https:\/\/www.facebook.com\/abesata.org\/","article_published_time":"2014-10-03T20:44:21+00:00","og_image":[{"width":1026,"height":336,"url":"https:\/\/www.abesata.org\/br\/wp-content\/uploads\/2014\/08\/4.png","type":"image\/png"}],"author":"Ricardo","twitter_card":"summary_large_image","twitter_misc":{"Escrito por":"Ricardo","Est. tempo de leitura":"5 minutos"},"schema":{"@context":"https:\/\/schema.org","@graph":[{"@type":"Article","@id":"https:\/\/www.abesata.org\/br\/tarifas-de-embarque-vao-subir-793-ate-o-fim-do-ano\/#article","isPartOf":{"@id":"https:\/\/www.abesata.org\/br\/tarifas-de-embarque-vao-subir-793-ate-o-fim-do-ano\/"},"author":{"name":"Ricardo","@id":"https:\/\/www.abesata.org\/br\/#\/schema\/person\/1f1295145bee68e42ffe39157320456b"},"headline":"Tarifas de embarque v\u00e3o subir 7,93% at\u00e9 o fim do ano","datePublished":"2014-10-03T20:44:21+00:00","mainEntityOfPage":{"@id":"https:\/\/www.abesata.org\/br\/tarifas-de-embarque-vao-subir-793-ate-o-fim-do-ano\/"},"wordCount":918,"publisher":{"@id":"https:\/\/www.abesata.org\/br\/#organization"},"image":{"@id":"https:\/\/www.abesata.org\/br\/tarifas-de-embarque-vao-subir-793-ate-o-fim-do-ano\/#primaryimage"},"thumbnailUrl":"https:\/\/www.abesata.org\/br\/wp-content\/uploads\/2014\/08\/4.png","inLanguage":"pt-BR"},{"@type":"WebPage","@id":"https:\/\/www.abesata.org\/br\/tarifas-de-embarque-vao-subir-793-ate-o-fim-do-ano\/","url":"https:\/\/www.abesata.org\/br\/tarifas-de-embarque-vao-subir-793-ate-o-fim-do-ano\/","name":"Tarifas de embarque v\u00e3o subir 7,93% at\u00e9 o fim do ano - Abesata","isPartOf":{"@id":"https:\/\/www.abesata.org\/br\/#website"},"primaryImageOfPage":{"@id":"https:\/\/www.abesata.org\/br\/tarifas-de-embarque-vao-subir-793-ate-o-fim-do-ano\/#primaryimage"},"image":{"@id":"https:\/\/www.abesata.org\/br\/tarifas-de-embarque-vao-subir-793-ate-o-fim-do-ano\/#primaryimage"},"thumbnailUrl":"https:\/\/www.abesata.org\/br\/wp-content\/uploads\/2014\/08\/4.png","datePublished":"2014-10-03T20:44:21+00:00","breadcrumb":{"@id":"https:\/\/www.abesata.org\/br\/tarifas-de-embarque-vao-subir-793-ate-o-fim-do-ano\/#breadcrumb"},"inLanguage":"pt-BR","potentialAction":[{"@type":"ReadAction","target":["https:\/\/www.abesata.org\/br\/tarifas-de-embarque-vao-subir-793-ate-o-fim-do-ano\/"]}]},{"@type":"ImageObject","inLanguage":"pt-BR","@id":"https:\/\/www.abesata.org\/br\/tarifas-de-embarque-vao-subir-793-ate-o-fim-do-ano\/#primaryimage","url":"https:\/\/www.abesata.org\/br\/wp-content\/uploads\/2014\/08\/4.png","contentUrl":"https:\/\/www.abesata.org\/br\/wp-content\/uploads\/2014\/08\/4.png","width":1026,"height":336},{"@type":"BreadcrumbList","@id":"https:\/\/www.abesata.org\/br\/tarifas-de-embarque-vao-subir-793-ate-o-fim-do-ano\/#breadcrumb","itemListElement":[{"@type":"ListItem","position":1,"name":"In\u00edcio","item":"https:\/\/www.abesata.org\/br\/"},{"@type":"ListItem","position":2,"name":"Tarifas de embarque v\u00e3o subir 7,93% at\u00e9 o fim do ano"}]},{"@type":"WebSite","@id":"https:\/\/www.abesata.org\/br\/#website","url":"https:\/\/www.abesata.org\/br\/","name":"Abesata","description":"Associa\u00e7\u00e3o Brasileira das Empresas de Servi\u00e7os Auxiliares de Transporte A\u00e9reo","publisher":{"@id":"https:\/\/www.abesata.org\/br\/#organization"},"potentialAction":[{"@type":"SearchAction","target":{"@type":"EntryPoint","urlTemplate":"https:\/\/www.abesata.org\/br\/?s={search_term_string}"},"query-input":{"@type":"PropertyValueSpecification","valueRequired":true,"valueName":"search_term_string"}}],"inLanguage":"pt-BR"},{"@type":"Organization","@id":"https:\/\/www.abesata.org\/br\/#organization","name":"Associa\u00e7\u00e3o Brasileira das Empresas de Servi\u00e7os Auxiliares de Transporte A\u00e9reo","alternateName":"Abesata","url":"https:\/\/www.abesata.org\/br\/","logo":{"@type":"ImageObject","inLanguage":"pt-BR","@id":"https:\/\/www.abesata.org\/br\/#\/schema\/logo\/image\/","url":"https:\/\/www.abesata.org\/br\/wp-content\/uploads\/2023\/10\/Abesata.png","contentUrl":"https:\/\/www.abesata.org\/br\/wp-content\/uploads\/2023\/10\/Abesata.png","width":1063,"height":591,"caption":"Associa\u00e7\u00e3o Brasileira das Empresas de Servi\u00e7os Auxiliares de Transporte A\u00e9reo"},"image":{"@id":"https:\/\/www.abesata.org\/br\/#\/schema\/logo\/image\/"},"sameAs":["https:\/\/www.facebook.com\/abesata.org\/","https:\/\/www.instagram.com\/abesata_gh\/","https:\/\/br.linkedin.com\/company\/abesata"]},{"@type":"Person","@id":"https:\/\/www.abesata.org\/br\/#\/schema\/person\/1f1295145bee68e42ffe39157320456b","name":"Ricardo","image":{"@type":"ImageObject","inLanguage":"pt-BR","@id":"https:\/\/www.abesata.org\/br\/#\/schema\/person\/image\/","url":"https:\/\/secure.gravatar.com\/avatar\/1d856797eb89513dee321f840c1a6bbcec15beb178c003e50adcf59323b3a8a9?s=96&d=mm&r=g","contentUrl":"https:\/\/secure.gravatar.com\/avatar\/1d856797eb89513dee321f840c1a6bbcec15beb178c003e50adcf59323b3a8a9?s=96&d=mm&r=g","caption":"Ricardo"},"url":"https:\/\/www.abesata.org\/br\/author\/ricardo-baroni\/"}]}},"_links":{"self":[{"href":"https:\/\/www.abesata.org\/br\/wp-json\/wp\/v2\/posts\/1614","targetHints":{"allow":["GET"]}}],"collection":[{"href":"https:\/\/www.abesata.org\/br\/wp-json\/wp\/v2\/posts"}],"about":[{"href":"https:\/\/www.abesata.org\/br\/wp-json\/wp\/v2\/types\/post"}],"author":[{"embeddable":true,"href":"https:\/\/www.abesata.org\/br\/wp-json\/wp\/v2\/users\/18"}],"replies":[{"embeddable":true,"href":"https:\/\/www.abesata.org\/br\/wp-json\/wp\/v2\/comments?post=1614"}],"version-history":[{"count":0,"href":"https:\/\/www.abesata.org\/br\/wp-json\/wp\/v2\/posts\/1614\/revisions"}],"wp:featuredmedia":[{"embeddable":true,"href":"https:\/\/www.abesata.org\/br\/wp-json\/wp\/v2\/media\/1321"}],"wp:attachment":[{"href":"https:\/\/www.abesata.org\/br\/wp-json\/wp\/v2\/media?parent=1614"}],"wp:term":[{"taxonomy":"category","embeddable":true,"href":"https:\/\/www.abesata.org\/br\/wp-json\/wp\/v2\/categories?post=1614"},{"taxonomy":"post_tag","embeddable":true,"href":"https:\/\/www.abesata.org\/br\/wp-json\/wp\/v2\/tags?post=1614"}],"curies":[{"name":"wp","href":"https:\/\/api.w.org\/{rel}","templated":true}]}}