{"id":16165,"date":"2023-08-22T20:44:36","date_gmt":"2023-08-22T20:44:36","guid":{"rendered":"http:\/\/www.abesata.org\/br\/?p=16165"},"modified":"2024-06-19T16:00:25","modified_gmt":"2024-06-19T19:00:25","slug":"anuncio-de-nova-direcao-do-sineata","status":"publish","type":"post","link":"https:\/\/www.abesata.org\/br\/anuncio-de-nova-direcao-do-sineata\/","title":{"rendered":"An\u00fancio de nova dire\u00e7\u00e3o do Sineata"},"content":{"rendered":"\n<p>Anunciamos o novo diretor do Sineata, o sr. Jos\u00e9 M\u00e1rio Silva D\u2019\u00c2ngelo Braz, como honor\u00e1vel membro da fam\u00edlia das ESATAs. Advogado formado na USP (2001), com mais de 18 anos de experi\u00eancia nas \u00e1reas jur\u00eddica e administrativa, cumpriu extens\u00f5es universit\u00e1rias em Gest\u00e3o de Projetos pela FGV-SP (2012) e em Forma\u00e7\u00e3o de Controller pela St. Paul (2014).<\/p>\n\n\n\n<p>Sua especialidade em grande demanda consumerista, contratual, trabalhista e planejamento tribut\u00e1rio compreendem compet\u00eancias que alavancar\u00e3o o desenvolvimento de nosso setor. \u201cFoco, Resili\u00eancia, Organiza\u00e7\u00e3o, Planejamento e administra\u00e7\u00e3o de equipes diferenciadas, al\u00e9m de comprometimento com a supera\u00e7\u00e3o de resultados, s\u00e3o pontos que considero essenciais em uma boa gest\u00e3o\u201d, aponta.<\/p>\n","protected":false},"excerpt":{"rendered":"<p>Anunciamos o novo diretor do Sineata, o sr. Jos\u00e9 M\u00e1rio Silva D\u2019\u00c2ngelo Braz, como honor\u00e1vel membro da fam\u00edlia das ESATAs. Advogado formado na USP (2001), com mais de 18 anos de experi\u00eancia nas \u00e1reas jur\u00eddica e administrativa, cumpriu extens\u00f5es universit\u00e1rias em Gest\u00e3o de Projetos pela FGV-SP (2012) e em Forma\u00e7\u00e3o de Controller pela St. Paul [&hellip;]<\/p>\n","protected":false},"author":1,"featured_media":16166,"comment_status":"closed","ping_status":"open","sticky":false,"template":"","format":"standard","meta":{"footnotes":""},"categories":[294],"tags":[12,263,128,262],"class_list":["post-16165","post","type-post","status-publish","format-standard","has-post-thumbnail","hentry","category-noticias","tag-abesata","tag-anuncio","tag-esatas","tag-sineata"],"yoast_head":"<!-- This site is optimized with the Yoast SEO plugin v26.5 - https:\/\/yoast.com\/wordpress\/plugins\/seo\/ -->\n<title>An\u00fancio de nova dire\u00e7\u00e3o do Sineata - Abesata<\/title>\n<meta name=\"robots\" content=\"index, follow, max-snippet:-1, max-image-preview:large, max-video-preview:-1\" \/>\n<link rel=\"canonical\" href=\"https:\/\/www.abesata.org\/br\/anuncio-de-nova-direcao-do-sineata\/\" \/>\n<meta property=\"og:locale\" content=\"pt_BR\" \/>\n<meta property=\"og:type\" content=\"article\" \/>\n<meta property=\"og:title\" content=\"An\u00fancio de nova dire\u00e7\u00e3o do Sineata - Abesata\" \/>\n<meta property=\"og:description\" content=\"Anunciamos o novo diretor do Sineata, o sr. Jos\u00e9 M\u00e1rio Silva D\u2019\u00c2ngelo Braz, como honor\u00e1vel membro da fam\u00edlia das ESATAs. Advogado formado na USP (2001), com mais de 18 anos de experi\u00eancia nas \u00e1reas jur\u00eddica e administrativa, cumpriu extens\u00f5es universit\u00e1rias em Gest\u00e3o de Projetos pela FGV-SP (2012) e em Forma\u00e7\u00e3o de Controller pela St. Paul [&hellip;]\" \/>\n<meta property=\"og:url\" content=\"https:\/\/www.abesata.org\/br\/anuncio-de-nova-direcao-do-sineata\/\" \/>\n<meta property=\"og:site_name\" content=\"Abesata\" \/>\n<meta property=\"article:publisher\" content=\"https:\/\/www.facebook.com\/abesata.org\/\" \/>\n<meta property=\"article:published_time\" content=\"2023-08-22T20:44:36+00:00\" \/>\n<meta property=\"article:modified_time\" content=\"2024-06-19T19:00:25+00:00\" \/>\n<meta property=\"og:image\" content=\"https:\/\/www.abesata.org\/br\/wp-content\/uploads\/2023\/08\/IMG_5490-scaled.jpg\" \/>\n\t<meta property=\"og:image:width\" content=\"1920\" \/>\n\t<meta property=\"og:image:height\" content=\"2560\" \/>\n\t<meta property=\"og:image:type\" content=\"image\/jpeg\" \/>\n<meta name=\"author\" content=\"admin\" \/>\n<meta name=\"twitter:card\" content=\"summary_large_image\" \/>\n<meta name=\"twitter:label1\" content=\"Escrito por\" \/>\n\t<meta name=\"twitter:data1\" content=\"admin\" \/>\n\t<meta name=\"twitter:label2\" content=\"Est. tempo de leitura\" \/>\n\t<meta name=\"twitter:data2\" content=\"1 minuto\" \/>\n<script type=\"application\/ld+json\" class=\"yoast-schema-graph\">{\"@context\":\"https:\/\/schema.org\",\"@graph\":[{\"@type\":\"Article\",\"@id\":\"https:\/\/www.abesata.org\/br\/anuncio-de-nova-direcao-do-sineata\/#article\",\"isPartOf\":{\"@id\":\"https:\/\/www.abesata.org\/br\/anuncio-de-nova-direcao-do-sineata\/\"},\"author\":{\"name\":\"admin\",\"@id\":\"https:\/\/www.abesata.org\/br\/#\/schema\/person\/bd9e7c86150fe625bb50aebd7be624d1\"},\"headline\":\"An\u00fancio de nova dire\u00e7\u00e3o do Sineata\",\"datePublished\":\"2023-08-22T20:44:36+00:00\",\"dateModified\":\"2024-06-19T19:00:25+00:00\",\"mainEntityOfPage\":{\"@id\":\"https:\/\/www.abesata.org\/br\/anuncio-de-nova-direcao-do-sineata\/\"},\"wordCount\":127,\"publisher\":{\"@id\":\"https:\/\/www.abesata.org\/br\/#organization\"},\"image\":{\"@id\":\"https:\/\/www.abesata.org\/br\/anuncio-de-nova-direcao-do-sineata\/#primaryimage\"},\"thumbnailUrl\":\"https:\/\/www.abesata.org\/br\/wp-content\/uploads\/2023\/08\/IMG_5490-scaled.jpg\",\"keywords\":[\"abesata\",\"an\u00fancio\",\"Esatas\",\"sineata\"],\"articleSection\":[\"Not\u00edcias\"],\"inLanguage\":\"pt-BR\"},{\"@type\":\"WebPage\",\"@id\":\"https:\/\/www.abesata.org\/br\/anuncio-de-nova-direcao-do-sineata\/\",\"url\":\"https:\/\/www.abesata.org\/br\/anuncio-de-nova-direcao-do-sineata\/\",\"name\":\"An\u00fancio de nova dire\u00e7\u00e3o do Sineata - Abesata\",\"isPartOf\":{\"@id\":\"https:\/\/www.abesata.org\/br\/#website\"},\"primaryImageOfPage\":{\"@id\":\"https:\/\/www.abesata.org\/br\/anuncio-de-nova-direcao-do-sineata\/#primaryimage\"},\"image\":{\"@id\":\"https:\/\/www.abesata.org\/br\/anuncio-de-nova-direcao-do-sineata\/#primaryimage\"},\"thumbnailUrl\":\"https:\/\/www.abesata.org\/br\/wp-content\/uploads\/2023\/08\/IMG_5490-scaled.jpg\",\"datePublished\":\"2023-08-22T20:44:36+00:00\",\"dateModified\":\"2024-06-19T19:00:25+00:00\",\"breadcrumb\":{\"@id\":\"https:\/\/www.abesata.org\/br\/anuncio-de-nova-direcao-do-sineata\/#breadcrumb\"},\"inLanguage\":\"pt-BR\",\"potentialAction\":[{\"@type\":\"ReadAction\",\"target\":[\"https:\/\/www.abesata.org\/br\/anuncio-de-nova-direcao-do-sineata\/\"]}]},{\"@type\":\"ImageObject\",\"inLanguage\":\"pt-BR\",\"@id\":\"https:\/\/www.abesata.org\/br\/anuncio-de-nova-direcao-do-sineata\/#primaryimage\",\"url\":\"https:\/\/www.abesata.org\/br\/wp-content\/uploads\/2023\/08\/IMG_5490-scaled.jpg\",\"contentUrl\":\"https:\/\/www.abesata.org\/br\/wp-content\/uploads\/2023\/08\/IMG_5490-scaled.jpg\",\"width\":1920,\"height\":2560},{\"@type\":\"BreadcrumbList\",\"@id\":\"https:\/\/www.abesata.org\/br\/anuncio-de-nova-direcao-do-sineata\/#breadcrumb\",\"itemListElement\":[{\"@type\":\"ListItem\",\"position\":1,\"name\":\"In\u00edcio\",\"item\":\"https:\/\/www.abesata.org\/br\/\"},{\"@type\":\"ListItem\",\"position\":2,\"name\":\"An\u00fancio de nova dire\u00e7\u00e3o do Sineata\"}]},{\"@type\":\"WebSite\",\"@id\":\"https:\/\/www.abesata.org\/br\/#website\",\"url\":\"https:\/\/www.abesata.org\/br\/\",\"name\":\"Abesata\",\"description\":\"Associa\u00e7\u00e3o Brasileira das Empresas de Servi\u00e7os Auxiliares de Transporte A\u00e9reo\",\"publisher\":{\"@id\":\"https:\/\/www.abesata.org\/br\/#organization\"},\"potentialAction\":[{\"@type\":\"SearchAction\",\"target\":{\"@type\":\"EntryPoint\",\"urlTemplate\":\"https:\/\/www.abesata.org\/br\/?s={search_term_string}\"},\"query-input\":{\"@type\":\"PropertyValueSpecification\",\"valueRequired\":true,\"valueName\":\"search_term_string\"}}],\"inLanguage\":\"pt-BR\"},{\"@type\":\"Organization\",\"@id\":\"https:\/\/www.abesata.org\/br\/#organization\",\"name\":\"Associa\u00e7\u00e3o Brasileira das Empresas de Servi\u00e7os Auxiliares de Transporte A\u00e9reo\",\"alternateName\":\"Abesata\",\"url\":\"https:\/\/www.abesata.org\/br\/\",\"logo\":{\"@type\":\"ImageObject\",\"inLanguage\":\"pt-BR\",\"@id\":\"https:\/\/www.abesata.org\/br\/#\/schema\/logo\/image\/\",\"url\":\"https:\/\/www.abesata.org\/br\/wp-content\/uploads\/2023\/10\/Abesata.png\",\"contentUrl\":\"https:\/\/www.abesata.org\/br\/wp-content\/uploads\/2023\/10\/Abesata.png\",\"width\":1063,\"height\":591,\"caption\":\"Associa\u00e7\u00e3o Brasileira das Empresas de Servi\u00e7os Auxiliares de Transporte A\u00e9reo\"},\"image\":{\"@id\":\"https:\/\/www.abesata.org\/br\/#\/schema\/logo\/image\/\"},\"sameAs\":[\"https:\/\/www.facebook.com\/abesata.org\/\",\"https:\/\/www.instagram.com\/abesata_gh\/\",\"https:\/\/br.linkedin.com\/company\/abesata\"]},{\"@type\":\"Person\",\"@id\":\"https:\/\/www.abesata.org\/br\/#\/schema\/person\/bd9e7c86150fe625bb50aebd7be624d1\",\"name\":\"admin\",\"image\":{\"@type\":\"ImageObject\",\"inLanguage\":\"pt-BR\",\"@id\":\"https:\/\/www.abesata.org\/br\/#\/schema\/person\/image\/\",\"url\":\"https:\/\/secure.gravatar.com\/avatar\/b8e742a0c332125760459b2e04eaccc35255ab53dd66c239a029f484ccb009d7?s=96&d=mm&r=g\",\"contentUrl\":\"https:\/\/secure.gravatar.com\/avatar\/b8e742a0c332125760459b2e04eaccc35255ab53dd66c239a029f484ccb009d7?s=96&d=mm&r=g\",\"caption\":\"admin\"},\"url\":\"https:\/\/www.abesata.org\/br\/author\/admin\/\"}]}<\/script>\n<!-- \/ Yoast SEO plugin. -->","yoast_head_json":{"title":"An\u00fancio de nova dire\u00e7\u00e3o do Sineata - Abesata","robots":{"index":"index","follow":"follow","max-snippet":"max-snippet:-1","max-image-preview":"max-image-preview:large","max-video-preview":"max-video-preview:-1"},"canonical":"https:\/\/www.abesata.org\/br\/anuncio-de-nova-direcao-do-sineata\/","og_locale":"pt_BR","og_type":"article","og_title":"An\u00fancio de nova dire\u00e7\u00e3o do Sineata - Abesata","og_description":"Anunciamos o novo diretor do Sineata, o sr. Jos\u00e9 M\u00e1rio Silva D\u2019\u00c2ngelo Braz, como honor\u00e1vel membro da fam\u00edlia das ESATAs. Advogado formado na USP (2001), com mais de 18 anos de experi\u00eancia nas \u00e1reas jur\u00eddica e administrativa, cumpriu extens\u00f5es universit\u00e1rias em Gest\u00e3o de Projetos pela FGV-SP (2012) e em Forma\u00e7\u00e3o de Controller pela St. Paul [&hellip;]","og_url":"https:\/\/www.abesata.org\/br\/anuncio-de-nova-direcao-do-sineata\/","og_site_name":"Abesata","article_publisher":"https:\/\/www.facebook.com\/abesata.org\/","article_published_time":"2023-08-22T20:44:36+00:00","article_modified_time":"2024-06-19T19:00:25+00:00","og_image":[{"width":1920,"height":2560,"url":"https:\/\/www.abesata.org\/br\/wp-content\/uploads\/2023\/08\/IMG_5490-scaled.jpg","type":"image\/jpeg"}],"author":"admin","twitter_card":"summary_large_image","twitter_misc":{"Escrito por":"admin","Est. tempo de leitura":"1 minuto"},"schema":{"@context":"https:\/\/schema.org","@graph":[{"@type":"Article","@id":"https:\/\/www.abesata.org\/br\/anuncio-de-nova-direcao-do-sineata\/#article","isPartOf":{"@id":"https:\/\/www.abesata.org\/br\/anuncio-de-nova-direcao-do-sineata\/"},"author":{"name":"admin","@id":"https:\/\/www.abesata.org\/br\/#\/schema\/person\/bd9e7c86150fe625bb50aebd7be624d1"},"headline":"An\u00fancio de nova dire\u00e7\u00e3o do Sineata","datePublished":"2023-08-22T20:44:36+00:00","dateModified":"2024-06-19T19:00:25+00:00","mainEntityOfPage":{"@id":"https:\/\/www.abesata.org\/br\/anuncio-de-nova-direcao-do-sineata\/"},"wordCount":127,"publisher":{"@id":"https:\/\/www.abesata.org\/br\/#organization"},"image":{"@id":"https:\/\/www.abesata.org\/br\/anuncio-de-nova-direcao-do-sineata\/#primaryimage"},"thumbnailUrl":"https:\/\/www.abesata.org\/br\/wp-content\/uploads\/2023\/08\/IMG_5490-scaled.jpg","keywords":["abesata","an\u00fancio","Esatas","sineata"],"articleSection":["Not\u00edcias"],"inLanguage":"pt-BR"},{"@type":"WebPage","@id":"https:\/\/www.abesata.org\/br\/anuncio-de-nova-direcao-do-sineata\/","url":"https:\/\/www.abesata.org\/br\/anuncio-de-nova-direcao-do-sineata\/","name":"An\u00fancio de nova dire\u00e7\u00e3o do Sineata - Abesata","isPartOf":{"@id":"https:\/\/www.abesata.org\/br\/#website"},"primaryImageOfPage":{"@id":"https:\/\/www.abesata.org\/br\/anuncio-de-nova-direcao-do-sineata\/#primaryimage"},"image":{"@id":"https:\/\/www.abesata.org\/br\/anuncio-de-nova-direcao-do-sineata\/#primaryimage"},"thumbnailUrl":"https:\/\/www.abesata.org\/br\/wp-content\/uploads\/2023\/08\/IMG_5490-scaled.jpg","datePublished":"2023-08-22T20:44:36+00:00","dateModified":"2024-06-19T19:00:25+00:00","breadcrumb":{"@id":"https:\/\/www.abesata.org\/br\/anuncio-de-nova-direcao-do-sineata\/#breadcrumb"},"inLanguage":"pt-BR","potentialAction":[{"@type":"ReadAction","target":["https:\/\/www.abesata.org\/br\/anuncio-de-nova-direcao-do-sineata\/"]}]},{"@type":"ImageObject","inLanguage":"pt-BR","@id":"https:\/\/www.abesata.org\/br\/anuncio-de-nova-direcao-do-sineata\/#primaryimage","url":"https:\/\/www.abesata.org\/br\/wp-content\/uploads\/2023\/08\/IMG_5490-scaled.jpg","contentUrl":"https:\/\/www.abesata.org\/br\/wp-content\/uploads\/2023\/08\/IMG_5490-scaled.jpg","width":1920,"height":2560},{"@type":"BreadcrumbList","@id":"https:\/\/www.abesata.org\/br\/anuncio-de-nova-direcao-do-sineata\/#breadcrumb","itemListElement":[{"@type":"ListItem","position":1,"name":"In\u00edcio","item":"https:\/\/www.abesata.org\/br\/"},{"@type":"ListItem","position":2,"name":"An\u00fancio de nova dire\u00e7\u00e3o do Sineata"}]},{"@type":"WebSite","@id":"https:\/\/www.abesata.org\/br\/#website","url":"https:\/\/www.abesata.org\/br\/","name":"Abesata","description":"Associa\u00e7\u00e3o Brasileira das Empresas de Servi\u00e7os Auxiliares de Transporte A\u00e9reo","publisher":{"@id":"https:\/\/www.abesata.org\/br\/#organization"},"potentialAction":[{"@type":"SearchAction","target":{"@type":"EntryPoint","urlTemplate":"https:\/\/www.abesata.org\/br\/?s={search_term_string}"},"query-input":{"@type":"PropertyValueSpecification","valueRequired":true,"valueName":"search_term_string"}}],"inLanguage":"pt-BR"},{"@type":"Organization","@id":"https:\/\/www.abesata.org\/br\/#organization","name":"Associa\u00e7\u00e3o Brasileira das Empresas de Servi\u00e7os Auxiliares de Transporte A\u00e9reo","alternateName":"Abesata","url":"https:\/\/www.abesata.org\/br\/","logo":{"@type":"ImageObject","inLanguage":"pt-BR","@id":"https:\/\/www.abesata.org\/br\/#\/schema\/logo\/image\/","url":"https:\/\/www.abesata.org\/br\/wp-content\/uploads\/2023\/10\/Abesata.png","contentUrl":"https:\/\/www.abesata.org\/br\/wp-content\/uploads\/2023\/10\/Abesata.png","width":1063,"height":591,"caption":"Associa\u00e7\u00e3o Brasileira das Empresas de Servi\u00e7os Auxiliares de Transporte A\u00e9reo"},"image":{"@id":"https:\/\/www.abesata.org\/br\/#\/schema\/logo\/image\/"},"sameAs":["https:\/\/www.facebook.com\/abesata.org\/","https:\/\/www.instagram.com\/abesata_gh\/","https:\/\/br.linkedin.com\/company\/abesata"]},{"@type":"Person","@id":"https:\/\/www.abesata.org\/br\/#\/schema\/person\/bd9e7c86150fe625bb50aebd7be624d1","name":"admin","image":{"@type":"ImageObject","inLanguage":"pt-BR","@id":"https:\/\/www.abesata.org\/br\/#\/schema\/person\/image\/","url":"https:\/\/secure.gravatar.com\/avatar\/b8e742a0c332125760459b2e04eaccc35255ab53dd66c239a029f484ccb009d7?s=96&d=mm&r=g","contentUrl":"https:\/\/secure.gravatar.com\/avatar\/b8e742a0c332125760459b2e04eaccc35255ab53dd66c239a029f484ccb009d7?s=96&d=mm&r=g","caption":"admin"},"url":"https:\/\/www.abesata.org\/br\/author\/admin\/"}]}},"_links":{"self":[{"href":"https:\/\/www.abesata.org\/br\/wp-json\/wp\/v2\/posts\/16165","targetHints":{"allow":["GET"]}}],"collection":[{"href":"https:\/\/www.abesata.org\/br\/wp-json\/wp\/v2\/posts"}],"about":[{"href":"https:\/\/www.abesata.org\/br\/wp-json\/wp\/v2\/types\/post"}],"author":[{"embeddable":true,"href":"https:\/\/www.abesata.org\/br\/wp-json\/wp\/v2\/users\/1"}],"replies":[{"embeddable":true,"href":"https:\/\/www.abesata.org\/br\/wp-json\/wp\/v2\/comments?post=16165"}],"version-history":[{"count":1,"href":"https:\/\/www.abesata.org\/br\/wp-json\/wp\/v2\/posts\/16165\/revisions"}],"predecessor-version":[{"id":17251,"href":"https:\/\/www.abesata.org\/br\/wp-json\/wp\/v2\/posts\/16165\/revisions\/17251"}],"wp:featuredmedia":[{"embeddable":true,"href":"https:\/\/www.abesata.org\/br\/wp-json\/wp\/v2\/media\/16166"}],"wp:attachment":[{"href":"https:\/\/www.abesata.org\/br\/wp-json\/wp\/v2\/media?parent=16165"}],"wp:term":[{"taxonomy":"category","embeddable":true,"href":"https:\/\/www.abesata.org\/br\/wp-json\/wp\/v2\/categories?post=16165"},{"taxonomy":"post_tag","embeddable":true,"href":"https:\/\/www.abesata.org\/br\/wp-json\/wp\/v2\/tags?post=16165"}],"curies":[{"name":"wp","href":"https:\/\/api.w.org\/{rel}","templated":true}]}}