{"id":1621,"date":"2014-10-06T21:08:16","date_gmt":"2014-10-07T00:08:16","guid":{"rendered":"http:\/\/www.abesata.org\/?p=1621"},"modified":"2014-10-06T21:08:16","modified_gmt":"2014-10-07T00:08:16","slug":"aeroportos-terao-meta-de-qualidade","status":"publish","type":"post","link":"https:\/\/www.abesata.org\/br\/aeroportos-terao-meta-de-qualidade\/","title":{"rendered":"Aeroportos ter\u00e3o meta de qualidade"},"content":{"rendered":"<p>Operadores de 15 grandes aeroportos brasileiros comprometeram-se pela primeira vez com metas de qualidade de atendimento aos passageiros. O compromisso, firmado entre Infraero, concession\u00e1rios e SAC (Secretaria de Avia\u00e7\u00e3o Civil), foi apresentado \u00e0 Conaero (Comiss\u00e3o Nacional de Autoridades Aeroportu\u00e1rias), reunida em Bras\u00edlia na semana passada.<\/p>\n<p>O acordo prev\u00ea que o indicador de satisfa\u00e7\u00e3o geral dos usu\u00e1rios com o aeroporto esteja acima de 4, numa escala de 1 a 5, em todos os terminais pesquisados. Hoje a m\u00e9dia geral desse indicador \u00e9 3,75, segundo pesquisa publicada pela SAC no 2\u00b0 trimestre de 2014.<\/p>\n<p>Por enquanto n\u00e3o h\u00e1 san\u00e7\u00f5es para descumprimento da meta. No entanto, a SAC estuda usar os indicadores para criar um sistema de avalia\u00e7\u00e3o no qual os aeroportos possam ser cobrados por seus pr\u00f3prios clientes. \u201cH\u00e1 indicadores que pesam muito na avalia\u00e7\u00e3o do passageiro e que podem ser facilmente melhorados, como limpeza do aeroporto, limpeza dos banheiros e conforto no embarque\u201d, disse Guilherme Afonso, coordenador-geral de Gest\u00e3o Aeroportu\u00e1ria da SAC.<\/p>\n<p>Uma an\u00e1lise dos relat\u00f3rios trimestrais que consultam os passageiros sobre 46 indicadores individuais e sua satisfa\u00e7\u00e3o geral mostrou que a avalia\u00e7\u00e3o pode ser melhorada substancialmente se os administradores aeroportu\u00e1rios intervierem em poucos quesitos que definem a impress\u00e3o geral que o viajante ter\u00e1 do aeroporto.<\/p>\n<p>T\u00e9cnicos da SAC avaliaram quais indicadores t\u00eam maior correla\u00e7\u00e3o com a satisfa\u00e7\u00e3o geral do passageiro. Se a correla\u00e7\u00e3o \u00e9 alta, isso significa que a nota de satisfa\u00e7\u00e3o geral do passageiro com o aeroporto \u00e9 fortemente impactada pela nota do indicador considerado.<\/p>\n<p>Os indicadores mais correlacionados com a satisfa\u00e7\u00e3o geral do passageiro s\u00e3o: limpeza geral, conforto ac\u00fastico, conforto t\u00e9rmico, conforto no embarque, disponibilidade de assentos no embarque, disponibilidade de banheiros e limpeza dos banheiros. Todos esses indicadores tiveram avalia\u00e7\u00e3o intermedi\u00e1ria (notas entre 3,74 e 3,99), segundo \u00faltimo Relat\u00f3rio publicado, referente ao 2\u00b0 trimestre de 2014.<\/p>\n<p>\u201cA pesquisa de percep\u00e7\u00e3o do passageiro \u00e9 uma ferramenta de gest\u00e3o important\u00edssima para os operadores aeroportu\u00e1rios. As an\u00e1lises demonstraram que os indicadores que mais afetam a satisfa\u00e7\u00e3o do passageiro com o aeroporto s\u00e3o de responsabilidade da administra\u00e7\u00e3o aeroportu\u00e1ria. Al\u00e9m disso, quando cruzamos a correla\u00e7\u00e3o com a m\u00e9dia geral de cada indicador, enxergamos quais s\u00e3o os indicadores que operador poderia priorizar com a\u00e7\u00f5es de melhoria\u201d, disse Guilherme Afonso.<\/p>\n<p>A SAC pretende ampliar a pesquisa de satisfa\u00e7\u00e3o para abranger mais aeroportos, esperando atingir a m\u00e9dio prazo todos aeroportos com movimenta\u00e7\u00e3o superior a um milh\u00e3o de passageiros por ano.<\/p>\n<p style=\"text-align: right;\">Fonte: SAC\/PR<br \/>\n03\/10\/2014<\/p>\n","protected":false},"excerpt":{"rendered":"<p>Operadores de 15 grandes aeroportos brasileiros comprometeram-se pela primeira vez com metas de qualidade de atendimento aos passageiros. O compromisso, firmado entre Infraero, concession\u00e1rios e SAC (Secretaria de Avia\u00e7\u00e3o Civil), foi apresentado \u00e0 Conaero (Comiss\u00e3o Nacional de Autoridades Aeroportu\u00e1rias), reunida em Bras\u00edlia na semana passada. O acordo prev\u00ea que o indicador de satisfa\u00e7\u00e3o geral dos [&hellip;]<\/p>\n","protected":false},"author":18,"featured_media":919,"comment_status":"closed","ping_status":"closed","sticky":false,"template":"","format":"standard","meta":{"footnotes":""},"categories":[],"tags":[],"class_list":["post-1621","post","type-post","status-publish","format-standard","has-post-thumbnail","hentry"],"yoast_head":"<!-- This site is optimized with the Yoast SEO plugin v26.5 - https:\/\/yoast.com\/wordpress\/plugins\/seo\/ -->\n<title>Aeroportos ter\u00e3o meta de qualidade - Abesata<\/title>\n<meta name=\"robots\" content=\"index, follow, max-snippet:-1, max-image-preview:large, max-video-preview:-1\" \/>\n<link rel=\"canonical\" href=\"https:\/\/www.abesata.org\/br\/aeroportos-terao-meta-de-qualidade\/\" \/>\n<meta property=\"og:locale\" content=\"pt_BR\" \/>\n<meta property=\"og:type\" content=\"article\" \/>\n<meta property=\"og:title\" content=\"Aeroportos ter\u00e3o meta de qualidade - Abesata\" \/>\n<meta property=\"og:description\" content=\"Operadores de 15 grandes aeroportos brasileiros comprometeram-se pela primeira vez com metas de qualidade de atendimento aos passageiros. O compromisso, firmado entre Infraero, concession\u00e1rios e SAC (Secretaria de Avia\u00e7\u00e3o Civil), foi apresentado \u00e0 Conaero (Comiss\u00e3o Nacional de Autoridades Aeroportu\u00e1rias), reunida em Bras\u00edlia na semana passada. O acordo prev\u00ea que o indicador de satisfa\u00e7\u00e3o geral dos [&hellip;]\" \/>\n<meta property=\"og:url\" content=\"https:\/\/www.abesata.org\/br\/aeroportos-terao-meta-de-qualidade\/\" \/>\n<meta property=\"og:site_name\" content=\"Abesata\" \/>\n<meta property=\"article:publisher\" content=\"https:\/\/www.facebook.com\/abesata.org\/\" \/>\n<meta property=\"article:published_time\" content=\"2014-10-07T00:08:16+00:00\" \/>\n<meta property=\"og:image\" content=\"https:\/\/www.abesata.org\/br\/wp-content\/uploads\/2014\/06\/7.png\" \/>\n\t<meta property=\"og:image:width\" content=\"1024\" \/>\n\t<meta property=\"og:image:height\" content=\"336\" \/>\n\t<meta property=\"og:image:type\" content=\"image\/png\" \/>\n<meta name=\"author\" content=\"Ricardo\" \/>\n<meta name=\"twitter:card\" content=\"summary_large_image\" \/>\n<meta name=\"twitter:label1\" content=\"Escrito por\" \/>\n\t<meta name=\"twitter:data1\" content=\"Ricardo\" \/>\n\t<meta name=\"twitter:label2\" content=\"Est. tempo de leitura\" \/>\n\t<meta name=\"twitter:data2\" content=\"2 minutos\" \/>\n<script type=\"application\/ld+json\" class=\"yoast-schema-graph\">{\"@context\":\"https:\/\/schema.org\",\"@graph\":[{\"@type\":\"Article\",\"@id\":\"https:\/\/www.abesata.org\/br\/aeroportos-terao-meta-de-qualidade\/#article\",\"isPartOf\":{\"@id\":\"https:\/\/www.abesata.org\/br\/aeroportos-terao-meta-de-qualidade\/\"},\"author\":{\"name\":\"Ricardo\",\"@id\":\"https:\/\/www.abesata.org\/br\/#\/schema\/person\/1f1295145bee68e42ffe39157320456b\"},\"headline\":\"Aeroportos ter\u00e3o meta de qualidade\",\"datePublished\":\"2014-10-07T00:08:16+00:00\",\"mainEntityOfPage\":{\"@id\":\"https:\/\/www.abesata.org\/br\/aeroportos-terao-meta-de-qualidade\/\"},\"wordCount\":439,\"publisher\":{\"@id\":\"https:\/\/www.abesata.org\/br\/#organization\"},\"image\":{\"@id\":\"https:\/\/www.abesata.org\/br\/aeroportos-terao-meta-de-qualidade\/#primaryimage\"},\"thumbnailUrl\":\"https:\/\/www.abesata.org\/br\/wp-content\/uploads\/2014\/06\/7.png\",\"inLanguage\":\"pt-BR\"},{\"@type\":\"WebPage\",\"@id\":\"https:\/\/www.abesata.org\/br\/aeroportos-terao-meta-de-qualidade\/\",\"url\":\"https:\/\/www.abesata.org\/br\/aeroportos-terao-meta-de-qualidade\/\",\"name\":\"Aeroportos ter\u00e3o meta de qualidade - Abesata\",\"isPartOf\":{\"@id\":\"https:\/\/www.abesata.org\/br\/#website\"},\"primaryImageOfPage\":{\"@id\":\"https:\/\/www.abesata.org\/br\/aeroportos-terao-meta-de-qualidade\/#primaryimage\"},\"image\":{\"@id\":\"https:\/\/www.abesata.org\/br\/aeroportos-terao-meta-de-qualidade\/#primaryimage\"},\"thumbnailUrl\":\"https:\/\/www.abesata.org\/br\/wp-content\/uploads\/2014\/06\/7.png\",\"datePublished\":\"2014-10-07T00:08:16+00:00\",\"breadcrumb\":{\"@id\":\"https:\/\/www.abesata.org\/br\/aeroportos-terao-meta-de-qualidade\/#breadcrumb\"},\"inLanguage\":\"pt-BR\",\"potentialAction\":[{\"@type\":\"ReadAction\",\"target\":[\"https:\/\/www.abesata.org\/br\/aeroportos-terao-meta-de-qualidade\/\"]}]},{\"@type\":\"ImageObject\",\"inLanguage\":\"pt-BR\",\"@id\":\"https:\/\/www.abesata.org\/br\/aeroportos-terao-meta-de-qualidade\/#primaryimage\",\"url\":\"https:\/\/www.abesata.org\/br\/wp-content\/uploads\/2014\/06\/7.png\",\"contentUrl\":\"https:\/\/www.abesata.org\/br\/wp-content\/uploads\/2014\/06\/7.png\",\"width\":1024,\"height\":336},{\"@type\":\"BreadcrumbList\",\"@id\":\"https:\/\/www.abesata.org\/br\/aeroportos-terao-meta-de-qualidade\/#breadcrumb\",\"itemListElement\":[{\"@type\":\"ListItem\",\"position\":1,\"name\":\"In\u00edcio\",\"item\":\"https:\/\/www.abesata.org\/br\/\"},{\"@type\":\"ListItem\",\"position\":2,\"name\":\"Aeroportos ter\u00e3o meta de qualidade\"}]},{\"@type\":\"WebSite\",\"@id\":\"https:\/\/www.abesata.org\/br\/#website\",\"url\":\"https:\/\/www.abesata.org\/br\/\",\"name\":\"Abesata\",\"description\":\"Associa\u00e7\u00e3o Brasileira das Empresas de Servi\u00e7os Auxiliares de Transporte A\u00e9reo\",\"publisher\":{\"@id\":\"https:\/\/www.abesata.org\/br\/#organization\"},\"potentialAction\":[{\"@type\":\"SearchAction\",\"target\":{\"@type\":\"EntryPoint\",\"urlTemplate\":\"https:\/\/www.abesata.org\/br\/?s={search_term_string}\"},\"query-input\":{\"@type\":\"PropertyValueSpecification\",\"valueRequired\":true,\"valueName\":\"search_term_string\"}}],\"inLanguage\":\"pt-BR\"},{\"@type\":\"Organization\",\"@id\":\"https:\/\/www.abesata.org\/br\/#organization\",\"name\":\"Associa\u00e7\u00e3o Brasileira das Empresas de Servi\u00e7os Auxiliares de Transporte A\u00e9reo\",\"alternateName\":\"Abesata\",\"url\":\"https:\/\/www.abesata.org\/br\/\",\"logo\":{\"@type\":\"ImageObject\",\"inLanguage\":\"pt-BR\",\"@id\":\"https:\/\/www.abesata.org\/br\/#\/schema\/logo\/image\/\",\"url\":\"https:\/\/www.abesata.org\/br\/wp-content\/uploads\/2023\/10\/Abesata.png\",\"contentUrl\":\"https:\/\/www.abesata.org\/br\/wp-content\/uploads\/2023\/10\/Abesata.png\",\"width\":1063,\"height\":591,\"caption\":\"Associa\u00e7\u00e3o Brasileira das Empresas de Servi\u00e7os Auxiliares de Transporte A\u00e9reo\"},\"image\":{\"@id\":\"https:\/\/www.abesata.org\/br\/#\/schema\/logo\/image\/\"},\"sameAs\":[\"https:\/\/www.facebook.com\/abesata.org\/\",\"https:\/\/www.instagram.com\/abesata_gh\/\",\"https:\/\/br.linkedin.com\/company\/abesata\"]},{\"@type\":\"Person\",\"@id\":\"https:\/\/www.abesata.org\/br\/#\/schema\/person\/1f1295145bee68e42ffe39157320456b\",\"name\":\"Ricardo\",\"image\":{\"@type\":\"ImageObject\",\"inLanguage\":\"pt-BR\",\"@id\":\"https:\/\/www.abesata.org\/br\/#\/schema\/person\/image\/\",\"url\":\"https:\/\/secure.gravatar.com\/avatar\/1d856797eb89513dee321f840c1a6bbcec15beb178c003e50adcf59323b3a8a9?s=96&d=mm&r=g\",\"contentUrl\":\"https:\/\/secure.gravatar.com\/avatar\/1d856797eb89513dee321f840c1a6bbcec15beb178c003e50adcf59323b3a8a9?s=96&d=mm&r=g\",\"caption\":\"Ricardo\"},\"url\":\"https:\/\/www.abesata.org\/br\/author\/ricardo-baroni\/\"}]}<\/script>\n<!-- \/ Yoast SEO plugin. -->","yoast_head_json":{"title":"Aeroportos ter\u00e3o meta de qualidade - Abesata","robots":{"index":"index","follow":"follow","max-snippet":"max-snippet:-1","max-image-preview":"max-image-preview:large","max-video-preview":"max-video-preview:-1"},"canonical":"https:\/\/www.abesata.org\/br\/aeroportos-terao-meta-de-qualidade\/","og_locale":"pt_BR","og_type":"article","og_title":"Aeroportos ter\u00e3o meta de qualidade - Abesata","og_description":"Operadores de 15 grandes aeroportos brasileiros comprometeram-se pela primeira vez com metas de qualidade de atendimento aos passageiros. O compromisso, firmado entre Infraero, concession\u00e1rios e SAC (Secretaria de Avia\u00e7\u00e3o Civil), foi apresentado \u00e0 Conaero (Comiss\u00e3o Nacional de Autoridades Aeroportu\u00e1rias), reunida em Bras\u00edlia na semana passada. O acordo prev\u00ea que o indicador de satisfa\u00e7\u00e3o geral dos [&hellip;]","og_url":"https:\/\/www.abesata.org\/br\/aeroportos-terao-meta-de-qualidade\/","og_site_name":"Abesata","article_publisher":"https:\/\/www.facebook.com\/abesata.org\/","article_published_time":"2014-10-07T00:08:16+00:00","og_image":[{"width":1024,"height":336,"url":"https:\/\/www.abesata.org\/br\/wp-content\/uploads\/2014\/06\/7.png","type":"image\/png"}],"author":"Ricardo","twitter_card":"summary_large_image","twitter_misc":{"Escrito por":"Ricardo","Est. tempo de leitura":"2 minutos"},"schema":{"@context":"https:\/\/schema.org","@graph":[{"@type":"Article","@id":"https:\/\/www.abesata.org\/br\/aeroportos-terao-meta-de-qualidade\/#article","isPartOf":{"@id":"https:\/\/www.abesata.org\/br\/aeroportos-terao-meta-de-qualidade\/"},"author":{"name":"Ricardo","@id":"https:\/\/www.abesata.org\/br\/#\/schema\/person\/1f1295145bee68e42ffe39157320456b"},"headline":"Aeroportos ter\u00e3o meta de qualidade","datePublished":"2014-10-07T00:08:16+00:00","mainEntityOfPage":{"@id":"https:\/\/www.abesata.org\/br\/aeroportos-terao-meta-de-qualidade\/"},"wordCount":439,"publisher":{"@id":"https:\/\/www.abesata.org\/br\/#organization"},"image":{"@id":"https:\/\/www.abesata.org\/br\/aeroportos-terao-meta-de-qualidade\/#primaryimage"},"thumbnailUrl":"https:\/\/www.abesata.org\/br\/wp-content\/uploads\/2014\/06\/7.png","inLanguage":"pt-BR"},{"@type":"WebPage","@id":"https:\/\/www.abesata.org\/br\/aeroportos-terao-meta-de-qualidade\/","url":"https:\/\/www.abesata.org\/br\/aeroportos-terao-meta-de-qualidade\/","name":"Aeroportos ter\u00e3o meta de qualidade - Abesata","isPartOf":{"@id":"https:\/\/www.abesata.org\/br\/#website"},"primaryImageOfPage":{"@id":"https:\/\/www.abesata.org\/br\/aeroportos-terao-meta-de-qualidade\/#primaryimage"},"image":{"@id":"https:\/\/www.abesata.org\/br\/aeroportos-terao-meta-de-qualidade\/#primaryimage"},"thumbnailUrl":"https:\/\/www.abesata.org\/br\/wp-content\/uploads\/2014\/06\/7.png","datePublished":"2014-10-07T00:08:16+00:00","breadcrumb":{"@id":"https:\/\/www.abesata.org\/br\/aeroportos-terao-meta-de-qualidade\/#breadcrumb"},"inLanguage":"pt-BR","potentialAction":[{"@type":"ReadAction","target":["https:\/\/www.abesata.org\/br\/aeroportos-terao-meta-de-qualidade\/"]}]},{"@type":"ImageObject","inLanguage":"pt-BR","@id":"https:\/\/www.abesata.org\/br\/aeroportos-terao-meta-de-qualidade\/#primaryimage","url":"https:\/\/www.abesata.org\/br\/wp-content\/uploads\/2014\/06\/7.png","contentUrl":"https:\/\/www.abesata.org\/br\/wp-content\/uploads\/2014\/06\/7.png","width":1024,"height":336},{"@type":"BreadcrumbList","@id":"https:\/\/www.abesata.org\/br\/aeroportos-terao-meta-de-qualidade\/#breadcrumb","itemListElement":[{"@type":"ListItem","position":1,"name":"In\u00edcio","item":"https:\/\/www.abesata.org\/br\/"},{"@type":"ListItem","position":2,"name":"Aeroportos ter\u00e3o meta de qualidade"}]},{"@type":"WebSite","@id":"https:\/\/www.abesata.org\/br\/#website","url":"https:\/\/www.abesata.org\/br\/","name":"Abesata","description":"Associa\u00e7\u00e3o Brasileira das Empresas de Servi\u00e7os Auxiliares de Transporte A\u00e9reo","publisher":{"@id":"https:\/\/www.abesata.org\/br\/#organization"},"potentialAction":[{"@type":"SearchAction","target":{"@type":"EntryPoint","urlTemplate":"https:\/\/www.abesata.org\/br\/?s={search_term_string}"},"query-input":{"@type":"PropertyValueSpecification","valueRequired":true,"valueName":"search_term_string"}}],"inLanguage":"pt-BR"},{"@type":"Organization","@id":"https:\/\/www.abesata.org\/br\/#organization","name":"Associa\u00e7\u00e3o Brasileira das Empresas de Servi\u00e7os Auxiliares de Transporte A\u00e9reo","alternateName":"Abesata","url":"https:\/\/www.abesata.org\/br\/","logo":{"@type":"ImageObject","inLanguage":"pt-BR","@id":"https:\/\/www.abesata.org\/br\/#\/schema\/logo\/image\/","url":"https:\/\/www.abesata.org\/br\/wp-content\/uploads\/2023\/10\/Abesata.png","contentUrl":"https:\/\/www.abesata.org\/br\/wp-content\/uploads\/2023\/10\/Abesata.png","width":1063,"height":591,"caption":"Associa\u00e7\u00e3o Brasileira das Empresas de Servi\u00e7os Auxiliares de Transporte A\u00e9reo"},"image":{"@id":"https:\/\/www.abesata.org\/br\/#\/schema\/logo\/image\/"},"sameAs":["https:\/\/www.facebook.com\/abesata.org\/","https:\/\/www.instagram.com\/abesata_gh\/","https:\/\/br.linkedin.com\/company\/abesata"]},{"@type":"Person","@id":"https:\/\/www.abesata.org\/br\/#\/schema\/person\/1f1295145bee68e42ffe39157320456b","name":"Ricardo","image":{"@type":"ImageObject","inLanguage":"pt-BR","@id":"https:\/\/www.abesata.org\/br\/#\/schema\/person\/image\/","url":"https:\/\/secure.gravatar.com\/avatar\/1d856797eb89513dee321f840c1a6bbcec15beb178c003e50adcf59323b3a8a9?s=96&d=mm&r=g","contentUrl":"https:\/\/secure.gravatar.com\/avatar\/1d856797eb89513dee321f840c1a6bbcec15beb178c003e50adcf59323b3a8a9?s=96&d=mm&r=g","caption":"Ricardo"},"url":"https:\/\/www.abesata.org\/br\/author\/ricardo-baroni\/"}]}},"_links":{"self":[{"href":"https:\/\/www.abesata.org\/br\/wp-json\/wp\/v2\/posts\/1621","targetHints":{"allow":["GET"]}}],"collection":[{"href":"https:\/\/www.abesata.org\/br\/wp-json\/wp\/v2\/posts"}],"about":[{"href":"https:\/\/www.abesata.org\/br\/wp-json\/wp\/v2\/types\/post"}],"author":[{"embeddable":true,"href":"https:\/\/www.abesata.org\/br\/wp-json\/wp\/v2\/users\/18"}],"replies":[{"embeddable":true,"href":"https:\/\/www.abesata.org\/br\/wp-json\/wp\/v2\/comments?post=1621"}],"version-history":[{"count":0,"href":"https:\/\/www.abesata.org\/br\/wp-json\/wp\/v2\/posts\/1621\/revisions"}],"wp:featuredmedia":[{"embeddable":true,"href":"https:\/\/www.abesata.org\/br\/wp-json\/wp\/v2\/media\/919"}],"wp:attachment":[{"href":"https:\/\/www.abesata.org\/br\/wp-json\/wp\/v2\/media?parent=1621"}],"wp:term":[{"taxonomy":"category","embeddable":true,"href":"https:\/\/www.abesata.org\/br\/wp-json\/wp\/v2\/categories?post=1621"},{"taxonomy":"post_tag","embeddable":true,"href":"https:\/\/www.abesata.org\/br\/wp-json\/wp\/v2\/tags?post=1621"}],"curies":[{"name":"wp","href":"https:\/\/api.w.org\/{rel}","templated":true}]}}