{"id":16215,"date":"2023-09-19T21:22:26","date_gmt":"2023-09-19T21:22:26","guid":{"rendered":"https:\/\/www.abesata.org\/br\/?p=16215"},"modified":"2024-06-19T16:00:16","modified_gmt":"2024-06-19T19:00:16","slug":"abesata-participa-de-forum-internacional-de-servicos-aeroportuarios-em-atenas","status":"publish","type":"post","link":"https:\/\/www.abesata.org\/br\/abesata-participa-de-forum-internacional-de-servicos-aeroportuarios-em-atenas\/","title":{"rendered":"Abesata participa de f\u00f3rum internacional de servi\u00e7os aeroportu\u00e1rios, em Atenas"},"content":{"rendered":"\n<p>A Abesata (Associa\u00e7\u00e3o Brasileira das Empresas de Servi\u00e7os Auxiliares de Transporte A\u00e9reo) foi convidada a participar do Airport Services Association Leadership Forum 2023, a ser sediado no Grand Hyatt Atenas, na capital grega, nos dias 20 a 22 de setembro. O evento \u00e9 organizado junto \u00e0 ARGS (Airline Routes and Ground Services), com patroc\u00ednio da WFS (Worldwide Flight Services), dnata e Swissport. Um dos pontos altos do evento \u00e9 a participa\u00e7\u00e3o da autoridade aeron\u00e1utica brasileira, Giovano Palma, Superintendente da ANAC (Ag\u00eancia Nacional de Avia\u00e7\u00e3o Civil).&nbsp;<\/p>\n\n\n\n<p>Ele estar\u00e1 no painel juntamente com representantes da autoridade americana de avia\u00e7\u00e3o civil (FAA) e da European Union Aviation Safety Agency (EASA) num debate envolvendo temas sobre a supervis\u00e3o do Ground Service Provider (GSP) e sobre a necessidade de implementa\u00e7\u00e3o de condi\u00e7\u00f5es de concorr\u00eancia equitativas, passando pelo CRES, Certificado de Regularidade vivenciado no Brasil.<\/p>\n\n\n\n<p>Fonte: <a href=\"https:\/\/www.aeroflap.com.br\/en\/abesata-participates-in-international-airport-services-forum-in-Athens\/\" title=\"\">Aeroflap<\/a><\/p>\n","protected":false},"excerpt":{"rendered":"<p>A Abesata (Associa\u00e7\u00e3o Brasileira das Empresas de Servi\u00e7os Auxiliares de Transporte A\u00e9reo) foi convidada a participar do Airport Services Association Leadership Forum 2023, a ser sediado no Grand Hyatt Atenas, na capital grega, nos dias 20 a 22 de setembro. O evento \u00e9 organizado junto \u00e0 ARGS (Airline Routes and Ground Services), com patroc\u00ednio da [&hellip;]<\/p>\n","protected":false},"author":1,"featured_media":0,"comment_status":"closed","ping_status":"open","sticky":false,"template":"","format":"standard","meta":{"footnotes":""},"categories":[294],"tags":[12,16,268,18],"class_list":["post-16215","post","type-post","status-publish","format-standard","hentry","category-noticias","tag-abesata","tag-anac","tag-atenas","tag-aviacao"],"yoast_head":"<!-- This site is optimized with the Yoast SEO plugin v26.5 - https:\/\/yoast.com\/wordpress\/plugins\/seo\/ -->\n<title>Abesata participa de f\u00f3rum internacional de servi\u00e7os aeroportu\u00e1rios, em Atenas - Abesata<\/title>\n<meta name=\"robots\" content=\"index, follow, max-snippet:-1, max-image-preview:large, max-video-preview:-1\" \/>\n<link rel=\"canonical\" href=\"https:\/\/www.abesata.org\/br\/abesata-participa-de-forum-internacional-de-servicos-aeroportuarios-em-atenas\/\" \/>\n<meta property=\"og:locale\" content=\"pt_BR\" \/>\n<meta property=\"og:type\" content=\"article\" \/>\n<meta property=\"og:title\" content=\"Abesata participa de f\u00f3rum internacional de servi\u00e7os aeroportu\u00e1rios, em Atenas - Abesata\" \/>\n<meta property=\"og:description\" content=\"A Abesata (Associa\u00e7\u00e3o Brasileira das Empresas de Servi\u00e7os Auxiliares de Transporte A\u00e9reo) foi convidada a participar do Airport Services Association Leadership Forum 2023, a ser sediado no Grand Hyatt Atenas, na capital grega, nos dias 20 a 22 de setembro. O evento \u00e9 organizado junto \u00e0 ARGS (Airline Routes and Ground Services), com patroc\u00ednio da [&hellip;]\" \/>\n<meta property=\"og:url\" content=\"https:\/\/www.abesata.org\/br\/abesata-participa-de-forum-internacional-de-servicos-aeroportuarios-em-atenas\/\" \/>\n<meta property=\"og:site_name\" content=\"Abesata\" \/>\n<meta property=\"article:publisher\" content=\"https:\/\/www.facebook.com\/abesata.org\/\" \/>\n<meta property=\"article:published_time\" content=\"2023-09-19T21:22:26+00:00\" \/>\n<meta property=\"article:modified_time\" content=\"2024-06-19T19:00:16+00:00\" \/>\n<meta name=\"author\" content=\"admin\" \/>\n<meta name=\"twitter:card\" content=\"summary_large_image\" \/>\n<meta name=\"twitter:label1\" content=\"Escrito por\" \/>\n\t<meta name=\"twitter:data1\" content=\"admin\" \/>\n\t<meta name=\"twitter:label2\" content=\"Est. tempo de leitura\" \/>\n\t<meta name=\"twitter:data2\" content=\"1 minuto\" \/>\n<script type=\"application\/ld+json\" class=\"yoast-schema-graph\">{\"@context\":\"https:\/\/schema.org\",\"@graph\":[{\"@type\":\"Article\",\"@id\":\"https:\/\/www.abesata.org\/br\/abesata-participa-de-forum-internacional-de-servicos-aeroportuarios-em-atenas\/#article\",\"isPartOf\":{\"@id\":\"https:\/\/www.abesata.org\/br\/abesata-participa-de-forum-internacional-de-servicos-aeroportuarios-em-atenas\/\"},\"author\":{\"name\":\"admin\",\"@id\":\"https:\/\/www.abesata.org\/br\/#\/schema\/person\/bd9e7c86150fe625bb50aebd7be624d1\"},\"headline\":\"Abesata participa de f\u00f3rum internacional de servi\u00e7os aeroportu\u00e1rios, em Atenas\",\"datePublished\":\"2023-09-19T21:22:26+00:00\",\"dateModified\":\"2024-06-19T19:00:16+00:00\",\"mainEntityOfPage\":{\"@id\":\"https:\/\/www.abesata.org\/br\/abesata-participa-de-forum-internacional-de-servicos-aeroportuarios-em-atenas\/\"},\"wordCount\":162,\"publisher\":{\"@id\":\"https:\/\/www.abesata.org\/br\/#organization\"},\"keywords\":[\"abesata\",\"Anac\",\"atenas\",\"Avia\u00e7\u00e3o\"],\"articleSection\":[\"Not\u00edcias\"],\"inLanguage\":\"pt-BR\"},{\"@type\":\"WebPage\",\"@id\":\"https:\/\/www.abesata.org\/br\/abesata-participa-de-forum-internacional-de-servicos-aeroportuarios-em-atenas\/\",\"url\":\"https:\/\/www.abesata.org\/br\/abesata-participa-de-forum-internacional-de-servicos-aeroportuarios-em-atenas\/\",\"name\":\"Abesata participa de f\u00f3rum internacional de servi\u00e7os aeroportu\u00e1rios, em Atenas - Abesata\",\"isPartOf\":{\"@id\":\"https:\/\/www.abesata.org\/br\/#website\"},\"datePublished\":\"2023-09-19T21:22:26+00:00\",\"dateModified\":\"2024-06-19T19:00:16+00:00\",\"breadcrumb\":{\"@id\":\"https:\/\/www.abesata.org\/br\/abesata-participa-de-forum-internacional-de-servicos-aeroportuarios-em-atenas\/#breadcrumb\"},\"inLanguage\":\"pt-BR\",\"potentialAction\":[{\"@type\":\"ReadAction\",\"target\":[\"https:\/\/www.abesata.org\/br\/abesata-participa-de-forum-internacional-de-servicos-aeroportuarios-em-atenas\/\"]}]},{\"@type\":\"BreadcrumbList\",\"@id\":\"https:\/\/www.abesata.org\/br\/abesata-participa-de-forum-internacional-de-servicos-aeroportuarios-em-atenas\/#breadcrumb\",\"itemListElement\":[{\"@type\":\"ListItem\",\"position\":1,\"name\":\"In\u00edcio\",\"item\":\"https:\/\/www.abesata.org\/br\/\"},{\"@type\":\"ListItem\",\"position\":2,\"name\":\"Abesata participa de f\u00f3rum internacional de servi\u00e7os aeroportu\u00e1rios, em Atenas\"}]},{\"@type\":\"WebSite\",\"@id\":\"https:\/\/www.abesata.org\/br\/#website\",\"url\":\"https:\/\/www.abesata.org\/br\/\",\"name\":\"Abesata\",\"description\":\"Associa\u00e7\u00e3o Brasileira das Empresas de Servi\u00e7os Auxiliares de Transporte A\u00e9reo\",\"publisher\":{\"@id\":\"https:\/\/www.abesata.org\/br\/#organization\"},\"potentialAction\":[{\"@type\":\"SearchAction\",\"target\":{\"@type\":\"EntryPoint\",\"urlTemplate\":\"https:\/\/www.abesata.org\/br\/?s={search_term_string}\"},\"query-input\":{\"@type\":\"PropertyValueSpecification\",\"valueRequired\":true,\"valueName\":\"search_term_string\"}}],\"inLanguage\":\"pt-BR\"},{\"@type\":\"Organization\",\"@id\":\"https:\/\/www.abesata.org\/br\/#organization\",\"name\":\"Associa\u00e7\u00e3o Brasileira das Empresas de Servi\u00e7os Auxiliares de Transporte A\u00e9reo\",\"alternateName\":\"Abesata\",\"url\":\"https:\/\/www.abesata.org\/br\/\",\"logo\":{\"@type\":\"ImageObject\",\"inLanguage\":\"pt-BR\",\"@id\":\"https:\/\/www.abesata.org\/br\/#\/schema\/logo\/image\/\",\"url\":\"https:\/\/www.abesata.org\/br\/wp-content\/uploads\/2023\/10\/Abesata.png\",\"contentUrl\":\"https:\/\/www.abesata.org\/br\/wp-content\/uploads\/2023\/10\/Abesata.png\",\"width\":1063,\"height\":591,\"caption\":\"Associa\u00e7\u00e3o Brasileira das Empresas de Servi\u00e7os Auxiliares de Transporte A\u00e9reo\"},\"image\":{\"@id\":\"https:\/\/www.abesata.org\/br\/#\/schema\/logo\/image\/\"},\"sameAs\":[\"https:\/\/www.facebook.com\/abesata.org\/\",\"https:\/\/www.instagram.com\/abesata_gh\/\",\"https:\/\/br.linkedin.com\/company\/abesata\"]},{\"@type\":\"Person\",\"@id\":\"https:\/\/www.abesata.org\/br\/#\/schema\/person\/bd9e7c86150fe625bb50aebd7be624d1\",\"name\":\"admin\",\"image\":{\"@type\":\"ImageObject\",\"inLanguage\":\"pt-BR\",\"@id\":\"https:\/\/www.abesata.org\/br\/#\/schema\/person\/image\/\",\"url\":\"https:\/\/secure.gravatar.com\/avatar\/b8e742a0c332125760459b2e04eaccc35255ab53dd66c239a029f484ccb009d7?s=96&d=mm&r=g\",\"contentUrl\":\"https:\/\/secure.gravatar.com\/avatar\/b8e742a0c332125760459b2e04eaccc35255ab53dd66c239a029f484ccb009d7?s=96&d=mm&r=g\",\"caption\":\"admin\"},\"url\":\"https:\/\/www.abesata.org\/br\/author\/admin\/\"}]}<\/script>\n<!-- \/ Yoast SEO plugin. -->","yoast_head_json":{"title":"Abesata participa de f\u00f3rum internacional de servi\u00e7os aeroportu\u00e1rios, em Atenas - Abesata","robots":{"index":"index","follow":"follow","max-snippet":"max-snippet:-1","max-image-preview":"max-image-preview:large","max-video-preview":"max-video-preview:-1"},"canonical":"https:\/\/www.abesata.org\/br\/abesata-participa-de-forum-internacional-de-servicos-aeroportuarios-em-atenas\/","og_locale":"pt_BR","og_type":"article","og_title":"Abesata participa de f\u00f3rum internacional de servi\u00e7os aeroportu\u00e1rios, em Atenas - Abesata","og_description":"A Abesata (Associa\u00e7\u00e3o Brasileira das Empresas de Servi\u00e7os Auxiliares de Transporte A\u00e9reo) foi convidada a participar do Airport Services Association Leadership Forum 2023, a ser sediado no Grand Hyatt Atenas, na capital grega, nos dias 20 a 22 de setembro. O evento \u00e9 organizado junto \u00e0 ARGS (Airline Routes and Ground Services), com patroc\u00ednio da [&hellip;]","og_url":"https:\/\/www.abesata.org\/br\/abesata-participa-de-forum-internacional-de-servicos-aeroportuarios-em-atenas\/","og_site_name":"Abesata","article_publisher":"https:\/\/www.facebook.com\/abesata.org\/","article_published_time":"2023-09-19T21:22:26+00:00","article_modified_time":"2024-06-19T19:00:16+00:00","author":"admin","twitter_card":"summary_large_image","twitter_misc":{"Escrito por":"admin","Est. tempo de leitura":"1 minuto"},"schema":{"@context":"https:\/\/schema.org","@graph":[{"@type":"Article","@id":"https:\/\/www.abesata.org\/br\/abesata-participa-de-forum-internacional-de-servicos-aeroportuarios-em-atenas\/#article","isPartOf":{"@id":"https:\/\/www.abesata.org\/br\/abesata-participa-de-forum-internacional-de-servicos-aeroportuarios-em-atenas\/"},"author":{"name":"admin","@id":"https:\/\/www.abesata.org\/br\/#\/schema\/person\/bd9e7c86150fe625bb50aebd7be624d1"},"headline":"Abesata participa de f\u00f3rum internacional de servi\u00e7os aeroportu\u00e1rios, em Atenas","datePublished":"2023-09-19T21:22:26+00:00","dateModified":"2024-06-19T19:00:16+00:00","mainEntityOfPage":{"@id":"https:\/\/www.abesata.org\/br\/abesata-participa-de-forum-internacional-de-servicos-aeroportuarios-em-atenas\/"},"wordCount":162,"publisher":{"@id":"https:\/\/www.abesata.org\/br\/#organization"},"keywords":["abesata","Anac","atenas","Avia\u00e7\u00e3o"],"articleSection":["Not\u00edcias"],"inLanguage":"pt-BR"},{"@type":"WebPage","@id":"https:\/\/www.abesata.org\/br\/abesata-participa-de-forum-internacional-de-servicos-aeroportuarios-em-atenas\/","url":"https:\/\/www.abesata.org\/br\/abesata-participa-de-forum-internacional-de-servicos-aeroportuarios-em-atenas\/","name":"Abesata participa de f\u00f3rum internacional de servi\u00e7os aeroportu\u00e1rios, em Atenas - Abesata","isPartOf":{"@id":"https:\/\/www.abesata.org\/br\/#website"},"datePublished":"2023-09-19T21:22:26+00:00","dateModified":"2024-06-19T19:00:16+00:00","breadcrumb":{"@id":"https:\/\/www.abesata.org\/br\/abesata-participa-de-forum-internacional-de-servicos-aeroportuarios-em-atenas\/#breadcrumb"},"inLanguage":"pt-BR","potentialAction":[{"@type":"ReadAction","target":["https:\/\/www.abesata.org\/br\/abesata-participa-de-forum-internacional-de-servicos-aeroportuarios-em-atenas\/"]}]},{"@type":"BreadcrumbList","@id":"https:\/\/www.abesata.org\/br\/abesata-participa-de-forum-internacional-de-servicos-aeroportuarios-em-atenas\/#breadcrumb","itemListElement":[{"@type":"ListItem","position":1,"name":"In\u00edcio","item":"https:\/\/www.abesata.org\/br\/"},{"@type":"ListItem","position":2,"name":"Abesata participa de f\u00f3rum internacional de servi\u00e7os aeroportu\u00e1rios, em Atenas"}]},{"@type":"WebSite","@id":"https:\/\/www.abesata.org\/br\/#website","url":"https:\/\/www.abesata.org\/br\/","name":"Abesata","description":"Associa\u00e7\u00e3o Brasileira das Empresas de Servi\u00e7os Auxiliares de Transporte A\u00e9reo","publisher":{"@id":"https:\/\/www.abesata.org\/br\/#organization"},"potentialAction":[{"@type":"SearchAction","target":{"@type":"EntryPoint","urlTemplate":"https:\/\/www.abesata.org\/br\/?s={search_term_string}"},"query-input":{"@type":"PropertyValueSpecification","valueRequired":true,"valueName":"search_term_string"}}],"inLanguage":"pt-BR"},{"@type":"Organization","@id":"https:\/\/www.abesata.org\/br\/#organization","name":"Associa\u00e7\u00e3o Brasileira das Empresas de Servi\u00e7os Auxiliares de Transporte A\u00e9reo","alternateName":"Abesata","url":"https:\/\/www.abesata.org\/br\/","logo":{"@type":"ImageObject","inLanguage":"pt-BR","@id":"https:\/\/www.abesata.org\/br\/#\/schema\/logo\/image\/","url":"https:\/\/www.abesata.org\/br\/wp-content\/uploads\/2023\/10\/Abesata.png","contentUrl":"https:\/\/www.abesata.org\/br\/wp-content\/uploads\/2023\/10\/Abesata.png","width":1063,"height":591,"caption":"Associa\u00e7\u00e3o Brasileira das Empresas de Servi\u00e7os Auxiliares de Transporte A\u00e9reo"},"image":{"@id":"https:\/\/www.abesata.org\/br\/#\/schema\/logo\/image\/"},"sameAs":["https:\/\/www.facebook.com\/abesata.org\/","https:\/\/www.instagram.com\/abesata_gh\/","https:\/\/br.linkedin.com\/company\/abesata"]},{"@type":"Person","@id":"https:\/\/www.abesata.org\/br\/#\/schema\/person\/bd9e7c86150fe625bb50aebd7be624d1","name":"admin","image":{"@type":"ImageObject","inLanguage":"pt-BR","@id":"https:\/\/www.abesata.org\/br\/#\/schema\/person\/image\/","url":"https:\/\/secure.gravatar.com\/avatar\/b8e742a0c332125760459b2e04eaccc35255ab53dd66c239a029f484ccb009d7?s=96&d=mm&r=g","contentUrl":"https:\/\/secure.gravatar.com\/avatar\/b8e742a0c332125760459b2e04eaccc35255ab53dd66c239a029f484ccb009d7?s=96&d=mm&r=g","caption":"admin"},"url":"https:\/\/www.abesata.org\/br\/author\/admin\/"}]}},"_links":{"self":[{"href":"https:\/\/www.abesata.org\/br\/wp-json\/wp\/v2\/posts\/16215","targetHints":{"allow":["GET"]}}],"collection":[{"href":"https:\/\/www.abesata.org\/br\/wp-json\/wp\/v2\/posts"}],"about":[{"href":"https:\/\/www.abesata.org\/br\/wp-json\/wp\/v2\/types\/post"}],"author":[{"embeddable":true,"href":"https:\/\/www.abesata.org\/br\/wp-json\/wp\/v2\/users\/1"}],"replies":[{"embeddable":true,"href":"https:\/\/www.abesata.org\/br\/wp-json\/wp\/v2\/comments?post=16215"}],"version-history":[{"count":1,"href":"https:\/\/www.abesata.org\/br\/wp-json\/wp\/v2\/posts\/16215\/revisions"}],"predecessor-version":[{"id":17250,"href":"https:\/\/www.abesata.org\/br\/wp-json\/wp\/v2\/posts\/16215\/revisions\/17250"}],"wp:attachment":[{"href":"https:\/\/www.abesata.org\/br\/wp-json\/wp\/v2\/media?parent=16215"}],"wp:term":[{"taxonomy":"category","embeddable":true,"href":"https:\/\/www.abesata.org\/br\/wp-json\/wp\/v2\/categories?post=16215"},{"taxonomy":"post_tag","embeddable":true,"href":"https:\/\/www.abesata.org\/br\/wp-json\/wp\/v2\/tags?post=16215"}],"curies":[{"name":"wp","href":"https:\/\/api.w.org\/{rel}","templated":true}]}}