{"id":16228,"date":"2023-09-21T19:37:06","date_gmt":"2023-09-21T19:37:06","guid":{"rendered":"https:\/\/www.abesata.org\/br\/?p=16228"},"modified":"2024-06-19T16:00:06","modified_gmt":"2024-06-19T19:00:06","slug":"abesata-participara-de-eventos-de-seguranca-operacional-em-campinas-e-em-salvador","status":"publish","type":"post","link":"https:\/\/www.abesata.org\/br\/abesata-participara-de-eventos-de-seguranca-operacional-em-campinas-e-em-salvador\/","title":{"rendered":"Abesata participar\u00e1 de eventos de seguran\u00e7a operacional em Campinas e em Salvador"},"content":{"rendered":"\n<p class=\"wp-block-paragraph\">Nos dias 29 de setembro e 24 de outubro, a Abesata participar\u00e1 de eventos relacionados \u00e0 Seguran\u00e7a Operacional promovidos pelos aeroportos de Viracopos, em Campinas, \u00a0de Salvador. O objetivo \u00e9 a troca de experi\u00eancias e de informa\u00e7\u00f5es sempre em busca da melhoria da qualidade das opera\u00e7\u00f5es.<\/p>\n","protected":false},"excerpt":{"rendered":"<p>Nos dias 29 de setembro e 24 de outubro, a Abesata participar\u00e1 de eventos relacionados \u00e0 Seguran\u00e7a Operacional promovidos pelos aeroportos de Viracopos, em Campinas, \u00a0de Salvador. O objetivo \u00e9 a troca de experi\u00eancias e de informa\u00e7\u00f5es sempre em busca da melhoria da qualidade das opera\u00e7\u00f5es.<\/p>\n","protected":false},"author":1,"featured_media":16229,"comment_status":"closed","ping_status":"open","sticky":false,"template":"","format":"standard","meta":{"footnotes":""},"categories":[294],"tags":[12,42,261,269],"class_list":["post-16228","post","type-post","status-publish","format-standard","has-post-thumbnail","hentry","category-noticias","tag-abesata","tag-aeroportos","tag-evento","tag-seguranca"],"yoast_head":"<!-- This site is optimized with the Yoast SEO plugin v28.1 - https:\/\/yoast.com\/product\/yoast-seo-wordpress\/ -->\n<title>Abesata participar\u00e1 de eventos de seguran\u00e7a operacional em Campinas e em Salvador - Abesata<\/title>\n<meta name=\"robots\" content=\"index, follow, max-snippet:-1, max-image-preview:large, max-video-preview:-1\" \/>\n<link rel=\"canonical\" href=\"https:\/\/www.abesata.org\/br\/abesata-participara-de-eventos-de-seguranca-operacional-em-campinas-e-em-salvador\/\" \/>\n<meta property=\"og:locale\" content=\"pt_BR\" \/>\n<meta property=\"og:type\" content=\"article\" \/>\n<meta property=\"og:title\" content=\"Abesata participar\u00e1 de eventos de seguran\u00e7a operacional em Campinas e em Salvador - Abesata\" \/>\n<meta property=\"og:description\" content=\"Nos dias 29 de setembro e 24 de outubro, a Abesata participar\u00e1 de eventos relacionados \u00e0 Seguran\u00e7a Operacional promovidos pelos aeroportos de Viracopos, em Campinas, \u00a0de Salvador. O objetivo \u00e9 a troca de experi\u00eancias e de informa\u00e7\u00f5es sempre em busca da melhoria da qualidade das opera\u00e7\u00f5es.\" \/>\n<meta property=\"og:url\" content=\"https:\/\/www.abesata.org\/br\/abesata-participara-de-eventos-de-seguranca-operacional-em-campinas-e-em-salvador\/\" \/>\n<meta property=\"og:site_name\" content=\"Abesata\" \/>\n<meta property=\"article:publisher\" content=\"https:\/\/www.facebook.com\/abesata.org\/\" \/>\n<meta property=\"article:published_time\" content=\"2023-09-21T19:37:06+00:00\" \/>\n<meta property=\"article:modified_time\" content=\"2024-06-19T19:00:06+00:00\" \/>\n<meta property=\"og:image\" content=\"https:\/\/www.abesata.org\/br\/wp-content\/uploads\/2023\/09\/WhatsApp-Image-2023-09-19-at-17.45.44.jpeg\" \/>\n\t<meta property=\"og:image:width\" content=\"513\" \/>\n\t<meta property=\"og:image:height\" content=\"769\" \/>\n\t<meta property=\"og:image:type\" content=\"image\/jpeg\" \/>\n<meta name=\"author\" content=\"admin\" \/>\n<meta name=\"twitter:card\" content=\"summary_large_image\" \/>\n<meta name=\"twitter:label1\" content=\"Escrito por\" \/>\n\t<meta name=\"twitter:data1\" content=\"admin\" \/>\n<script type=\"application\/ld+json\" class=\"yoast-schema-graph\">{\"@context\":\"https:\\\/\\\/schema.org\",\"@graph\":[{\"@type\":\"Article\",\"@id\":\"https:\\\/\\\/www.abesata.org\\\/br\\\/abesata-participara-de-eventos-de-seguranca-operacional-em-campinas-e-em-salvador\\\/#article\",\"isPartOf\":{\"@id\":\"https:\\\/\\\/www.abesata.org\\\/br\\\/abesata-participara-de-eventos-de-seguranca-operacional-em-campinas-e-em-salvador\\\/\"},\"author\":{\"name\":\"admin\",\"@id\":\"https:\\\/\\\/www.abesata.org\\\/br\\\/#\\\/schema\\\/person\\\/bd9e7c86150fe625bb50aebd7be624d1\"},\"headline\":\"Abesata participar\u00e1 de eventos de seguran\u00e7a operacional em Campinas e em Salvador\",\"datePublished\":\"2023-09-21T19:37:06+00:00\",\"dateModified\":\"2024-06-19T19:00:06+00:00\",\"mainEntityOfPage\":{\"@id\":\"https:\\\/\\\/www.abesata.org\\\/br\\\/abesata-participara-de-eventos-de-seguranca-operacional-em-campinas-e-em-salvador\\\/\"},\"wordCount\":59,\"publisher\":{\"@id\":\"https:\\\/\\\/www.abesata.org\\\/br\\\/#organization\"},\"image\":{\"@id\":\"https:\\\/\\\/www.abesata.org\\\/br\\\/abesata-participara-de-eventos-de-seguranca-operacional-em-campinas-e-em-salvador\\\/#primaryimage\"},\"thumbnailUrl\":\"https:\\\/\\\/www.abesata.org\\\/br\\\/wp-content\\\/uploads\\\/2023\\\/09\\\/WhatsApp-Image-2023-09-19-at-17.45.44.jpeg\",\"keywords\":[\"abesata\",\"Aeroportos\",\"evento\",\"seguran\u00e7a\"],\"articleSection\":[\"Not\u00edcias\"],\"inLanguage\":\"pt-BR\"},{\"@type\":\"WebPage\",\"@id\":\"https:\\\/\\\/www.abesata.org\\\/br\\\/abesata-participara-de-eventos-de-seguranca-operacional-em-campinas-e-em-salvador\\\/\",\"url\":\"https:\\\/\\\/www.abesata.org\\\/br\\\/abesata-participara-de-eventos-de-seguranca-operacional-em-campinas-e-em-salvador\\\/\",\"name\":\"Abesata participar\u00e1 de eventos de seguran\u00e7a operacional em Campinas e em Salvador - Abesata\",\"isPartOf\":{\"@id\":\"https:\\\/\\\/www.abesata.org\\\/br\\\/#website\"},\"primaryImageOfPage\":{\"@id\":\"https:\\\/\\\/www.abesata.org\\\/br\\\/abesata-participara-de-eventos-de-seguranca-operacional-em-campinas-e-em-salvador\\\/#primaryimage\"},\"image\":{\"@id\":\"https:\\\/\\\/www.abesata.org\\\/br\\\/abesata-participara-de-eventos-de-seguranca-operacional-em-campinas-e-em-salvador\\\/#primaryimage\"},\"thumbnailUrl\":\"https:\\\/\\\/www.abesata.org\\\/br\\\/wp-content\\\/uploads\\\/2023\\\/09\\\/WhatsApp-Image-2023-09-19-at-17.45.44.jpeg\",\"datePublished\":\"2023-09-21T19:37:06+00:00\",\"dateModified\":\"2024-06-19T19:00:06+00:00\",\"breadcrumb\":{\"@id\":\"https:\\\/\\\/www.abesata.org\\\/br\\\/abesata-participara-de-eventos-de-seguranca-operacional-em-campinas-e-em-salvador\\\/#breadcrumb\"},\"inLanguage\":\"pt-BR\",\"potentialAction\":[{\"@type\":\"ReadAction\",\"target\":[\"https:\\\/\\\/www.abesata.org\\\/br\\\/abesata-participara-de-eventos-de-seguranca-operacional-em-campinas-e-em-salvador\\\/\"]}]},{\"@type\":\"ImageObject\",\"inLanguage\":\"pt-BR\",\"@id\":\"https:\\\/\\\/www.abesata.org\\\/br\\\/abesata-participara-de-eventos-de-seguranca-operacional-em-campinas-e-em-salvador\\\/#primaryimage\",\"url\":\"https:\\\/\\\/www.abesata.org\\\/br\\\/wp-content\\\/uploads\\\/2023\\\/09\\\/WhatsApp-Image-2023-09-19-at-17.45.44.jpeg\",\"contentUrl\":\"https:\\\/\\\/www.abesata.org\\\/br\\\/wp-content\\\/uploads\\\/2023\\\/09\\\/WhatsApp-Image-2023-09-19-at-17.45.44.jpeg\",\"width\":513,\"height\":769},{\"@type\":\"BreadcrumbList\",\"@id\":\"https:\\\/\\\/www.abesata.org\\\/br\\\/abesata-participara-de-eventos-de-seguranca-operacional-em-campinas-e-em-salvador\\\/#breadcrumb\",\"itemListElement\":[{\"@type\":\"ListItem\",\"position\":1,\"name\":\"In\u00edcio\",\"item\":\"https:\\\/\\\/www.abesata.org\\\/br\\\/\"},{\"@type\":\"ListItem\",\"position\":2,\"name\":\"Abesata participar\u00e1 de eventos de seguran\u00e7a operacional em Campinas e em Salvador\"}]},{\"@type\":\"WebSite\",\"@id\":\"https:\\\/\\\/www.abesata.org\\\/br\\\/#website\",\"url\":\"https:\\\/\\\/www.abesata.org\\\/br\\\/\",\"name\":\"Abesata\",\"description\":\"Associa\u00e7\u00e3o Brasileira das Empresas de Servi\u00e7os Auxiliares de Transporte A\u00e9reo\",\"publisher\":{\"@id\":\"https:\\\/\\\/www.abesata.org\\\/br\\\/#organization\"},\"potentialAction\":[{\"@type\":\"SearchAction\",\"target\":{\"@type\":\"EntryPoint\",\"urlTemplate\":\"https:\\\/\\\/www.abesata.org\\\/br\\\/?s={search_term_string}\"},\"query-input\":{\"@type\":\"PropertyValueSpecification\",\"valueRequired\":true,\"valueName\":\"search_term_string\"}}],\"inLanguage\":\"pt-BR\"},{\"@type\":\"Organization\",\"@id\":\"https:\\\/\\\/www.abesata.org\\\/br\\\/#organization\",\"name\":\"Associa\u00e7\u00e3o Brasileira das Empresas de Servi\u00e7os Auxiliares de Transporte A\u00e9reo\",\"alternateName\":\"Abesata\",\"url\":\"https:\\\/\\\/www.abesata.org\\\/br\\\/\",\"logo\":{\"@type\":\"ImageObject\",\"inLanguage\":\"pt-BR\",\"@id\":\"https:\\\/\\\/www.abesata.org\\\/br\\\/#\\\/schema\\\/logo\\\/image\\\/\",\"url\":\"https:\\\/\\\/www.abesata.org\\\/br\\\/wp-content\\\/uploads\\\/2023\\\/10\\\/Abesata.png\",\"contentUrl\":\"https:\\\/\\\/www.abesata.org\\\/br\\\/wp-content\\\/uploads\\\/2023\\\/10\\\/Abesata.png\",\"width\":1063,\"height\":591,\"caption\":\"Associa\u00e7\u00e3o Brasileira das Empresas de Servi\u00e7os Auxiliares de Transporte A\u00e9reo\"},\"image\":{\"@id\":\"https:\\\/\\\/www.abesata.org\\\/br\\\/#\\\/schema\\\/logo\\\/image\\\/\"},\"sameAs\":[\"https:\\\/\\\/www.facebook.com\\\/abesata.org\\\/\",\"https:\\\/\\\/www.instagram.com\\\/abesata_gh\\\/\",\"https:\\\/\\\/br.linkedin.com\\\/company\\\/abesata\"]},{\"@type\":\"Person\",\"@id\":\"https:\\\/\\\/www.abesata.org\\\/br\\\/#\\\/schema\\\/person\\\/bd9e7c86150fe625bb50aebd7be624d1\",\"name\":\"admin\",\"image\":{\"@type\":\"ImageObject\",\"inLanguage\":\"pt-BR\",\"@id\":\"https:\\\/\\\/secure.gravatar.com\\\/avatar\\\/b8e742a0c332125760459b2e04eaccc35255ab53dd66c239a029f484ccb009d7?s=96&d=mm&r=g\",\"url\":\"https:\\\/\\\/secure.gravatar.com\\\/avatar\\\/b8e742a0c332125760459b2e04eaccc35255ab53dd66c239a029f484ccb009d7?s=96&d=mm&r=g\",\"contentUrl\":\"https:\\\/\\\/secure.gravatar.com\\\/avatar\\\/b8e742a0c332125760459b2e04eaccc35255ab53dd66c239a029f484ccb009d7?s=96&d=mm&r=g\",\"caption\":\"admin\"},\"url\":\"https:\\\/\\\/www.abesata.org\\\/br\\\/author\\\/admin\\\/\"}]}<\/script>\n<!-- \/ Yoast SEO plugin. -->","yoast_head_json":{"title":"Abesata participar\u00e1 de eventos de seguran\u00e7a operacional em Campinas e em Salvador - Abesata","robots":{"index":"index","follow":"follow","max-snippet":"max-snippet:-1","max-image-preview":"max-image-preview:large","max-video-preview":"max-video-preview:-1"},"canonical":"https:\/\/www.abesata.org\/br\/abesata-participara-de-eventos-de-seguranca-operacional-em-campinas-e-em-salvador\/","og_locale":"pt_BR","og_type":"article","og_title":"Abesata participar\u00e1 de eventos de seguran\u00e7a operacional em Campinas e em Salvador - Abesata","og_description":"Nos dias 29 de setembro e 24 de outubro, a Abesata participar\u00e1 de eventos relacionados \u00e0 Seguran\u00e7a Operacional promovidos pelos aeroportos de Viracopos, em Campinas, \u00a0de Salvador. O objetivo \u00e9 a troca de experi\u00eancias e de informa\u00e7\u00f5es sempre em busca da melhoria da qualidade das opera\u00e7\u00f5es.","og_url":"https:\/\/www.abesata.org\/br\/abesata-participara-de-eventos-de-seguranca-operacional-em-campinas-e-em-salvador\/","og_site_name":"Abesata","article_publisher":"https:\/\/www.facebook.com\/abesata.org\/","article_published_time":"2023-09-21T19:37:06+00:00","article_modified_time":"2024-06-19T19:00:06+00:00","og_image":[{"width":513,"height":769,"url":"https:\/\/www.abesata.org\/br\/wp-content\/uploads\/2023\/09\/WhatsApp-Image-2023-09-19-at-17.45.44.jpeg","type":"image\/jpeg"}],"author":"admin","twitter_card":"summary_large_image","twitter_misc":{"Escrito por":"admin"},"schema":{"@context":"https:\/\/schema.org","@graph":[{"@type":"Article","@id":"https:\/\/www.abesata.org\/br\/abesata-participara-de-eventos-de-seguranca-operacional-em-campinas-e-em-salvador\/#article","isPartOf":{"@id":"https:\/\/www.abesata.org\/br\/abesata-participara-de-eventos-de-seguranca-operacional-em-campinas-e-em-salvador\/"},"author":{"name":"admin","@id":"https:\/\/www.abesata.org\/br\/#\/schema\/person\/bd9e7c86150fe625bb50aebd7be624d1"},"headline":"Abesata participar\u00e1 de eventos de seguran\u00e7a operacional em Campinas e em Salvador","datePublished":"2023-09-21T19:37:06+00:00","dateModified":"2024-06-19T19:00:06+00:00","mainEntityOfPage":{"@id":"https:\/\/www.abesata.org\/br\/abesata-participara-de-eventos-de-seguranca-operacional-em-campinas-e-em-salvador\/"},"wordCount":59,"publisher":{"@id":"https:\/\/www.abesata.org\/br\/#organization"},"image":{"@id":"https:\/\/www.abesata.org\/br\/abesata-participara-de-eventos-de-seguranca-operacional-em-campinas-e-em-salvador\/#primaryimage"},"thumbnailUrl":"https:\/\/www.abesata.org\/br\/wp-content\/uploads\/2023\/09\/WhatsApp-Image-2023-09-19-at-17.45.44.jpeg","keywords":["abesata","Aeroportos","evento","seguran\u00e7a"],"articleSection":["Not\u00edcias"],"inLanguage":"pt-BR"},{"@type":"WebPage","@id":"https:\/\/www.abesata.org\/br\/abesata-participara-de-eventos-de-seguranca-operacional-em-campinas-e-em-salvador\/","url":"https:\/\/www.abesata.org\/br\/abesata-participara-de-eventos-de-seguranca-operacional-em-campinas-e-em-salvador\/","name":"Abesata participar\u00e1 de eventos de seguran\u00e7a operacional em Campinas e em Salvador - Abesata","isPartOf":{"@id":"https:\/\/www.abesata.org\/br\/#website"},"primaryImageOfPage":{"@id":"https:\/\/www.abesata.org\/br\/abesata-participara-de-eventos-de-seguranca-operacional-em-campinas-e-em-salvador\/#primaryimage"},"image":{"@id":"https:\/\/www.abesata.org\/br\/abesata-participara-de-eventos-de-seguranca-operacional-em-campinas-e-em-salvador\/#primaryimage"},"thumbnailUrl":"https:\/\/www.abesata.org\/br\/wp-content\/uploads\/2023\/09\/WhatsApp-Image-2023-09-19-at-17.45.44.jpeg","datePublished":"2023-09-21T19:37:06+00:00","dateModified":"2024-06-19T19:00:06+00:00","breadcrumb":{"@id":"https:\/\/www.abesata.org\/br\/abesata-participara-de-eventos-de-seguranca-operacional-em-campinas-e-em-salvador\/#breadcrumb"},"inLanguage":"pt-BR","potentialAction":[{"@type":"ReadAction","target":["https:\/\/www.abesata.org\/br\/abesata-participara-de-eventos-de-seguranca-operacional-em-campinas-e-em-salvador\/"]}]},{"@type":"ImageObject","inLanguage":"pt-BR","@id":"https:\/\/www.abesata.org\/br\/abesata-participara-de-eventos-de-seguranca-operacional-em-campinas-e-em-salvador\/#primaryimage","url":"https:\/\/www.abesata.org\/br\/wp-content\/uploads\/2023\/09\/WhatsApp-Image-2023-09-19-at-17.45.44.jpeg","contentUrl":"https:\/\/www.abesata.org\/br\/wp-content\/uploads\/2023\/09\/WhatsApp-Image-2023-09-19-at-17.45.44.jpeg","width":513,"height":769},{"@type":"BreadcrumbList","@id":"https:\/\/www.abesata.org\/br\/abesata-participara-de-eventos-de-seguranca-operacional-em-campinas-e-em-salvador\/#breadcrumb","itemListElement":[{"@type":"ListItem","position":1,"name":"In\u00edcio","item":"https:\/\/www.abesata.org\/br\/"},{"@type":"ListItem","position":2,"name":"Abesata participar\u00e1 de eventos de seguran\u00e7a operacional em Campinas e em Salvador"}]},{"@type":"WebSite","@id":"https:\/\/www.abesata.org\/br\/#website","url":"https:\/\/www.abesata.org\/br\/","name":"Abesata","description":"Associa\u00e7\u00e3o Brasileira das Empresas de Servi\u00e7os Auxiliares de Transporte A\u00e9reo","publisher":{"@id":"https:\/\/www.abesata.org\/br\/#organization"},"potentialAction":[{"@type":"SearchAction","target":{"@type":"EntryPoint","urlTemplate":"https:\/\/www.abesata.org\/br\/?s={search_term_string}"},"query-input":{"@type":"PropertyValueSpecification","valueRequired":true,"valueName":"search_term_string"}}],"inLanguage":"pt-BR"},{"@type":"Organization","@id":"https:\/\/www.abesata.org\/br\/#organization","name":"Associa\u00e7\u00e3o Brasileira das Empresas de Servi\u00e7os Auxiliares de Transporte A\u00e9reo","alternateName":"Abesata","url":"https:\/\/www.abesata.org\/br\/","logo":{"@type":"ImageObject","inLanguage":"pt-BR","@id":"https:\/\/www.abesata.org\/br\/#\/schema\/logo\/image\/","url":"https:\/\/www.abesata.org\/br\/wp-content\/uploads\/2023\/10\/Abesata.png","contentUrl":"https:\/\/www.abesata.org\/br\/wp-content\/uploads\/2023\/10\/Abesata.png","width":1063,"height":591,"caption":"Associa\u00e7\u00e3o Brasileira das Empresas de Servi\u00e7os Auxiliares de Transporte A\u00e9reo"},"image":{"@id":"https:\/\/www.abesata.org\/br\/#\/schema\/logo\/image\/"},"sameAs":["https:\/\/www.facebook.com\/abesata.org\/","https:\/\/www.instagram.com\/abesata_gh\/","https:\/\/br.linkedin.com\/company\/abesata"]},{"@type":"Person","@id":"https:\/\/www.abesata.org\/br\/#\/schema\/person\/bd9e7c86150fe625bb50aebd7be624d1","name":"admin","image":{"@type":"ImageObject","inLanguage":"pt-BR","@id":"https:\/\/secure.gravatar.com\/avatar\/b8e742a0c332125760459b2e04eaccc35255ab53dd66c239a029f484ccb009d7?s=96&d=mm&r=g","url":"https:\/\/secure.gravatar.com\/avatar\/b8e742a0c332125760459b2e04eaccc35255ab53dd66c239a029f484ccb009d7?s=96&d=mm&r=g","contentUrl":"https:\/\/secure.gravatar.com\/avatar\/b8e742a0c332125760459b2e04eaccc35255ab53dd66c239a029f484ccb009d7?s=96&d=mm&r=g","caption":"admin"},"url":"https:\/\/www.abesata.org\/br\/author\/admin\/"}]}},"_links":{"self":[{"href":"https:\/\/www.abesata.org\/br\/wp-json\/wp\/v2\/posts\/16228","targetHints":{"allow":["GET"]}}],"collection":[{"href":"https:\/\/www.abesata.org\/br\/wp-json\/wp\/v2\/posts"}],"about":[{"href":"https:\/\/www.abesata.org\/br\/wp-json\/wp\/v2\/types\/post"}],"author":[{"embeddable":true,"href":"https:\/\/www.abesata.org\/br\/wp-json\/wp\/v2\/users\/1"}],"replies":[{"embeddable":true,"href":"https:\/\/www.abesata.org\/br\/wp-json\/wp\/v2\/comments?post=16228"}],"version-history":[{"count":1,"href":"https:\/\/www.abesata.org\/br\/wp-json\/wp\/v2\/posts\/16228\/revisions"}],"predecessor-version":[{"id":17249,"href":"https:\/\/www.abesata.org\/br\/wp-json\/wp\/v2\/posts\/16228\/revisions\/17249"}],"wp:featuredmedia":[{"embeddable":true,"href":"https:\/\/www.abesata.org\/br\/wp-json\/wp\/v2\/media\/16229"}],"wp:attachment":[{"href":"https:\/\/www.abesata.org\/br\/wp-json\/wp\/v2\/media?parent=16228"}],"wp:term":[{"taxonomy":"category","embeddable":true,"href":"https:\/\/www.abesata.org\/br\/wp-json\/wp\/v2\/categories?post=16228"},{"taxonomy":"post_tag","embeddable":true,"href":"https:\/\/www.abesata.org\/br\/wp-json\/wp\/v2\/tags?post=16228"}],"curies":[{"name":"wp","href":"https:\/\/api.w.org\/{rel}","templated":true}]}}