{"id":16278,"date":"2023-09-28T21:04:15","date_gmt":"2023-09-28T21:04:15","guid":{"rendered":"https:\/\/www.abesata.org\/br\/?p=16278"},"modified":"2024-06-19T15:59:51","modified_gmt":"2024-06-19T18:59:51","slug":"impacto-economico-da-aviacao-no-turismo-contribuiu-com-r-78-bilhoes-para-o-pib-brasileiro-em-2022","status":"publish","type":"post","link":"https:\/\/www.abesata.org\/br\/impacto-economico-da-aviacao-no-turismo-contribuiu-com-r-78-bilhoes-para-o-pib-brasileiro-em-2022\/","title":{"rendered":"Impacto econ\u00f4mico da avia\u00e7\u00e3o no Turismo contribuiu com R$ 78 bilh\u00f5es para o PIB brasileiro em 2022"},"content":{"rendered":"\n<p>No Dia Mundial do Turismo, celebrado no \u00faltimo dia 27 de setembro, a Associa\u00e7\u00e3o Brasileira das Empresas A\u00e9reas (ABEAR) revela que a avia\u00e7\u00e3o comercial brasileira e o seu impacto econ\u00f4mico na atividade tur\u00edstica contribu\u00edram com R$ 78 bilh\u00f5es para o PIB no ano passado, ou o equivalente a 0,8% do PIB brasileiro, segundo estimativa obtida com dados e informa\u00e7\u00f5es de fontes p\u00fablicas como a ANAC, IBGE, Instituto de Pesquisa Econ\u00f4mica Aplicada (IPEA) e Minist\u00e9rio do Turismo, entre outras.<\/p>\n\n\n\n<p>Ainda, sabe-se que as atividades tur\u00edsticas incentivadas pelo transporte a\u00e9reo colaboraram com a gera\u00e7\u00e3o de mais de 995 mil empregos diretos, indiretos induzidos e catalisados. No quesito salarial, a movimenta\u00e7\u00e3o foi de R$ 34,2 bilh\u00f5es no ano passado, o que corresponde a 3,2% da massa salarial do pa\u00eds.<\/p>\n\n\n\n<p>A ABEAR assinou nesta ter\u00e7a (26), em Bras\u00edlia, o protocolo de inten\u00e7\u00f5es do \u201cConhe\u00e7a o Brasil: Voando\u201d, iniciativa do Minist\u00e9rio do Turismo (MTUR) em parceria com o Minist\u00e9rio de Portos e Aeroportos (MPOR), com a ABEAR, al\u00e9m das companhias a\u00e9reas associadas GOL, LATAM e VOEPASS, mais a Azul. O programa visa estimular as viagens no Brasil, bem como promover maior acesso \u00e0 avia\u00e7\u00e3o civil e \u00e0 redu\u00e7\u00e3o do custo operacional das empresas a\u00e9reas.<\/p>\n\n\n\n<p>Fonte: <a href=\"https:\/\/www.abear.com.br\/imprensa\/agencia-abear\/noticias\/impacto-economico-da-aviacao-no-turismo-contribuiu-com-r-78-bilhoes-para-o-pib-brasileiro-em-2022\/\">ABEAR<\/a><\/p>\n","protected":false},"excerpt":{"rendered":"<p>No Dia Mundial do Turismo, celebrado no \u00faltimo dia 27 de setembro, a Associa\u00e7\u00e3o Brasileira das Empresas A\u00e9reas (ABEAR) revela que a avia\u00e7\u00e3o comercial brasileira e o seu impacto econ\u00f4mico na atividade tur\u00edstica contribu\u00edram com R$ 78 bilh\u00f5es para o PIB no ano passado, ou o equivalente a 0,8% do PIB brasileiro, segundo estimativa obtida [&hellip;]<\/p>\n","protected":false},"author":1,"featured_media":0,"comment_status":"closed","ping_status":"open","sticky":false,"template":"","format":"standard","meta":{"footnotes":""},"categories":[294],"tags":[57,18,211],"class_list":["post-16278","post","type-post","status-publish","format-standard","hentry","category-noticias","tag-abear","tag-aviacao","tag-turismo"],"yoast_head":"<!-- This site is optimized with the Yoast SEO plugin v26.5 - https:\/\/yoast.com\/wordpress\/plugins\/seo\/ -->\n<title>Impacto econ\u00f4mico da avia\u00e7\u00e3o no Turismo contribuiu com R$ 78 bilh\u00f5es para o PIB brasileiro em 2022 - Abesata<\/title>\n<meta name=\"robots\" content=\"index, follow, max-snippet:-1, max-image-preview:large, max-video-preview:-1\" \/>\n<link rel=\"canonical\" href=\"https:\/\/www.abesata.org\/br\/impacto-economico-da-aviacao-no-turismo-contribuiu-com-r-78-bilhoes-para-o-pib-brasileiro-em-2022\/\" \/>\n<meta property=\"og:locale\" content=\"pt_BR\" \/>\n<meta property=\"og:type\" content=\"article\" \/>\n<meta property=\"og:title\" content=\"Impacto econ\u00f4mico da avia\u00e7\u00e3o no Turismo contribuiu com R$ 78 bilh\u00f5es para o PIB brasileiro em 2022 - Abesata\" \/>\n<meta property=\"og:description\" content=\"No Dia Mundial do Turismo, celebrado no \u00faltimo dia 27 de setembro, a Associa\u00e7\u00e3o Brasileira das Empresas A\u00e9reas (ABEAR) revela que a avia\u00e7\u00e3o comercial brasileira e o seu impacto econ\u00f4mico na atividade tur\u00edstica contribu\u00edram com R$ 78 bilh\u00f5es para o PIB no ano passado, ou o equivalente a 0,8% do PIB brasileiro, segundo estimativa obtida [&hellip;]\" \/>\n<meta property=\"og:url\" content=\"https:\/\/www.abesata.org\/br\/impacto-economico-da-aviacao-no-turismo-contribuiu-com-r-78-bilhoes-para-o-pib-brasileiro-em-2022\/\" \/>\n<meta property=\"og:site_name\" content=\"Abesata\" \/>\n<meta property=\"article:publisher\" content=\"https:\/\/www.facebook.com\/abesata.org\/\" \/>\n<meta property=\"article:published_time\" content=\"2023-09-28T21:04:15+00:00\" \/>\n<meta property=\"article:modified_time\" content=\"2024-06-19T18:59:51+00:00\" \/>\n<meta name=\"author\" content=\"admin\" \/>\n<meta name=\"twitter:card\" content=\"summary_large_image\" \/>\n<meta name=\"twitter:label1\" content=\"Escrito por\" \/>\n\t<meta name=\"twitter:data1\" content=\"admin\" \/>\n\t<meta name=\"twitter:label2\" content=\"Est. tempo de leitura\" \/>\n\t<meta name=\"twitter:data2\" content=\"1 minuto\" \/>\n<script type=\"application\/ld+json\" class=\"yoast-schema-graph\">{\"@context\":\"https:\/\/schema.org\",\"@graph\":[{\"@type\":\"Article\",\"@id\":\"https:\/\/www.abesata.org\/br\/impacto-economico-da-aviacao-no-turismo-contribuiu-com-r-78-bilhoes-para-o-pib-brasileiro-em-2022\/#article\",\"isPartOf\":{\"@id\":\"https:\/\/www.abesata.org\/br\/impacto-economico-da-aviacao-no-turismo-contribuiu-com-r-78-bilhoes-para-o-pib-brasileiro-em-2022\/\"},\"author\":{\"name\":\"admin\",\"@id\":\"https:\/\/www.abesata.org\/br\/#\/schema\/person\/bd9e7c86150fe625bb50aebd7be624d1\"},\"headline\":\"Impacto econ\u00f4mico da avia\u00e7\u00e3o no Turismo contribuiu com R$ 78 bilh\u00f5es para o PIB brasileiro em 2022\",\"datePublished\":\"2023-09-28T21:04:15+00:00\",\"dateModified\":\"2024-06-19T18:59:51+00:00\",\"mainEntityOfPage\":{\"@id\":\"https:\/\/www.abesata.org\/br\/impacto-economico-da-aviacao-no-turismo-contribuiu-com-r-78-bilhoes-para-o-pib-brasileiro-em-2022\/\"},\"wordCount\":238,\"publisher\":{\"@id\":\"https:\/\/www.abesata.org\/br\/#organization\"},\"keywords\":[\"Abear\",\"Avia\u00e7\u00e3o\",\"turismo\"],\"articleSection\":[\"Not\u00edcias\"],\"inLanguage\":\"pt-BR\"},{\"@type\":\"WebPage\",\"@id\":\"https:\/\/www.abesata.org\/br\/impacto-economico-da-aviacao-no-turismo-contribuiu-com-r-78-bilhoes-para-o-pib-brasileiro-em-2022\/\",\"url\":\"https:\/\/www.abesata.org\/br\/impacto-economico-da-aviacao-no-turismo-contribuiu-com-r-78-bilhoes-para-o-pib-brasileiro-em-2022\/\",\"name\":\"Impacto econ\u00f4mico da avia\u00e7\u00e3o no Turismo contribuiu com R$ 78 bilh\u00f5es para o PIB brasileiro em 2022 - Abesata\",\"isPartOf\":{\"@id\":\"https:\/\/www.abesata.org\/br\/#website\"},\"datePublished\":\"2023-09-28T21:04:15+00:00\",\"dateModified\":\"2024-06-19T18:59:51+00:00\",\"breadcrumb\":{\"@id\":\"https:\/\/www.abesata.org\/br\/impacto-economico-da-aviacao-no-turismo-contribuiu-com-r-78-bilhoes-para-o-pib-brasileiro-em-2022\/#breadcrumb\"},\"inLanguage\":\"pt-BR\",\"potentialAction\":[{\"@type\":\"ReadAction\",\"target\":[\"https:\/\/www.abesata.org\/br\/impacto-economico-da-aviacao-no-turismo-contribuiu-com-r-78-bilhoes-para-o-pib-brasileiro-em-2022\/\"]}]},{\"@type\":\"BreadcrumbList\",\"@id\":\"https:\/\/www.abesata.org\/br\/impacto-economico-da-aviacao-no-turismo-contribuiu-com-r-78-bilhoes-para-o-pib-brasileiro-em-2022\/#breadcrumb\",\"itemListElement\":[{\"@type\":\"ListItem\",\"position\":1,\"name\":\"In\u00edcio\",\"item\":\"https:\/\/www.abesata.org\/br\/\"},{\"@type\":\"ListItem\",\"position\":2,\"name\":\"Impacto econ\u00f4mico da avia\u00e7\u00e3o no Turismo contribuiu com R$ 78 bilh\u00f5es para o PIB brasileiro em 2022\"}]},{\"@type\":\"WebSite\",\"@id\":\"https:\/\/www.abesata.org\/br\/#website\",\"url\":\"https:\/\/www.abesata.org\/br\/\",\"name\":\"Abesata\",\"description\":\"Associa\u00e7\u00e3o Brasileira das Empresas de Servi\u00e7os Auxiliares de Transporte A\u00e9reo\",\"publisher\":{\"@id\":\"https:\/\/www.abesata.org\/br\/#organization\"},\"potentialAction\":[{\"@type\":\"SearchAction\",\"target\":{\"@type\":\"EntryPoint\",\"urlTemplate\":\"https:\/\/www.abesata.org\/br\/?s={search_term_string}\"},\"query-input\":{\"@type\":\"PropertyValueSpecification\",\"valueRequired\":true,\"valueName\":\"search_term_string\"}}],\"inLanguage\":\"pt-BR\"},{\"@type\":\"Organization\",\"@id\":\"https:\/\/www.abesata.org\/br\/#organization\",\"name\":\"Associa\u00e7\u00e3o Brasileira das Empresas de Servi\u00e7os Auxiliares de Transporte A\u00e9reo\",\"alternateName\":\"Abesata\",\"url\":\"https:\/\/www.abesata.org\/br\/\",\"logo\":{\"@type\":\"ImageObject\",\"inLanguage\":\"pt-BR\",\"@id\":\"https:\/\/www.abesata.org\/br\/#\/schema\/logo\/image\/\",\"url\":\"https:\/\/www.abesata.org\/br\/wp-content\/uploads\/2023\/10\/Abesata.png\",\"contentUrl\":\"https:\/\/www.abesata.org\/br\/wp-content\/uploads\/2023\/10\/Abesata.png\",\"width\":1063,\"height\":591,\"caption\":\"Associa\u00e7\u00e3o Brasileira das Empresas de Servi\u00e7os Auxiliares de Transporte A\u00e9reo\"},\"image\":{\"@id\":\"https:\/\/www.abesata.org\/br\/#\/schema\/logo\/image\/\"},\"sameAs\":[\"https:\/\/www.facebook.com\/abesata.org\/\",\"https:\/\/www.instagram.com\/abesata_gh\/\",\"https:\/\/br.linkedin.com\/company\/abesata\"]},{\"@type\":\"Person\",\"@id\":\"https:\/\/www.abesata.org\/br\/#\/schema\/person\/bd9e7c86150fe625bb50aebd7be624d1\",\"name\":\"admin\",\"image\":{\"@type\":\"ImageObject\",\"inLanguage\":\"pt-BR\",\"@id\":\"https:\/\/www.abesata.org\/br\/#\/schema\/person\/image\/\",\"url\":\"https:\/\/secure.gravatar.com\/avatar\/b8e742a0c332125760459b2e04eaccc35255ab53dd66c239a029f484ccb009d7?s=96&d=mm&r=g\",\"contentUrl\":\"https:\/\/secure.gravatar.com\/avatar\/b8e742a0c332125760459b2e04eaccc35255ab53dd66c239a029f484ccb009d7?s=96&d=mm&r=g\",\"caption\":\"admin\"},\"url\":\"https:\/\/www.abesata.org\/br\/author\/admin\/\"}]}<\/script>\n<!-- \/ Yoast SEO plugin. -->","yoast_head_json":{"title":"Impacto econ\u00f4mico da avia\u00e7\u00e3o no Turismo contribuiu com R$ 78 bilh\u00f5es para o PIB brasileiro em 2022 - Abesata","robots":{"index":"index","follow":"follow","max-snippet":"max-snippet:-1","max-image-preview":"max-image-preview:large","max-video-preview":"max-video-preview:-1"},"canonical":"https:\/\/www.abesata.org\/br\/impacto-economico-da-aviacao-no-turismo-contribuiu-com-r-78-bilhoes-para-o-pib-brasileiro-em-2022\/","og_locale":"pt_BR","og_type":"article","og_title":"Impacto econ\u00f4mico da avia\u00e7\u00e3o no Turismo contribuiu com R$ 78 bilh\u00f5es para o PIB brasileiro em 2022 - Abesata","og_description":"No Dia Mundial do Turismo, celebrado no \u00faltimo dia 27 de setembro, a Associa\u00e7\u00e3o Brasileira das Empresas A\u00e9reas (ABEAR) revela que a avia\u00e7\u00e3o comercial brasileira e o seu impacto econ\u00f4mico na atividade tur\u00edstica contribu\u00edram com R$ 78 bilh\u00f5es para o PIB no ano passado, ou o equivalente a 0,8% do PIB brasileiro, segundo estimativa obtida [&hellip;]","og_url":"https:\/\/www.abesata.org\/br\/impacto-economico-da-aviacao-no-turismo-contribuiu-com-r-78-bilhoes-para-o-pib-brasileiro-em-2022\/","og_site_name":"Abesata","article_publisher":"https:\/\/www.facebook.com\/abesata.org\/","article_published_time":"2023-09-28T21:04:15+00:00","article_modified_time":"2024-06-19T18:59:51+00:00","author":"admin","twitter_card":"summary_large_image","twitter_misc":{"Escrito por":"admin","Est. tempo de leitura":"1 minuto"},"schema":{"@context":"https:\/\/schema.org","@graph":[{"@type":"Article","@id":"https:\/\/www.abesata.org\/br\/impacto-economico-da-aviacao-no-turismo-contribuiu-com-r-78-bilhoes-para-o-pib-brasileiro-em-2022\/#article","isPartOf":{"@id":"https:\/\/www.abesata.org\/br\/impacto-economico-da-aviacao-no-turismo-contribuiu-com-r-78-bilhoes-para-o-pib-brasileiro-em-2022\/"},"author":{"name":"admin","@id":"https:\/\/www.abesata.org\/br\/#\/schema\/person\/bd9e7c86150fe625bb50aebd7be624d1"},"headline":"Impacto econ\u00f4mico da avia\u00e7\u00e3o no Turismo contribuiu com R$ 78 bilh\u00f5es para o PIB brasileiro em 2022","datePublished":"2023-09-28T21:04:15+00:00","dateModified":"2024-06-19T18:59:51+00:00","mainEntityOfPage":{"@id":"https:\/\/www.abesata.org\/br\/impacto-economico-da-aviacao-no-turismo-contribuiu-com-r-78-bilhoes-para-o-pib-brasileiro-em-2022\/"},"wordCount":238,"publisher":{"@id":"https:\/\/www.abesata.org\/br\/#organization"},"keywords":["Abear","Avia\u00e7\u00e3o","turismo"],"articleSection":["Not\u00edcias"],"inLanguage":"pt-BR"},{"@type":"WebPage","@id":"https:\/\/www.abesata.org\/br\/impacto-economico-da-aviacao-no-turismo-contribuiu-com-r-78-bilhoes-para-o-pib-brasileiro-em-2022\/","url":"https:\/\/www.abesata.org\/br\/impacto-economico-da-aviacao-no-turismo-contribuiu-com-r-78-bilhoes-para-o-pib-brasileiro-em-2022\/","name":"Impacto econ\u00f4mico da avia\u00e7\u00e3o no Turismo contribuiu com R$ 78 bilh\u00f5es para o PIB brasileiro em 2022 - Abesata","isPartOf":{"@id":"https:\/\/www.abesata.org\/br\/#website"},"datePublished":"2023-09-28T21:04:15+00:00","dateModified":"2024-06-19T18:59:51+00:00","breadcrumb":{"@id":"https:\/\/www.abesata.org\/br\/impacto-economico-da-aviacao-no-turismo-contribuiu-com-r-78-bilhoes-para-o-pib-brasileiro-em-2022\/#breadcrumb"},"inLanguage":"pt-BR","potentialAction":[{"@type":"ReadAction","target":["https:\/\/www.abesata.org\/br\/impacto-economico-da-aviacao-no-turismo-contribuiu-com-r-78-bilhoes-para-o-pib-brasileiro-em-2022\/"]}]},{"@type":"BreadcrumbList","@id":"https:\/\/www.abesata.org\/br\/impacto-economico-da-aviacao-no-turismo-contribuiu-com-r-78-bilhoes-para-o-pib-brasileiro-em-2022\/#breadcrumb","itemListElement":[{"@type":"ListItem","position":1,"name":"In\u00edcio","item":"https:\/\/www.abesata.org\/br\/"},{"@type":"ListItem","position":2,"name":"Impacto econ\u00f4mico da avia\u00e7\u00e3o no Turismo contribuiu com R$ 78 bilh\u00f5es para o PIB brasileiro em 2022"}]},{"@type":"WebSite","@id":"https:\/\/www.abesata.org\/br\/#website","url":"https:\/\/www.abesata.org\/br\/","name":"Abesata","description":"Associa\u00e7\u00e3o Brasileira das Empresas de Servi\u00e7os Auxiliares de Transporte A\u00e9reo","publisher":{"@id":"https:\/\/www.abesata.org\/br\/#organization"},"potentialAction":[{"@type":"SearchAction","target":{"@type":"EntryPoint","urlTemplate":"https:\/\/www.abesata.org\/br\/?s={search_term_string}"},"query-input":{"@type":"PropertyValueSpecification","valueRequired":true,"valueName":"search_term_string"}}],"inLanguage":"pt-BR"},{"@type":"Organization","@id":"https:\/\/www.abesata.org\/br\/#organization","name":"Associa\u00e7\u00e3o Brasileira das Empresas de Servi\u00e7os Auxiliares de Transporte A\u00e9reo","alternateName":"Abesata","url":"https:\/\/www.abesata.org\/br\/","logo":{"@type":"ImageObject","inLanguage":"pt-BR","@id":"https:\/\/www.abesata.org\/br\/#\/schema\/logo\/image\/","url":"https:\/\/www.abesata.org\/br\/wp-content\/uploads\/2023\/10\/Abesata.png","contentUrl":"https:\/\/www.abesata.org\/br\/wp-content\/uploads\/2023\/10\/Abesata.png","width":1063,"height":591,"caption":"Associa\u00e7\u00e3o Brasileira das Empresas de Servi\u00e7os Auxiliares de Transporte A\u00e9reo"},"image":{"@id":"https:\/\/www.abesata.org\/br\/#\/schema\/logo\/image\/"},"sameAs":["https:\/\/www.facebook.com\/abesata.org\/","https:\/\/www.instagram.com\/abesata_gh\/","https:\/\/br.linkedin.com\/company\/abesata"]},{"@type":"Person","@id":"https:\/\/www.abesata.org\/br\/#\/schema\/person\/bd9e7c86150fe625bb50aebd7be624d1","name":"admin","image":{"@type":"ImageObject","inLanguage":"pt-BR","@id":"https:\/\/www.abesata.org\/br\/#\/schema\/person\/image\/","url":"https:\/\/secure.gravatar.com\/avatar\/b8e742a0c332125760459b2e04eaccc35255ab53dd66c239a029f484ccb009d7?s=96&d=mm&r=g","contentUrl":"https:\/\/secure.gravatar.com\/avatar\/b8e742a0c332125760459b2e04eaccc35255ab53dd66c239a029f484ccb009d7?s=96&d=mm&r=g","caption":"admin"},"url":"https:\/\/www.abesata.org\/br\/author\/admin\/"}]}},"_links":{"self":[{"href":"https:\/\/www.abesata.org\/br\/wp-json\/wp\/v2\/posts\/16278","targetHints":{"allow":["GET"]}}],"collection":[{"href":"https:\/\/www.abesata.org\/br\/wp-json\/wp\/v2\/posts"}],"about":[{"href":"https:\/\/www.abesata.org\/br\/wp-json\/wp\/v2\/types\/post"}],"author":[{"embeddable":true,"href":"https:\/\/www.abesata.org\/br\/wp-json\/wp\/v2\/users\/1"}],"replies":[{"embeddable":true,"href":"https:\/\/www.abesata.org\/br\/wp-json\/wp\/v2\/comments?post=16278"}],"version-history":[{"count":1,"href":"https:\/\/www.abesata.org\/br\/wp-json\/wp\/v2\/posts\/16278\/revisions"}],"predecessor-version":[{"id":17248,"href":"https:\/\/www.abesata.org\/br\/wp-json\/wp\/v2\/posts\/16278\/revisions\/17248"}],"wp:attachment":[{"href":"https:\/\/www.abesata.org\/br\/wp-json\/wp\/v2\/media?parent=16278"}],"wp:term":[{"taxonomy":"category","embeddable":true,"href":"https:\/\/www.abesata.org\/br\/wp-json\/wp\/v2\/categories?post=16278"},{"taxonomy":"post_tag","embeddable":true,"href":"https:\/\/www.abesata.org\/br\/wp-json\/wp\/v2\/tags?post=16278"}],"curies":[{"name":"wp","href":"https:\/\/api.w.org\/{rel}","templated":true}]}}