{"id":16280,"date":"2023-09-29T15:25:42","date_gmt":"2023-09-29T15:25:42","guid":{"rendered":"https:\/\/www.abesata.org\/br\/?p=16280"},"modified":"2024-06-19T15:59:41","modified_gmt":"2024-06-19T18:59:41","slug":"abesata-confirma-presenca-na-xi-jornada-avsec-em-brasilia","status":"publish","type":"post","link":"https:\/\/www.abesata.org\/br\/abesata-confirma-presenca-na-xi-jornada-avsec-em-brasilia\/","title":{"rendered":"Abesata confirma presen\u00e7a na XI Jornada AVSEC, em Bras\u00edlia"},"content":{"rendered":"\n<p>A ANAC promover\u00e1, entre os dias 8 e 9 de novembro, a XI Jornada AVSEC, em Bras\u00edlia (DF). O evento re\u00fane debates e palestras dedicadas aos profissionais de seguran\u00e7a da avia\u00e7\u00e3o civil contra atos de interfer\u00eancia il\u00edcita (AVSEC). O objetivo \u00e9 compartilhar informa\u00e7\u00f5es sobre o segmento, permitindo a troca de experi\u00eancias sobre a <em>aviation security<\/em>.<\/p>\n\n\n\n<p>A ABESATA confirma sua presen\u00e7a nesta grande oportunidade de desenvolvermos o nosso setor. Para participar, \u00e9 poss\u00edvel fazer a inscri\u00e7\u00e3o at\u00e9 11 de outubro atrav\u00e9s do Portal de Capacita\u00e7\u00e3o da ANAC. Consulte as orienta\u00e7\u00f5es no site. As inscri\u00e7\u00f5es s\u00e3o gratuitas e, as vagas, limitadas. A programa\u00e7\u00e3o do evento ser\u00e1 divulgada em breve.&nbsp;<\/p>\n\n\n\n<p>Fonte: <a href=\"https:\/\/www.gov.br\/anac\/pt-br\/noticias\/2023\/xi-jornada-avsec-sera-realizada-nos-dias-8-e-9-de-novembro-em-brasilia-df\">ANAC<\/a><\/p>\n","protected":false},"excerpt":{"rendered":"<p>A ANAC promover\u00e1, entre os dias 8 e 9 de novembro, a XI Jornada AVSEC, em Bras\u00edlia (DF). O evento re\u00fane debates e palestras dedicadas aos profissionais de seguran\u00e7a da avia\u00e7\u00e3o civil contra atos de interfer\u00eancia il\u00edcita (AVSEC). O objetivo \u00e9 compartilhar informa\u00e7\u00f5es sobre o segmento, permitindo a troca de experi\u00eancias sobre a aviation security. [&hellip;]<\/p>\n","protected":false},"author":1,"featured_media":0,"comment_status":"closed","ping_status":"open","sticky":false,"template":"","format":"standard","meta":{"footnotes":""},"categories":[294],"tags":[16,18,270,269],"class_list":["post-16280","post","type-post","status-publish","format-standard","hentry","category-noticias","tag-anac","tag-aviacao","tag-eventos","tag-seguranca"],"yoast_head":"<!-- This site is optimized with the Yoast SEO plugin v26.5 - https:\/\/yoast.com\/wordpress\/plugins\/seo\/ -->\n<title>Abesata confirma presen\u00e7a na XI Jornada AVSEC, em Bras\u00edlia - Abesata<\/title>\n<meta name=\"robots\" content=\"index, follow, max-snippet:-1, max-image-preview:large, max-video-preview:-1\" \/>\n<link rel=\"canonical\" href=\"https:\/\/www.abesata.org\/br\/abesata-confirma-presenca-na-xi-jornada-avsec-em-brasilia\/\" \/>\n<meta property=\"og:locale\" content=\"pt_BR\" \/>\n<meta property=\"og:type\" content=\"article\" \/>\n<meta property=\"og:title\" content=\"Abesata confirma presen\u00e7a na XI Jornada AVSEC, em Bras\u00edlia - Abesata\" \/>\n<meta property=\"og:description\" content=\"A ANAC promover\u00e1, entre os dias 8 e 9 de novembro, a XI Jornada AVSEC, em Bras\u00edlia (DF). O evento re\u00fane debates e palestras dedicadas aos profissionais de seguran\u00e7a da avia\u00e7\u00e3o civil contra atos de interfer\u00eancia il\u00edcita (AVSEC). O objetivo \u00e9 compartilhar informa\u00e7\u00f5es sobre o segmento, permitindo a troca de experi\u00eancias sobre a aviation security. [&hellip;]\" \/>\n<meta property=\"og:url\" content=\"https:\/\/www.abesata.org\/br\/abesata-confirma-presenca-na-xi-jornada-avsec-em-brasilia\/\" \/>\n<meta property=\"og:site_name\" content=\"Abesata\" \/>\n<meta property=\"article:publisher\" content=\"https:\/\/www.facebook.com\/abesata.org\/\" \/>\n<meta property=\"article:published_time\" content=\"2023-09-29T15:25:42+00:00\" \/>\n<meta property=\"article:modified_time\" content=\"2024-06-19T18:59:41+00:00\" \/>\n<meta name=\"author\" content=\"admin\" \/>\n<meta name=\"twitter:card\" content=\"summary_large_image\" \/>\n<meta name=\"twitter:label1\" content=\"Escrito por\" \/>\n\t<meta name=\"twitter:data1\" content=\"admin\" \/>\n\t<meta name=\"twitter:label2\" content=\"Est. tempo de leitura\" \/>\n\t<meta name=\"twitter:data2\" content=\"1 minuto\" \/>\n<script type=\"application\/ld+json\" class=\"yoast-schema-graph\">{\"@context\":\"https:\/\/schema.org\",\"@graph\":[{\"@type\":\"Article\",\"@id\":\"https:\/\/www.abesata.org\/br\/abesata-confirma-presenca-na-xi-jornada-avsec-em-brasilia\/#article\",\"isPartOf\":{\"@id\":\"https:\/\/www.abesata.org\/br\/abesata-confirma-presenca-na-xi-jornada-avsec-em-brasilia\/\"},\"author\":{\"name\":\"admin\",\"@id\":\"https:\/\/www.abesata.org\/br\/#\/schema\/person\/bd9e7c86150fe625bb50aebd7be624d1\"},\"headline\":\"Abesata confirma presen\u00e7a na XI Jornada AVSEC, em Bras\u00edlia\",\"datePublished\":\"2023-09-29T15:25:42+00:00\",\"dateModified\":\"2024-06-19T18:59:41+00:00\",\"mainEntityOfPage\":{\"@id\":\"https:\/\/www.abesata.org\/br\/abesata-confirma-presenca-na-xi-jornada-avsec-em-brasilia\/\"},\"wordCount\":133,\"publisher\":{\"@id\":\"https:\/\/www.abesata.org\/br\/#organization\"},\"keywords\":[\"Anac\",\"Avia\u00e7\u00e3o\",\"eventos\",\"seguran\u00e7a\"],\"articleSection\":[\"Not\u00edcias\"],\"inLanguage\":\"pt-BR\"},{\"@type\":\"WebPage\",\"@id\":\"https:\/\/www.abesata.org\/br\/abesata-confirma-presenca-na-xi-jornada-avsec-em-brasilia\/\",\"url\":\"https:\/\/www.abesata.org\/br\/abesata-confirma-presenca-na-xi-jornada-avsec-em-brasilia\/\",\"name\":\"Abesata confirma presen\u00e7a na XI Jornada AVSEC, em Bras\u00edlia - Abesata\",\"isPartOf\":{\"@id\":\"https:\/\/www.abesata.org\/br\/#website\"},\"datePublished\":\"2023-09-29T15:25:42+00:00\",\"dateModified\":\"2024-06-19T18:59:41+00:00\",\"breadcrumb\":{\"@id\":\"https:\/\/www.abesata.org\/br\/abesata-confirma-presenca-na-xi-jornada-avsec-em-brasilia\/#breadcrumb\"},\"inLanguage\":\"pt-BR\",\"potentialAction\":[{\"@type\":\"ReadAction\",\"target\":[\"https:\/\/www.abesata.org\/br\/abesata-confirma-presenca-na-xi-jornada-avsec-em-brasilia\/\"]}]},{\"@type\":\"BreadcrumbList\",\"@id\":\"https:\/\/www.abesata.org\/br\/abesata-confirma-presenca-na-xi-jornada-avsec-em-brasilia\/#breadcrumb\",\"itemListElement\":[{\"@type\":\"ListItem\",\"position\":1,\"name\":\"In\u00edcio\",\"item\":\"https:\/\/www.abesata.org\/br\/\"},{\"@type\":\"ListItem\",\"position\":2,\"name\":\"Abesata confirma presen\u00e7a na XI Jornada AVSEC, em Bras\u00edlia\"}]},{\"@type\":\"WebSite\",\"@id\":\"https:\/\/www.abesata.org\/br\/#website\",\"url\":\"https:\/\/www.abesata.org\/br\/\",\"name\":\"Abesata\",\"description\":\"Associa\u00e7\u00e3o Brasileira das Empresas de Servi\u00e7os Auxiliares de Transporte A\u00e9reo\",\"publisher\":{\"@id\":\"https:\/\/www.abesata.org\/br\/#organization\"},\"potentialAction\":[{\"@type\":\"SearchAction\",\"target\":{\"@type\":\"EntryPoint\",\"urlTemplate\":\"https:\/\/www.abesata.org\/br\/?s={search_term_string}\"},\"query-input\":{\"@type\":\"PropertyValueSpecification\",\"valueRequired\":true,\"valueName\":\"search_term_string\"}}],\"inLanguage\":\"pt-BR\"},{\"@type\":\"Organization\",\"@id\":\"https:\/\/www.abesata.org\/br\/#organization\",\"name\":\"Associa\u00e7\u00e3o Brasileira das Empresas de Servi\u00e7os Auxiliares de Transporte A\u00e9reo\",\"alternateName\":\"Abesata\",\"url\":\"https:\/\/www.abesata.org\/br\/\",\"logo\":{\"@type\":\"ImageObject\",\"inLanguage\":\"pt-BR\",\"@id\":\"https:\/\/www.abesata.org\/br\/#\/schema\/logo\/image\/\",\"url\":\"https:\/\/www.abesata.org\/br\/wp-content\/uploads\/2023\/10\/Abesata.png\",\"contentUrl\":\"https:\/\/www.abesata.org\/br\/wp-content\/uploads\/2023\/10\/Abesata.png\",\"width\":1063,\"height\":591,\"caption\":\"Associa\u00e7\u00e3o Brasileira das Empresas de Servi\u00e7os Auxiliares de Transporte A\u00e9reo\"},\"image\":{\"@id\":\"https:\/\/www.abesata.org\/br\/#\/schema\/logo\/image\/\"},\"sameAs\":[\"https:\/\/www.facebook.com\/abesata.org\/\",\"https:\/\/www.instagram.com\/abesata_gh\/\",\"https:\/\/br.linkedin.com\/company\/abesata\"]},{\"@type\":\"Person\",\"@id\":\"https:\/\/www.abesata.org\/br\/#\/schema\/person\/bd9e7c86150fe625bb50aebd7be624d1\",\"name\":\"admin\",\"image\":{\"@type\":\"ImageObject\",\"inLanguage\":\"pt-BR\",\"@id\":\"https:\/\/www.abesata.org\/br\/#\/schema\/person\/image\/\",\"url\":\"https:\/\/secure.gravatar.com\/avatar\/b8e742a0c332125760459b2e04eaccc35255ab53dd66c239a029f484ccb009d7?s=96&d=mm&r=g\",\"contentUrl\":\"https:\/\/secure.gravatar.com\/avatar\/b8e742a0c332125760459b2e04eaccc35255ab53dd66c239a029f484ccb009d7?s=96&d=mm&r=g\",\"caption\":\"admin\"},\"url\":\"https:\/\/www.abesata.org\/br\/author\/admin\/\"}]}<\/script>\n<!-- \/ Yoast SEO plugin. -->","yoast_head_json":{"title":"Abesata confirma presen\u00e7a na XI Jornada AVSEC, em Bras\u00edlia - Abesata","robots":{"index":"index","follow":"follow","max-snippet":"max-snippet:-1","max-image-preview":"max-image-preview:large","max-video-preview":"max-video-preview:-1"},"canonical":"https:\/\/www.abesata.org\/br\/abesata-confirma-presenca-na-xi-jornada-avsec-em-brasilia\/","og_locale":"pt_BR","og_type":"article","og_title":"Abesata confirma presen\u00e7a na XI Jornada AVSEC, em Bras\u00edlia - Abesata","og_description":"A ANAC promover\u00e1, entre os dias 8 e 9 de novembro, a XI Jornada AVSEC, em Bras\u00edlia (DF). O evento re\u00fane debates e palestras dedicadas aos profissionais de seguran\u00e7a da avia\u00e7\u00e3o civil contra atos de interfer\u00eancia il\u00edcita (AVSEC). O objetivo \u00e9 compartilhar informa\u00e7\u00f5es sobre o segmento, permitindo a troca de experi\u00eancias sobre a aviation security. [&hellip;]","og_url":"https:\/\/www.abesata.org\/br\/abesata-confirma-presenca-na-xi-jornada-avsec-em-brasilia\/","og_site_name":"Abesata","article_publisher":"https:\/\/www.facebook.com\/abesata.org\/","article_published_time":"2023-09-29T15:25:42+00:00","article_modified_time":"2024-06-19T18:59:41+00:00","author":"admin","twitter_card":"summary_large_image","twitter_misc":{"Escrito por":"admin","Est. tempo de leitura":"1 minuto"},"schema":{"@context":"https:\/\/schema.org","@graph":[{"@type":"Article","@id":"https:\/\/www.abesata.org\/br\/abesata-confirma-presenca-na-xi-jornada-avsec-em-brasilia\/#article","isPartOf":{"@id":"https:\/\/www.abesata.org\/br\/abesata-confirma-presenca-na-xi-jornada-avsec-em-brasilia\/"},"author":{"name":"admin","@id":"https:\/\/www.abesata.org\/br\/#\/schema\/person\/bd9e7c86150fe625bb50aebd7be624d1"},"headline":"Abesata confirma presen\u00e7a na XI Jornada AVSEC, em Bras\u00edlia","datePublished":"2023-09-29T15:25:42+00:00","dateModified":"2024-06-19T18:59:41+00:00","mainEntityOfPage":{"@id":"https:\/\/www.abesata.org\/br\/abesata-confirma-presenca-na-xi-jornada-avsec-em-brasilia\/"},"wordCount":133,"publisher":{"@id":"https:\/\/www.abesata.org\/br\/#organization"},"keywords":["Anac","Avia\u00e7\u00e3o","eventos","seguran\u00e7a"],"articleSection":["Not\u00edcias"],"inLanguage":"pt-BR"},{"@type":"WebPage","@id":"https:\/\/www.abesata.org\/br\/abesata-confirma-presenca-na-xi-jornada-avsec-em-brasilia\/","url":"https:\/\/www.abesata.org\/br\/abesata-confirma-presenca-na-xi-jornada-avsec-em-brasilia\/","name":"Abesata confirma presen\u00e7a na XI Jornada AVSEC, em Bras\u00edlia - Abesata","isPartOf":{"@id":"https:\/\/www.abesata.org\/br\/#website"},"datePublished":"2023-09-29T15:25:42+00:00","dateModified":"2024-06-19T18:59:41+00:00","breadcrumb":{"@id":"https:\/\/www.abesata.org\/br\/abesata-confirma-presenca-na-xi-jornada-avsec-em-brasilia\/#breadcrumb"},"inLanguage":"pt-BR","potentialAction":[{"@type":"ReadAction","target":["https:\/\/www.abesata.org\/br\/abesata-confirma-presenca-na-xi-jornada-avsec-em-brasilia\/"]}]},{"@type":"BreadcrumbList","@id":"https:\/\/www.abesata.org\/br\/abesata-confirma-presenca-na-xi-jornada-avsec-em-brasilia\/#breadcrumb","itemListElement":[{"@type":"ListItem","position":1,"name":"In\u00edcio","item":"https:\/\/www.abesata.org\/br\/"},{"@type":"ListItem","position":2,"name":"Abesata confirma presen\u00e7a na XI Jornada AVSEC, em Bras\u00edlia"}]},{"@type":"WebSite","@id":"https:\/\/www.abesata.org\/br\/#website","url":"https:\/\/www.abesata.org\/br\/","name":"Abesata","description":"Associa\u00e7\u00e3o Brasileira das Empresas de Servi\u00e7os Auxiliares de Transporte A\u00e9reo","publisher":{"@id":"https:\/\/www.abesata.org\/br\/#organization"},"potentialAction":[{"@type":"SearchAction","target":{"@type":"EntryPoint","urlTemplate":"https:\/\/www.abesata.org\/br\/?s={search_term_string}"},"query-input":{"@type":"PropertyValueSpecification","valueRequired":true,"valueName":"search_term_string"}}],"inLanguage":"pt-BR"},{"@type":"Organization","@id":"https:\/\/www.abesata.org\/br\/#organization","name":"Associa\u00e7\u00e3o Brasileira das Empresas de Servi\u00e7os Auxiliares de Transporte A\u00e9reo","alternateName":"Abesata","url":"https:\/\/www.abesata.org\/br\/","logo":{"@type":"ImageObject","inLanguage":"pt-BR","@id":"https:\/\/www.abesata.org\/br\/#\/schema\/logo\/image\/","url":"https:\/\/www.abesata.org\/br\/wp-content\/uploads\/2023\/10\/Abesata.png","contentUrl":"https:\/\/www.abesata.org\/br\/wp-content\/uploads\/2023\/10\/Abesata.png","width":1063,"height":591,"caption":"Associa\u00e7\u00e3o Brasileira das Empresas de Servi\u00e7os Auxiliares de Transporte A\u00e9reo"},"image":{"@id":"https:\/\/www.abesata.org\/br\/#\/schema\/logo\/image\/"},"sameAs":["https:\/\/www.facebook.com\/abesata.org\/","https:\/\/www.instagram.com\/abesata_gh\/","https:\/\/br.linkedin.com\/company\/abesata"]},{"@type":"Person","@id":"https:\/\/www.abesata.org\/br\/#\/schema\/person\/bd9e7c86150fe625bb50aebd7be624d1","name":"admin","image":{"@type":"ImageObject","inLanguage":"pt-BR","@id":"https:\/\/www.abesata.org\/br\/#\/schema\/person\/image\/","url":"https:\/\/secure.gravatar.com\/avatar\/b8e742a0c332125760459b2e04eaccc35255ab53dd66c239a029f484ccb009d7?s=96&d=mm&r=g","contentUrl":"https:\/\/secure.gravatar.com\/avatar\/b8e742a0c332125760459b2e04eaccc35255ab53dd66c239a029f484ccb009d7?s=96&d=mm&r=g","caption":"admin"},"url":"https:\/\/www.abesata.org\/br\/author\/admin\/"}]}},"_links":{"self":[{"href":"https:\/\/www.abesata.org\/br\/wp-json\/wp\/v2\/posts\/16280","targetHints":{"allow":["GET"]}}],"collection":[{"href":"https:\/\/www.abesata.org\/br\/wp-json\/wp\/v2\/posts"}],"about":[{"href":"https:\/\/www.abesata.org\/br\/wp-json\/wp\/v2\/types\/post"}],"author":[{"embeddable":true,"href":"https:\/\/www.abesata.org\/br\/wp-json\/wp\/v2\/users\/1"}],"replies":[{"embeddable":true,"href":"https:\/\/www.abesata.org\/br\/wp-json\/wp\/v2\/comments?post=16280"}],"version-history":[{"count":1,"href":"https:\/\/www.abesata.org\/br\/wp-json\/wp\/v2\/posts\/16280\/revisions"}],"predecessor-version":[{"id":17247,"href":"https:\/\/www.abesata.org\/br\/wp-json\/wp\/v2\/posts\/16280\/revisions\/17247"}],"wp:attachment":[{"href":"https:\/\/www.abesata.org\/br\/wp-json\/wp\/v2\/media?parent=16280"}],"wp:term":[{"taxonomy":"category","embeddable":true,"href":"https:\/\/www.abesata.org\/br\/wp-json\/wp\/v2\/categories?post=16280"},{"taxonomy":"post_tag","embeddable":true,"href":"https:\/\/www.abesata.org\/br\/wp-json\/wp\/v2\/tags?post=16280"}],"curies":[{"name":"wp","href":"https:\/\/api.w.org\/{rel}","templated":true}]}}