{"id":16283,"date":"2023-09-29T19:36:00","date_gmt":"2023-09-29T19:36:00","guid":{"rendered":"https:\/\/www.abesata.org\/br\/?p=16283"},"modified":"2024-06-19T15:59:29","modified_gmt":"2024-06-19T18:59:29","slug":"abesata-sera-apoiadora-da-brasil-log-que-antecipa-edicao-para-2024","status":"publish","type":"post","link":"https:\/\/www.abesata.org\/br\/abesata-sera-apoiadora-da-brasil-log-que-antecipa-edicao-para-2024\/","title":{"rendered":"ABESATA ser\u00e1 apoiadora da Brasil LOG, que antecipa edi\u00e7\u00e3o para 2024"},"content":{"rendered":"\n<p class=\"wp-block-paragraph\">A 9\u00aa edi\u00e7\u00e3o da Feira Internacional de Log\u00edstica Brasil LOG acontecer\u00e1 nos dias 22 a 24 de maio de 2024, no Parque da Uva, em Jundia\u00ed (SP). A edi\u00e7\u00e3o deste ano rendeu mais de R$ 10 milh\u00f5es em neg\u00f3cios fechados, e fez com que o idealizador da feira, Adelson Lopes, atendesse ao pedido do p\u00fablico de antecipar a feira bienal para o pr\u00f3ximo ano.<\/p>\n\n\n\n<p class=\"wp-block-paragraph\">A Brasil LOG \u00e9 uma refer\u00eancia para o segmento da log\u00edstica, reconhecida como o principal ambiente de networking e realiza\u00e7\u00e3o de neg\u00f3cios do setor. Ao promover a integra\u00e7\u00e3o entre executivos, empresas de log\u00edstica, especialistas e um p\u00fablico qualificado, o evento atrai o nicho de mercado dos cinco modais da log\u00edstica: terrestre, a\u00e9reo, mar\u00edtimo, ferrovi\u00e1rio e hidrovi\u00e1rio.<\/p>\n\n\n\n<p class=\"wp-block-paragraph\">Diante disso, a ABESATA tem o orgulho de anunciar que ser\u00e1 apoiadora oficial da Brasil LOG 2024. \u201cEsperamos colaborar com este grande evento e experienciar grandes inova\u00e7\u00f5es que aguardam o setor de transporte brasileiro\u201d, disse o presidente da Abesata, Ricardo Miguel.<\/p>\n\n\n\n<p class=\"wp-block-paragraph\">Dentre as expositoras, estar\u00e3o presentes empresas de armazenagem, automa\u00e7\u00e3o, com\u00e9rcio exterior, condom\u00ednios log\u00edsticos, e-commerce, embalagem, embarcadores, empilhadeiras, log\u00edstica portu\u00e1ria, movimenta\u00e7\u00e3o, multimodal, opera\u00e7\u00f5es log\u00edsticas, tecnologia da informa\u00e7\u00e3o.<\/p>\n\n\n\n<p class=\"wp-block-paragraph\">Mais informa\u00e7\u00f5es em: <a href=\"https:\/\/feiradelogistica.com\/\">https:\/\/feiradelogistica.com\/<\/a><\/p>\n","protected":false},"excerpt":{"rendered":"<p>A 9\u00aa edi\u00e7\u00e3o da Feira Internacional de Log\u00edstica Brasil LOG acontecer\u00e1 nos dias 22 a 24 de maio de 2024, no Parque da Uva, em Jundia\u00ed (SP). A edi\u00e7\u00e3o deste ano rendeu mais de R$ 10 milh\u00f5es em neg\u00f3cios fechados, e fez com que o idealizador da feira, Adelson Lopes, atendesse ao pedido do p\u00fablico [&hellip;]<\/p>\n","protected":false},"author":1,"featured_media":0,"comment_status":"closed","ping_status":"open","sticky":false,"template":"","format":"standard","meta":{"footnotes":""},"categories":[294],"tags":[270,62,31],"class_list":["post-16283","post","type-post","status-publish","format-standard","hentry","category-noticias","tag-eventos","tag-logistica","tag-transporte"],"yoast_head":"<!-- This site is optimized with the Yoast SEO plugin v28.1 - https:\/\/yoast.com\/product\/yoast-seo-wordpress\/ -->\n<title>ABESATA ser\u00e1 apoiadora da Brasil LOG, que antecipa edi\u00e7\u00e3o para 2024 - Abesata<\/title>\n<meta name=\"robots\" content=\"index, follow, max-snippet:-1, max-image-preview:large, max-video-preview:-1\" \/>\n<link rel=\"canonical\" href=\"https:\/\/www.abesata.org\/br\/abesata-sera-apoiadora-da-brasil-log-que-antecipa-edicao-para-2024\/\" \/>\n<meta property=\"og:locale\" content=\"pt_BR\" \/>\n<meta property=\"og:type\" content=\"article\" \/>\n<meta property=\"og:title\" content=\"ABESATA ser\u00e1 apoiadora da Brasil LOG, que antecipa edi\u00e7\u00e3o para 2024 - Abesata\" \/>\n<meta property=\"og:description\" content=\"A 9\u00aa edi\u00e7\u00e3o da Feira Internacional de Log\u00edstica Brasil LOG acontecer\u00e1 nos dias 22 a 24 de maio de 2024, no Parque da Uva, em Jundia\u00ed (SP). A edi\u00e7\u00e3o deste ano rendeu mais de R$ 10 milh\u00f5es em neg\u00f3cios fechados, e fez com que o idealizador da feira, Adelson Lopes, atendesse ao pedido do p\u00fablico [&hellip;]\" \/>\n<meta property=\"og:url\" content=\"https:\/\/www.abesata.org\/br\/abesata-sera-apoiadora-da-brasil-log-que-antecipa-edicao-para-2024\/\" \/>\n<meta property=\"og:site_name\" content=\"Abesata\" \/>\n<meta property=\"article:publisher\" content=\"https:\/\/www.facebook.com\/abesata.org\/\" \/>\n<meta property=\"article:published_time\" content=\"2023-09-29T19:36:00+00:00\" \/>\n<meta property=\"article:modified_time\" content=\"2024-06-19T18:59:29+00:00\" \/>\n<meta name=\"author\" content=\"admin\" \/>\n<meta name=\"twitter:card\" content=\"summary_large_image\" \/>\n<meta name=\"twitter:label1\" content=\"Escrito por\" \/>\n\t<meta name=\"twitter:data1\" content=\"admin\" \/>\n\t<meta name=\"twitter:label2\" content=\"Est. tempo de leitura\" \/>\n\t<meta name=\"twitter:data2\" content=\"1 minuto\" \/>\n<script type=\"application\/ld+json\" class=\"yoast-schema-graph\">{\"@context\":\"https:\\\/\\\/schema.org\",\"@graph\":[{\"@type\":\"Article\",\"@id\":\"https:\\\/\\\/www.abesata.org\\\/br\\\/abesata-sera-apoiadora-da-brasil-log-que-antecipa-edicao-para-2024\\\/#article\",\"isPartOf\":{\"@id\":\"https:\\\/\\\/www.abesata.org\\\/br\\\/abesata-sera-apoiadora-da-brasil-log-que-antecipa-edicao-para-2024\\\/\"},\"author\":{\"name\":\"admin\",\"@id\":\"https:\\\/\\\/www.abesata.org\\\/br\\\/#\\\/schema\\\/person\\\/bd9e7c86150fe625bb50aebd7be624d1\"},\"headline\":\"ABESATA ser\u00e1 apoiadora da Brasil LOG, que antecipa edi\u00e7\u00e3o para 2024\",\"datePublished\":\"2023-09-29T19:36:00+00:00\",\"dateModified\":\"2024-06-19T18:59:29+00:00\",\"mainEntityOfPage\":{\"@id\":\"https:\\\/\\\/www.abesata.org\\\/br\\\/abesata-sera-apoiadora-da-brasil-log-que-antecipa-edicao-para-2024\\\/\"},\"wordCount\":229,\"publisher\":{\"@id\":\"https:\\\/\\\/www.abesata.org\\\/br\\\/#organization\"},\"keywords\":[\"eventos\",\"Logistica\",\"transporte\"],\"articleSection\":[\"Not\u00edcias\"],\"inLanguage\":\"pt-BR\"},{\"@type\":\"WebPage\",\"@id\":\"https:\\\/\\\/www.abesata.org\\\/br\\\/abesata-sera-apoiadora-da-brasil-log-que-antecipa-edicao-para-2024\\\/\",\"url\":\"https:\\\/\\\/www.abesata.org\\\/br\\\/abesata-sera-apoiadora-da-brasil-log-que-antecipa-edicao-para-2024\\\/\",\"name\":\"ABESATA ser\u00e1 apoiadora da Brasil LOG, que antecipa edi\u00e7\u00e3o para 2024 - Abesata\",\"isPartOf\":{\"@id\":\"https:\\\/\\\/www.abesata.org\\\/br\\\/#website\"},\"datePublished\":\"2023-09-29T19:36:00+00:00\",\"dateModified\":\"2024-06-19T18:59:29+00:00\",\"breadcrumb\":{\"@id\":\"https:\\\/\\\/www.abesata.org\\\/br\\\/abesata-sera-apoiadora-da-brasil-log-que-antecipa-edicao-para-2024\\\/#breadcrumb\"},\"inLanguage\":\"pt-BR\",\"potentialAction\":[{\"@type\":\"ReadAction\",\"target\":[\"https:\\\/\\\/www.abesata.org\\\/br\\\/abesata-sera-apoiadora-da-brasil-log-que-antecipa-edicao-para-2024\\\/\"]}]},{\"@type\":\"BreadcrumbList\",\"@id\":\"https:\\\/\\\/www.abesata.org\\\/br\\\/abesata-sera-apoiadora-da-brasil-log-que-antecipa-edicao-para-2024\\\/#breadcrumb\",\"itemListElement\":[{\"@type\":\"ListItem\",\"position\":1,\"name\":\"In\u00edcio\",\"item\":\"https:\\\/\\\/www.abesata.org\\\/br\\\/\"},{\"@type\":\"ListItem\",\"position\":2,\"name\":\"ABESATA ser\u00e1 apoiadora da Brasil LOG, que antecipa edi\u00e7\u00e3o para 2024\"}]},{\"@type\":\"WebSite\",\"@id\":\"https:\\\/\\\/www.abesata.org\\\/br\\\/#website\",\"url\":\"https:\\\/\\\/www.abesata.org\\\/br\\\/\",\"name\":\"Abesata\",\"description\":\"Associa\u00e7\u00e3o Brasileira das Empresas de Servi\u00e7os Auxiliares de Transporte A\u00e9reo\",\"publisher\":{\"@id\":\"https:\\\/\\\/www.abesata.org\\\/br\\\/#organization\"},\"potentialAction\":[{\"@type\":\"SearchAction\",\"target\":{\"@type\":\"EntryPoint\",\"urlTemplate\":\"https:\\\/\\\/www.abesata.org\\\/br\\\/?s={search_term_string}\"},\"query-input\":{\"@type\":\"PropertyValueSpecification\",\"valueRequired\":true,\"valueName\":\"search_term_string\"}}],\"inLanguage\":\"pt-BR\"},{\"@type\":\"Organization\",\"@id\":\"https:\\\/\\\/www.abesata.org\\\/br\\\/#organization\",\"name\":\"Associa\u00e7\u00e3o Brasileira das Empresas de Servi\u00e7os Auxiliares de Transporte A\u00e9reo\",\"alternateName\":\"Abesata\",\"url\":\"https:\\\/\\\/www.abesata.org\\\/br\\\/\",\"logo\":{\"@type\":\"ImageObject\",\"inLanguage\":\"pt-BR\",\"@id\":\"https:\\\/\\\/www.abesata.org\\\/br\\\/#\\\/schema\\\/logo\\\/image\\\/\",\"url\":\"https:\\\/\\\/www.abesata.org\\\/br\\\/wp-content\\\/uploads\\\/2023\\\/10\\\/Abesata.png\",\"contentUrl\":\"https:\\\/\\\/www.abesata.org\\\/br\\\/wp-content\\\/uploads\\\/2023\\\/10\\\/Abesata.png\",\"width\":1063,\"height\":591,\"caption\":\"Associa\u00e7\u00e3o Brasileira das Empresas de Servi\u00e7os Auxiliares de Transporte A\u00e9reo\"},\"image\":{\"@id\":\"https:\\\/\\\/www.abesata.org\\\/br\\\/#\\\/schema\\\/logo\\\/image\\\/\"},\"sameAs\":[\"https:\\\/\\\/www.facebook.com\\\/abesata.org\\\/\",\"https:\\\/\\\/www.instagram.com\\\/abesata_gh\\\/\",\"https:\\\/\\\/br.linkedin.com\\\/company\\\/abesata\"]},{\"@type\":\"Person\",\"@id\":\"https:\\\/\\\/www.abesata.org\\\/br\\\/#\\\/schema\\\/person\\\/bd9e7c86150fe625bb50aebd7be624d1\",\"name\":\"admin\",\"image\":{\"@type\":\"ImageObject\",\"inLanguage\":\"pt-BR\",\"@id\":\"https:\\\/\\\/secure.gravatar.com\\\/avatar\\\/b8e742a0c332125760459b2e04eaccc35255ab53dd66c239a029f484ccb009d7?s=96&d=mm&r=g\",\"url\":\"https:\\\/\\\/secure.gravatar.com\\\/avatar\\\/b8e742a0c332125760459b2e04eaccc35255ab53dd66c239a029f484ccb009d7?s=96&d=mm&r=g\",\"contentUrl\":\"https:\\\/\\\/secure.gravatar.com\\\/avatar\\\/b8e742a0c332125760459b2e04eaccc35255ab53dd66c239a029f484ccb009d7?s=96&d=mm&r=g\",\"caption\":\"admin\"},\"url\":\"https:\\\/\\\/www.abesata.org\\\/br\\\/author\\\/admin\\\/\"}]}<\/script>\n<!-- \/ Yoast SEO plugin. -->","yoast_head_json":{"title":"ABESATA ser\u00e1 apoiadora da Brasil LOG, que antecipa edi\u00e7\u00e3o para 2024 - Abesata","robots":{"index":"index","follow":"follow","max-snippet":"max-snippet:-1","max-image-preview":"max-image-preview:large","max-video-preview":"max-video-preview:-1"},"canonical":"https:\/\/www.abesata.org\/br\/abesata-sera-apoiadora-da-brasil-log-que-antecipa-edicao-para-2024\/","og_locale":"pt_BR","og_type":"article","og_title":"ABESATA ser\u00e1 apoiadora da Brasil LOG, que antecipa edi\u00e7\u00e3o para 2024 - Abesata","og_description":"A 9\u00aa edi\u00e7\u00e3o da Feira Internacional de Log\u00edstica Brasil LOG acontecer\u00e1 nos dias 22 a 24 de maio de 2024, no Parque da Uva, em Jundia\u00ed (SP). A edi\u00e7\u00e3o deste ano rendeu mais de R$ 10 milh\u00f5es em neg\u00f3cios fechados, e fez com que o idealizador da feira, Adelson Lopes, atendesse ao pedido do p\u00fablico [&hellip;]","og_url":"https:\/\/www.abesata.org\/br\/abesata-sera-apoiadora-da-brasil-log-que-antecipa-edicao-para-2024\/","og_site_name":"Abesata","article_publisher":"https:\/\/www.facebook.com\/abesata.org\/","article_published_time":"2023-09-29T19:36:00+00:00","article_modified_time":"2024-06-19T18:59:29+00:00","author":"admin","twitter_card":"summary_large_image","twitter_misc":{"Escrito por":"admin","Est. tempo de leitura":"1 minuto"},"schema":{"@context":"https:\/\/schema.org","@graph":[{"@type":"Article","@id":"https:\/\/www.abesata.org\/br\/abesata-sera-apoiadora-da-brasil-log-que-antecipa-edicao-para-2024\/#article","isPartOf":{"@id":"https:\/\/www.abesata.org\/br\/abesata-sera-apoiadora-da-brasil-log-que-antecipa-edicao-para-2024\/"},"author":{"name":"admin","@id":"https:\/\/www.abesata.org\/br\/#\/schema\/person\/bd9e7c86150fe625bb50aebd7be624d1"},"headline":"ABESATA ser\u00e1 apoiadora da Brasil LOG, que antecipa edi\u00e7\u00e3o para 2024","datePublished":"2023-09-29T19:36:00+00:00","dateModified":"2024-06-19T18:59:29+00:00","mainEntityOfPage":{"@id":"https:\/\/www.abesata.org\/br\/abesata-sera-apoiadora-da-brasil-log-que-antecipa-edicao-para-2024\/"},"wordCount":229,"publisher":{"@id":"https:\/\/www.abesata.org\/br\/#organization"},"keywords":["eventos","Logistica","transporte"],"articleSection":["Not\u00edcias"],"inLanguage":"pt-BR"},{"@type":"WebPage","@id":"https:\/\/www.abesata.org\/br\/abesata-sera-apoiadora-da-brasil-log-que-antecipa-edicao-para-2024\/","url":"https:\/\/www.abesata.org\/br\/abesata-sera-apoiadora-da-brasil-log-que-antecipa-edicao-para-2024\/","name":"ABESATA ser\u00e1 apoiadora da Brasil LOG, que antecipa edi\u00e7\u00e3o para 2024 - Abesata","isPartOf":{"@id":"https:\/\/www.abesata.org\/br\/#website"},"datePublished":"2023-09-29T19:36:00+00:00","dateModified":"2024-06-19T18:59:29+00:00","breadcrumb":{"@id":"https:\/\/www.abesata.org\/br\/abesata-sera-apoiadora-da-brasil-log-que-antecipa-edicao-para-2024\/#breadcrumb"},"inLanguage":"pt-BR","potentialAction":[{"@type":"ReadAction","target":["https:\/\/www.abesata.org\/br\/abesata-sera-apoiadora-da-brasil-log-que-antecipa-edicao-para-2024\/"]}]},{"@type":"BreadcrumbList","@id":"https:\/\/www.abesata.org\/br\/abesata-sera-apoiadora-da-brasil-log-que-antecipa-edicao-para-2024\/#breadcrumb","itemListElement":[{"@type":"ListItem","position":1,"name":"In\u00edcio","item":"https:\/\/www.abesata.org\/br\/"},{"@type":"ListItem","position":2,"name":"ABESATA ser\u00e1 apoiadora da Brasil LOG, que antecipa edi\u00e7\u00e3o para 2024"}]},{"@type":"WebSite","@id":"https:\/\/www.abesata.org\/br\/#website","url":"https:\/\/www.abesata.org\/br\/","name":"Abesata","description":"Associa\u00e7\u00e3o Brasileira das Empresas de Servi\u00e7os Auxiliares de Transporte A\u00e9reo","publisher":{"@id":"https:\/\/www.abesata.org\/br\/#organization"},"potentialAction":[{"@type":"SearchAction","target":{"@type":"EntryPoint","urlTemplate":"https:\/\/www.abesata.org\/br\/?s={search_term_string}"},"query-input":{"@type":"PropertyValueSpecification","valueRequired":true,"valueName":"search_term_string"}}],"inLanguage":"pt-BR"},{"@type":"Organization","@id":"https:\/\/www.abesata.org\/br\/#organization","name":"Associa\u00e7\u00e3o Brasileira das Empresas de Servi\u00e7os Auxiliares de Transporte A\u00e9reo","alternateName":"Abesata","url":"https:\/\/www.abesata.org\/br\/","logo":{"@type":"ImageObject","inLanguage":"pt-BR","@id":"https:\/\/www.abesata.org\/br\/#\/schema\/logo\/image\/","url":"https:\/\/www.abesata.org\/br\/wp-content\/uploads\/2023\/10\/Abesata.png","contentUrl":"https:\/\/www.abesata.org\/br\/wp-content\/uploads\/2023\/10\/Abesata.png","width":1063,"height":591,"caption":"Associa\u00e7\u00e3o Brasileira das Empresas de Servi\u00e7os Auxiliares de Transporte A\u00e9reo"},"image":{"@id":"https:\/\/www.abesata.org\/br\/#\/schema\/logo\/image\/"},"sameAs":["https:\/\/www.facebook.com\/abesata.org\/","https:\/\/www.instagram.com\/abesata_gh\/","https:\/\/br.linkedin.com\/company\/abesata"]},{"@type":"Person","@id":"https:\/\/www.abesata.org\/br\/#\/schema\/person\/bd9e7c86150fe625bb50aebd7be624d1","name":"admin","image":{"@type":"ImageObject","inLanguage":"pt-BR","@id":"https:\/\/secure.gravatar.com\/avatar\/b8e742a0c332125760459b2e04eaccc35255ab53dd66c239a029f484ccb009d7?s=96&d=mm&r=g","url":"https:\/\/secure.gravatar.com\/avatar\/b8e742a0c332125760459b2e04eaccc35255ab53dd66c239a029f484ccb009d7?s=96&d=mm&r=g","contentUrl":"https:\/\/secure.gravatar.com\/avatar\/b8e742a0c332125760459b2e04eaccc35255ab53dd66c239a029f484ccb009d7?s=96&d=mm&r=g","caption":"admin"},"url":"https:\/\/www.abesata.org\/br\/author\/admin\/"}]}},"_links":{"self":[{"href":"https:\/\/www.abesata.org\/br\/wp-json\/wp\/v2\/posts\/16283","targetHints":{"allow":["GET"]}}],"collection":[{"href":"https:\/\/www.abesata.org\/br\/wp-json\/wp\/v2\/posts"}],"about":[{"href":"https:\/\/www.abesata.org\/br\/wp-json\/wp\/v2\/types\/post"}],"author":[{"embeddable":true,"href":"https:\/\/www.abesata.org\/br\/wp-json\/wp\/v2\/users\/1"}],"replies":[{"embeddable":true,"href":"https:\/\/www.abesata.org\/br\/wp-json\/wp\/v2\/comments?post=16283"}],"version-history":[{"count":1,"href":"https:\/\/www.abesata.org\/br\/wp-json\/wp\/v2\/posts\/16283\/revisions"}],"predecessor-version":[{"id":17246,"href":"https:\/\/www.abesata.org\/br\/wp-json\/wp\/v2\/posts\/16283\/revisions\/17246"}],"wp:attachment":[{"href":"https:\/\/www.abesata.org\/br\/wp-json\/wp\/v2\/media?parent=16283"}],"wp:term":[{"taxonomy":"category","embeddable":true,"href":"https:\/\/www.abesata.org\/br\/wp-json\/wp\/v2\/categories?post=16283"},{"taxonomy":"post_tag","embeddable":true,"href":"https:\/\/www.abesata.org\/br\/wp-json\/wp\/v2\/tags?post=16283"}],"curies":[{"name":"wp","href":"https:\/\/api.w.org\/{rel}","templated":true}]}}