{"id":1630,"date":"2014-10-08T14:50:36","date_gmt":"2014-10-08T17:50:36","guid":{"rendered":"http:\/\/www.abesata.org\/?p=1630"},"modified":"2014-10-08T14:50:36","modified_gmt":"2014-10-08T17:50:36","slug":"campinas-sp-discute-impactos-e-perspectivas-com-novo-viracopos","status":"publish","type":"post","link":"https:\/\/www.abesata.org\/br\/campinas-sp-discute-impactos-e-perspectivas-com-novo-viracopos\/","title":{"rendered":"Campinas (SP) discute impactos e perspectivas com &#8220;Novo Viracopos&#8221;"},"content":{"rendered":"<p>O interior de S\u00e3o Paulo tem sido o grande protagonista do Turismo brasileiro nos \u00faltimos meses. O motivo \u00e9 o novo aeroporto de Viracopos, em Campinas (SP) e os voos internacionais que ele tem atra\u00eddo. As opera\u00e7\u00f5es come\u00e7am apenas no final deste m\u00eas, mas a capacidade deste mercado \u0096 o segundo maior emissor do pa\u00eds \u0096 e o sucesso das vendas das frequ\u00eancias j\u00e1 anunciadas, prometem tornar o aer\u00f3dromo um dos mais importantes do pa\u00eds.<\/p>\n<p>Para discutir as consequ\u00eancias para a regi\u00e3o e para o trade, o Campinas e Regi\u00e3o Convention &amp; Visitors Bureau (CRC&amp;VB) re\u00fane, na manh\u00e3 desta ter\u00e7a-feira (07), representantes das companhias a\u00e9reas American Airlines, Azul, Copa Airlines, Gol e Tap \u0096 que j\u00e1 anunciaram voos internacionais saindo de Viracopos \u0096 para falar sobre as expectativas para o in\u00edcio das opera\u00e7\u00f5es e proje\u00e7\u00f5es de aumento de oferta. O painel tem tamb\u00e9m a participa\u00e7\u00e3o da administra\u00e7\u00e3o do aeroporto, autoridades locai e \u00e9 mediado pelo presidente do Grupo Ancoradouro, Juarez Cintra Filho.<\/p>\n<p>Os primeiros voos internacionais pousam no local em dezembro e, j\u00e1 neste come\u00e7o, somar\u00e3o 38 por semana. O investimento total da Aeroportos Brasil \u0096 que administra o aer\u00f3dromo \u0096 foi de R$ 2,5 bilh\u00f5es. Com tr\u00eas novos p\u00e1tios com 400 mil m\u00b2, 28 pontes de embarque, sete novas posi\u00e7\u00f5es remotas e um edif\u00edcio garagem com 4 mil vagas, a capacidade \u00e9 para 22 milh\u00f5es de passageiros por ano. A expans\u00e3o de Viracopos prev\u00ea, ainda, hot\u00e9is, shopping center e centro de conven\u00e7\u00f5es. Os investimentos para os 30 anos de concess\u00e3o s\u00e3o de R$ 9,5 bilh\u00f5es.<\/p>\n<p>\u0093Viracopos comemora 54 anos em outubro e vive um marco em sua hist\u00f3ria, caminhando para se tornar o maior na Am\u00e9rica Latina e se preparando para ser um hub de fundamental import\u00e2ncia na malha aerovi\u00e1ria\u0094, definiu Gilson Gomes de Oliveira, presidente do CRC&amp;VB. \u0093A t\u00e3o sonhada retomada das opera\u00e7\u00f5es internacionais, iniciada com a Tap em 2010, solidifica-se com os novos voos e abre caminho para que mais companhias a\u00e9reas internacionais iniciem ou voltem a operar a partir de Campinas. \u00c9 o que a cidade precisa e merece, j\u00e1 que tem voca\u00e7\u00e3o para o turismo de neg\u00f3cios, com a marca de 8,5 mil eventos\/ano. Acredito que o novo cen\u00e1rio far\u00e1 crescer substancialmente este n\u00famero\u0094, complementou Cintra Filho.<\/p>\n<p>Hist\u00f3rico &#8211; Na d\u00e9cada de 1980, Viracopos foi importante rota internacional de companhias como Lan Chile, Avianca, Air France, Varig, Alitalia, KLM, Swissair entre outras. Com a inaugura\u00e7\u00e3o de Guarulhos em 1985, aos poucos o movimento se deslocou para aquele aeroporto, sendo Viracopos finalmente destinado aos voos de cargas. No final de 2008, ao se tornar base para as opera\u00e7\u00f5es da Azul, o aeroporto come\u00e7ou um per\u00edodo de recupera\u00e7\u00e3o e movimentou um milh\u00e3o de passageiros. Em 2010 retomou as opera\u00e7\u00f5es internacionais com o acordo firmado com a Tap. No ano passado, registrou 9.3 milh\u00f5es de passageiros.<\/p>\n<p style=\"text-align: right;\">Fonte: Mercado &amp; Eventos<br \/>\n07\/10\/2014<\/p>\n","protected":false},"excerpt":{"rendered":"<p>O interior de S\u00e3o Paulo tem sido o grande protagonista do Turismo brasileiro nos \u00faltimos meses. O motivo \u00e9 o novo aeroporto de Viracopos, em Campinas (SP) e os voos internacionais que ele tem atra\u00eddo. As opera\u00e7\u00f5es come\u00e7am apenas no final deste m\u00eas, mas a capacidade deste mercado \u0096 o segundo maior emissor do pa\u00eds [&hellip;]<\/p>\n","protected":false},"author":18,"featured_media":1412,"comment_status":"closed","ping_status":"closed","sticky":false,"template":"","format":"standard","meta":{"footnotes":""},"categories":[],"tags":[],"class_list":["post-1630","post","type-post","status-publish","format-standard","has-post-thumbnail","hentry"],"yoast_head":"<!-- This site is optimized with the Yoast SEO plugin v26.5 - https:\/\/yoast.com\/wordpress\/plugins\/seo\/ -->\n<title>Campinas (SP) discute impactos e perspectivas com &quot;Novo Viracopos&quot; - Abesata<\/title>\n<meta name=\"robots\" content=\"index, follow, max-snippet:-1, max-image-preview:large, max-video-preview:-1\" \/>\n<link rel=\"canonical\" href=\"https:\/\/www.abesata.org\/br\/campinas-sp-discute-impactos-e-perspectivas-com-novo-viracopos\/\" \/>\n<meta property=\"og:locale\" content=\"pt_BR\" \/>\n<meta property=\"og:type\" content=\"article\" \/>\n<meta property=\"og:title\" content=\"Campinas (SP) discute impactos e perspectivas com &quot;Novo Viracopos&quot; - Abesata\" \/>\n<meta property=\"og:description\" content=\"O interior de S\u00e3o Paulo tem sido o grande protagonista do Turismo brasileiro nos \u00faltimos meses. O motivo \u00e9 o novo aeroporto de Viracopos, em Campinas (SP) e os voos internacionais que ele tem atra\u00eddo. As opera\u00e7\u00f5es come\u00e7am apenas no final deste m\u00eas, mas a capacidade deste mercado \u0096 o segundo maior emissor do pa\u00eds [&hellip;]\" \/>\n<meta property=\"og:url\" content=\"https:\/\/www.abesata.org\/br\/campinas-sp-discute-impactos-e-perspectivas-com-novo-viracopos\/\" \/>\n<meta property=\"og:site_name\" content=\"Abesata\" \/>\n<meta property=\"article:publisher\" content=\"https:\/\/www.facebook.com\/abesata.org\/\" \/>\n<meta property=\"article:published_time\" content=\"2014-10-08T17:50:36+00:00\" \/>\n<meta property=\"og:image\" content=\"https:\/\/www.abesata.org\/br\/wp-content\/uploads\/2014\/08\/7.png\" \/>\n\t<meta property=\"og:image:width\" content=\"1026\" \/>\n\t<meta property=\"og:image:height\" content=\"336\" \/>\n\t<meta property=\"og:image:type\" content=\"image\/png\" \/>\n<meta name=\"author\" content=\"Ricardo\" \/>\n<meta name=\"twitter:card\" content=\"summary_large_image\" \/>\n<meta name=\"twitter:label1\" content=\"Escrito por\" \/>\n\t<meta name=\"twitter:data1\" content=\"Ricardo\" \/>\n\t<meta name=\"twitter:label2\" content=\"Est. tempo de leitura\" \/>\n\t<meta name=\"twitter:data2\" content=\"3 minutos\" \/>\n<script type=\"application\/ld+json\" class=\"yoast-schema-graph\">{\"@context\":\"https:\/\/schema.org\",\"@graph\":[{\"@type\":\"Article\",\"@id\":\"https:\/\/www.abesata.org\/br\/campinas-sp-discute-impactos-e-perspectivas-com-novo-viracopos\/#article\",\"isPartOf\":{\"@id\":\"https:\/\/www.abesata.org\/br\/campinas-sp-discute-impactos-e-perspectivas-com-novo-viracopos\/\"},\"author\":{\"name\":\"Ricardo\",\"@id\":\"https:\/\/www.abesata.org\/br\/#\/schema\/person\/1f1295145bee68e42ffe39157320456b\"},\"headline\":\"Campinas (SP) discute impactos e perspectivas com &#8220;Novo Viracopos&#8221;\",\"datePublished\":\"2014-10-08T17:50:36+00:00\",\"mainEntityOfPage\":{\"@id\":\"https:\/\/www.abesata.org\/br\/campinas-sp-discute-impactos-e-perspectivas-com-novo-viracopos\/\"},\"wordCount\":516,\"publisher\":{\"@id\":\"https:\/\/www.abesata.org\/br\/#organization\"},\"image\":{\"@id\":\"https:\/\/www.abesata.org\/br\/campinas-sp-discute-impactos-e-perspectivas-com-novo-viracopos\/#primaryimage\"},\"thumbnailUrl\":\"https:\/\/www.abesata.org\/br\/wp-content\/uploads\/2014\/08\/7.png\",\"inLanguage\":\"pt-BR\"},{\"@type\":\"WebPage\",\"@id\":\"https:\/\/www.abesata.org\/br\/campinas-sp-discute-impactos-e-perspectivas-com-novo-viracopos\/\",\"url\":\"https:\/\/www.abesata.org\/br\/campinas-sp-discute-impactos-e-perspectivas-com-novo-viracopos\/\",\"name\":\"Campinas (SP) discute impactos e perspectivas com \\\"Novo Viracopos\\\" - Abesata\",\"isPartOf\":{\"@id\":\"https:\/\/www.abesata.org\/br\/#website\"},\"primaryImageOfPage\":{\"@id\":\"https:\/\/www.abesata.org\/br\/campinas-sp-discute-impactos-e-perspectivas-com-novo-viracopos\/#primaryimage\"},\"image\":{\"@id\":\"https:\/\/www.abesata.org\/br\/campinas-sp-discute-impactos-e-perspectivas-com-novo-viracopos\/#primaryimage\"},\"thumbnailUrl\":\"https:\/\/www.abesata.org\/br\/wp-content\/uploads\/2014\/08\/7.png\",\"datePublished\":\"2014-10-08T17:50:36+00:00\",\"breadcrumb\":{\"@id\":\"https:\/\/www.abesata.org\/br\/campinas-sp-discute-impactos-e-perspectivas-com-novo-viracopos\/#breadcrumb\"},\"inLanguage\":\"pt-BR\",\"potentialAction\":[{\"@type\":\"ReadAction\",\"target\":[\"https:\/\/www.abesata.org\/br\/campinas-sp-discute-impactos-e-perspectivas-com-novo-viracopos\/\"]}]},{\"@type\":\"ImageObject\",\"inLanguage\":\"pt-BR\",\"@id\":\"https:\/\/www.abesata.org\/br\/campinas-sp-discute-impactos-e-perspectivas-com-novo-viracopos\/#primaryimage\",\"url\":\"https:\/\/www.abesata.org\/br\/wp-content\/uploads\/2014\/08\/7.png\",\"contentUrl\":\"https:\/\/www.abesata.org\/br\/wp-content\/uploads\/2014\/08\/7.png\",\"width\":1026,\"height\":336},{\"@type\":\"BreadcrumbList\",\"@id\":\"https:\/\/www.abesata.org\/br\/campinas-sp-discute-impactos-e-perspectivas-com-novo-viracopos\/#breadcrumb\",\"itemListElement\":[{\"@type\":\"ListItem\",\"position\":1,\"name\":\"In\u00edcio\",\"item\":\"https:\/\/www.abesata.org\/br\/\"},{\"@type\":\"ListItem\",\"position\":2,\"name\":\"Campinas (SP) discute impactos e perspectivas com &#8220;Novo Viracopos&#8221;\"}]},{\"@type\":\"WebSite\",\"@id\":\"https:\/\/www.abesata.org\/br\/#website\",\"url\":\"https:\/\/www.abesata.org\/br\/\",\"name\":\"Abesata\",\"description\":\"Associa\u00e7\u00e3o Brasileira das Empresas de Servi\u00e7os Auxiliares de Transporte A\u00e9reo\",\"publisher\":{\"@id\":\"https:\/\/www.abesata.org\/br\/#organization\"},\"potentialAction\":[{\"@type\":\"SearchAction\",\"target\":{\"@type\":\"EntryPoint\",\"urlTemplate\":\"https:\/\/www.abesata.org\/br\/?s={search_term_string}\"},\"query-input\":{\"@type\":\"PropertyValueSpecification\",\"valueRequired\":true,\"valueName\":\"search_term_string\"}}],\"inLanguage\":\"pt-BR\"},{\"@type\":\"Organization\",\"@id\":\"https:\/\/www.abesata.org\/br\/#organization\",\"name\":\"Associa\u00e7\u00e3o Brasileira das Empresas de Servi\u00e7os Auxiliares de Transporte A\u00e9reo\",\"alternateName\":\"Abesata\",\"url\":\"https:\/\/www.abesata.org\/br\/\",\"logo\":{\"@type\":\"ImageObject\",\"inLanguage\":\"pt-BR\",\"@id\":\"https:\/\/www.abesata.org\/br\/#\/schema\/logo\/image\/\",\"url\":\"https:\/\/www.abesata.org\/br\/wp-content\/uploads\/2023\/10\/Abesata.png\",\"contentUrl\":\"https:\/\/www.abesata.org\/br\/wp-content\/uploads\/2023\/10\/Abesata.png\",\"width\":1063,\"height\":591,\"caption\":\"Associa\u00e7\u00e3o Brasileira das Empresas de Servi\u00e7os Auxiliares de Transporte A\u00e9reo\"},\"image\":{\"@id\":\"https:\/\/www.abesata.org\/br\/#\/schema\/logo\/image\/\"},\"sameAs\":[\"https:\/\/www.facebook.com\/abesata.org\/\",\"https:\/\/www.instagram.com\/abesata_gh\/\",\"https:\/\/br.linkedin.com\/company\/abesata\"]},{\"@type\":\"Person\",\"@id\":\"https:\/\/www.abesata.org\/br\/#\/schema\/person\/1f1295145bee68e42ffe39157320456b\",\"name\":\"Ricardo\",\"image\":{\"@type\":\"ImageObject\",\"inLanguage\":\"pt-BR\",\"@id\":\"https:\/\/www.abesata.org\/br\/#\/schema\/person\/image\/\",\"url\":\"https:\/\/secure.gravatar.com\/avatar\/1d856797eb89513dee321f840c1a6bbcec15beb178c003e50adcf59323b3a8a9?s=96&d=mm&r=g\",\"contentUrl\":\"https:\/\/secure.gravatar.com\/avatar\/1d856797eb89513dee321f840c1a6bbcec15beb178c003e50adcf59323b3a8a9?s=96&d=mm&r=g\",\"caption\":\"Ricardo\"},\"url\":\"https:\/\/www.abesata.org\/br\/author\/ricardo-baroni\/\"}]}<\/script>\n<!-- \/ Yoast SEO plugin. -->","yoast_head_json":{"title":"Campinas (SP) discute impactos e perspectivas com \"Novo Viracopos\" - Abesata","robots":{"index":"index","follow":"follow","max-snippet":"max-snippet:-1","max-image-preview":"max-image-preview:large","max-video-preview":"max-video-preview:-1"},"canonical":"https:\/\/www.abesata.org\/br\/campinas-sp-discute-impactos-e-perspectivas-com-novo-viracopos\/","og_locale":"pt_BR","og_type":"article","og_title":"Campinas (SP) discute impactos e perspectivas com \"Novo Viracopos\" - Abesata","og_description":"O interior de S\u00e3o Paulo tem sido o grande protagonista do Turismo brasileiro nos \u00faltimos meses. O motivo \u00e9 o novo aeroporto de Viracopos, em Campinas (SP) e os voos internacionais que ele tem atra\u00eddo. As opera\u00e7\u00f5es come\u00e7am apenas no final deste m\u00eas, mas a capacidade deste mercado \u0096 o segundo maior emissor do pa\u00eds [&hellip;]","og_url":"https:\/\/www.abesata.org\/br\/campinas-sp-discute-impactos-e-perspectivas-com-novo-viracopos\/","og_site_name":"Abesata","article_publisher":"https:\/\/www.facebook.com\/abesata.org\/","article_published_time":"2014-10-08T17:50:36+00:00","og_image":[{"width":1026,"height":336,"url":"https:\/\/www.abesata.org\/br\/wp-content\/uploads\/2014\/08\/7.png","type":"image\/png"}],"author":"Ricardo","twitter_card":"summary_large_image","twitter_misc":{"Escrito por":"Ricardo","Est. tempo de leitura":"3 minutos"},"schema":{"@context":"https:\/\/schema.org","@graph":[{"@type":"Article","@id":"https:\/\/www.abesata.org\/br\/campinas-sp-discute-impactos-e-perspectivas-com-novo-viracopos\/#article","isPartOf":{"@id":"https:\/\/www.abesata.org\/br\/campinas-sp-discute-impactos-e-perspectivas-com-novo-viracopos\/"},"author":{"name":"Ricardo","@id":"https:\/\/www.abesata.org\/br\/#\/schema\/person\/1f1295145bee68e42ffe39157320456b"},"headline":"Campinas (SP) discute impactos e perspectivas com &#8220;Novo Viracopos&#8221;","datePublished":"2014-10-08T17:50:36+00:00","mainEntityOfPage":{"@id":"https:\/\/www.abesata.org\/br\/campinas-sp-discute-impactos-e-perspectivas-com-novo-viracopos\/"},"wordCount":516,"publisher":{"@id":"https:\/\/www.abesata.org\/br\/#organization"},"image":{"@id":"https:\/\/www.abesata.org\/br\/campinas-sp-discute-impactos-e-perspectivas-com-novo-viracopos\/#primaryimage"},"thumbnailUrl":"https:\/\/www.abesata.org\/br\/wp-content\/uploads\/2014\/08\/7.png","inLanguage":"pt-BR"},{"@type":"WebPage","@id":"https:\/\/www.abesata.org\/br\/campinas-sp-discute-impactos-e-perspectivas-com-novo-viracopos\/","url":"https:\/\/www.abesata.org\/br\/campinas-sp-discute-impactos-e-perspectivas-com-novo-viracopos\/","name":"Campinas (SP) discute impactos e perspectivas com \"Novo Viracopos\" - Abesata","isPartOf":{"@id":"https:\/\/www.abesata.org\/br\/#website"},"primaryImageOfPage":{"@id":"https:\/\/www.abesata.org\/br\/campinas-sp-discute-impactos-e-perspectivas-com-novo-viracopos\/#primaryimage"},"image":{"@id":"https:\/\/www.abesata.org\/br\/campinas-sp-discute-impactos-e-perspectivas-com-novo-viracopos\/#primaryimage"},"thumbnailUrl":"https:\/\/www.abesata.org\/br\/wp-content\/uploads\/2014\/08\/7.png","datePublished":"2014-10-08T17:50:36+00:00","breadcrumb":{"@id":"https:\/\/www.abesata.org\/br\/campinas-sp-discute-impactos-e-perspectivas-com-novo-viracopos\/#breadcrumb"},"inLanguage":"pt-BR","potentialAction":[{"@type":"ReadAction","target":["https:\/\/www.abesata.org\/br\/campinas-sp-discute-impactos-e-perspectivas-com-novo-viracopos\/"]}]},{"@type":"ImageObject","inLanguage":"pt-BR","@id":"https:\/\/www.abesata.org\/br\/campinas-sp-discute-impactos-e-perspectivas-com-novo-viracopos\/#primaryimage","url":"https:\/\/www.abesata.org\/br\/wp-content\/uploads\/2014\/08\/7.png","contentUrl":"https:\/\/www.abesata.org\/br\/wp-content\/uploads\/2014\/08\/7.png","width":1026,"height":336},{"@type":"BreadcrumbList","@id":"https:\/\/www.abesata.org\/br\/campinas-sp-discute-impactos-e-perspectivas-com-novo-viracopos\/#breadcrumb","itemListElement":[{"@type":"ListItem","position":1,"name":"In\u00edcio","item":"https:\/\/www.abesata.org\/br\/"},{"@type":"ListItem","position":2,"name":"Campinas (SP) discute impactos e perspectivas com &#8220;Novo Viracopos&#8221;"}]},{"@type":"WebSite","@id":"https:\/\/www.abesata.org\/br\/#website","url":"https:\/\/www.abesata.org\/br\/","name":"Abesata","description":"Associa\u00e7\u00e3o Brasileira das Empresas de Servi\u00e7os Auxiliares de Transporte A\u00e9reo","publisher":{"@id":"https:\/\/www.abesata.org\/br\/#organization"},"potentialAction":[{"@type":"SearchAction","target":{"@type":"EntryPoint","urlTemplate":"https:\/\/www.abesata.org\/br\/?s={search_term_string}"},"query-input":{"@type":"PropertyValueSpecification","valueRequired":true,"valueName":"search_term_string"}}],"inLanguage":"pt-BR"},{"@type":"Organization","@id":"https:\/\/www.abesata.org\/br\/#organization","name":"Associa\u00e7\u00e3o Brasileira das Empresas de Servi\u00e7os Auxiliares de Transporte A\u00e9reo","alternateName":"Abesata","url":"https:\/\/www.abesata.org\/br\/","logo":{"@type":"ImageObject","inLanguage":"pt-BR","@id":"https:\/\/www.abesata.org\/br\/#\/schema\/logo\/image\/","url":"https:\/\/www.abesata.org\/br\/wp-content\/uploads\/2023\/10\/Abesata.png","contentUrl":"https:\/\/www.abesata.org\/br\/wp-content\/uploads\/2023\/10\/Abesata.png","width":1063,"height":591,"caption":"Associa\u00e7\u00e3o Brasileira das Empresas de Servi\u00e7os Auxiliares de Transporte A\u00e9reo"},"image":{"@id":"https:\/\/www.abesata.org\/br\/#\/schema\/logo\/image\/"},"sameAs":["https:\/\/www.facebook.com\/abesata.org\/","https:\/\/www.instagram.com\/abesata_gh\/","https:\/\/br.linkedin.com\/company\/abesata"]},{"@type":"Person","@id":"https:\/\/www.abesata.org\/br\/#\/schema\/person\/1f1295145bee68e42ffe39157320456b","name":"Ricardo","image":{"@type":"ImageObject","inLanguage":"pt-BR","@id":"https:\/\/www.abesata.org\/br\/#\/schema\/person\/image\/","url":"https:\/\/secure.gravatar.com\/avatar\/1d856797eb89513dee321f840c1a6bbcec15beb178c003e50adcf59323b3a8a9?s=96&d=mm&r=g","contentUrl":"https:\/\/secure.gravatar.com\/avatar\/1d856797eb89513dee321f840c1a6bbcec15beb178c003e50adcf59323b3a8a9?s=96&d=mm&r=g","caption":"Ricardo"},"url":"https:\/\/www.abesata.org\/br\/author\/ricardo-baroni\/"}]}},"_links":{"self":[{"href":"https:\/\/www.abesata.org\/br\/wp-json\/wp\/v2\/posts\/1630","targetHints":{"allow":["GET"]}}],"collection":[{"href":"https:\/\/www.abesata.org\/br\/wp-json\/wp\/v2\/posts"}],"about":[{"href":"https:\/\/www.abesata.org\/br\/wp-json\/wp\/v2\/types\/post"}],"author":[{"embeddable":true,"href":"https:\/\/www.abesata.org\/br\/wp-json\/wp\/v2\/users\/18"}],"replies":[{"embeddable":true,"href":"https:\/\/www.abesata.org\/br\/wp-json\/wp\/v2\/comments?post=1630"}],"version-history":[{"count":0,"href":"https:\/\/www.abesata.org\/br\/wp-json\/wp\/v2\/posts\/1630\/revisions"}],"wp:featuredmedia":[{"embeddable":true,"href":"https:\/\/www.abesata.org\/br\/wp-json\/wp\/v2\/media\/1412"}],"wp:attachment":[{"href":"https:\/\/www.abesata.org\/br\/wp-json\/wp\/v2\/media?parent=1630"}],"wp:term":[{"taxonomy":"category","embeddable":true,"href":"https:\/\/www.abesata.org\/br\/wp-json\/wp\/v2\/categories?post=1630"},{"taxonomy":"post_tag","embeddable":true,"href":"https:\/\/www.abesata.org\/br\/wp-json\/wp\/v2\/tags?post=1630"}],"curies":[{"name":"wp","href":"https:\/\/api.w.org\/{rel}","templated":true}]}}