{"id":1641,"date":"2014-10-09T17:43:05","date_gmt":"2014-10-09T20:43:05","guid":{"rendered":"http:\/\/www.abesata.org\/?p=1641"},"modified":"2014-10-09T17:43:05","modified_gmt":"2014-10-09T20:43:05","slug":"aeroporto-de-rio-branco-recebera-reformas-de-r-97-milhoes","status":"publish","type":"post","link":"https:\/\/www.abesata.org\/br\/aeroporto-de-rio-branco-recebera-reformas-de-r-97-milhoes\/","title":{"rendered":"Aeroporto de Rio Branco receber\u00e1 reformas de R$ 97 milh\u00f5es"},"content":{"rendered":"<p>A pista do Aeroporto Internacional Pl\u00e1cido de Castro, em Rio Branco, passar\u00e1 por reformas com o objetivo de eliminar ondula\u00e7\u00f5es, trechos com afundamento, rachaduras e po\u00e7as d\u2019\u00e1gua. O investimento feito pela Infraero \u00e9 de R$ 97 milh\u00f5es e, com ela, o terminal poder\u00e1 receber mais voos comerciais, com aumento na seguran\u00e7a nas opera\u00e7\u00f5es de pouso e decolagem.<\/p>\n<p>Para o ministro da Avia\u00e7\u00e3o Civil, Moreira Franco, a reforma da pista resgata o papel estrat\u00e9gico de Rio Branco na integra\u00e7\u00e3o da Am\u00e9rica do Sul. \u201cTrinta milh\u00f5es de pessoas moram no entorno da regi\u00e3o, n\u00e3o s\u00f3 no Brasil. O governo federal est\u00e1 criando aqui um centro log\u00edstico que prev\u00ea um porto seco, um aeroporto de cargas\u201d, afirmou. O aeroporto acreano registrou cerca de 378 mil embarques e desembarques em 2013 e atualmente recebe seis voos regulares di\u00e1rios.<\/p>\n<p>CRONOGRAMA<\/p>\n<p>A primeira fase das obras deve terminar em dezembro, quando come\u00e7a a \u00e9poca de chuvas na Amaz\u00f4nia. Durante esse per\u00edodo, o aeroporto ficar\u00e1 fechado entre 8h e meia-noite para pousos e decolagens da avia\u00e7\u00e3o comercial, com opera\u00e7\u00f5es somente durante a madrugada. Movimentos da avia\u00e7\u00e3o geral ser\u00e3o liberados em mil metros de pista para as aeronaves de pequeno porte. As demais etapas das obras ser\u00e3o definidas com a evolu\u00e7\u00e3o dos servi\u00e7os. Ao todo, a pista do Aeroporto de Rio Branco possui 2,158 mil metros de extens\u00e3o.<\/p>\n<p style=\"text-align: right;\">Fonte: PANROTAS<br \/>\n08\/10\/2014<\/p>\n","protected":false},"excerpt":{"rendered":"<p>A pista do Aeroporto Internacional Pl\u00e1cido de Castro, em Rio Branco, passar\u00e1 por reformas com o objetivo de eliminar ondula\u00e7\u00f5es, trechos com afundamento, rachaduras e po\u00e7as d\u2019\u00e1gua. O investimento feito pela Infraero \u00e9 de R$ 97 milh\u00f5es e, com ela, o terminal poder\u00e1 receber mais voos comerciais, com aumento na seguran\u00e7a nas opera\u00e7\u00f5es de pouso [&hellip;]<\/p>\n","protected":false},"author":18,"featured_media":377,"comment_status":"closed","ping_status":"closed","sticky":false,"template":"","format":"standard","meta":{"footnotes":""},"categories":[],"tags":[],"class_list":["post-1641","post","type-post","status-publish","format-standard","has-post-thumbnail","hentry"],"yoast_head":"<!-- This site is optimized with the Yoast SEO plugin v26.5 - https:\/\/yoast.com\/wordpress\/plugins\/seo\/ -->\n<title>Aeroporto de Rio Branco receber\u00e1 reformas de R$ 97 milh\u00f5es - Abesata<\/title>\n<meta name=\"robots\" content=\"index, follow, max-snippet:-1, max-image-preview:large, max-video-preview:-1\" \/>\n<link rel=\"canonical\" href=\"https:\/\/www.abesata.org\/br\/aeroporto-de-rio-branco-recebera-reformas-de-r-97-milhoes\/\" \/>\n<meta property=\"og:locale\" content=\"pt_BR\" \/>\n<meta property=\"og:type\" content=\"article\" \/>\n<meta property=\"og:title\" content=\"Aeroporto de Rio Branco receber\u00e1 reformas de R$ 97 milh\u00f5es - Abesata\" \/>\n<meta property=\"og:description\" content=\"A pista do Aeroporto Internacional Pl\u00e1cido de Castro, em Rio Branco, passar\u00e1 por reformas com o objetivo de eliminar ondula\u00e7\u00f5es, trechos com afundamento, rachaduras e po\u00e7as d\u2019\u00e1gua. O investimento feito pela Infraero \u00e9 de R$ 97 milh\u00f5es e, com ela, o terminal poder\u00e1 receber mais voos comerciais, com aumento na seguran\u00e7a nas opera\u00e7\u00f5es de pouso [&hellip;]\" \/>\n<meta property=\"og:url\" content=\"https:\/\/www.abesata.org\/br\/aeroporto-de-rio-branco-recebera-reformas-de-r-97-milhoes\/\" \/>\n<meta property=\"og:site_name\" content=\"Abesata\" \/>\n<meta property=\"article:publisher\" content=\"https:\/\/www.facebook.com\/abesata.org\/\" \/>\n<meta property=\"article:published_time\" content=\"2014-10-09T20:43:05+00:00\" \/>\n<meta property=\"og:image\" content=\"https:\/\/www.abesata.org\/br\/wp-content\/uploads\/2014\/03\/7.png\" \/>\n\t<meta property=\"og:image:width\" content=\"1707\" \/>\n\t<meta property=\"og:image:height\" content=\"560\" \/>\n\t<meta property=\"og:image:type\" content=\"image\/png\" \/>\n<meta name=\"author\" content=\"Ricardo\" \/>\n<meta name=\"twitter:card\" content=\"summary_large_image\" \/>\n<meta name=\"twitter:label1\" content=\"Escrito por\" \/>\n\t<meta name=\"twitter:data1\" content=\"Ricardo\" \/>\n\t<meta name=\"twitter:label2\" content=\"Est. tempo de leitura\" \/>\n\t<meta name=\"twitter:data2\" content=\"1 minuto\" \/>\n<script type=\"application\/ld+json\" class=\"yoast-schema-graph\">{\"@context\":\"https:\/\/schema.org\",\"@graph\":[{\"@type\":\"Article\",\"@id\":\"https:\/\/www.abesata.org\/br\/aeroporto-de-rio-branco-recebera-reformas-de-r-97-milhoes\/#article\",\"isPartOf\":{\"@id\":\"https:\/\/www.abesata.org\/br\/aeroporto-de-rio-branco-recebera-reformas-de-r-97-milhoes\/\"},\"author\":{\"name\":\"Ricardo\",\"@id\":\"https:\/\/www.abesata.org\/br\/#\/schema\/person\/1f1295145bee68e42ffe39157320456b\"},\"headline\":\"Aeroporto de Rio Branco receber\u00e1 reformas de R$ 97 milh\u00f5es\",\"datePublished\":\"2014-10-09T20:43:05+00:00\",\"mainEntityOfPage\":{\"@id\":\"https:\/\/www.abesata.org\/br\/aeroporto-de-rio-branco-recebera-reformas-de-r-97-milhoes\/\"},\"wordCount\":254,\"publisher\":{\"@id\":\"https:\/\/www.abesata.org\/br\/#organization\"},\"image\":{\"@id\":\"https:\/\/www.abesata.org\/br\/aeroporto-de-rio-branco-recebera-reformas-de-r-97-milhoes\/#primaryimage\"},\"thumbnailUrl\":\"https:\/\/www.abesata.org\/br\/wp-content\/uploads\/2014\/03\/7.png\",\"inLanguage\":\"pt-BR\"},{\"@type\":\"WebPage\",\"@id\":\"https:\/\/www.abesata.org\/br\/aeroporto-de-rio-branco-recebera-reformas-de-r-97-milhoes\/\",\"url\":\"https:\/\/www.abesata.org\/br\/aeroporto-de-rio-branco-recebera-reformas-de-r-97-milhoes\/\",\"name\":\"Aeroporto de Rio Branco receber\u00e1 reformas de R$ 97 milh\u00f5es - Abesata\",\"isPartOf\":{\"@id\":\"https:\/\/www.abesata.org\/br\/#website\"},\"primaryImageOfPage\":{\"@id\":\"https:\/\/www.abesata.org\/br\/aeroporto-de-rio-branco-recebera-reformas-de-r-97-milhoes\/#primaryimage\"},\"image\":{\"@id\":\"https:\/\/www.abesata.org\/br\/aeroporto-de-rio-branco-recebera-reformas-de-r-97-milhoes\/#primaryimage\"},\"thumbnailUrl\":\"https:\/\/www.abesata.org\/br\/wp-content\/uploads\/2014\/03\/7.png\",\"datePublished\":\"2014-10-09T20:43:05+00:00\",\"breadcrumb\":{\"@id\":\"https:\/\/www.abesata.org\/br\/aeroporto-de-rio-branco-recebera-reformas-de-r-97-milhoes\/#breadcrumb\"},\"inLanguage\":\"pt-BR\",\"potentialAction\":[{\"@type\":\"ReadAction\",\"target\":[\"https:\/\/www.abesata.org\/br\/aeroporto-de-rio-branco-recebera-reformas-de-r-97-milhoes\/\"]}]},{\"@type\":\"ImageObject\",\"inLanguage\":\"pt-BR\",\"@id\":\"https:\/\/www.abesata.org\/br\/aeroporto-de-rio-branco-recebera-reformas-de-r-97-milhoes\/#primaryimage\",\"url\":\"https:\/\/www.abesata.org\/br\/wp-content\/uploads\/2014\/03\/7.png\",\"contentUrl\":\"https:\/\/www.abesata.org\/br\/wp-content\/uploads\/2014\/03\/7.png\",\"width\":1707,\"height\":560},{\"@type\":\"BreadcrumbList\",\"@id\":\"https:\/\/www.abesata.org\/br\/aeroporto-de-rio-branco-recebera-reformas-de-r-97-milhoes\/#breadcrumb\",\"itemListElement\":[{\"@type\":\"ListItem\",\"position\":1,\"name\":\"In\u00edcio\",\"item\":\"https:\/\/www.abesata.org\/br\/\"},{\"@type\":\"ListItem\",\"position\":2,\"name\":\"Aeroporto de Rio Branco receber\u00e1 reformas de R$ 97 milh\u00f5es\"}]},{\"@type\":\"WebSite\",\"@id\":\"https:\/\/www.abesata.org\/br\/#website\",\"url\":\"https:\/\/www.abesata.org\/br\/\",\"name\":\"Abesata\",\"description\":\"Associa\u00e7\u00e3o Brasileira das Empresas de Servi\u00e7os Auxiliares de Transporte A\u00e9reo\",\"publisher\":{\"@id\":\"https:\/\/www.abesata.org\/br\/#organization\"},\"potentialAction\":[{\"@type\":\"SearchAction\",\"target\":{\"@type\":\"EntryPoint\",\"urlTemplate\":\"https:\/\/www.abesata.org\/br\/?s={search_term_string}\"},\"query-input\":{\"@type\":\"PropertyValueSpecification\",\"valueRequired\":true,\"valueName\":\"search_term_string\"}}],\"inLanguage\":\"pt-BR\"},{\"@type\":\"Organization\",\"@id\":\"https:\/\/www.abesata.org\/br\/#organization\",\"name\":\"Associa\u00e7\u00e3o Brasileira das Empresas de Servi\u00e7os Auxiliares de Transporte A\u00e9reo\",\"alternateName\":\"Abesata\",\"url\":\"https:\/\/www.abesata.org\/br\/\",\"logo\":{\"@type\":\"ImageObject\",\"inLanguage\":\"pt-BR\",\"@id\":\"https:\/\/www.abesata.org\/br\/#\/schema\/logo\/image\/\",\"url\":\"https:\/\/www.abesata.org\/br\/wp-content\/uploads\/2023\/10\/Abesata.png\",\"contentUrl\":\"https:\/\/www.abesata.org\/br\/wp-content\/uploads\/2023\/10\/Abesata.png\",\"width\":1063,\"height\":591,\"caption\":\"Associa\u00e7\u00e3o Brasileira das Empresas de Servi\u00e7os Auxiliares de Transporte A\u00e9reo\"},\"image\":{\"@id\":\"https:\/\/www.abesata.org\/br\/#\/schema\/logo\/image\/\"},\"sameAs\":[\"https:\/\/www.facebook.com\/abesata.org\/\",\"https:\/\/www.instagram.com\/abesata_gh\/\",\"https:\/\/br.linkedin.com\/company\/abesata\"]},{\"@type\":\"Person\",\"@id\":\"https:\/\/www.abesata.org\/br\/#\/schema\/person\/1f1295145bee68e42ffe39157320456b\",\"name\":\"Ricardo\",\"image\":{\"@type\":\"ImageObject\",\"inLanguage\":\"pt-BR\",\"@id\":\"https:\/\/www.abesata.org\/br\/#\/schema\/person\/image\/\",\"url\":\"https:\/\/secure.gravatar.com\/avatar\/1d856797eb89513dee321f840c1a6bbcec15beb178c003e50adcf59323b3a8a9?s=96&d=mm&r=g\",\"contentUrl\":\"https:\/\/secure.gravatar.com\/avatar\/1d856797eb89513dee321f840c1a6bbcec15beb178c003e50adcf59323b3a8a9?s=96&d=mm&r=g\",\"caption\":\"Ricardo\"},\"url\":\"https:\/\/www.abesata.org\/br\/author\/ricardo-baroni\/\"}]}<\/script>\n<!-- \/ Yoast SEO plugin. -->","yoast_head_json":{"title":"Aeroporto de Rio Branco receber\u00e1 reformas de R$ 97 milh\u00f5es - Abesata","robots":{"index":"index","follow":"follow","max-snippet":"max-snippet:-1","max-image-preview":"max-image-preview:large","max-video-preview":"max-video-preview:-1"},"canonical":"https:\/\/www.abesata.org\/br\/aeroporto-de-rio-branco-recebera-reformas-de-r-97-milhoes\/","og_locale":"pt_BR","og_type":"article","og_title":"Aeroporto de Rio Branco receber\u00e1 reformas de R$ 97 milh\u00f5es - Abesata","og_description":"A pista do Aeroporto Internacional Pl\u00e1cido de Castro, em Rio Branco, passar\u00e1 por reformas com o objetivo de eliminar ondula\u00e7\u00f5es, trechos com afundamento, rachaduras e po\u00e7as d\u2019\u00e1gua. O investimento feito pela Infraero \u00e9 de R$ 97 milh\u00f5es e, com ela, o terminal poder\u00e1 receber mais voos comerciais, com aumento na seguran\u00e7a nas opera\u00e7\u00f5es de pouso [&hellip;]","og_url":"https:\/\/www.abesata.org\/br\/aeroporto-de-rio-branco-recebera-reformas-de-r-97-milhoes\/","og_site_name":"Abesata","article_publisher":"https:\/\/www.facebook.com\/abesata.org\/","article_published_time":"2014-10-09T20:43:05+00:00","og_image":[{"width":1707,"height":560,"url":"https:\/\/www.abesata.org\/br\/wp-content\/uploads\/2014\/03\/7.png","type":"image\/png"}],"author":"Ricardo","twitter_card":"summary_large_image","twitter_misc":{"Escrito por":"Ricardo","Est. tempo de leitura":"1 minuto"},"schema":{"@context":"https:\/\/schema.org","@graph":[{"@type":"Article","@id":"https:\/\/www.abesata.org\/br\/aeroporto-de-rio-branco-recebera-reformas-de-r-97-milhoes\/#article","isPartOf":{"@id":"https:\/\/www.abesata.org\/br\/aeroporto-de-rio-branco-recebera-reformas-de-r-97-milhoes\/"},"author":{"name":"Ricardo","@id":"https:\/\/www.abesata.org\/br\/#\/schema\/person\/1f1295145bee68e42ffe39157320456b"},"headline":"Aeroporto de Rio Branco receber\u00e1 reformas de R$ 97 milh\u00f5es","datePublished":"2014-10-09T20:43:05+00:00","mainEntityOfPage":{"@id":"https:\/\/www.abesata.org\/br\/aeroporto-de-rio-branco-recebera-reformas-de-r-97-milhoes\/"},"wordCount":254,"publisher":{"@id":"https:\/\/www.abesata.org\/br\/#organization"},"image":{"@id":"https:\/\/www.abesata.org\/br\/aeroporto-de-rio-branco-recebera-reformas-de-r-97-milhoes\/#primaryimage"},"thumbnailUrl":"https:\/\/www.abesata.org\/br\/wp-content\/uploads\/2014\/03\/7.png","inLanguage":"pt-BR"},{"@type":"WebPage","@id":"https:\/\/www.abesata.org\/br\/aeroporto-de-rio-branco-recebera-reformas-de-r-97-milhoes\/","url":"https:\/\/www.abesata.org\/br\/aeroporto-de-rio-branco-recebera-reformas-de-r-97-milhoes\/","name":"Aeroporto de Rio Branco receber\u00e1 reformas de R$ 97 milh\u00f5es - Abesata","isPartOf":{"@id":"https:\/\/www.abesata.org\/br\/#website"},"primaryImageOfPage":{"@id":"https:\/\/www.abesata.org\/br\/aeroporto-de-rio-branco-recebera-reformas-de-r-97-milhoes\/#primaryimage"},"image":{"@id":"https:\/\/www.abesata.org\/br\/aeroporto-de-rio-branco-recebera-reformas-de-r-97-milhoes\/#primaryimage"},"thumbnailUrl":"https:\/\/www.abesata.org\/br\/wp-content\/uploads\/2014\/03\/7.png","datePublished":"2014-10-09T20:43:05+00:00","breadcrumb":{"@id":"https:\/\/www.abesata.org\/br\/aeroporto-de-rio-branco-recebera-reformas-de-r-97-milhoes\/#breadcrumb"},"inLanguage":"pt-BR","potentialAction":[{"@type":"ReadAction","target":["https:\/\/www.abesata.org\/br\/aeroporto-de-rio-branco-recebera-reformas-de-r-97-milhoes\/"]}]},{"@type":"ImageObject","inLanguage":"pt-BR","@id":"https:\/\/www.abesata.org\/br\/aeroporto-de-rio-branco-recebera-reformas-de-r-97-milhoes\/#primaryimage","url":"https:\/\/www.abesata.org\/br\/wp-content\/uploads\/2014\/03\/7.png","contentUrl":"https:\/\/www.abesata.org\/br\/wp-content\/uploads\/2014\/03\/7.png","width":1707,"height":560},{"@type":"BreadcrumbList","@id":"https:\/\/www.abesata.org\/br\/aeroporto-de-rio-branco-recebera-reformas-de-r-97-milhoes\/#breadcrumb","itemListElement":[{"@type":"ListItem","position":1,"name":"In\u00edcio","item":"https:\/\/www.abesata.org\/br\/"},{"@type":"ListItem","position":2,"name":"Aeroporto de Rio Branco receber\u00e1 reformas de R$ 97 milh\u00f5es"}]},{"@type":"WebSite","@id":"https:\/\/www.abesata.org\/br\/#website","url":"https:\/\/www.abesata.org\/br\/","name":"Abesata","description":"Associa\u00e7\u00e3o Brasileira das Empresas de Servi\u00e7os Auxiliares de Transporte A\u00e9reo","publisher":{"@id":"https:\/\/www.abesata.org\/br\/#organization"},"potentialAction":[{"@type":"SearchAction","target":{"@type":"EntryPoint","urlTemplate":"https:\/\/www.abesata.org\/br\/?s={search_term_string}"},"query-input":{"@type":"PropertyValueSpecification","valueRequired":true,"valueName":"search_term_string"}}],"inLanguage":"pt-BR"},{"@type":"Organization","@id":"https:\/\/www.abesata.org\/br\/#organization","name":"Associa\u00e7\u00e3o Brasileira das Empresas de Servi\u00e7os Auxiliares de Transporte A\u00e9reo","alternateName":"Abesata","url":"https:\/\/www.abesata.org\/br\/","logo":{"@type":"ImageObject","inLanguage":"pt-BR","@id":"https:\/\/www.abesata.org\/br\/#\/schema\/logo\/image\/","url":"https:\/\/www.abesata.org\/br\/wp-content\/uploads\/2023\/10\/Abesata.png","contentUrl":"https:\/\/www.abesata.org\/br\/wp-content\/uploads\/2023\/10\/Abesata.png","width":1063,"height":591,"caption":"Associa\u00e7\u00e3o Brasileira das Empresas de Servi\u00e7os Auxiliares de Transporte A\u00e9reo"},"image":{"@id":"https:\/\/www.abesata.org\/br\/#\/schema\/logo\/image\/"},"sameAs":["https:\/\/www.facebook.com\/abesata.org\/","https:\/\/www.instagram.com\/abesata_gh\/","https:\/\/br.linkedin.com\/company\/abesata"]},{"@type":"Person","@id":"https:\/\/www.abesata.org\/br\/#\/schema\/person\/1f1295145bee68e42ffe39157320456b","name":"Ricardo","image":{"@type":"ImageObject","inLanguage":"pt-BR","@id":"https:\/\/www.abesata.org\/br\/#\/schema\/person\/image\/","url":"https:\/\/secure.gravatar.com\/avatar\/1d856797eb89513dee321f840c1a6bbcec15beb178c003e50adcf59323b3a8a9?s=96&d=mm&r=g","contentUrl":"https:\/\/secure.gravatar.com\/avatar\/1d856797eb89513dee321f840c1a6bbcec15beb178c003e50adcf59323b3a8a9?s=96&d=mm&r=g","caption":"Ricardo"},"url":"https:\/\/www.abesata.org\/br\/author\/ricardo-baroni\/"}]}},"_links":{"self":[{"href":"https:\/\/www.abesata.org\/br\/wp-json\/wp\/v2\/posts\/1641","targetHints":{"allow":["GET"]}}],"collection":[{"href":"https:\/\/www.abesata.org\/br\/wp-json\/wp\/v2\/posts"}],"about":[{"href":"https:\/\/www.abesata.org\/br\/wp-json\/wp\/v2\/types\/post"}],"author":[{"embeddable":true,"href":"https:\/\/www.abesata.org\/br\/wp-json\/wp\/v2\/users\/18"}],"replies":[{"embeddable":true,"href":"https:\/\/www.abesata.org\/br\/wp-json\/wp\/v2\/comments?post=1641"}],"version-history":[{"count":0,"href":"https:\/\/www.abesata.org\/br\/wp-json\/wp\/v2\/posts\/1641\/revisions"}],"wp:featuredmedia":[{"embeddable":true,"href":"https:\/\/www.abesata.org\/br\/wp-json\/wp\/v2\/media\/377"}],"wp:attachment":[{"href":"https:\/\/www.abesata.org\/br\/wp-json\/wp\/v2\/media?parent=1641"}],"wp:term":[{"taxonomy":"category","embeddable":true,"href":"https:\/\/www.abesata.org\/br\/wp-json\/wp\/v2\/categories?post=1641"},{"taxonomy":"post_tag","embeddable":true,"href":"https:\/\/www.abesata.org\/br\/wp-json\/wp\/v2\/tags?post=1641"}],"curies":[{"name":"wp","href":"https:\/\/api.w.org\/{rel}","templated":true}]}}