{"id":16424,"date":"2023-10-23T17:29:58","date_gmt":"2023-10-23T20:29:58","guid":{"rendered":"https:\/\/www.abesata.org\/br\/?p=16424"},"modified":"2024-06-19T15:59:12","modified_gmt":"2024-06-19T18:59:12","slug":"abesata-foi-celebrada-no-forum-alta-de-liderancas-da-aviacao-no-mexico","status":"publish","type":"post","link":"https:\/\/www.abesata.org\/br\/abesata-foi-celebrada-no-forum-alta-de-liderancas-da-aviacao-no-mexico\/","title":{"rendered":"Abesata foi celebrada no F\u00f3rum ALTA de Lideran\u00e7as da Avia\u00e7\u00e3o, no M\u00e9xico"},"content":{"rendered":"\n<p>Dos dias 22 a 24 de outubro, a Abesata participa do F\u00f3rum ALTA AGM &amp; Airline Leaders, em Canc\u00fan, no M\u00e9xico. A anfitri\u00e3 do evento, a companhia AeroM\u00e9xico, recebeu lideran\u00e7as do segmento de avia\u00e7\u00e3o geral de toda a Am\u00e9rica Latina e Caribenha para estimular um di\u00e1logo internacional visando maior seguran\u00e7a, efici\u00eancia e sustentabilidade ao setor.<\/p>\n\n\n\n<p>A confer\u00eancia re\u00fane CEOs de companhias a\u00e9reas, representantes do governo, aeroportos e fornecedores para discutirem sobre os desafios da ind\u00fastria de avia\u00e7\u00e3o e as expectativas para o futuro do transporte a\u00e9reo.<\/p>\n\n\n\n<p>Nessa linha, a ABESATA foi reconhecida como a melhor pr\u00e1tica de autorregula\u00e7\u00e3o da ind\u00fastria em raz\u00e3o das certifica\u00e7\u00f5es exigidas aos servi\u00e7os em solo (ground handling). O case de sucesso foi tema da primeira palestra do f\u00f3rum, que foi realizada \u00e0s 9h, com a presen\u00e7a de representantes da entidade e de Elber Biondi, CLO da dnata.<\/p>\n\n\n\n<p>Confira a programa\u00e7\u00e3o completa do evento neste <a href=\"https:\/\/alta.aero\/forum\/pt\/agenda-3\/\" title=\"\">link<\/a>.<\/p>\n\n\n\n<p>Fonte: <a href=\"https:\/\/alta.aero\/forum\/pt\/comeco\/\">ALTA<\/a><\/p>\n","protected":false},"excerpt":{"rendered":"<p>Dos dias 22 a 24 de outubro, a Abesata participa do F\u00f3rum ALTA AGM &amp; Airline Leaders, em Canc\u00fan, no M\u00e9xico. A anfitri\u00e3 do evento, a companhia AeroM\u00e9xico, recebeu lideran\u00e7as do segmento de avia\u00e7\u00e3o geral de toda a Am\u00e9rica Latina e Caribenha para estimular um di\u00e1logo internacional visando maior seguran\u00e7a, efici\u00eancia e sustentabilidade ao setor. [&hellip;]<\/p>\n","protected":false},"author":1,"featured_media":16425,"comment_status":"closed","ping_status":"open","sticky":false,"template":"","format":"standard","meta":{"footnotes":""},"categories":[294],"tags":[12,18,59],"class_list":["post-16424","post","type-post","status-publish","format-standard","has-post-thumbnail","hentry","category-noticias","tag-abesata","tag-aviacao","tag-ground-handling"],"yoast_head":"<!-- This site is optimized with the Yoast SEO plugin v26.5 - https:\/\/yoast.com\/wordpress\/plugins\/seo\/ -->\n<title>Abesata foi celebrada no F\u00f3rum ALTA de Lideran\u00e7as da Avia\u00e7\u00e3o, no M\u00e9xico - Abesata<\/title>\n<meta name=\"robots\" content=\"index, follow, max-snippet:-1, max-image-preview:large, max-video-preview:-1\" \/>\n<link rel=\"canonical\" href=\"https:\/\/www.abesata.org\/br\/abesata-foi-celebrada-no-forum-alta-de-liderancas-da-aviacao-no-mexico\/\" \/>\n<meta property=\"og:locale\" content=\"pt_BR\" \/>\n<meta property=\"og:type\" content=\"article\" \/>\n<meta property=\"og:title\" content=\"Abesata foi celebrada no F\u00f3rum ALTA de Lideran\u00e7as da Avia\u00e7\u00e3o, no M\u00e9xico - Abesata\" \/>\n<meta property=\"og:description\" content=\"Dos dias 22 a 24 de outubro, a Abesata participa do F\u00f3rum ALTA AGM &amp; Airline Leaders, em Canc\u00fan, no M\u00e9xico. A anfitri\u00e3 do evento, a companhia AeroM\u00e9xico, recebeu lideran\u00e7as do segmento de avia\u00e7\u00e3o geral de toda a Am\u00e9rica Latina e Caribenha para estimular um di\u00e1logo internacional visando maior seguran\u00e7a, efici\u00eancia e sustentabilidade ao setor. [&hellip;]\" \/>\n<meta property=\"og:url\" content=\"https:\/\/www.abesata.org\/br\/abesata-foi-celebrada-no-forum-alta-de-liderancas-da-aviacao-no-mexico\/\" \/>\n<meta property=\"og:site_name\" content=\"Abesata\" \/>\n<meta property=\"article:publisher\" content=\"https:\/\/www.facebook.com\/abesata.org\/\" \/>\n<meta property=\"article:published_time\" content=\"2023-10-23T20:29:58+00:00\" \/>\n<meta property=\"article:modified_time\" content=\"2024-06-19T18:59:12+00:00\" \/>\n<meta property=\"og:image\" content=\"https:\/\/www.abesata.org\/br\/wp-content\/uploads\/2023\/10\/Forum-ALTA-Cancun-2023.jpg\" \/>\n\t<meta property=\"og:image:width\" content=\"709\" \/>\n\t<meta property=\"og:image:height\" content=\"565\" \/>\n\t<meta property=\"og:image:type\" content=\"image\/jpeg\" \/>\n<meta name=\"author\" content=\"admin\" \/>\n<meta name=\"twitter:card\" content=\"summary_large_image\" \/>\n<meta name=\"twitter:label1\" content=\"Escrito por\" \/>\n\t<meta name=\"twitter:data1\" content=\"admin\" \/>\n\t<meta name=\"twitter:label2\" content=\"Est. tempo de leitura\" \/>\n\t<meta name=\"twitter:data2\" content=\"2 minutos\" \/>\n<script type=\"application\/ld+json\" class=\"yoast-schema-graph\">{\"@context\":\"https:\/\/schema.org\",\"@graph\":[{\"@type\":\"Article\",\"@id\":\"https:\/\/www.abesata.org\/br\/abesata-foi-celebrada-no-forum-alta-de-liderancas-da-aviacao-no-mexico\/#article\",\"isPartOf\":{\"@id\":\"https:\/\/www.abesata.org\/br\/abesata-foi-celebrada-no-forum-alta-de-liderancas-da-aviacao-no-mexico\/\"},\"author\":{\"name\":\"admin\",\"@id\":\"https:\/\/www.abesata.org\/br\/#\/schema\/person\/bd9e7c86150fe625bb50aebd7be624d1\"},\"headline\":\"Abesata foi celebrada no F\u00f3rum ALTA de Lideran\u00e7as da Avia\u00e7\u00e3o, no M\u00e9xico\",\"datePublished\":\"2023-10-23T20:29:58+00:00\",\"dateModified\":\"2024-06-19T18:59:12+00:00\",\"mainEntityOfPage\":{\"@id\":\"https:\/\/www.abesata.org\/br\/abesata-foi-celebrada-no-forum-alta-de-liderancas-da-aviacao-no-mexico\/\"},\"wordCount\":190,\"publisher\":{\"@id\":\"https:\/\/www.abesata.org\/br\/#organization\"},\"image\":{\"@id\":\"https:\/\/www.abesata.org\/br\/abesata-foi-celebrada-no-forum-alta-de-liderancas-da-aviacao-no-mexico\/#primaryimage\"},\"thumbnailUrl\":\"https:\/\/www.abesata.org\/br\/wp-content\/uploads\/2023\/10\/Forum-ALTA-Cancun-2023.jpg\",\"keywords\":[\"abesata\",\"Avia\u00e7\u00e3o\",\"Ground Handling\"],\"articleSection\":[\"Not\u00edcias\"],\"inLanguage\":\"pt-BR\"},{\"@type\":\"WebPage\",\"@id\":\"https:\/\/www.abesata.org\/br\/abesata-foi-celebrada-no-forum-alta-de-liderancas-da-aviacao-no-mexico\/\",\"url\":\"https:\/\/www.abesata.org\/br\/abesata-foi-celebrada-no-forum-alta-de-liderancas-da-aviacao-no-mexico\/\",\"name\":\"Abesata foi celebrada no F\u00f3rum ALTA de Lideran\u00e7as da Avia\u00e7\u00e3o, no M\u00e9xico - Abesata\",\"isPartOf\":{\"@id\":\"https:\/\/www.abesata.org\/br\/#website\"},\"primaryImageOfPage\":{\"@id\":\"https:\/\/www.abesata.org\/br\/abesata-foi-celebrada-no-forum-alta-de-liderancas-da-aviacao-no-mexico\/#primaryimage\"},\"image\":{\"@id\":\"https:\/\/www.abesata.org\/br\/abesata-foi-celebrada-no-forum-alta-de-liderancas-da-aviacao-no-mexico\/#primaryimage\"},\"thumbnailUrl\":\"https:\/\/www.abesata.org\/br\/wp-content\/uploads\/2023\/10\/Forum-ALTA-Cancun-2023.jpg\",\"datePublished\":\"2023-10-23T20:29:58+00:00\",\"dateModified\":\"2024-06-19T18:59:12+00:00\",\"breadcrumb\":{\"@id\":\"https:\/\/www.abesata.org\/br\/abesata-foi-celebrada-no-forum-alta-de-liderancas-da-aviacao-no-mexico\/#breadcrumb\"},\"inLanguage\":\"pt-BR\",\"potentialAction\":[{\"@type\":\"ReadAction\",\"target\":[\"https:\/\/www.abesata.org\/br\/abesata-foi-celebrada-no-forum-alta-de-liderancas-da-aviacao-no-mexico\/\"]}]},{\"@type\":\"ImageObject\",\"inLanguage\":\"pt-BR\",\"@id\":\"https:\/\/www.abesata.org\/br\/abesata-foi-celebrada-no-forum-alta-de-liderancas-da-aviacao-no-mexico\/#primaryimage\",\"url\":\"https:\/\/www.abesata.org\/br\/wp-content\/uploads\/2023\/10\/Forum-ALTA-Cancun-2023.jpg\",\"contentUrl\":\"https:\/\/www.abesata.org\/br\/wp-content\/uploads\/2023\/10\/Forum-ALTA-Cancun-2023.jpg\",\"width\":709,\"height\":565},{\"@type\":\"BreadcrumbList\",\"@id\":\"https:\/\/www.abesata.org\/br\/abesata-foi-celebrada-no-forum-alta-de-liderancas-da-aviacao-no-mexico\/#breadcrumb\",\"itemListElement\":[{\"@type\":\"ListItem\",\"position\":1,\"name\":\"In\u00edcio\",\"item\":\"https:\/\/www.abesata.org\/br\/\"},{\"@type\":\"ListItem\",\"position\":2,\"name\":\"Abesata foi celebrada no F\u00f3rum ALTA de Lideran\u00e7as da Avia\u00e7\u00e3o, no M\u00e9xico\"}]},{\"@type\":\"WebSite\",\"@id\":\"https:\/\/www.abesata.org\/br\/#website\",\"url\":\"https:\/\/www.abesata.org\/br\/\",\"name\":\"Abesata\",\"description\":\"Associa\u00e7\u00e3o Brasileira das Empresas de Servi\u00e7os Auxiliares de Transporte A\u00e9reo\",\"publisher\":{\"@id\":\"https:\/\/www.abesata.org\/br\/#organization\"},\"potentialAction\":[{\"@type\":\"SearchAction\",\"target\":{\"@type\":\"EntryPoint\",\"urlTemplate\":\"https:\/\/www.abesata.org\/br\/?s={search_term_string}\"},\"query-input\":{\"@type\":\"PropertyValueSpecification\",\"valueRequired\":true,\"valueName\":\"search_term_string\"}}],\"inLanguage\":\"pt-BR\"},{\"@type\":\"Organization\",\"@id\":\"https:\/\/www.abesata.org\/br\/#organization\",\"name\":\"Associa\u00e7\u00e3o Brasileira das Empresas de Servi\u00e7os Auxiliares de Transporte A\u00e9reo\",\"alternateName\":\"Abesata\",\"url\":\"https:\/\/www.abesata.org\/br\/\",\"logo\":{\"@type\":\"ImageObject\",\"inLanguage\":\"pt-BR\",\"@id\":\"https:\/\/www.abesata.org\/br\/#\/schema\/logo\/image\/\",\"url\":\"https:\/\/www.abesata.org\/br\/wp-content\/uploads\/2023\/10\/Abesata.png\",\"contentUrl\":\"https:\/\/www.abesata.org\/br\/wp-content\/uploads\/2023\/10\/Abesata.png\",\"width\":1063,\"height\":591,\"caption\":\"Associa\u00e7\u00e3o Brasileira das Empresas de Servi\u00e7os Auxiliares de Transporte A\u00e9reo\"},\"image\":{\"@id\":\"https:\/\/www.abesata.org\/br\/#\/schema\/logo\/image\/\"},\"sameAs\":[\"https:\/\/www.facebook.com\/abesata.org\/\",\"https:\/\/www.instagram.com\/abesata_gh\/\",\"https:\/\/br.linkedin.com\/company\/abesata\"]},{\"@type\":\"Person\",\"@id\":\"https:\/\/www.abesata.org\/br\/#\/schema\/person\/bd9e7c86150fe625bb50aebd7be624d1\",\"name\":\"admin\",\"image\":{\"@type\":\"ImageObject\",\"inLanguage\":\"pt-BR\",\"@id\":\"https:\/\/www.abesata.org\/br\/#\/schema\/person\/image\/\",\"url\":\"https:\/\/secure.gravatar.com\/avatar\/b8e742a0c332125760459b2e04eaccc35255ab53dd66c239a029f484ccb009d7?s=96&d=mm&r=g\",\"contentUrl\":\"https:\/\/secure.gravatar.com\/avatar\/b8e742a0c332125760459b2e04eaccc35255ab53dd66c239a029f484ccb009d7?s=96&d=mm&r=g\",\"caption\":\"admin\"},\"url\":\"https:\/\/www.abesata.org\/br\/author\/admin\/\"}]}<\/script>\n<!-- \/ Yoast SEO plugin. -->","yoast_head_json":{"title":"Abesata foi celebrada no F\u00f3rum ALTA de Lideran\u00e7as da Avia\u00e7\u00e3o, no M\u00e9xico - Abesata","robots":{"index":"index","follow":"follow","max-snippet":"max-snippet:-1","max-image-preview":"max-image-preview:large","max-video-preview":"max-video-preview:-1"},"canonical":"https:\/\/www.abesata.org\/br\/abesata-foi-celebrada-no-forum-alta-de-liderancas-da-aviacao-no-mexico\/","og_locale":"pt_BR","og_type":"article","og_title":"Abesata foi celebrada no F\u00f3rum ALTA de Lideran\u00e7as da Avia\u00e7\u00e3o, no M\u00e9xico - Abesata","og_description":"Dos dias 22 a 24 de outubro, a Abesata participa do F\u00f3rum ALTA AGM &amp; Airline Leaders, em Canc\u00fan, no M\u00e9xico. A anfitri\u00e3 do evento, a companhia AeroM\u00e9xico, recebeu lideran\u00e7as do segmento de avia\u00e7\u00e3o geral de toda a Am\u00e9rica Latina e Caribenha para estimular um di\u00e1logo internacional visando maior seguran\u00e7a, efici\u00eancia e sustentabilidade ao setor. [&hellip;]","og_url":"https:\/\/www.abesata.org\/br\/abesata-foi-celebrada-no-forum-alta-de-liderancas-da-aviacao-no-mexico\/","og_site_name":"Abesata","article_publisher":"https:\/\/www.facebook.com\/abesata.org\/","article_published_time":"2023-10-23T20:29:58+00:00","article_modified_time":"2024-06-19T18:59:12+00:00","og_image":[{"width":709,"height":565,"url":"https:\/\/www.abesata.org\/br\/wp-content\/uploads\/2023\/10\/Forum-ALTA-Cancun-2023.jpg","type":"image\/jpeg"}],"author":"admin","twitter_card":"summary_large_image","twitter_misc":{"Escrito por":"admin","Est. tempo de leitura":"2 minutos"},"schema":{"@context":"https:\/\/schema.org","@graph":[{"@type":"Article","@id":"https:\/\/www.abesata.org\/br\/abesata-foi-celebrada-no-forum-alta-de-liderancas-da-aviacao-no-mexico\/#article","isPartOf":{"@id":"https:\/\/www.abesata.org\/br\/abesata-foi-celebrada-no-forum-alta-de-liderancas-da-aviacao-no-mexico\/"},"author":{"name":"admin","@id":"https:\/\/www.abesata.org\/br\/#\/schema\/person\/bd9e7c86150fe625bb50aebd7be624d1"},"headline":"Abesata foi celebrada no F\u00f3rum ALTA de Lideran\u00e7as da Avia\u00e7\u00e3o, no M\u00e9xico","datePublished":"2023-10-23T20:29:58+00:00","dateModified":"2024-06-19T18:59:12+00:00","mainEntityOfPage":{"@id":"https:\/\/www.abesata.org\/br\/abesata-foi-celebrada-no-forum-alta-de-liderancas-da-aviacao-no-mexico\/"},"wordCount":190,"publisher":{"@id":"https:\/\/www.abesata.org\/br\/#organization"},"image":{"@id":"https:\/\/www.abesata.org\/br\/abesata-foi-celebrada-no-forum-alta-de-liderancas-da-aviacao-no-mexico\/#primaryimage"},"thumbnailUrl":"https:\/\/www.abesata.org\/br\/wp-content\/uploads\/2023\/10\/Forum-ALTA-Cancun-2023.jpg","keywords":["abesata","Avia\u00e7\u00e3o","Ground Handling"],"articleSection":["Not\u00edcias"],"inLanguage":"pt-BR"},{"@type":"WebPage","@id":"https:\/\/www.abesata.org\/br\/abesata-foi-celebrada-no-forum-alta-de-liderancas-da-aviacao-no-mexico\/","url":"https:\/\/www.abesata.org\/br\/abesata-foi-celebrada-no-forum-alta-de-liderancas-da-aviacao-no-mexico\/","name":"Abesata foi celebrada no F\u00f3rum ALTA de Lideran\u00e7as da Avia\u00e7\u00e3o, no M\u00e9xico - Abesata","isPartOf":{"@id":"https:\/\/www.abesata.org\/br\/#website"},"primaryImageOfPage":{"@id":"https:\/\/www.abesata.org\/br\/abesata-foi-celebrada-no-forum-alta-de-liderancas-da-aviacao-no-mexico\/#primaryimage"},"image":{"@id":"https:\/\/www.abesata.org\/br\/abesata-foi-celebrada-no-forum-alta-de-liderancas-da-aviacao-no-mexico\/#primaryimage"},"thumbnailUrl":"https:\/\/www.abesata.org\/br\/wp-content\/uploads\/2023\/10\/Forum-ALTA-Cancun-2023.jpg","datePublished":"2023-10-23T20:29:58+00:00","dateModified":"2024-06-19T18:59:12+00:00","breadcrumb":{"@id":"https:\/\/www.abesata.org\/br\/abesata-foi-celebrada-no-forum-alta-de-liderancas-da-aviacao-no-mexico\/#breadcrumb"},"inLanguage":"pt-BR","potentialAction":[{"@type":"ReadAction","target":["https:\/\/www.abesata.org\/br\/abesata-foi-celebrada-no-forum-alta-de-liderancas-da-aviacao-no-mexico\/"]}]},{"@type":"ImageObject","inLanguage":"pt-BR","@id":"https:\/\/www.abesata.org\/br\/abesata-foi-celebrada-no-forum-alta-de-liderancas-da-aviacao-no-mexico\/#primaryimage","url":"https:\/\/www.abesata.org\/br\/wp-content\/uploads\/2023\/10\/Forum-ALTA-Cancun-2023.jpg","contentUrl":"https:\/\/www.abesata.org\/br\/wp-content\/uploads\/2023\/10\/Forum-ALTA-Cancun-2023.jpg","width":709,"height":565},{"@type":"BreadcrumbList","@id":"https:\/\/www.abesata.org\/br\/abesata-foi-celebrada-no-forum-alta-de-liderancas-da-aviacao-no-mexico\/#breadcrumb","itemListElement":[{"@type":"ListItem","position":1,"name":"In\u00edcio","item":"https:\/\/www.abesata.org\/br\/"},{"@type":"ListItem","position":2,"name":"Abesata foi celebrada no F\u00f3rum ALTA de Lideran\u00e7as da Avia\u00e7\u00e3o, no M\u00e9xico"}]},{"@type":"WebSite","@id":"https:\/\/www.abesata.org\/br\/#website","url":"https:\/\/www.abesata.org\/br\/","name":"Abesata","description":"Associa\u00e7\u00e3o Brasileira das Empresas de Servi\u00e7os Auxiliares de Transporte A\u00e9reo","publisher":{"@id":"https:\/\/www.abesata.org\/br\/#organization"},"potentialAction":[{"@type":"SearchAction","target":{"@type":"EntryPoint","urlTemplate":"https:\/\/www.abesata.org\/br\/?s={search_term_string}"},"query-input":{"@type":"PropertyValueSpecification","valueRequired":true,"valueName":"search_term_string"}}],"inLanguage":"pt-BR"},{"@type":"Organization","@id":"https:\/\/www.abesata.org\/br\/#organization","name":"Associa\u00e7\u00e3o Brasileira das Empresas de Servi\u00e7os Auxiliares de Transporte A\u00e9reo","alternateName":"Abesata","url":"https:\/\/www.abesata.org\/br\/","logo":{"@type":"ImageObject","inLanguage":"pt-BR","@id":"https:\/\/www.abesata.org\/br\/#\/schema\/logo\/image\/","url":"https:\/\/www.abesata.org\/br\/wp-content\/uploads\/2023\/10\/Abesata.png","contentUrl":"https:\/\/www.abesata.org\/br\/wp-content\/uploads\/2023\/10\/Abesata.png","width":1063,"height":591,"caption":"Associa\u00e7\u00e3o Brasileira das Empresas de Servi\u00e7os Auxiliares de Transporte A\u00e9reo"},"image":{"@id":"https:\/\/www.abesata.org\/br\/#\/schema\/logo\/image\/"},"sameAs":["https:\/\/www.facebook.com\/abesata.org\/","https:\/\/www.instagram.com\/abesata_gh\/","https:\/\/br.linkedin.com\/company\/abesata"]},{"@type":"Person","@id":"https:\/\/www.abesata.org\/br\/#\/schema\/person\/bd9e7c86150fe625bb50aebd7be624d1","name":"admin","image":{"@type":"ImageObject","inLanguage":"pt-BR","@id":"https:\/\/www.abesata.org\/br\/#\/schema\/person\/image\/","url":"https:\/\/secure.gravatar.com\/avatar\/b8e742a0c332125760459b2e04eaccc35255ab53dd66c239a029f484ccb009d7?s=96&d=mm&r=g","contentUrl":"https:\/\/secure.gravatar.com\/avatar\/b8e742a0c332125760459b2e04eaccc35255ab53dd66c239a029f484ccb009d7?s=96&d=mm&r=g","caption":"admin"},"url":"https:\/\/www.abesata.org\/br\/author\/admin\/"}]}},"_links":{"self":[{"href":"https:\/\/www.abesata.org\/br\/wp-json\/wp\/v2\/posts\/16424","targetHints":{"allow":["GET"]}}],"collection":[{"href":"https:\/\/www.abesata.org\/br\/wp-json\/wp\/v2\/posts"}],"about":[{"href":"https:\/\/www.abesata.org\/br\/wp-json\/wp\/v2\/types\/post"}],"author":[{"embeddable":true,"href":"https:\/\/www.abesata.org\/br\/wp-json\/wp\/v2\/users\/1"}],"replies":[{"embeddable":true,"href":"https:\/\/www.abesata.org\/br\/wp-json\/wp\/v2\/comments?post=16424"}],"version-history":[{"count":1,"href":"https:\/\/www.abesata.org\/br\/wp-json\/wp\/v2\/posts\/16424\/revisions"}],"predecessor-version":[{"id":17098,"href":"https:\/\/www.abesata.org\/br\/wp-json\/wp\/v2\/posts\/16424\/revisions\/17098"}],"wp:featuredmedia":[{"embeddable":true,"href":"https:\/\/www.abesata.org\/br\/wp-json\/wp\/v2\/media\/16425"}],"wp:attachment":[{"href":"https:\/\/www.abesata.org\/br\/wp-json\/wp\/v2\/media?parent=16424"}],"wp:term":[{"taxonomy":"category","embeddable":true,"href":"https:\/\/www.abesata.org\/br\/wp-json\/wp\/v2\/categories?post=16424"},{"taxonomy":"post_tag","embeddable":true,"href":"https:\/\/www.abesata.org\/br\/wp-json\/wp\/v2\/tags?post=16424"}],"curies":[{"name":"wp","href":"https:\/\/api.w.org\/{rel}","templated":true}]}}