{"id":1664,"date":"2014-10-13T15:22:03","date_gmt":"2014-10-13T18:22:03","guid":{"rendered":"http:\/\/www.abesata.org\/?p=1664"},"modified":"2014-10-29T14:49:21","modified_gmt":"2014-10-29T16:49:21","slug":"plano-da-aviacao-regional-entra-na-pauta-do-congresso","status":"publish","type":"post","link":"https:\/\/www.abesata.org\/br\/plano-da-aviacao-regional-entra-na-pauta-do-congresso\/","title":{"rendered":"Plano da avia\u00e7\u00e3o regional entra na pauta do Congresso"},"content":{"rendered":"<p>Foram eleitos os membros da comiss\u00e3o especial que vai analisar o plano de expans\u00e3o das rotas de avia\u00e7\u00e3o regional no Pa\u00eds. O programa prev\u00ea reformas e melhorias em 270 aeroportos distribu\u00eddos por todo o Brasil, al\u00e9m da concess\u00e3o de subs\u00eddios a empresas que operem rotas regionais.<\/p>\n<p>O objetivo \u00e9 garantir que 96% da popula\u00e7\u00e3o esteja a 100 quil\u00f4metros de um aeroporto apto a receber voo regular. Atualmente, 39% das cidades brasileiras n\u00e3o t\u00eam aeroporto ou est\u00e3o a mais de 100 quil\u00f4metros de um.<\/p>\n<p>A comiss\u00e3o especial foi formada na quarta-feira (08\/10) e ser\u00e1 presidida pelo deputado Assis Carvalho (PT-PI). Para relator foi eleito o senador Flexa Ribeiro (PSDB-PA) e para relator revisor, o deputado Geraldo Sim\u00f5es (PT-BA).<\/p>\n<p><strong>Avia\u00e7\u00e3o regional<\/strong><\/p>\n<p>A expectativa da Secretaria de Avia\u00e7\u00e3o Civil \u00e9 que a maior conectividade a\u00e9rea possibilite o incremento da economia no interior do Pa\u00eds, aproximando as cidades de cadeias produtivas nacionais e globais e facilitando o turismo.<\/p>\n<p style=\"text-align: right;\">Fonte: Portal Brasil<br \/>\n10\/10\/2014<\/p>\n","protected":false},"excerpt":{"rendered":"<p>Foram eleitos os membros da comiss\u00e3o especial que vai analisar o plano de expans\u00e3o das rotas de avia\u00e7\u00e3o regional no Pa\u00eds. O programa prev\u00ea reformas e melhorias em 270 aeroportos distribu\u00eddos por todo o Brasil, al\u00e9m da concess\u00e3o de subs\u00eddios a empresas que operem rotas regionais. O objetivo \u00e9 garantir que 96% da popula\u00e7\u00e3o esteja [&hellip;]<\/p>\n","protected":false},"author":18,"featured_media":1048,"comment_status":"closed","ping_status":"closed","sticky":false,"template":"","format":"standard","meta":{"footnotes":""},"categories":[],"tags":[],"class_list":["post-1664","post","type-post","status-publish","format-standard","has-post-thumbnail","hentry"],"yoast_head":"<!-- This site is optimized with the Yoast SEO plugin v26.5 - https:\/\/yoast.com\/wordpress\/plugins\/seo\/ -->\n<title>Plano da avia\u00e7\u00e3o regional entra na pauta do Congresso - Abesata<\/title>\n<meta name=\"robots\" content=\"index, follow, max-snippet:-1, max-image-preview:large, max-video-preview:-1\" \/>\n<link rel=\"canonical\" href=\"https:\/\/www.abesata.org\/br\/plano-da-aviacao-regional-entra-na-pauta-do-congresso\/\" \/>\n<meta property=\"og:locale\" content=\"pt_BR\" \/>\n<meta property=\"og:type\" content=\"article\" \/>\n<meta property=\"og:title\" content=\"Plano da avia\u00e7\u00e3o regional entra na pauta do Congresso - Abesata\" \/>\n<meta property=\"og:description\" content=\"Foram eleitos os membros da comiss\u00e3o especial que vai analisar o plano de expans\u00e3o das rotas de avia\u00e7\u00e3o regional no Pa\u00eds. O programa prev\u00ea reformas e melhorias em 270 aeroportos distribu\u00eddos por todo o Brasil, al\u00e9m da concess\u00e3o de subs\u00eddios a empresas que operem rotas regionais. O objetivo \u00e9 garantir que 96% da popula\u00e7\u00e3o esteja [&hellip;]\" \/>\n<meta property=\"og:url\" content=\"https:\/\/www.abesata.org\/br\/plano-da-aviacao-regional-entra-na-pauta-do-congresso\/\" \/>\n<meta property=\"og:site_name\" content=\"Abesata\" \/>\n<meta property=\"article:publisher\" content=\"https:\/\/www.facebook.com\/abesata.org\/\" \/>\n<meta property=\"article:published_time\" content=\"2014-10-13T18:22:03+00:00\" \/>\n<meta property=\"article:modified_time\" content=\"2014-10-29T16:49:21+00:00\" \/>\n<meta property=\"og:image\" content=\"https:\/\/www.abesata.org\/br\/wp-content\/uploads\/2014\/07\/3.png\" \/>\n\t<meta property=\"og:image:width\" content=\"1710\" \/>\n\t<meta property=\"og:image:height\" content=\"560\" \/>\n\t<meta property=\"og:image:type\" content=\"image\/png\" \/>\n<meta name=\"author\" content=\"Ricardo\" \/>\n<meta name=\"twitter:card\" content=\"summary_large_image\" \/>\n<meta name=\"twitter:label1\" content=\"Escrito por\" \/>\n\t<meta name=\"twitter:data1\" content=\"Ricardo\" \/>\n\t<meta name=\"twitter:label2\" content=\"Est. tempo de leitura\" \/>\n\t<meta name=\"twitter:data2\" content=\"1 minuto\" \/>\n<script type=\"application\/ld+json\" class=\"yoast-schema-graph\">{\"@context\":\"https:\/\/schema.org\",\"@graph\":[{\"@type\":\"Article\",\"@id\":\"https:\/\/www.abesata.org\/br\/plano-da-aviacao-regional-entra-na-pauta-do-congresso\/#article\",\"isPartOf\":{\"@id\":\"https:\/\/www.abesata.org\/br\/plano-da-aviacao-regional-entra-na-pauta-do-congresso\/\"},\"author\":{\"name\":\"Ricardo\",\"@id\":\"https:\/\/www.abesata.org\/br\/#\/schema\/person\/1f1295145bee68e42ffe39157320456b\"},\"headline\":\"Plano da avia\u00e7\u00e3o regional entra na pauta do Congresso\",\"datePublished\":\"2014-10-13T18:22:03+00:00\",\"dateModified\":\"2014-10-29T16:49:21+00:00\",\"mainEntityOfPage\":{\"@id\":\"https:\/\/www.abesata.org\/br\/plano-da-aviacao-regional-entra-na-pauta-do-congresso\/\"},\"wordCount\":179,\"publisher\":{\"@id\":\"https:\/\/www.abesata.org\/br\/#organization\"},\"image\":{\"@id\":\"https:\/\/www.abesata.org\/br\/plano-da-aviacao-regional-entra-na-pauta-do-congresso\/#primaryimage\"},\"thumbnailUrl\":\"https:\/\/www.abesata.org\/br\/wp-content\/uploads\/2014\/07\/3.png\",\"inLanguage\":\"pt-BR\"},{\"@type\":\"WebPage\",\"@id\":\"https:\/\/www.abesata.org\/br\/plano-da-aviacao-regional-entra-na-pauta-do-congresso\/\",\"url\":\"https:\/\/www.abesata.org\/br\/plano-da-aviacao-regional-entra-na-pauta-do-congresso\/\",\"name\":\"Plano da avia\u00e7\u00e3o regional entra na pauta do Congresso - Abesata\",\"isPartOf\":{\"@id\":\"https:\/\/www.abesata.org\/br\/#website\"},\"primaryImageOfPage\":{\"@id\":\"https:\/\/www.abesata.org\/br\/plano-da-aviacao-regional-entra-na-pauta-do-congresso\/#primaryimage\"},\"image\":{\"@id\":\"https:\/\/www.abesata.org\/br\/plano-da-aviacao-regional-entra-na-pauta-do-congresso\/#primaryimage\"},\"thumbnailUrl\":\"https:\/\/www.abesata.org\/br\/wp-content\/uploads\/2014\/07\/3.png\",\"datePublished\":\"2014-10-13T18:22:03+00:00\",\"dateModified\":\"2014-10-29T16:49:21+00:00\",\"breadcrumb\":{\"@id\":\"https:\/\/www.abesata.org\/br\/plano-da-aviacao-regional-entra-na-pauta-do-congresso\/#breadcrumb\"},\"inLanguage\":\"pt-BR\",\"potentialAction\":[{\"@type\":\"ReadAction\",\"target\":[\"https:\/\/www.abesata.org\/br\/plano-da-aviacao-regional-entra-na-pauta-do-congresso\/\"]}]},{\"@type\":\"ImageObject\",\"inLanguage\":\"pt-BR\",\"@id\":\"https:\/\/www.abesata.org\/br\/plano-da-aviacao-regional-entra-na-pauta-do-congresso\/#primaryimage\",\"url\":\"https:\/\/www.abesata.org\/br\/wp-content\/uploads\/2014\/07\/3.png\",\"contentUrl\":\"https:\/\/www.abesata.org\/br\/wp-content\/uploads\/2014\/07\/3.png\",\"width\":1710,\"height\":560},{\"@type\":\"BreadcrumbList\",\"@id\":\"https:\/\/www.abesata.org\/br\/plano-da-aviacao-regional-entra-na-pauta-do-congresso\/#breadcrumb\",\"itemListElement\":[{\"@type\":\"ListItem\",\"position\":1,\"name\":\"In\u00edcio\",\"item\":\"https:\/\/www.abesata.org\/br\/\"},{\"@type\":\"ListItem\",\"position\":2,\"name\":\"Plano da avia\u00e7\u00e3o regional entra na pauta do Congresso\"}]},{\"@type\":\"WebSite\",\"@id\":\"https:\/\/www.abesata.org\/br\/#website\",\"url\":\"https:\/\/www.abesata.org\/br\/\",\"name\":\"Abesata\",\"description\":\"Associa\u00e7\u00e3o Brasileira das Empresas de Servi\u00e7os Auxiliares de Transporte A\u00e9reo\",\"publisher\":{\"@id\":\"https:\/\/www.abesata.org\/br\/#organization\"},\"potentialAction\":[{\"@type\":\"SearchAction\",\"target\":{\"@type\":\"EntryPoint\",\"urlTemplate\":\"https:\/\/www.abesata.org\/br\/?s={search_term_string}\"},\"query-input\":{\"@type\":\"PropertyValueSpecification\",\"valueRequired\":true,\"valueName\":\"search_term_string\"}}],\"inLanguage\":\"pt-BR\"},{\"@type\":\"Organization\",\"@id\":\"https:\/\/www.abesata.org\/br\/#organization\",\"name\":\"Associa\u00e7\u00e3o Brasileira das Empresas de Servi\u00e7os Auxiliares de Transporte A\u00e9reo\",\"alternateName\":\"Abesata\",\"url\":\"https:\/\/www.abesata.org\/br\/\",\"logo\":{\"@type\":\"ImageObject\",\"inLanguage\":\"pt-BR\",\"@id\":\"https:\/\/www.abesata.org\/br\/#\/schema\/logo\/image\/\",\"url\":\"https:\/\/www.abesata.org\/br\/wp-content\/uploads\/2023\/10\/Abesata.png\",\"contentUrl\":\"https:\/\/www.abesata.org\/br\/wp-content\/uploads\/2023\/10\/Abesata.png\",\"width\":1063,\"height\":591,\"caption\":\"Associa\u00e7\u00e3o Brasileira das Empresas de Servi\u00e7os Auxiliares de Transporte A\u00e9reo\"},\"image\":{\"@id\":\"https:\/\/www.abesata.org\/br\/#\/schema\/logo\/image\/\"},\"sameAs\":[\"https:\/\/www.facebook.com\/abesata.org\/\",\"https:\/\/www.instagram.com\/abesata_gh\/\",\"https:\/\/br.linkedin.com\/company\/abesata\"]},{\"@type\":\"Person\",\"@id\":\"https:\/\/www.abesata.org\/br\/#\/schema\/person\/1f1295145bee68e42ffe39157320456b\",\"name\":\"Ricardo\",\"image\":{\"@type\":\"ImageObject\",\"inLanguage\":\"pt-BR\",\"@id\":\"https:\/\/www.abesata.org\/br\/#\/schema\/person\/image\/\",\"url\":\"https:\/\/secure.gravatar.com\/avatar\/1d856797eb89513dee321f840c1a6bbcec15beb178c003e50adcf59323b3a8a9?s=96&d=mm&r=g\",\"contentUrl\":\"https:\/\/secure.gravatar.com\/avatar\/1d856797eb89513dee321f840c1a6bbcec15beb178c003e50adcf59323b3a8a9?s=96&d=mm&r=g\",\"caption\":\"Ricardo\"},\"url\":\"https:\/\/www.abesata.org\/br\/author\/ricardo-baroni\/\"}]}<\/script>\n<!-- \/ Yoast SEO plugin. -->","yoast_head_json":{"title":"Plano da avia\u00e7\u00e3o regional entra na pauta do Congresso - Abesata","robots":{"index":"index","follow":"follow","max-snippet":"max-snippet:-1","max-image-preview":"max-image-preview:large","max-video-preview":"max-video-preview:-1"},"canonical":"https:\/\/www.abesata.org\/br\/plano-da-aviacao-regional-entra-na-pauta-do-congresso\/","og_locale":"pt_BR","og_type":"article","og_title":"Plano da avia\u00e7\u00e3o regional entra na pauta do Congresso - Abesata","og_description":"Foram eleitos os membros da comiss\u00e3o especial que vai analisar o plano de expans\u00e3o das rotas de avia\u00e7\u00e3o regional no Pa\u00eds. O programa prev\u00ea reformas e melhorias em 270 aeroportos distribu\u00eddos por todo o Brasil, al\u00e9m da concess\u00e3o de subs\u00eddios a empresas que operem rotas regionais. O objetivo \u00e9 garantir que 96% da popula\u00e7\u00e3o esteja [&hellip;]","og_url":"https:\/\/www.abesata.org\/br\/plano-da-aviacao-regional-entra-na-pauta-do-congresso\/","og_site_name":"Abesata","article_publisher":"https:\/\/www.facebook.com\/abesata.org\/","article_published_time":"2014-10-13T18:22:03+00:00","article_modified_time":"2014-10-29T16:49:21+00:00","og_image":[{"width":1710,"height":560,"url":"https:\/\/www.abesata.org\/br\/wp-content\/uploads\/2014\/07\/3.png","type":"image\/png"}],"author":"Ricardo","twitter_card":"summary_large_image","twitter_misc":{"Escrito por":"Ricardo","Est. tempo de leitura":"1 minuto"},"schema":{"@context":"https:\/\/schema.org","@graph":[{"@type":"Article","@id":"https:\/\/www.abesata.org\/br\/plano-da-aviacao-regional-entra-na-pauta-do-congresso\/#article","isPartOf":{"@id":"https:\/\/www.abesata.org\/br\/plano-da-aviacao-regional-entra-na-pauta-do-congresso\/"},"author":{"name":"Ricardo","@id":"https:\/\/www.abesata.org\/br\/#\/schema\/person\/1f1295145bee68e42ffe39157320456b"},"headline":"Plano da avia\u00e7\u00e3o regional entra na pauta do Congresso","datePublished":"2014-10-13T18:22:03+00:00","dateModified":"2014-10-29T16:49:21+00:00","mainEntityOfPage":{"@id":"https:\/\/www.abesata.org\/br\/plano-da-aviacao-regional-entra-na-pauta-do-congresso\/"},"wordCount":179,"publisher":{"@id":"https:\/\/www.abesata.org\/br\/#organization"},"image":{"@id":"https:\/\/www.abesata.org\/br\/plano-da-aviacao-regional-entra-na-pauta-do-congresso\/#primaryimage"},"thumbnailUrl":"https:\/\/www.abesata.org\/br\/wp-content\/uploads\/2014\/07\/3.png","inLanguage":"pt-BR"},{"@type":"WebPage","@id":"https:\/\/www.abesata.org\/br\/plano-da-aviacao-regional-entra-na-pauta-do-congresso\/","url":"https:\/\/www.abesata.org\/br\/plano-da-aviacao-regional-entra-na-pauta-do-congresso\/","name":"Plano da avia\u00e7\u00e3o regional entra na pauta do Congresso - Abesata","isPartOf":{"@id":"https:\/\/www.abesata.org\/br\/#website"},"primaryImageOfPage":{"@id":"https:\/\/www.abesata.org\/br\/plano-da-aviacao-regional-entra-na-pauta-do-congresso\/#primaryimage"},"image":{"@id":"https:\/\/www.abesata.org\/br\/plano-da-aviacao-regional-entra-na-pauta-do-congresso\/#primaryimage"},"thumbnailUrl":"https:\/\/www.abesata.org\/br\/wp-content\/uploads\/2014\/07\/3.png","datePublished":"2014-10-13T18:22:03+00:00","dateModified":"2014-10-29T16:49:21+00:00","breadcrumb":{"@id":"https:\/\/www.abesata.org\/br\/plano-da-aviacao-regional-entra-na-pauta-do-congresso\/#breadcrumb"},"inLanguage":"pt-BR","potentialAction":[{"@type":"ReadAction","target":["https:\/\/www.abesata.org\/br\/plano-da-aviacao-regional-entra-na-pauta-do-congresso\/"]}]},{"@type":"ImageObject","inLanguage":"pt-BR","@id":"https:\/\/www.abesata.org\/br\/plano-da-aviacao-regional-entra-na-pauta-do-congresso\/#primaryimage","url":"https:\/\/www.abesata.org\/br\/wp-content\/uploads\/2014\/07\/3.png","contentUrl":"https:\/\/www.abesata.org\/br\/wp-content\/uploads\/2014\/07\/3.png","width":1710,"height":560},{"@type":"BreadcrumbList","@id":"https:\/\/www.abesata.org\/br\/plano-da-aviacao-regional-entra-na-pauta-do-congresso\/#breadcrumb","itemListElement":[{"@type":"ListItem","position":1,"name":"In\u00edcio","item":"https:\/\/www.abesata.org\/br\/"},{"@type":"ListItem","position":2,"name":"Plano da avia\u00e7\u00e3o regional entra na pauta do Congresso"}]},{"@type":"WebSite","@id":"https:\/\/www.abesata.org\/br\/#website","url":"https:\/\/www.abesata.org\/br\/","name":"Abesata","description":"Associa\u00e7\u00e3o Brasileira das Empresas de Servi\u00e7os Auxiliares de Transporte A\u00e9reo","publisher":{"@id":"https:\/\/www.abesata.org\/br\/#organization"},"potentialAction":[{"@type":"SearchAction","target":{"@type":"EntryPoint","urlTemplate":"https:\/\/www.abesata.org\/br\/?s={search_term_string}"},"query-input":{"@type":"PropertyValueSpecification","valueRequired":true,"valueName":"search_term_string"}}],"inLanguage":"pt-BR"},{"@type":"Organization","@id":"https:\/\/www.abesata.org\/br\/#organization","name":"Associa\u00e7\u00e3o Brasileira das Empresas de Servi\u00e7os Auxiliares de Transporte A\u00e9reo","alternateName":"Abesata","url":"https:\/\/www.abesata.org\/br\/","logo":{"@type":"ImageObject","inLanguage":"pt-BR","@id":"https:\/\/www.abesata.org\/br\/#\/schema\/logo\/image\/","url":"https:\/\/www.abesata.org\/br\/wp-content\/uploads\/2023\/10\/Abesata.png","contentUrl":"https:\/\/www.abesata.org\/br\/wp-content\/uploads\/2023\/10\/Abesata.png","width":1063,"height":591,"caption":"Associa\u00e7\u00e3o Brasileira das Empresas de Servi\u00e7os Auxiliares de Transporte A\u00e9reo"},"image":{"@id":"https:\/\/www.abesata.org\/br\/#\/schema\/logo\/image\/"},"sameAs":["https:\/\/www.facebook.com\/abesata.org\/","https:\/\/www.instagram.com\/abesata_gh\/","https:\/\/br.linkedin.com\/company\/abesata"]},{"@type":"Person","@id":"https:\/\/www.abesata.org\/br\/#\/schema\/person\/1f1295145bee68e42ffe39157320456b","name":"Ricardo","image":{"@type":"ImageObject","inLanguage":"pt-BR","@id":"https:\/\/www.abesata.org\/br\/#\/schema\/person\/image\/","url":"https:\/\/secure.gravatar.com\/avatar\/1d856797eb89513dee321f840c1a6bbcec15beb178c003e50adcf59323b3a8a9?s=96&d=mm&r=g","contentUrl":"https:\/\/secure.gravatar.com\/avatar\/1d856797eb89513dee321f840c1a6bbcec15beb178c003e50adcf59323b3a8a9?s=96&d=mm&r=g","caption":"Ricardo"},"url":"https:\/\/www.abesata.org\/br\/author\/ricardo-baroni\/"}]}},"_links":{"self":[{"href":"https:\/\/www.abesata.org\/br\/wp-json\/wp\/v2\/posts\/1664","targetHints":{"allow":["GET"]}}],"collection":[{"href":"https:\/\/www.abesata.org\/br\/wp-json\/wp\/v2\/posts"}],"about":[{"href":"https:\/\/www.abesata.org\/br\/wp-json\/wp\/v2\/types\/post"}],"author":[{"embeddable":true,"href":"https:\/\/www.abesata.org\/br\/wp-json\/wp\/v2\/users\/18"}],"replies":[{"embeddable":true,"href":"https:\/\/www.abesata.org\/br\/wp-json\/wp\/v2\/comments?post=1664"}],"version-history":[{"count":0,"href":"https:\/\/www.abesata.org\/br\/wp-json\/wp\/v2\/posts\/1664\/revisions"}],"wp:featuredmedia":[{"embeddable":true,"href":"https:\/\/www.abesata.org\/br\/wp-json\/wp\/v2\/media\/1048"}],"wp:attachment":[{"href":"https:\/\/www.abesata.org\/br\/wp-json\/wp\/v2\/media?parent=1664"}],"wp:term":[{"taxonomy":"category","embeddable":true,"href":"https:\/\/www.abesata.org\/br\/wp-json\/wp\/v2\/categories?post=1664"},{"taxonomy":"post_tag","embeddable":true,"href":"https:\/\/www.abesata.org\/br\/wp-json\/wp\/v2\/tags?post=1664"}],"curies":[{"name":"wp","href":"https:\/\/api.w.org\/{rel}","templated":true}]}}