{"id":1670,"date":"2014-10-14T15:28:38","date_gmt":"2014-10-14T18:28:38","guid":{"rendered":"http:\/\/www.abesata.org\/?p=1670"},"modified":"2014-10-14T15:28:38","modified_gmt":"2014-10-14T18:28:38","slug":"swissport-fara-ground-handling-em-novos-voos-da-azul-em-congonhas","status":"publish","type":"post","link":"https:\/\/www.abesata.org\/br\/swissport-fara-ground-handling-em-novos-voos-da-azul-em-congonhas\/","title":{"rendered":"Swissport far\u00e1 ground handling em novos v\u00f4os da Azul em Congonhas"},"content":{"rendered":"<p>A Swissport ser\u00e1 a empresa de ground handling respons\u00e1vel pelas opera\u00e7\u00f5es em solo dos 13 novos v\u00f4os di\u00e1rios da Azul Linhas A\u00e9reas Brasileiras no Aeroporto de Congonhas, em S\u00e3o Paulo. A companhia a\u00e9rea, que operava apenas frequ\u00eancias semanais a partir daquele aeroporto e j\u00e1 era atendida pela Swissport, vai colocar em opera\u00e7\u00e3o as novas rotas a partir de Congonhas em 1\u00b0 de novembro.<\/p>\n<p>Atualmente, a Swissport conta com um time de pouco mais de 700 colaboradores no Aeroporto de Congonhas e, al\u00e9m da Azul, atende a Gol e a Avianca. S\u00e3o mais de 44 mil v\u00f4os atendidos por ano e cerca de 1800 toneladas de carga movimentada. Paralelamente ao suporte em solo para as companhias a\u00e9reas, a Swissport tamb\u00e9m conta com atendimento para avia\u00e7\u00e3o executiva no Aeroporto de Congonhas.<\/p>\n<p>Swissport International Ltd. fornece servi\u00e7os em terra (ground service) para mais de 70 milh\u00f5es de passageiros e 2,8 milh\u00f5es de toneladas de carga por ano, atendendo cerca de 650 empresas em todo o mundo. Com um time de cerca de 33 mil funcion\u00e1rios, a Swissport est\u00e1 presente em 176 aeroportos em 38 pa\u00edses nos cinco continentes.<\/p>\n<p style=\"text-align: right;\">Fonte: Monitor Mercantil<br \/>\n13\/10\/2014<\/p>\n","protected":false},"excerpt":{"rendered":"<p>A Swissport ser\u00e1 a empresa de ground handling respons\u00e1vel pelas opera\u00e7\u00f5es em solo dos 13 novos v\u00f4os di\u00e1rios da Azul Linhas A\u00e9reas Brasileiras no Aeroporto de Congonhas, em S\u00e3o Paulo. A companhia a\u00e9rea, que operava apenas frequ\u00eancias semanais a partir daquele aeroporto e j\u00e1 era atendida pela Swissport, vai colocar em opera\u00e7\u00e3o as novas rotas [&hellip;]<\/p>\n","protected":false},"author":18,"featured_media":351,"comment_status":"closed","ping_status":"closed","sticky":false,"template":"","format":"standard","meta":{"footnotes":""},"categories":[],"tags":[],"class_list":["post-1670","post","type-post","status-publish","format-standard","has-post-thumbnail","hentry"],"yoast_head":"<!-- This site is optimized with the Yoast SEO plugin v26.5 - https:\/\/yoast.com\/wordpress\/plugins\/seo\/ -->\n<title>Swissport far\u00e1 ground handling em novos v\u00f4os da Azul em Congonhas - Abesata<\/title>\n<meta name=\"robots\" content=\"index, follow, max-snippet:-1, max-image-preview:large, max-video-preview:-1\" \/>\n<link rel=\"canonical\" href=\"https:\/\/www.abesata.org\/br\/swissport-fara-ground-handling-em-novos-voos-da-azul-em-congonhas\/\" \/>\n<meta property=\"og:locale\" content=\"pt_BR\" \/>\n<meta property=\"og:type\" content=\"article\" \/>\n<meta property=\"og:title\" content=\"Swissport far\u00e1 ground handling em novos v\u00f4os da Azul em Congonhas - Abesata\" \/>\n<meta property=\"og:description\" content=\"A Swissport ser\u00e1 a empresa de ground handling respons\u00e1vel pelas opera\u00e7\u00f5es em solo dos 13 novos v\u00f4os di\u00e1rios da Azul Linhas A\u00e9reas Brasileiras no Aeroporto de Congonhas, em S\u00e3o Paulo. A companhia a\u00e9rea, que operava apenas frequ\u00eancias semanais a partir daquele aeroporto e j\u00e1 era atendida pela Swissport, vai colocar em opera\u00e7\u00e3o as novas rotas [&hellip;]\" \/>\n<meta property=\"og:url\" content=\"https:\/\/www.abesata.org\/br\/swissport-fara-ground-handling-em-novos-voos-da-azul-em-congonhas\/\" \/>\n<meta property=\"og:site_name\" content=\"Abesata\" \/>\n<meta property=\"article:publisher\" content=\"https:\/\/www.facebook.com\/abesata.org\/\" \/>\n<meta property=\"article:published_time\" content=\"2014-10-14T18:28:38+00:00\" \/>\n<meta property=\"og:image\" content=\"https:\/\/www.abesata.org\/br\/wp-content\/uploads\/2014\/03\/5.png\" \/>\n\t<meta property=\"og:image:width\" content=\"1703\" \/>\n\t<meta property=\"og:image:height\" content=\"559\" \/>\n\t<meta property=\"og:image:type\" content=\"image\/png\" \/>\n<meta name=\"author\" content=\"Ricardo\" \/>\n<meta name=\"twitter:card\" content=\"summary_large_image\" \/>\n<meta name=\"twitter:label1\" content=\"Escrito por\" \/>\n\t<meta name=\"twitter:data1\" content=\"Ricardo\" \/>\n\t<meta name=\"twitter:label2\" content=\"Est. tempo de leitura\" \/>\n\t<meta name=\"twitter:data2\" content=\"1 minuto\" \/>\n<script type=\"application\/ld+json\" class=\"yoast-schema-graph\">{\"@context\":\"https:\/\/schema.org\",\"@graph\":[{\"@type\":\"Article\",\"@id\":\"https:\/\/www.abesata.org\/br\/swissport-fara-ground-handling-em-novos-voos-da-azul-em-congonhas\/#article\",\"isPartOf\":{\"@id\":\"https:\/\/www.abesata.org\/br\/swissport-fara-ground-handling-em-novos-voos-da-azul-em-congonhas\/\"},\"author\":{\"name\":\"Ricardo\",\"@id\":\"https:\/\/www.abesata.org\/br\/#\/schema\/person\/1f1295145bee68e42ffe39157320456b\"},\"headline\":\"Swissport far\u00e1 ground handling em novos v\u00f4os da Azul em Congonhas\",\"datePublished\":\"2014-10-14T18:28:38+00:00\",\"mainEntityOfPage\":{\"@id\":\"https:\/\/www.abesata.org\/br\/swissport-fara-ground-handling-em-novos-voos-da-azul-em-congonhas\/\"},\"wordCount\":209,\"publisher\":{\"@id\":\"https:\/\/www.abesata.org\/br\/#organization\"},\"image\":{\"@id\":\"https:\/\/www.abesata.org\/br\/swissport-fara-ground-handling-em-novos-voos-da-azul-em-congonhas\/#primaryimage\"},\"thumbnailUrl\":\"https:\/\/www.abesata.org\/br\/wp-content\/uploads\/2014\/03\/5.png\",\"inLanguage\":\"pt-BR\"},{\"@type\":\"WebPage\",\"@id\":\"https:\/\/www.abesata.org\/br\/swissport-fara-ground-handling-em-novos-voos-da-azul-em-congonhas\/\",\"url\":\"https:\/\/www.abesata.org\/br\/swissport-fara-ground-handling-em-novos-voos-da-azul-em-congonhas\/\",\"name\":\"Swissport far\u00e1 ground handling em novos v\u00f4os da Azul em Congonhas - Abesata\",\"isPartOf\":{\"@id\":\"https:\/\/www.abesata.org\/br\/#website\"},\"primaryImageOfPage\":{\"@id\":\"https:\/\/www.abesata.org\/br\/swissport-fara-ground-handling-em-novos-voos-da-azul-em-congonhas\/#primaryimage\"},\"image\":{\"@id\":\"https:\/\/www.abesata.org\/br\/swissport-fara-ground-handling-em-novos-voos-da-azul-em-congonhas\/#primaryimage\"},\"thumbnailUrl\":\"https:\/\/www.abesata.org\/br\/wp-content\/uploads\/2014\/03\/5.png\",\"datePublished\":\"2014-10-14T18:28:38+00:00\",\"breadcrumb\":{\"@id\":\"https:\/\/www.abesata.org\/br\/swissport-fara-ground-handling-em-novos-voos-da-azul-em-congonhas\/#breadcrumb\"},\"inLanguage\":\"pt-BR\",\"potentialAction\":[{\"@type\":\"ReadAction\",\"target\":[\"https:\/\/www.abesata.org\/br\/swissport-fara-ground-handling-em-novos-voos-da-azul-em-congonhas\/\"]}]},{\"@type\":\"ImageObject\",\"inLanguage\":\"pt-BR\",\"@id\":\"https:\/\/www.abesata.org\/br\/swissport-fara-ground-handling-em-novos-voos-da-azul-em-congonhas\/#primaryimage\",\"url\":\"https:\/\/www.abesata.org\/br\/wp-content\/uploads\/2014\/03\/5.png\",\"contentUrl\":\"https:\/\/www.abesata.org\/br\/wp-content\/uploads\/2014\/03\/5.png\",\"width\":1703,\"height\":559},{\"@type\":\"BreadcrumbList\",\"@id\":\"https:\/\/www.abesata.org\/br\/swissport-fara-ground-handling-em-novos-voos-da-azul-em-congonhas\/#breadcrumb\",\"itemListElement\":[{\"@type\":\"ListItem\",\"position\":1,\"name\":\"In\u00edcio\",\"item\":\"https:\/\/www.abesata.org\/br\/\"},{\"@type\":\"ListItem\",\"position\":2,\"name\":\"Swissport far\u00e1 ground handling em novos v\u00f4os da Azul em Congonhas\"}]},{\"@type\":\"WebSite\",\"@id\":\"https:\/\/www.abesata.org\/br\/#website\",\"url\":\"https:\/\/www.abesata.org\/br\/\",\"name\":\"Abesata\",\"description\":\"Associa\u00e7\u00e3o Brasileira das Empresas de Servi\u00e7os Auxiliares de Transporte A\u00e9reo\",\"publisher\":{\"@id\":\"https:\/\/www.abesata.org\/br\/#organization\"},\"potentialAction\":[{\"@type\":\"SearchAction\",\"target\":{\"@type\":\"EntryPoint\",\"urlTemplate\":\"https:\/\/www.abesata.org\/br\/?s={search_term_string}\"},\"query-input\":{\"@type\":\"PropertyValueSpecification\",\"valueRequired\":true,\"valueName\":\"search_term_string\"}}],\"inLanguage\":\"pt-BR\"},{\"@type\":\"Organization\",\"@id\":\"https:\/\/www.abesata.org\/br\/#organization\",\"name\":\"Associa\u00e7\u00e3o Brasileira das Empresas de Servi\u00e7os Auxiliares de Transporte A\u00e9reo\",\"alternateName\":\"Abesata\",\"url\":\"https:\/\/www.abesata.org\/br\/\",\"logo\":{\"@type\":\"ImageObject\",\"inLanguage\":\"pt-BR\",\"@id\":\"https:\/\/www.abesata.org\/br\/#\/schema\/logo\/image\/\",\"url\":\"https:\/\/www.abesata.org\/br\/wp-content\/uploads\/2023\/10\/Abesata.png\",\"contentUrl\":\"https:\/\/www.abesata.org\/br\/wp-content\/uploads\/2023\/10\/Abesata.png\",\"width\":1063,\"height\":591,\"caption\":\"Associa\u00e7\u00e3o Brasileira das Empresas de Servi\u00e7os Auxiliares de Transporte A\u00e9reo\"},\"image\":{\"@id\":\"https:\/\/www.abesata.org\/br\/#\/schema\/logo\/image\/\"},\"sameAs\":[\"https:\/\/www.facebook.com\/abesata.org\/\",\"https:\/\/www.instagram.com\/abesata_gh\/\",\"https:\/\/br.linkedin.com\/company\/abesata\"]},{\"@type\":\"Person\",\"@id\":\"https:\/\/www.abesata.org\/br\/#\/schema\/person\/1f1295145bee68e42ffe39157320456b\",\"name\":\"Ricardo\",\"image\":{\"@type\":\"ImageObject\",\"inLanguage\":\"pt-BR\",\"@id\":\"https:\/\/www.abesata.org\/br\/#\/schema\/person\/image\/\",\"url\":\"https:\/\/secure.gravatar.com\/avatar\/1d856797eb89513dee321f840c1a6bbcec15beb178c003e50adcf59323b3a8a9?s=96&d=mm&r=g\",\"contentUrl\":\"https:\/\/secure.gravatar.com\/avatar\/1d856797eb89513dee321f840c1a6bbcec15beb178c003e50adcf59323b3a8a9?s=96&d=mm&r=g\",\"caption\":\"Ricardo\"},\"url\":\"https:\/\/www.abesata.org\/br\/author\/ricardo-baroni\/\"}]}<\/script>\n<!-- \/ Yoast SEO plugin. -->","yoast_head_json":{"title":"Swissport far\u00e1 ground handling em novos v\u00f4os da Azul em Congonhas - Abesata","robots":{"index":"index","follow":"follow","max-snippet":"max-snippet:-1","max-image-preview":"max-image-preview:large","max-video-preview":"max-video-preview:-1"},"canonical":"https:\/\/www.abesata.org\/br\/swissport-fara-ground-handling-em-novos-voos-da-azul-em-congonhas\/","og_locale":"pt_BR","og_type":"article","og_title":"Swissport far\u00e1 ground handling em novos v\u00f4os da Azul em Congonhas - Abesata","og_description":"A Swissport ser\u00e1 a empresa de ground handling respons\u00e1vel pelas opera\u00e7\u00f5es em solo dos 13 novos v\u00f4os di\u00e1rios da Azul Linhas A\u00e9reas Brasileiras no Aeroporto de Congonhas, em S\u00e3o Paulo. A companhia a\u00e9rea, que operava apenas frequ\u00eancias semanais a partir daquele aeroporto e j\u00e1 era atendida pela Swissport, vai colocar em opera\u00e7\u00e3o as novas rotas [&hellip;]","og_url":"https:\/\/www.abesata.org\/br\/swissport-fara-ground-handling-em-novos-voos-da-azul-em-congonhas\/","og_site_name":"Abesata","article_publisher":"https:\/\/www.facebook.com\/abesata.org\/","article_published_time":"2014-10-14T18:28:38+00:00","og_image":[{"width":1703,"height":559,"url":"https:\/\/www.abesata.org\/br\/wp-content\/uploads\/2014\/03\/5.png","type":"image\/png"}],"author":"Ricardo","twitter_card":"summary_large_image","twitter_misc":{"Escrito por":"Ricardo","Est. tempo de leitura":"1 minuto"},"schema":{"@context":"https:\/\/schema.org","@graph":[{"@type":"Article","@id":"https:\/\/www.abesata.org\/br\/swissport-fara-ground-handling-em-novos-voos-da-azul-em-congonhas\/#article","isPartOf":{"@id":"https:\/\/www.abesata.org\/br\/swissport-fara-ground-handling-em-novos-voos-da-azul-em-congonhas\/"},"author":{"name":"Ricardo","@id":"https:\/\/www.abesata.org\/br\/#\/schema\/person\/1f1295145bee68e42ffe39157320456b"},"headline":"Swissport far\u00e1 ground handling em novos v\u00f4os da Azul em Congonhas","datePublished":"2014-10-14T18:28:38+00:00","mainEntityOfPage":{"@id":"https:\/\/www.abesata.org\/br\/swissport-fara-ground-handling-em-novos-voos-da-azul-em-congonhas\/"},"wordCount":209,"publisher":{"@id":"https:\/\/www.abesata.org\/br\/#organization"},"image":{"@id":"https:\/\/www.abesata.org\/br\/swissport-fara-ground-handling-em-novos-voos-da-azul-em-congonhas\/#primaryimage"},"thumbnailUrl":"https:\/\/www.abesata.org\/br\/wp-content\/uploads\/2014\/03\/5.png","inLanguage":"pt-BR"},{"@type":"WebPage","@id":"https:\/\/www.abesata.org\/br\/swissport-fara-ground-handling-em-novos-voos-da-azul-em-congonhas\/","url":"https:\/\/www.abesata.org\/br\/swissport-fara-ground-handling-em-novos-voos-da-azul-em-congonhas\/","name":"Swissport far\u00e1 ground handling em novos v\u00f4os da Azul em Congonhas - Abesata","isPartOf":{"@id":"https:\/\/www.abesata.org\/br\/#website"},"primaryImageOfPage":{"@id":"https:\/\/www.abesata.org\/br\/swissport-fara-ground-handling-em-novos-voos-da-azul-em-congonhas\/#primaryimage"},"image":{"@id":"https:\/\/www.abesata.org\/br\/swissport-fara-ground-handling-em-novos-voos-da-azul-em-congonhas\/#primaryimage"},"thumbnailUrl":"https:\/\/www.abesata.org\/br\/wp-content\/uploads\/2014\/03\/5.png","datePublished":"2014-10-14T18:28:38+00:00","breadcrumb":{"@id":"https:\/\/www.abesata.org\/br\/swissport-fara-ground-handling-em-novos-voos-da-azul-em-congonhas\/#breadcrumb"},"inLanguage":"pt-BR","potentialAction":[{"@type":"ReadAction","target":["https:\/\/www.abesata.org\/br\/swissport-fara-ground-handling-em-novos-voos-da-azul-em-congonhas\/"]}]},{"@type":"ImageObject","inLanguage":"pt-BR","@id":"https:\/\/www.abesata.org\/br\/swissport-fara-ground-handling-em-novos-voos-da-azul-em-congonhas\/#primaryimage","url":"https:\/\/www.abesata.org\/br\/wp-content\/uploads\/2014\/03\/5.png","contentUrl":"https:\/\/www.abesata.org\/br\/wp-content\/uploads\/2014\/03\/5.png","width":1703,"height":559},{"@type":"BreadcrumbList","@id":"https:\/\/www.abesata.org\/br\/swissport-fara-ground-handling-em-novos-voos-da-azul-em-congonhas\/#breadcrumb","itemListElement":[{"@type":"ListItem","position":1,"name":"In\u00edcio","item":"https:\/\/www.abesata.org\/br\/"},{"@type":"ListItem","position":2,"name":"Swissport far\u00e1 ground handling em novos v\u00f4os da Azul em Congonhas"}]},{"@type":"WebSite","@id":"https:\/\/www.abesata.org\/br\/#website","url":"https:\/\/www.abesata.org\/br\/","name":"Abesata","description":"Associa\u00e7\u00e3o Brasileira das Empresas de Servi\u00e7os Auxiliares de Transporte A\u00e9reo","publisher":{"@id":"https:\/\/www.abesata.org\/br\/#organization"},"potentialAction":[{"@type":"SearchAction","target":{"@type":"EntryPoint","urlTemplate":"https:\/\/www.abesata.org\/br\/?s={search_term_string}"},"query-input":{"@type":"PropertyValueSpecification","valueRequired":true,"valueName":"search_term_string"}}],"inLanguage":"pt-BR"},{"@type":"Organization","@id":"https:\/\/www.abesata.org\/br\/#organization","name":"Associa\u00e7\u00e3o Brasileira das Empresas de Servi\u00e7os Auxiliares de Transporte A\u00e9reo","alternateName":"Abesata","url":"https:\/\/www.abesata.org\/br\/","logo":{"@type":"ImageObject","inLanguage":"pt-BR","@id":"https:\/\/www.abesata.org\/br\/#\/schema\/logo\/image\/","url":"https:\/\/www.abesata.org\/br\/wp-content\/uploads\/2023\/10\/Abesata.png","contentUrl":"https:\/\/www.abesata.org\/br\/wp-content\/uploads\/2023\/10\/Abesata.png","width":1063,"height":591,"caption":"Associa\u00e7\u00e3o Brasileira das Empresas de Servi\u00e7os Auxiliares de Transporte A\u00e9reo"},"image":{"@id":"https:\/\/www.abesata.org\/br\/#\/schema\/logo\/image\/"},"sameAs":["https:\/\/www.facebook.com\/abesata.org\/","https:\/\/www.instagram.com\/abesata_gh\/","https:\/\/br.linkedin.com\/company\/abesata"]},{"@type":"Person","@id":"https:\/\/www.abesata.org\/br\/#\/schema\/person\/1f1295145bee68e42ffe39157320456b","name":"Ricardo","image":{"@type":"ImageObject","inLanguage":"pt-BR","@id":"https:\/\/www.abesata.org\/br\/#\/schema\/person\/image\/","url":"https:\/\/secure.gravatar.com\/avatar\/1d856797eb89513dee321f840c1a6bbcec15beb178c003e50adcf59323b3a8a9?s=96&d=mm&r=g","contentUrl":"https:\/\/secure.gravatar.com\/avatar\/1d856797eb89513dee321f840c1a6bbcec15beb178c003e50adcf59323b3a8a9?s=96&d=mm&r=g","caption":"Ricardo"},"url":"https:\/\/www.abesata.org\/br\/author\/ricardo-baroni\/"}]}},"_links":{"self":[{"href":"https:\/\/www.abesata.org\/br\/wp-json\/wp\/v2\/posts\/1670","targetHints":{"allow":["GET"]}}],"collection":[{"href":"https:\/\/www.abesata.org\/br\/wp-json\/wp\/v2\/posts"}],"about":[{"href":"https:\/\/www.abesata.org\/br\/wp-json\/wp\/v2\/types\/post"}],"author":[{"embeddable":true,"href":"https:\/\/www.abesata.org\/br\/wp-json\/wp\/v2\/users\/18"}],"replies":[{"embeddable":true,"href":"https:\/\/www.abesata.org\/br\/wp-json\/wp\/v2\/comments?post=1670"}],"version-history":[{"count":0,"href":"https:\/\/www.abesata.org\/br\/wp-json\/wp\/v2\/posts\/1670\/revisions"}],"wp:featuredmedia":[{"embeddable":true,"href":"https:\/\/www.abesata.org\/br\/wp-json\/wp\/v2\/media\/351"}],"wp:attachment":[{"href":"https:\/\/www.abesata.org\/br\/wp-json\/wp\/v2\/media?parent=1670"}],"wp:term":[{"taxonomy":"category","embeddable":true,"href":"https:\/\/www.abesata.org\/br\/wp-json\/wp\/v2\/categories?post=1670"},{"taxonomy":"post_tag","embeddable":true,"href":"https:\/\/www.abesata.org\/br\/wp-json\/wp\/v2\/tags?post=1670"}],"curies":[{"name":"wp","href":"https:\/\/api.w.org\/{rel}","templated":true}]}}