{"id":1672,"date":"2014-10-14T15:32:11","date_gmt":"2014-10-14T18:32:11","guid":{"rendered":"http:\/\/www.abesata.org\/?p=1672"},"modified":"2014-10-14T15:32:11","modified_gmt":"2014-10-14T18:32:11","slug":"presidente-da-abesata-revela-sinergia-das-empresas-de-ground-handling-com-o-segmento-de-manutencao-durante-evento-em-sao-paulo","status":"publish","type":"post","link":"https:\/\/www.abesata.org\/br\/presidente-da-abesata-revela-sinergia-das-empresas-de-ground-handling-com-o-segmento-de-manutencao-durante-evento-em-sao-paulo\/","title":{"rendered":"Presidente da Abesata revela sinergia das empresas de ground handling com o segmento de manuten\u00e7\u00e3o durante evento em S\u00e3o Paulo"},"content":{"rendered":"<p>Na semana passada, o presidente da ABESATA\u00a0(Associa\u00e7\u00e3o Brasileira de Empresas de Servi\u00e7os Auxiliares de Transporte A\u00e9reo), Ricardo Aparecido Miguel, participou do painel de abertura do \u201cF\u00f3rum de Manuten\u00e7\u00e3o de Aeronaves: mercado e regula\u00e7\u00e3o no Brasil\u201d, promovido pela Viex. Na oportunidade, Miguel apresentou aos participantes as sinergias existentes entre as empresas de ground handling e as de manuten\u00e7\u00e3o, mostrando inclusive que a pr\u00f3pria IATA inclui entre os oito servi\u00e7os padronizados na atividade de ground handling a chamada manuten\u00e7\u00e3o aeron\u00e1utica de linha. \u201cA sinergia entre o ground handling e a manuten\u00e7\u00e3o est\u00e1 bastante claro na Europa, aqui ainda \u00e9 algo novo\u201d, disse o presidente da ABESATA, referindo-se \u00e0 Diretiva 96-67-CE, do Conselho da Uni\u00e3o Europ\u00e9ia, em que enumera onze categorias de Servi\u00e7os Auxiliares ao Transporte A\u00e9reo e classifica a manuten\u00e7\u00e3o em linha como uma dessas categorias.<\/p>\n<p>Ao lado de Ricardo Miguel, o painel de abertura contou tamb\u00e9m com a presen\u00e7a de Alexandre Peronti, da Latam MRO, que falou de como a \u00e1rea de manuten\u00e7\u00e3o nas companhias a\u00e9reas foi evoluindo de um departamento interno at\u00e9 chegar a unidades de neg\u00f3cios, apostando no atendimento a outras companhias. Paralelamente, a professora doutora Rog\u00e9ria Eller, do ITA (Instituto Tecnol\u00f3gico de Aeron\u00e1utica), apresentu um trabalho sobre as pr\u00e1ticas de gest\u00e3o em empresas de manuten\u00e7\u00e3o. Para ela, a \u00e1rea de manuten\u00e7\u00e3o nas companhias a\u00e9reas deixou de ser operacional e passou a ser estrat\u00e9gica.<\/p>\n<p>O \u201cF\u00f3rum de Manuten\u00e7\u00e3o de Aeronaves: mercado e regula\u00e7\u00e3o no Brasil\u201d reuniu empresas de t\u00e1xi a\u00e9reo, fabricantes de aeronaves e helic\u00f3pteros, centros de manuten\u00e7\u00e3o, fornecedores de pe\u00e7as, pilotos e autoridades da avia\u00e7\u00e3o civil.<\/p>\n<p style=\"text-align: right;\">Fonte: EGOM<br \/>\n13\/10\/2014<\/p>\n","protected":false},"excerpt":{"rendered":"<p>Na semana passada, o presidente da ABESATA\u00a0(Associa\u00e7\u00e3o Brasileira de Empresas de Servi\u00e7os Auxiliares de Transporte A\u00e9reo), Ricardo Aparecido Miguel, participou do painel de abertura do \u201cF\u00f3rum de Manuten\u00e7\u00e3o de Aeronaves: mercado e regula\u00e7\u00e3o no Brasil\u201d, promovido pela Viex. Na oportunidade, Miguel apresentou aos participantes as sinergias existentes entre as empresas de ground handling e as [&hellip;]<\/p>\n","protected":false},"author":18,"featured_media":1673,"comment_status":"closed","ping_status":"closed","sticky":false,"template":"","format":"standard","meta":{"footnotes":""},"categories":[],"tags":[],"class_list":["post-1672","post","type-post","status-publish","format-standard","has-post-thumbnail","hentry"],"yoast_head":"<!-- This site is optimized with the Yoast SEO plugin v26.5 - https:\/\/yoast.com\/wordpress\/plugins\/seo\/ -->\n<title>Presidente da Abesata revela sinergia das empresas de ground handling com o segmento de manuten\u00e7\u00e3o durante evento em S\u00e3o Paulo - Abesata<\/title>\n<meta name=\"robots\" content=\"index, follow, max-snippet:-1, max-image-preview:large, max-video-preview:-1\" \/>\n<link rel=\"canonical\" href=\"https:\/\/www.abesata.org\/br\/presidente-da-abesata-revela-sinergia-das-empresas-de-ground-handling-com-o-segmento-de-manutencao-durante-evento-em-sao-paulo\/\" \/>\n<meta property=\"og:locale\" content=\"pt_BR\" \/>\n<meta property=\"og:type\" content=\"article\" \/>\n<meta property=\"og:title\" content=\"Presidente da Abesata revela sinergia das empresas de ground handling com o segmento de manuten\u00e7\u00e3o durante evento em S\u00e3o Paulo - Abesata\" \/>\n<meta property=\"og:description\" content=\"Na semana passada, o presidente da ABESATA\u00a0(Associa\u00e7\u00e3o Brasileira de Empresas de Servi\u00e7os Auxiliares de Transporte A\u00e9reo), Ricardo Aparecido Miguel, participou do painel de abertura do \u201cF\u00f3rum de Manuten\u00e7\u00e3o de Aeronaves: mercado e regula\u00e7\u00e3o no Brasil\u201d, promovido pela Viex. Na oportunidade, Miguel apresentou aos participantes as sinergias existentes entre as empresas de ground handling e as [&hellip;]\" \/>\n<meta property=\"og:url\" content=\"https:\/\/www.abesata.org\/br\/presidente-da-abesata-revela-sinergia-das-empresas-de-ground-handling-com-o-segmento-de-manutencao-durante-evento-em-sao-paulo\/\" \/>\n<meta property=\"og:site_name\" content=\"Abesata\" \/>\n<meta property=\"article:publisher\" content=\"https:\/\/www.facebook.com\/abesata.org\/\" \/>\n<meta property=\"article:published_time\" content=\"2014-10-14T18:32:11+00:00\" \/>\n<meta property=\"og:image\" content=\"https:\/\/www.abesata.org\/br\/wp-content\/uploads\/2014\/10\/27.png\" \/>\n\t<meta property=\"og:image:width\" content=\"1026\" \/>\n\t<meta property=\"og:image:height\" content=\"336\" \/>\n\t<meta property=\"og:image:type\" content=\"image\/png\" \/>\n<meta name=\"author\" content=\"Ricardo\" \/>\n<meta name=\"twitter:card\" content=\"summary_large_image\" \/>\n<meta name=\"twitter:label1\" content=\"Escrito por\" \/>\n\t<meta name=\"twitter:data1\" content=\"Ricardo\" \/>\n\t<meta name=\"twitter:label2\" content=\"Est. tempo de leitura\" \/>\n\t<meta name=\"twitter:data2\" content=\"2 minutos\" \/>\n<script type=\"application\/ld+json\" class=\"yoast-schema-graph\">{\"@context\":\"https:\/\/schema.org\",\"@graph\":[{\"@type\":\"Article\",\"@id\":\"https:\/\/www.abesata.org\/br\/presidente-da-abesata-revela-sinergia-das-empresas-de-ground-handling-com-o-segmento-de-manutencao-durante-evento-em-sao-paulo\/#article\",\"isPartOf\":{\"@id\":\"https:\/\/www.abesata.org\/br\/presidente-da-abesata-revela-sinergia-das-empresas-de-ground-handling-com-o-segmento-de-manutencao-durante-evento-em-sao-paulo\/\"},\"author\":{\"name\":\"Ricardo\",\"@id\":\"https:\/\/www.abesata.org\/br\/#\/schema\/person\/1f1295145bee68e42ffe39157320456b\"},\"headline\":\"Presidente da Abesata revela sinergia das empresas de ground handling com o segmento de manuten\u00e7\u00e3o durante evento em S\u00e3o Paulo\",\"datePublished\":\"2014-10-14T18:32:11+00:00\",\"mainEntityOfPage\":{\"@id\":\"https:\/\/www.abesata.org\/br\/presidente-da-abesata-revela-sinergia-das-empresas-de-ground-handling-com-o-segmento-de-manutencao-durante-evento-em-sao-paulo\/\"},\"wordCount\":322,\"publisher\":{\"@id\":\"https:\/\/www.abesata.org\/br\/#organization\"},\"image\":{\"@id\":\"https:\/\/www.abesata.org\/br\/presidente-da-abesata-revela-sinergia-das-empresas-de-ground-handling-com-o-segmento-de-manutencao-durante-evento-em-sao-paulo\/#primaryimage\"},\"thumbnailUrl\":\"https:\/\/www.abesata.org\/br\/wp-content\/uploads\/2014\/10\/27.png\",\"inLanguage\":\"pt-BR\"},{\"@type\":\"WebPage\",\"@id\":\"https:\/\/www.abesata.org\/br\/presidente-da-abesata-revela-sinergia-das-empresas-de-ground-handling-com-o-segmento-de-manutencao-durante-evento-em-sao-paulo\/\",\"url\":\"https:\/\/www.abesata.org\/br\/presidente-da-abesata-revela-sinergia-das-empresas-de-ground-handling-com-o-segmento-de-manutencao-durante-evento-em-sao-paulo\/\",\"name\":\"Presidente da Abesata revela sinergia das empresas de ground handling com o segmento de manuten\u00e7\u00e3o durante evento em S\u00e3o Paulo - Abesata\",\"isPartOf\":{\"@id\":\"https:\/\/www.abesata.org\/br\/#website\"},\"primaryImageOfPage\":{\"@id\":\"https:\/\/www.abesata.org\/br\/presidente-da-abesata-revela-sinergia-das-empresas-de-ground-handling-com-o-segmento-de-manutencao-durante-evento-em-sao-paulo\/#primaryimage\"},\"image\":{\"@id\":\"https:\/\/www.abesata.org\/br\/presidente-da-abesata-revela-sinergia-das-empresas-de-ground-handling-com-o-segmento-de-manutencao-durante-evento-em-sao-paulo\/#primaryimage\"},\"thumbnailUrl\":\"https:\/\/www.abesata.org\/br\/wp-content\/uploads\/2014\/10\/27.png\",\"datePublished\":\"2014-10-14T18:32:11+00:00\",\"breadcrumb\":{\"@id\":\"https:\/\/www.abesata.org\/br\/presidente-da-abesata-revela-sinergia-das-empresas-de-ground-handling-com-o-segmento-de-manutencao-durante-evento-em-sao-paulo\/#breadcrumb\"},\"inLanguage\":\"pt-BR\",\"potentialAction\":[{\"@type\":\"ReadAction\",\"target\":[\"https:\/\/www.abesata.org\/br\/presidente-da-abesata-revela-sinergia-das-empresas-de-ground-handling-com-o-segmento-de-manutencao-durante-evento-em-sao-paulo\/\"]}]},{\"@type\":\"ImageObject\",\"inLanguage\":\"pt-BR\",\"@id\":\"https:\/\/www.abesata.org\/br\/presidente-da-abesata-revela-sinergia-das-empresas-de-ground-handling-com-o-segmento-de-manutencao-durante-evento-em-sao-paulo\/#primaryimage\",\"url\":\"https:\/\/www.abesata.org\/br\/wp-content\/uploads\/2014\/10\/27.png\",\"contentUrl\":\"https:\/\/www.abesata.org\/br\/wp-content\/uploads\/2014\/10\/27.png\",\"width\":1026,\"height\":336},{\"@type\":\"BreadcrumbList\",\"@id\":\"https:\/\/www.abesata.org\/br\/presidente-da-abesata-revela-sinergia-das-empresas-de-ground-handling-com-o-segmento-de-manutencao-durante-evento-em-sao-paulo\/#breadcrumb\",\"itemListElement\":[{\"@type\":\"ListItem\",\"position\":1,\"name\":\"In\u00edcio\",\"item\":\"https:\/\/www.abesata.org\/br\/\"},{\"@type\":\"ListItem\",\"position\":2,\"name\":\"Presidente da Abesata revela sinergia das empresas de ground handling com o segmento de manuten\u00e7\u00e3o durante evento em S\u00e3o Paulo\"}]},{\"@type\":\"WebSite\",\"@id\":\"https:\/\/www.abesata.org\/br\/#website\",\"url\":\"https:\/\/www.abesata.org\/br\/\",\"name\":\"Abesata\",\"description\":\"Associa\u00e7\u00e3o Brasileira das Empresas de Servi\u00e7os Auxiliares de Transporte A\u00e9reo\",\"publisher\":{\"@id\":\"https:\/\/www.abesata.org\/br\/#organization\"},\"potentialAction\":[{\"@type\":\"SearchAction\",\"target\":{\"@type\":\"EntryPoint\",\"urlTemplate\":\"https:\/\/www.abesata.org\/br\/?s={search_term_string}\"},\"query-input\":{\"@type\":\"PropertyValueSpecification\",\"valueRequired\":true,\"valueName\":\"search_term_string\"}}],\"inLanguage\":\"pt-BR\"},{\"@type\":\"Organization\",\"@id\":\"https:\/\/www.abesata.org\/br\/#organization\",\"name\":\"Associa\u00e7\u00e3o Brasileira das Empresas de Servi\u00e7os Auxiliares de Transporte A\u00e9reo\",\"alternateName\":\"Abesata\",\"url\":\"https:\/\/www.abesata.org\/br\/\",\"logo\":{\"@type\":\"ImageObject\",\"inLanguage\":\"pt-BR\",\"@id\":\"https:\/\/www.abesata.org\/br\/#\/schema\/logo\/image\/\",\"url\":\"https:\/\/www.abesata.org\/br\/wp-content\/uploads\/2023\/10\/Abesata.png\",\"contentUrl\":\"https:\/\/www.abesata.org\/br\/wp-content\/uploads\/2023\/10\/Abesata.png\",\"width\":1063,\"height\":591,\"caption\":\"Associa\u00e7\u00e3o Brasileira das Empresas de Servi\u00e7os Auxiliares de Transporte A\u00e9reo\"},\"image\":{\"@id\":\"https:\/\/www.abesata.org\/br\/#\/schema\/logo\/image\/\"},\"sameAs\":[\"https:\/\/www.facebook.com\/abesata.org\/\",\"https:\/\/www.instagram.com\/abesata_gh\/\",\"https:\/\/br.linkedin.com\/company\/abesata\"]},{\"@type\":\"Person\",\"@id\":\"https:\/\/www.abesata.org\/br\/#\/schema\/person\/1f1295145bee68e42ffe39157320456b\",\"name\":\"Ricardo\",\"image\":{\"@type\":\"ImageObject\",\"inLanguage\":\"pt-BR\",\"@id\":\"https:\/\/www.abesata.org\/br\/#\/schema\/person\/image\/\",\"url\":\"https:\/\/secure.gravatar.com\/avatar\/1d856797eb89513dee321f840c1a6bbcec15beb178c003e50adcf59323b3a8a9?s=96&d=mm&r=g\",\"contentUrl\":\"https:\/\/secure.gravatar.com\/avatar\/1d856797eb89513dee321f840c1a6bbcec15beb178c003e50adcf59323b3a8a9?s=96&d=mm&r=g\",\"caption\":\"Ricardo\"},\"url\":\"https:\/\/www.abesata.org\/br\/author\/ricardo-baroni\/\"}]}<\/script>\n<!-- \/ Yoast SEO plugin. -->","yoast_head_json":{"title":"Presidente da Abesata revela sinergia das empresas de ground handling com o segmento de manuten\u00e7\u00e3o durante evento em S\u00e3o Paulo - Abesata","robots":{"index":"index","follow":"follow","max-snippet":"max-snippet:-1","max-image-preview":"max-image-preview:large","max-video-preview":"max-video-preview:-1"},"canonical":"https:\/\/www.abesata.org\/br\/presidente-da-abesata-revela-sinergia-das-empresas-de-ground-handling-com-o-segmento-de-manutencao-durante-evento-em-sao-paulo\/","og_locale":"pt_BR","og_type":"article","og_title":"Presidente da Abesata revela sinergia das empresas de ground handling com o segmento de manuten\u00e7\u00e3o durante evento em S\u00e3o Paulo - Abesata","og_description":"Na semana passada, o presidente da ABESATA\u00a0(Associa\u00e7\u00e3o Brasileira de Empresas de Servi\u00e7os Auxiliares de Transporte A\u00e9reo), Ricardo Aparecido Miguel, participou do painel de abertura do \u201cF\u00f3rum de Manuten\u00e7\u00e3o de Aeronaves: mercado e regula\u00e7\u00e3o no Brasil\u201d, promovido pela Viex. Na oportunidade, Miguel apresentou aos participantes as sinergias existentes entre as empresas de ground handling e as [&hellip;]","og_url":"https:\/\/www.abesata.org\/br\/presidente-da-abesata-revela-sinergia-das-empresas-de-ground-handling-com-o-segmento-de-manutencao-durante-evento-em-sao-paulo\/","og_site_name":"Abesata","article_publisher":"https:\/\/www.facebook.com\/abesata.org\/","article_published_time":"2014-10-14T18:32:11+00:00","og_image":[{"width":1026,"height":336,"url":"https:\/\/www.abesata.org\/br\/wp-content\/uploads\/2014\/10\/27.png","type":"image\/png"}],"author":"Ricardo","twitter_card":"summary_large_image","twitter_misc":{"Escrito por":"Ricardo","Est. tempo de leitura":"2 minutos"},"schema":{"@context":"https:\/\/schema.org","@graph":[{"@type":"Article","@id":"https:\/\/www.abesata.org\/br\/presidente-da-abesata-revela-sinergia-das-empresas-de-ground-handling-com-o-segmento-de-manutencao-durante-evento-em-sao-paulo\/#article","isPartOf":{"@id":"https:\/\/www.abesata.org\/br\/presidente-da-abesata-revela-sinergia-das-empresas-de-ground-handling-com-o-segmento-de-manutencao-durante-evento-em-sao-paulo\/"},"author":{"name":"Ricardo","@id":"https:\/\/www.abesata.org\/br\/#\/schema\/person\/1f1295145bee68e42ffe39157320456b"},"headline":"Presidente da Abesata revela sinergia das empresas de ground handling com o segmento de manuten\u00e7\u00e3o durante evento em S\u00e3o Paulo","datePublished":"2014-10-14T18:32:11+00:00","mainEntityOfPage":{"@id":"https:\/\/www.abesata.org\/br\/presidente-da-abesata-revela-sinergia-das-empresas-de-ground-handling-com-o-segmento-de-manutencao-durante-evento-em-sao-paulo\/"},"wordCount":322,"publisher":{"@id":"https:\/\/www.abesata.org\/br\/#organization"},"image":{"@id":"https:\/\/www.abesata.org\/br\/presidente-da-abesata-revela-sinergia-das-empresas-de-ground-handling-com-o-segmento-de-manutencao-durante-evento-em-sao-paulo\/#primaryimage"},"thumbnailUrl":"https:\/\/www.abesata.org\/br\/wp-content\/uploads\/2014\/10\/27.png","inLanguage":"pt-BR"},{"@type":"WebPage","@id":"https:\/\/www.abesata.org\/br\/presidente-da-abesata-revela-sinergia-das-empresas-de-ground-handling-com-o-segmento-de-manutencao-durante-evento-em-sao-paulo\/","url":"https:\/\/www.abesata.org\/br\/presidente-da-abesata-revela-sinergia-das-empresas-de-ground-handling-com-o-segmento-de-manutencao-durante-evento-em-sao-paulo\/","name":"Presidente da Abesata revela sinergia das empresas de ground handling com o segmento de manuten\u00e7\u00e3o durante evento em S\u00e3o Paulo - Abesata","isPartOf":{"@id":"https:\/\/www.abesata.org\/br\/#website"},"primaryImageOfPage":{"@id":"https:\/\/www.abesata.org\/br\/presidente-da-abesata-revela-sinergia-das-empresas-de-ground-handling-com-o-segmento-de-manutencao-durante-evento-em-sao-paulo\/#primaryimage"},"image":{"@id":"https:\/\/www.abesata.org\/br\/presidente-da-abesata-revela-sinergia-das-empresas-de-ground-handling-com-o-segmento-de-manutencao-durante-evento-em-sao-paulo\/#primaryimage"},"thumbnailUrl":"https:\/\/www.abesata.org\/br\/wp-content\/uploads\/2014\/10\/27.png","datePublished":"2014-10-14T18:32:11+00:00","breadcrumb":{"@id":"https:\/\/www.abesata.org\/br\/presidente-da-abesata-revela-sinergia-das-empresas-de-ground-handling-com-o-segmento-de-manutencao-durante-evento-em-sao-paulo\/#breadcrumb"},"inLanguage":"pt-BR","potentialAction":[{"@type":"ReadAction","target":["https:\/\/www.abesata.org\/br\/presidente-da-abesata-revela-sinergia-das-empresas-de-ground-handling-com-o-segmento-de-manutencao-durante-evento-em-sao-paulo\/"]}]},{"@type":"ImageObject","inLanguage":"pt-BR","@id":"https:\/\/www.abesata.org\/br\/presidente-da-abesata-revela-sinergia-das-empresas-de-ground-handling-com-o-segmento-de-manutencao-durante-evento-em-sao-paulo\/#primaryimage","url":"https:\/\/www.abesata.org\/br\/wp-content\/uploads\/2014\/10\/27.png","contentUrl":"https:\/\/www.abesata.org\/br\/wp-content\/uploads\/2014\/10\/27.png","width":1026,"height":336},{"@type":"BreadcrumbList","@id":"https:\/\/www.abesata.org\/br\/presidente-da-abesata-revela-sinergia-das-empresas-de-ground-handling-com-o-segmento-de-manutencao-durante-evento-em-sao-paulo\/#breadcrumb","itemListElement":[{"@type":"ListItem","position":1,"name":"In\u00edcio","item":"https:\/\/www.abesata.org\/br\/"},{"@type":"ListItem","position":2,"name":"Presidente da Abesata revela sinergia das empresas de ground handling com o segmento de manuten\u00e7\u00e3o durante evento em S\u00e3o Paulo"}]},{"@type":"WebSite","@id":"https:\/\/www.abesata.org\/br\/#website","url":"https:\/\/www.abesata.org\/br\/","name":"Abesata","description":"Associa\u00e7\u00e3o Brasileira das Empresas de Servi\u00e7os Auxiliares de Transporte A\u00e9reo","publisher":{"@id":"https:\/\/www.abesata.org\/br\/#organization"},"potentialAction":[{"@type":"SearchAction","target":{"@type":"EntryPoint","urlTemplate":"https:\/\/www.abesata.org\/br\/?s={search_term_string}"},"query-input":{"@type":"PropertyValueSpecification","valueRequired":true,"valueName":"search_term_string"}}],"inLanguage":"pt-BR"},{"@type":"Organization","@id":"https:\/\/www.abesata.org\/br\/#organization","name":"Associa\u00e7\u00e3o Brasileira das Empresas de Servi\u00e7os Auxiliares de Transporte A\u00e9reo","alternateName":"Abesata","url":"https:\/\/www.abesata.org\/br\/","logo":{"@type":"ImageObject","inLanguage":"pt-BR","@id":"https:\/\/www.abesata.org\/br\/#\/schema\/logo\/image\/","url":"https:\/\/www.abesata.org\/br\/wp-content\/uploads\/2023\/10\/Abesata.png","contentUrl":"https:\/\/www.abesata.org\/br\/wp-content\/uploads\/2023\/10\/Abesata.png","width":1063,"height":591,"caption":"Associa\u00e7\u00e3o Brasileira das Empresas de Servi\u00e7os Auxiliares de Transporte A\u00e9reo"},"image":{"@id":"https:\/\/www.abesata.org\/br\/#\/schema\/logo\/image\/"},"sameAs":["https:\/\/www.facebook.com\/abesata.org\/","https:\/\/www.instagram.com\/abesata_gh\/","https:\/\/br.linkedin.com\/company\/abesata"]},{"@type":"Person","@id":"https:\/\/www.abesata.org\/br\/#\/schema\/person\/1f1295145bee68e42ffe39157320456b","name":"Ricardo","image":{"@type":"ImageObject","inLanguage":"pt-BR","@id":"https:\/\/www.abesata.org\/br\/#\/schema\/person\/image\/","url":"https:\/\/secure.gravatar.com\/avatar\/1d856797eb89513dee321f840c1a6bbcec15beb178c003e50adcf59323b3a8a9?s=96&d=mm&r=g","contentUrl":"https:\/\/secure.gravatar.com\/avatar\/1d856797eb89513dee321f840c1a6bbcec15beb178c003e50adcf59323b3a8a9?s=96&d=mm&r=g","caption":"Ricardo"},"url":"https:\/\/www.abesata.org\/br\/author\/ricardo-baroni\/"}]}},"_links":{"self":[{"href":"https:\/\/www.abesata.org\/br\/wp-json\/wp\/v2\/posts\/1672","targetHints":{"allow":["GET"]}}],"collection":[{"href":"https:\/\/www.abesata.org\/br\/wp-json\/wp\/v2\/posts"}],"about":[{"href":"https:\/\/www.abesata.org\/br\/wp-json\/wp\/v2\/types\/post"}],"author":[{"embeddable":true,"href":"https:\/\/www.abesata.org\/br\/wp-json\/wp\/v2\/users\/18"}],"replies":[{"embeddable":true,"href":"https:\/\/www.abesata.org\/br\/wp-json\/wp\/v2\/comments?post=1672"}],"version-history":[{"count":0,"href":"https:\/\/www.abesata.org\/br\/wp-json\/wp\/v2\/posts\/1672\/revisions"}],"wp:featuredmedia":[{"embeddable":true,"href":"https:\/\/www.abesata.org\/br\/wp-json\/wp\/v2\/media\/1673"}],"wp:attachment":[{"href":"https:\/\/www.abesata.org\/br\/wp-json\/wp\/v2\/media?parent=1672"}],"wp:term":[{"taxonomy":"category","embeddable":true,"href":"https:\/\/www.abesata.org\/br\/wp-json\/wp\/v2\/categories?post=1672"},{"taxonomy":"post_tag","embeddable":true,"href":"https:\/\/www.abesata.org\/br\/wp-json\/wp\/v2\/tags?post=1672"}],"curies":[{"name":"wp","href":"https:\/\/api.w.org\/{rel}","templated":true}]}}